{"id":2149,"date":"2016-03-20T23:33:16","date_gmt":"2016-03-20T20:33:16","guid":{"rendered":"http:\/\/www.rukajarvensuunnanhistoriayhdistys.fi\/rukajarvikeskus\/?p=2149"},"modified":"2016-03-20T23:33:16","modified_gmt":"2016-03-20T20:33:16","slug":"ilmari-jokelainen-on-poissa-23-9-1923-19-3-2016","status":"publish","type":"post","link":"http:\/\/www.rukajarvensuunnanhistoriayhdistys.fi\/rukajarvikeskus\/ajankohtaista\/ilmari-jokelainen-on-poissa-23-9-1923-19-3-2016\/","title":{"rendered":"Ilmari Jokelainen on poissa (23.9.1923-19.3.2016)"},"content":{"rendered":"<div class=\"fcbkbttn_buttons_block\" id=\"fcbkbttn_left\"><div class=\"fcbkbttn_like \"><fb:like href=\"http:\/\/www.rukajarvensuunnanhistoriayhdistys.fi\/rukajarvikeskus\/ajankohtaista\/ilmari-jokelainen-on-poissa-23-9-1923-19-3-2016\/\" action=\"like\" colorscheme=\"light\" layout=\"button_count\"  size=\"small\"><\/fb:like><\/div><\/div><p>Yhdistyksemme j\u00e4sen, Rukaj\u00e4rven veteraani Ilmari Jokelainen, menehtyi 19.3.2016 Kajaanin keskussairaalassa.<\/p>\n<p>Ilmari Jokelainen osallistui Rukaj\u00e4rvell\u00e4 Jatkosodan viimeiseksi j\u00e4\u00e4neeseen taisteluun Suomen ja neuvostoarmeijan v\u00e4lill\u00e4 (9.\/JR 10). N\u00e4iss\u00e4 raskaissa taisteluissa h\u00e4nen komppanianp\u00e4\u00e4llikk\u00f6ns\u00e4 Seppo H\u00e4nninen kaatui 16.8.1944 Ilmari Jokelaisen vierelle. Jokelainen haavoittui vaikeasti vihollisen kranaatista. Aivan ihmeen kaupalla h\u00e4nen l\u00e4hettikaverinsa Maunu Kankaanp\u00e4\u00e4 sai vedetty\u00e4 puolitajuttoman aseveljens\u00e4 suojaan.<\/p>\n<p>Ilmari Jokelainen asui Ristij\u00e4rvell\u00e4 maatilallaan viimevuosiin saakka. H\u00e4n muutti puolisonsa kanssa edellisen\u00e4 vuonna Kuhmon Kalevalan kuntoutuskotiin.<\/p>\n<figure id=\"attachment_731\" aria-describedby=\"caption-attachment-731\" style=\"width: 4592px\" class=\"wp-caption alignnone\"><a href=\"http:\/\/www.rukajarvensuunnanhistoriayhdistys.fi\/rukajarvikeskus\/wp-content\/uploads\/2013\/09\/DSC06062-Ristij\u00e4rven-Pirtti.jpg\" rel=\"attachment wp-att-731\"><img loading=\"lazy\" decoding=\"async\" class=\"wp-image-731 size-full\" src=\"http:\/\/www.rukajarvensuunnanhistoriayhdistys.fi\/rukajarvikeskus\/wp-content\/uploads\/2013\/09\/DSC06062-Ristij\u00e4rven-Pirtti.jpg\" alt=\"Veteraanit juhlapaikan rappusilla, Ilmari Jokelainen, Olavi Tiittanen, Maunu Kankaanp\u00e4\u00e4 ja Tauno Tikkanen.\" width=\"4592\" height=\"3056\" srcset=\"http:\/\/www.rukajarvensuunnanhistoriayhdistys.fi\/rukajarvikeskus\/wp-content\/uploads\/2013\/09\/DSC06062-Ristij\u00e4rven-Pirtti.jpg 4592w, http:\/\/www.rukajarvensuunnanhistoriayhdistys.fi\/rukajarvikeskus\/wp-content\/uploads\/2013\/09\/DSC06062-Ristij\u00e4rven-Pirtti-300x199.jpg 300w, http:\/\/www.rukajarvensuunnanhistoriayhdistys.fi\/rukajarvikeskus\/wp-content\/uploads\/2013\/09\/DSC06062-Ristij\u00e4rven-Pirtti-1024x681.jpg 1024w\" sizes=\"auto, (max-width: 4592px) 100vw, 4592px\" \/><\/a><figcaption id=\"caption-attachment-731\" class=\"wp-caption-text\">Veteraanit Jokelainen ja Kankaanp\u00e4\u00e4 ovat tavanneet toisiaan usein. Ristij\u00e4rvelle saman komppanian aseveljet matkustivat Ilmari Jokelaisen 90-vuotisp\u00e4iville suuremmalla joukolla. Veteraanit juhlapaikan rappusilla, Ilmari Jokelainen, Olavi Tiittanen, Maunu Kankaanp\u00e4\u00e4 ja Tauno Tikkanen.<\/figcaption><\/figure>\n<p>Ilmari Jokelaisen muistokirjoitus julkaistaan my\u00f6hemmin. Esit\u00e4mme Ilmari Jokelaisen omaisille surunvalittelumme.<\/p>\n<p>Tenho Tikkanen, puheenjohtaja<\/p>\n<p>PS: Oheisena yhdistyksemme nettisivuilla 20.9.2013 julkaistu juttu Ilmari Jokelaisen 90-vuotisp\u00e4iv\u00e4juhlasta (<a href=\"http:\/\/www.rukajarvensuunnanhistoriayhdistys.fi\/rukajarvikeskus\/ajankohtaista\/jatkosodan-viimeista-taistelua-muisteltiin-ristijarvella-20-9-2013\/\">T\u00c4\u00c4LT\u00c4<\/a>). Ilmari Jokelaisen videohaastattelut on n\u00e4ht\u00e4viss\u00e4 sek\u00e4 Iisalmen ett\u00e4 Lieksan Rukaj\u00e4rvi-keskuksissa.<\/p>\n","protected":false},"excerpt":{"rendered":"<p>Yhdistyksemme j\u00e4sen, Rukaj\u00e4rven veteraani Ilmari Jokelainen, menehtyi 19.3.2016 Kajaanin keskussairaalassa. Ilmari Jokelainen osallistui Rukaj\u00e4rvell\u00e4 Jatkosodan viimeiseksi j\u00e4\u00e4neeseen taisteluun Suomen ja neuvostoarmeijan v\u00e4lill\u00e4 (9.\/JR 10). N\u00e4iss\u00e4 raskaissa taisteluissa h\u00e4nen komppanianp\u00e4\u00e4llikk\u00f6ns\u00e4 Seppo <a class=\"more-link\" href=\"http:\/\/www.rukajarvensuunnanhistoriayhdistys.fi\/rukajarvikeskus\/ajankohtaista\/ilmari-jokelainen-on-poissa-23-9-1923-19-3-2016\/\">Lue lis\u00e4\u00e4&#8230;<span class=\"screen-reader-text\">Ilmari Jokelainen on poissa (23.9.1923-19.3.2016)<\/span><span class=\"meta-nav\">\u2192<\/span><\/a><\/p>\n","protected":false},"author":4,"featured_media":732,"comment_status":"closed","ping_status":"open","sticky":false,"template":"","format":"standard","meta":{"ngg_post_thumbnail":0,"_jetpack_newsletter_access":"","_jetpack_dont_email_post_to_subs":false,"_jetpack_newsletter_tier_id":0,"_jetpack_memberships_contains_paywalled_content":false,"_jetpack_memberships_contains_paid_content":false,"footnotes":""},"categories":[26],"tags":[],"class_list":["post-2149","post","type-post","status-publish","format-standard","has-post-thumbnail","hentry","category-ajankohtaista"],"jetpack_featured_media_url":"http:\/\/www.rukajarvensuunnanhistoriayhdistys.fi\/rukajarvikeskus\/wp-content\/uploads\/2013\/09\/DSC06051-Veteraanit-Ristij\u00e4rvi.jpg","jetpack_sharing_enabled":true,"jetpack_shortlink":"https:\/\/wp.me\/p72N2f-yF","_links":{"self":[{"href":"http:\/\/www.rukajarvensuunnanhistoriayhdistys.fi\/rukajarvikeskus\/wp-json\/wp\/v2\/posts\/2149","targetHints":{"allow":["GET"]}}],"collection":[{"href":"http:\/\/www.rukajarvensuunnanhistoriayhdistys.fi\/rukajarvikeskus\/wp-json\/wp\/v2\/posts"}],"about":[{"href":"http:\/\/www.rukajarvensuunnanhistoriayhdistys.fi\/rukajarvikeskus\/wp-json\/wp\/v2\/types\/post"}],"author":[{"embeddable":true,"href":"http:\/\/www.rukajarvensuunnanhistoriayhdistys.fi\/rukajarvikeskus\/wp-json\/wp\/v2\/users\/4"}],"replies":[{"embeddable":true,"href":"http:\/\/www.rukajarvensuunnanhistoriayhdistys.fi\/rukajarvikeskus\/wp-json\/wp\/v2\/comments?post=2149"}],"version-history":[{"count":1,"href":"http:\/\/www.rukajarvensuunnanhistoriayhdistys.fi\/rukajarvikeskus\/wp-json\/wp\/v2\/posts\/2149\/revisions"}],"predecessor-version":[{"id":2150,"href":"http:\/\/www.rukajarvensuunnanhistoriayhdistys.fi\/rukajarvikeskus\/wp-json\/wp\/v2\/posts\/2149\/revisions\/2150"}],"wp:featuredmedia":[{"embeddable":true,"href":"http:\/\/www.rukajarvensuunnanhistoriayhdistys.fi\/rukajarvikeskus\/wp-json\/wp\/v2\/media\/732"}],"wp:attachment":[{"href":"http:\/\/www.rukajarvensuunnanhistoriayhdistys.fi\/rukajarvikeskus\/wp-json\/wp\/v2\/media?parent=2149"}],"wp:term":[{"taxonomy":"category","embeddable":true,"href":"http:\/\/www.rukajarvensuunnanhistoriayhdistys.fi\/rukajarvikeskus\/wp-json\/wp\/v2\/categories?post=2149"},{"taxonomy":"post_tag","embeddable":true,"href":"http:\/\/www.rukajarvensuunnanhistoriayhdistys.fi\/rukajarvikeskus\/wp-json\/wp\/v2\/tags?post=2149"}],"curies":[{"name":"wp","href":"https:\/\/api.w.org\/{rel}","templated":true}]}}