{"id":2161,"date":"2016-03-30T12:26:11","date_gmt":"2016-03-30T09:26:11","guid":{"rendered":"http:\/\/www.rukajarvensuunnanhistoriayhdistys.fi\/rukajarvikeskus\/?p=2161"},"modified":"2016-03-30T12:26:11","modified_gmt":"2016-03-30T09:26:11","slug":"kahden-kirjan-esittely-iisalmen-rukajarvi-keskuksessa-lauantaina-2-4-2016-alkaen-klo-13-00","status":"publish","type":"post","link":"http:\/\/www.rukajarvensuunnanhistoriayhdistys.fi\/rukajarvikeskus\/ajankohtaista\/kahden-kirjan-esittely-iisalmen-rukajarvi-keskuksessa-lauantaina-2-4-2016-alkaen-klo-13-00\/","title":{"rendered":"Kahden kirjan esittely Iisalmen Rukaj\u00e4rvi-keskuksessa lauantaina 2.4.2016 alkaen klo 13.00"},"content":{"rendered":"<div class=\"fcbkbttn_buttons_block\" id=\"fcbkbttn_left\"><div class=\"fcbkbttn_like \"><fb:like href=\"http:\/\/www.rukajarvensuunnanhistoriayhdistys.fi\/rukajarvikeskus\/ajankohtaista\/kahden-kirjan-esittely-iisalmen-rukajarvi-keskuksessa-lauantaina-2-4-2016-alkaen-klo-13-00\/\" action=\"like\" colorscheme=\"light\" layout=\"button_count\"  size=\"small\"><\/fb:like><\/div><\/div><p>Iisalmen Rukaj\u00e4rvi-keskuksessa lauantaina\u00a0 2.4.2016 alkaen klo 13.00<\/p>\n<p>Kahden kirjan esittely, Pentti Perttulin Raappanan ritari sek\u00e4 Olavi K\u00e4rkk\u00e4isen El\u00e4m\u00e4n tikapuut.<\/p>\n<p>Raappanan ritari teos on Pentti Perttulin omael\u00e4m\u00e4kerrallinen Jatkosodan vaikuttava dokumentti, josta tilaisuudessa hiukan laajempi esittely.<\/p>\n<p>Paikalla oleville Rukaj\u00e4rven veteraaneille kirja luovutetaan ilmaiseksi.<\/p>\n<p><a href=\"http:\/\/www.rukajarvensuunnanhistoriayhdistys.fi\/rukajarvikeskus\/wp-content\/uploads\/2016\/03\/Raappanan-Ritari_kansitaitto_6.jpg\" rel=\"attachment wp-att-2125\"><img loading=\"lazy\" decoding=\"async\" class=\"alignnone wp-image-2125 size-full\" src=\"http:\/\/www.rukajarvensuunnanhistoriayhdistys.fi\/rukajarvikeskus\/wp-content\/uploads\/2016\/03\/Raappanan-Ritari_kansitaitto_6.jpg\" alt=\"Raappanan Ritari_kansitaitto_6\" width=\"7721\" height=\"4816\" srcset=\"http:\/\/www.rukajarvensuunnanhistoriayhdistys.fi\/rukajarvikeskus\/wp-content\/uploads\/2016\/03\/Raappanan-Ritari_kansitaitto_6.jpg 7721w, http:\/\/www.rukajarvensuunnanhistoriayhdistys.fi\/rukajarvikeskus\/wp-content\/uploads\/2016\/03\/Raappanan-Ritari_kansitaitto_6-300x187.jpg 300w, http:\/\/www.rukajarvensuunnanhistoriayhdistys.fi\/rukajarvikeskus\/wp-content\/uploads\/2016\/03\/Raappanan-Ritari_kansitaitto_6-768x479.jpg 768w, http:\/\/www.rukajarvensuunnanhistoriayhdistys.fi\/rukajarvikeskus\/wp-content\/uploads\/2016\/03\/Raappanan-Ritari_kansitaitto_6-1024x639.jpg 1024w\" sizes=\"auto, (max-width: 7721px) 100vw, 7721px\" \/><\/a><\/p>\n<p>Olavi K\u00e4rkk\u00e4inen esittelee itse El\u00e4m\u00e4n tikapuut -teoksensa. Olavin kirjan tuotto k\u00e4ytet\u00e4\u00e4n sy\u00f6p\u00e4\u00e4 sairastavien hyv\u00e4ksi.<\/p>\n<p><a href=\"http:\/\/www.rukajarvensuunnanhistoriayhdistys.fi\/rukajarvikeskus\/wp-content\/uploads\/2016\/03\/El\u00e4m\u00e4n-Tikapuut-1.jpg\" rel=\"attachment wp-att-2163\"><img loading=\"lazy\" decoding=\"async\" class=\"alignnone wp-image-2163 size-full\" src=\"http:\/\/www.rukajarvensuunnanhistoriayhdistys.fi\/rukajarvikeskus\/wp-content\/uploads\/2016\/03\/El\u00e4m\u00e4n-Tikapuut-1.jpg\" alt=\"El\u00e4m\u00e4n Tikapuut-1\" width=\"1740\" height=\"2500\" srcset=\"http:\/\/www.rukajarvensuunnanhistoriayhdistys.fi\/rukajarvikeskus\/wp-content\/uploads\/2016\/03\/El\u00e4m\u00e4n-Tikapuut-1.jpg 1740w, http:\/\/www.rukajarvensuunnanhistoriayhdistys.fi\/rukajarvikeskus\/wp-content\/uploads\/2016\/03\/El\u00e4m\u00e4n-Tikapuut-1-209x300.jpg 209w, http:\/\/www.rukajarvensuunnanhistoriayhdistys.fi\/rukajarvikeskus\/wp-content\/uploads\/2016\/03\/El\u00e4m\u00e4n-Tikapuut-1-768x1103.jpg 768w, http:\/\/www.rukajarvensuunnanhistoriayhdistys.fi\/rukajarvikeskus\/wp-content\/uploads\/2016\/03\/El\u00e4m\u00e4n-Tikapuut-1-713x1024.jpg 713w\" sizes=\"auto, (max-width: 1740px) 100vw, 1740px\" \/><\/a><\/p>\n<p><a href=\"http:\/\/www.rukajarvensuunnanhistoriayhdistys.fi\/rukajarvikeskus\/wp-content\/uploads\/2016\/03\/El\u00e4m\u00e4n-Tikapuut-2.jpg\" rel=\"attachment wp-att-2162\"><img loading=\"lazy\" decoding=\"async\" class=\"alignnone wp-image-2162 size-full\" src=\"http:\/\/www.rukajarvensuunnanhistoriayhdistys.fi\/rukajarvikeskus\/wp-content\/uploads\/2016\/03\/El\u00e4m\u00e4n-Tikapuut-2.jpg\" alt=\"El\u00e4m\u00e4n Tikapuut-2\" width=\"1760\" height=\"2508\" srcset=\"http:\/\/www.rukajarvensuunnanhistoriayhdistys.fi\/rukajarvikeskus\/wp-content\/uploads\/2016\/03\/El\u00e4m\u00e4n-Tikapuut-2.jpg 1760w, http:\/\/www.rukajarvensuunnanhistoriayhdistys.fi\/rukajarvikeskus\/wp-content\/uploads\/2016\/03\/El\u00e4m\u00e4n-Tikapuut-2-211x300.jpg 211w, http:\/\/www.rukajarvensuunnanhistoriayhdistys.fi\/rukajarvikeskus\/wp-content\/uploads\/2016\/03\/El\u00e4m\u00e4n-Tikapuut-2-768x1094.jpg 768w, http:\/\/www.rukajarvensuunnanhistoriayhdistys.fi\/rukajarvikeskus\/wp-content\/uploads\/2016\/03\/El\u00e4m\u00e4n-Tikapuut-2-719x1024.jpg 719w\" sizes=\"auto, (max-width: 1760px) 100vw, 1760px\" \/><\/a><\/p>\n<p>Kirjat ovat tilaisuudessa saatavissa erityishintaan.<\/p>\n<p>Tervetuloa. Iisalmen Rukaj\u00e4rvi-keskukseen lauantaina 2.4.2016 klo 13.00.<\/p>\n","protected":false},"excerpt":{"rendered":"<p>Iisalmen Rukaj\u00e4rvi-keskuksessa lauantaina\u00a0 2.4.2016 alkaen klo 13.00 Kahden kirjan esittely, Pentti Perttulin Raappanan ritari sek\u00e4 Olavi K\u00e4rkk\u00e4isen El\u00e4m\u00e4n tikapuut. Raappanan ritari teos on Pentti Perttulin omael\u00e4m\u00e4kerrallinen Jatkosodan vaikuttava dokumentti, josta <a class=\"more-link\" href=\"http:\/\/www.rukajarvensuunnanhistoriayhdistys.fi\/rukajarvikeskus\/ajankohtaista\/kahden-kirjan-esittely-iisalmen-rukajarvi-keskuksessa-lauantaina-2-4-2016-alkaen-klo-13-00\/\">Lue lis\u00e4\u00e4&#8230;<span class=\"screen-reader-text\">Kahden kirjan esittely Iisalmen Rukaj\u00e4rvi-keskuksessa lauantaina 2.4.2016 alkaen klo 13.00<\/span><span class=\"meta-nav\">\u2192<\/span><\/a><\/p>\n","protected":false},"author":4,"featured_media":0,"comment_status":"closed","ping_status":"open","sticky":false,"template":"","format":"standard","meta":{"ngg_post_thumbnail":0,"_jetpack_newsletter_access":"","_jetpack_dont_email_post_to_subs":false,"_jetpack_newsletter_tier_id":0,"_jetpack_memberships_contains_paywalled_content":false,"_jetpack_memberships_contains_paid_content":false,"footnotes":""},"categories":[26],"tags":[],"class_list":["post-2161","post","type-post","status-publish","format-standard","hentry","category-ajankohtaista"],"jetpack_featured_media_url":"","jetpack_sharing_enabled":true,"jetpack_shortlink":"https:\/\/wp.me\/p72N2f-yR","_links":{"self":[{"href":"http:\/\/www.rukajarvensuunnanhistoriayhdistys.fi\/rukajarvikeskus\/wp-json\/wp\/v2\/posts\/2161","targetHints":{"allow":["GET"]}}],"collection":[{"href":"http:\/\/www.rukajarvensuunnanhistoriayhdistys.fi\/rukajarvikeskus\/wp-json\/wp\/v2\/posts"}],"about":[{"href":"http:\/\/www.rukajarvensuunnanhistoriayhdistys.fi\/rukajarvikeskus\/wp-json\/wp\/v2\/types\/post"}],"author":[{"embeddable":true,"href":"http:\/\/www.rukajarvensuunnanhistoriayhdistys.fi\/rukajarvikeskus\/wp-json\/wp\/v2\/users\/4"}],"replies":[{"embeddable":true,"href":"http:\/\/www.rukajarvensuunnanhistoriayhdistys.fi\/rukajarvikeskus\/wp-json\/wp\/v2\/comments?post=2161"}],"version-history":[{"count":1,"href":"http:\/\/www.rukajarvensuunnanhistoriayhdistys.fi\/rukajarvikeskus\/wp-json\/wp\/v2\/posts\/2161\/revisions"}],"predecessor-version":[{"id":2164,"href":"http:\/\/www.rukajarvensuunnanhistoriayhdistys.fi\/rukajarvikeskus\/wp-json\/wp\/v2\/posts\/2161\/revisions\/2164"}],"wp:attachment":[{"href":"http:\/\/www.rukajarvensuunnanhistoriayhdistys.fi\/rukajarvikeskus\/wp-json\/wp\/v2\/media?parent=2161"}],"wp:term":[{"taxonomy":"category","embeddable":true,"href":"http:\/\/www.rukajarvensuunnanhistoriayhdistys.fi\/rukajarvikeskus\/wp-json\/wp\/v2\/categories?post=2161"},{"taxonomy":"post_tag","embeddable":true,"href":"http:\/\/www.rukajarvensuunnanhistoriayhdistys.fi\/rukajarvikeskus\/wp-json\/wp\/v2\/tags?post=2161"}],"curies":[{"name":"wp","href":"https:\/\/api.w.org\/{rel}","templated":true}]}}