{"id":2170,"date":"2016-04-03T14:25:51","date_gmt":"2016-04-03T11:25:51","guid":{"rendered":"http:\/\/www.rukajarvensuunnanhistoriayhdistys.fi\/rukajarvikeskus\/?p=2170"},"modified":"2016-04-03T14:25:51","modified_gmt":"2016-04-03T11:25:51","slug":"tauno-oksanen-elokuvanaytoksen-avaussanat-kommentti-dokumenttielokuvasta-sota-ja-mielenraha","status":"publish","type":"post","link":"http:\/\/www.rukajarvensuunnanhistoriayhdistys.fi\/rukajarvikeskus\/ajankohtaista\/tauno-oksanen-elokuvanaytoksen-avaussanat-kommentti-dokumenttielokuvasta-sota-ja-mielenraha\/","title":{"rendered":"Tauno Oksanen Elokuvan\u00e4yt\u00f6ksen avaussanat: Kommentti dokumenttielokuvasta &#8221;Sota ja mielenraha&#8221;"},"content":{"rendered":"<div class=\"fcbkbttn_buttons_block\" id=\"fcbkbttn_left\"><div class=\"fcbkbttn_like \"><fb:like href=\"http:\/\/www.rukajarvensuunnanhistoriayhdistys.fi\/rukajarvikeskus\/ajankohtaista\/tauno-oksanen-elokuvanaytoksen-avaussanat-kommentti-dokumenttielokuvasta-sota-ja-mielenraha\/\" action=\"like\" colorscheme=\"light\" layout=\"button_count\"  size=\"small\"><\/fb:like><\/div><\/div><p>Tauno Oksanen\u00a0\u00a0\u00a0\u00a0\u00a0\u00a0\u00a0\u00a0\u00a0\u00a0\u00a0\u00a0\u00a0\u00a0\u00a0\u00a0\u00a0\u00a0\u00a0\u00a0\u00a0\u00a0\u00a0\u00a0\u00a0\u00a0\u00a0\u00a0\u00a0\u00a0\u00a0\u00a0\u00a0\u00a0\u00a0\u00a0\u00a0\u00a0\u00a0\u00a0\u00a0\u00a0\u00a0\u00a0\u00a0\u00a0\u00a0\u00a0\u00a0\u00a0\u00a0\u00a0\u00a0\u00a0\u00a0\u00a0\u00a0\u00a0\u00a0\u00a0\u00a0\u00a0\u00a0\u00a0\u00a0\u00a0\u00a0\u00a0\u00a0\u00a0\u00a0\u00a0\u00a0\u00a0\u00a0\u00a0\u00a0\u00a0\u00a0\u00a0\u00a0\u00a0\u00a0\u00a0\u00a0\u00a0\u00a0\u00a0\u00a0\u00a0\u00a0\u00a0\u00a0\u00a0\u00a0\u00a0\u00a0\u00a0\u00a0\u00a0\u00a0 Lieksa 3.4.2016<\/p>\n<p>Elokuvan\u00e4yt\u00f6ksen avaussanat: Kommentti dokumenttielokuvasta &#8221;Sota ja mielenraha&#8221;<\/p>\n<figure id=\"attachment_1846\" aria-describedby=\"caption-attachment-1846\" style=\"width: 2362px\" class=\"wp-caption alignnone\"><a href=\"http:\/\/www.rukajarvensuunnanhistoriayhdistys.fi\/rukajarvikeskus\/wp-content\/uploads\/2015\/04\/7_Oksanen_puhe.jpg\" rel=\"attachment wp-att-1846\"><img loading=\"lazy\" decoding=\"async\" class=\"wp-image-1846 size-full\" src=\"http:\/\/www.rukajarvensuunnanhistoriayhdistys.fi\/rukajarvikeskus\/wp-content\/uploads\/2015\/04\/7_Oksanen_puhe.jpg\" alt=\"Tauno Oksanen kenraaliluutnantti E. J. Raappanan muistotilaisuudessa 14.9.2012.\" width=\"2362\" height=\"1729\" srcset=\"http:\/\/www.rukajarvensuunnanhistoriayhdistys.fi\/rukajarvikeskus\/wp-content\/uploads\/2015\/04\/7_Oksanen_puhe.jpg 2362w, http:\/\/www.rukajarvensuunnanhistoriayhdistys.fi\/rukajarvikeskus\/wp-content\/uploads\/2015\/04\/7_Oksanen_puhe-300x220.jpg 300w, http:\/\/www.rukajarvensuunnanhistoriayhdistys.fi\/rukajarvikeskus\/wp-content\/uploads\/2015\/04\/7_Oksanen_puhe-1024x750.jpg 1024w\" sizes=\"auto, (max-width: 2362px) 100vw, 2362px\" \/><\/a><figcaption id=\"caption-attachment-1846\" class=\"wp-caption-text\">Tauno Oksanen kenraaliluutnantti E. J. Raappanan muistotilaisuudessa 14.9.2012.<\/figcaption><\/figure>\n<p><strong>HYV\u00c4 ELOKUVAYLEIS\u00d6<\/strong><br \/>\nElokuvan \u201dSota ja mielenrauha\u201d tekij\u00e4 on pyyt\u00e4nyt Rukaj\u00e4rven suunnan historiayhdistyst\u00e4 kommentoimaan ja avaamaan kyseisen elokuvan ennen sen esityst\u00e4. Sallinette siis lyhyen puheenvuoron.<\/p>\n<p>T\u00e4m\u00e4 elokuva on j\u00e4lleen yksi kurkistus Suomen sotahistoriaan. Termi mielenrauha ei mielest\u00e4ni oikein sovi sotaan, koska se ei ollut mahdollista jatkuvassa hengenvaarassa tai j\u00e4nnitystilassa, eik\u00e4 sit\u00e4 yksityinen sotilas pystynyt valitsemaan tai hallitsemaan. Elokuva antaa kyll\u00e4 aihetta ajatteluun. Nykyihmiselle ja asiaa huonommin tunteville elokuvassa on uusia asioita.<\/p>\n<p>Elokuvan alkuosa k\u00e4sittelee sodan traagisia olosuhteita ja niist\u00e4 johtuneita traumoja. Loppuosassa esitet\u00e4\u00e4n asiantuntijoiden n\u00e4kemyksi\u00e4 Suomen sotapolitiikasta ja l\u00e4hinn\u00e4 ns. jatkosotaan liittyvist\u00e4 tapahtumista.<\/p>\n<p>Muutamia havaintoja elokuvasta: Sota on rajoittamatonta v\u00e4kivaltaa tiettyjen p\u00e4\u00e4m\u00e4\u00e4rien saavuttamiseksi ja sodan lait ovat armottomia ja ep\u00e4inhimillisi\u00e4. Jokaisella ihmisell\u00e4 on kestokykyns\u00e4 rajat. Sotilaat kokivat sodan kovuuden eri tavoilla. Armeijan joukkojen rungon muodostivat vahvat taistelijat, jotka ratkaisivat taisteluiden onnistumisen ja teht\u00e4vien suorituksen. N\u00e4iden sotureiden mukana taistelivat my\u00f6s heikommat soturit. Osa ei kest\u00e4nyt ilman seurauksia. Kest\u00e4misen t\u00e4rkein tekij\u00e4 oli tuon ajan loppumaton velvollisuudentunto ja voimakas yhteenkuuluvaisuudentunne, eli asevelihenki oli vahvin tuki. Heikompia ja herkempi\u00e4 autettiin ja tuettiin. Hyv\u00e4 sotilaskoulutus, kokemus ja tottumus v\u00e4hensiv\u00e4t traumoja ja romahduksia. Taistelijoista valtaosa oli reservil\u00e4isi\u00e4, joten joukkoon sopi kaikenlaisia ja kaikentaustaisia miehi\u00e4. Ilman suojeluskuntien ja Lotta-j\u00e4rjest\u00f6n antamaa koulutusta, valmennusta ja kasvatusta Suomen puolustus ei olisi onnistunut. Todelliset sotilaiden romahdukset olivat lopulta varsin v\u00e4h\u00e4isi\u00e4. \u00a0Traumanj\u00e4lkeisi\u00e4 stressih\u00e4iri\u00f6it\u00e4 (posttraumaattisia oireita) tuli tietenkin runsaammin sodan jatkuessa vuodesta toiseen ja kovien taisteluvaiheiden seurauksena.<\/p>\n<p>Vaikeudet ja traumat koskivat my\u00f6s kotirintamaa. Emme saa unohtaa my\u00f6s sit\u00e4. Naiset, nuoret ja vanhukset pitiv\u00e4t yhteiskunnan rattaat toiminnassa ja pelk\u00e4siv\u00e4t koko ajan omaistensa ja tulevaisuuden puolesta. T\u00e4\u00e4ll\u00e4 Lieksassa muistamme my\u00f6s neuvostopartisaanien aiheuttaman ylim\u00e4\u00e4r\u00e4isen paineen ja pelon Pielisj\u00e4rven asukkaille kes\u00e4ll\u00e4 ja syksyll\u00e4 1944.<\/p>\n<p>Muutama sana elokuvan loppupuoliskosta: Katsoessamme t\u00e4t\u00e4kin elokuvaa sodasta, on meid\u00e4n syyt\u00e4 muistaa, ett\u00e4 sotahistoria on ymm\u00e4rrett\u00e4v\u00e4 kokonaisuutena ja sellaisena se olisi esitett\u00e4v\u00e4 nykyisille ja tuleville sukupolville. Meid\u00e4n on katsottava sotiin liittyvi\u00e4 asioita sen ajan ehdoilla. Nuorempien polvien tutkijat ja asiantuntijat unohtavat usein historiallisen perspektiivin ja tapahtumien laajemman kontekstin sek\u00e4 ennen kaikkea Suomen sotavuosien vaihtoehtojen v\u00e4hyyden. Meill\u00e4 ei suurvaltojen puristuksessa ollut todellakaan valittavana parhaita vaihtoehtoja. Suomi joutui talvisotaan Neuvostoliiton oikeudettoman hy\u00f6kk\u00e4yksen seurauksena. Sen j\u00e4lkeen kaikki ratkaisut tehtiin Suomen olemassaolon s\u00e4ilytt\u00e4miseksi. Jos n\u00e4iss\u00e4 ratkaisuissa kilpeen tuli muutama tahra, se oli pienempi paha kuin Suomen vapauden menett\u00e4minen. N\u00e4iden muiden mahdollisten vaihtoehtojen tutkiminen ja esitt\u00e4minen nykyaikana on j\u00e4lkiviisautta ja johtaa vain erilaisten \u201dtutkijakuppikuntien\u201d muodostumiseen.<\/p>\n<p>Suomen tie ja ratkaisut toisen maailmansodan kurimuksessa olivat parhaat mahdolliset. Vaihtoehtoina olivat antautuminen, miehitys, n\u00e4lk\u00e4kuolema tai Suomen joutuminen suurvaltojen taistelutantereeksi. Kaikissa tapauksissa lopputulos olisi merkinnyt Suomen tuhoa. Suomi selvisi kuitenkin kolmesta sodasta raskain menetyksin mutta kunnialla ja itsen\u00e4isyytens\u00e4 s\u00e4ilytt\u00e4en. Sek\u00e4 pystyi viel\u00e4 rakentamaan niiden j\u00e4lkeen hyvinvointivaltion. Se oli kova suoritus verrattuna moniin valtioihin ja alueisiin, jotka menettiv\u00e4t itsen\u00e4isyytens\u00e4 ja joissa on jatkunut sota vuodesta toiseen. Siksi sotiemme todellisista tapahtumista, merkityksest\u00e4 ja vaikutuksista on syyt\u00e4 puhua.<\/p>\n<p>Hyv\u00e4 elokuvayleis\u00f6, toivotamme teid\u00e4t tervetulleiksi mukaan harrastamaan ja tutkimaan sotahistoriaa. Esimerkiksi Rukaj\u00e4rven suunnan historiayhdistyksen kautta on helppo osallistua ja juuri n\u00e4in\u00e4 aikoina tulee k\u00e4ytt\u00f6\u00f6n my\u00f6s tietokonej\u00e4rjestelm\u00e4 Epooq, jonka kautta yhdistyksen j\u00e4sen voi l\u00e4hett\u00e4\u00e4 sotiin liittyv\u00e4\u00e4 aineistoa tallennettavaksi tai josta saa haluamaansa aineistoa.<\/p>\n<p>Toivotan mieleenpainuvaa elokuvakokemusta!<\/p>\n","protected":false},"excerpt":{"rendered":"<p>Tauno Oksanen\u00a0\u00a0\u00a0\u00a0\u00a0\u00a0\u00a0\u00a0\u00a0\u00a0\u00a0\u00a0\u00a0\u00a0\u00a0\u00a0\u00a0\u00a0\u00a0\u00a0\u00a0\u00a0\u00a0\u00a0\u00a0\u00a0\u00a0\u00a0\u00a0\u00a0\u00a0\u00a0\u00a0\u00a0\u00a0\u00a0\u00a0\u00a0\u00a0\u00a0\u00a0\u00a0\u00a0\u00a0\u00a0\u00a0\u00a0\u00a0\u00a0\u00a0\u00a0\u00a0\u00a0\u00a0\u00a0\u00a0\u00a0\u00a0\u00a0\u00a0\u00a0\u00a0\u00a0\u00a0\u00a0\u00a0\u00a0\u00a0\u00a0\u00a0\u00a0\u00a0\u00a0\u00a0\u00a0\u00a0\u00a0\u00a0\u00a0\u00a0\u00a0\u00a0\u00a0\u00a0\u00a0\u00a0\u00a0\u00a0\u00a0\u00a0\u00a0\u00a0\u00a0\u00a0\u00a0\u00a0\u00a0\u00a0\u00a0\u00a0\u00a0 Lieksa 3.4.2016 Elokuvan\u00e4yt\u00f6ksen avaussanat: Kommentti dokumenttielokuvasta &#8221;Sota ja mielenraha&#8221; HYV\u00c4 ELOKUVAYLEIS\u00d6 Elokuvan \u201dSota ja mielenrauha\u201d tekij\u00e4 on pyyt\u00e4nyt Rukaj\u00e4rven suunnan historiayhdistyst\u00e4 kommentoimaan ja avaamaan kyseisen elokuvan ennen sen <a class=\"more-link\" href=\"http:\/\/www.rukajarvensuunnanhistoriayhdistys.fi\/rukajarvikeskus\/ajankohtaista\/tauno-oksanen-elokuvanaytoksen-avaussanat-kommentti-dokumenttielokuvasta-sota-ja-mielenraha\/\">Lue lis\u00e4\u00e4&#8230;<span class=\"screen-reader-text\">Tauno Oksanen Elokuvan\u00e4yt\u00f6ksen avaussanat: Kommentti dokumenttielokuvasta &#8221;Sota ja mielenraha&#8221;<\/span><span class=\"meta-nav\">\u2192<\/span><\/a><\/p>\n","protected":false},"author":4,"featured_media":1846,"comment_status":"closed","ping_status":"open","sticky":false,"template":"","format":"standard","meta":{"ngg_post_thumbnail":0,"_jetpack_newsletter_access":"","_jetpack_dont_email_post_to_subs":false,"_jetpack_newsletter_tier_id":0,"_jetpack_memberships_contains_paywalled_content":false,"_jetpack_memberships_contains_paid_content":false,"footnotes":""},"categories":[26],"tags":[],"class_list":["post-2170","post","type-post","status-publish","format-standard","has-post-thumbnail","hentry","category-ajankohtaista"],"jetpack_featured_media_url":"http:\/\/www.rukajarvensuunnanhistoriayhdistys.fi\/rukajarvikeskus\/wp-content\/uploads\/2015\/04\/7_Oksanen_puhe.jpg","jetpack_sharing_enabled":true,"jetpack_shortlink":"https:\/\/wp.me\/p72N2f-z0","_links":{"self":[{"href":"http:\/\/www.rukajarvensuunnanhistoriayhdistys.fi\/rukajarvikeskus\/wp-json\/wp\/v2\/posts\/2170","targetHints":{"allow":["GET"]}}],"collection":[{"href":"http:\/\/www.rukajarvensuunnanhistoriayhdistys.fi\/rukajarvikeskus\/wp-json\/wp\/v2\/posts"}],"about":[{"href":"http:\/\/www.rukajarvensuunnanhistoriayhdistys.fi\/rukajarvikeskus\/wp-json\/wp\/v2\/types\/post"}],"author":[{"embeddable":true,"href":"http:\/\/www.rukajarvensuunnanhistoriayhdistys.fi\/rukajarvikeskus\/wp-json\/wp\/v2\/users\/4"}],"replies":[{"embeddable":true,"href":"http:\/\/www.rukajarvensuunnanhistoriayhdistys.fi\/rukajarvikeskus\/wp-json\/wp\/v2\/comments?post=2170"}],"version-history":[{"count":1,"href":"http:\/\/www.rukajarvensuunnanhistoriayhdistys.fi\/rukajarvikeskus\/wp-json\/wp\/v2\/posts\/2170\/revisions"}],"predecessor-version":[{"id":2171,"href":"http:\/\/www.rukajarvensuunnanhistoriayhdistys.fi\/rukajarvikeskus\/wp-json\/wp\/v2\/posts\/2170\/revisions\/2171"}],"wp:featuredmedia":[{"embeddable":true,"href":"http:\/\/www.rukajarvensuunnanhistoriayhdistys.fi\/rukajarvikeskus\/wp-json\/wp\/v2\/media\/1846"}],"wp:attachment":[{"href":"http:\/\/www.rukajarvensuunnanhistoriayhdistys.fi\/rukajarvikeskus\/wp-json\/wp\/v2\/media?parent=2170"}],"wp:term":[{"taxonomy":"category","embeddable":true,"href":"http:\/\/www.rukajarvensuunnanhistoriayhdistys.fi\/rukajarvikeskus\/wp-json\/wp\/v2\/categories?post=2170"},{"taxonomy":"post_tag","embeddable":true,"href":"http:\/\/www.rukajarvensuunnanhistoriayhdistys.fi\/rukajarvikeskus\/wp-json\/wp\/v2\/tags?post=2170"}],"curies":[{"name":"wp","href":"https:\/\/api.w.org\/{rel}","templated":true}]}}