{"id":2173,"date":"2016-04-09T10:11:03","date_gmt":"2016-04-09T07:11:03","guid":{"rendered":"http:\/\/www.rukajarvensuunnanhistoriayhdistys.fi\/rukajarvikeskus\/?p=2173"},"modified":"2016-04-09T10:15:47","modified_gmt":"2016-04-09T07:15:47","slug":"mittava-tyo-valmistui-iisalmen-rukajarvi-keskuksessa-nahtavilla-uusi-rukajarven-800-valokuvan-kokoelma","status":"publish","type":"post","link":"http:\/\/www.rukajarvensuunnanhistoriayhdistys.fi\/rukajarvikeskus\/ajankohtaista\/mittava-tyo-valmistui-iisalmen-rukajarvi-keskuksessa-nahtavilla-uusi-rukajarven-800-valokuvan-kokoelma\/","title":{"rendered":"Mittava ty\u00f6 valmistui: Iisalmen Rukaj\u00e4rvi-keskuksessa n\u00e4ht\u00e4vill\u00e4 uusi Rukaj\u00e4rven 800 valokuvan kokoelma"},"content":{"rendered":"<div class=\"fcbkbttn_buttons_block\" id=\"fcbkbttn_left\"><div class=\"fcbkbttn_like \"><fb:like href=\"http:\/\/www.rukajarvensuunnanhistoriayhdistys.fi\/rukajarvikeskus\/ajankohtaista\/mittava-tyo-valmistui-iisalmen-rukajarvi-keskuksessa-nahtavilla-uusi-rukajarven-800-valokuvan-kokoelma\/\" action=\"like\" colorscheme=\"light\" layout=\"button_count\"  size=\"small\"><\/fb:like><\/div><\/div><p><strong>Iisalmen Rukaj\u00e4rvi-keskuksessa n\u00e4ht\u00e4vill\u00e4 uusi Rukaj\u00e4rven 800 valokuvan kokoelma<\/strong><\/p>\n<p>Nurmeksesta l\u00f6ytyi kersantti Yrj\u00f6 Ahosen (6.KTR18) harvinaisen laaja Rukaj\u00e4rven suunnan valokuvakokoelma kuvateksteineen. Ahosella oli valokuvauslupa koko jatkosodan ajan ja kuvia kertyi per\u00e4ti 800 kpl. Lis\u00e4ksi h\u00e4n piti henkil\u00f6kohtaista p\u00e4iv\u00e4kirjaa talvi- ja jatkosodasta sek\u00e4 asek\u00e4tkenn\u00e4st\u00e4.<\/p>\n<figure id=\"attachment_2175\" aria-describedby=\"caption-attachment-2175\" style=\"width: 2898px\" class=\"wp-caption alignnone\"><a href=\"http:\/\/www.rukajarvensuunnanhistoriayhdistys.fi\/rukajarvikeskus\/wp-content\/uploads\/2016\/04\/Y.-Ahonen-Antti-ja-Reijo.jpg\" rel=\"attachment wp-att-2175\"><img loading=\"lazy\" decoding=\"async\" class=\"wp-image-2175 size-full\" src=\"http:\/\/www.rukajarvensuunnanhistoriayhdistys.fi\/rukajarvikeskus\/wp-content\/uploads\/2016\/04\/Y.-Ahonen-Antti-ja-Reijo.jpg\" alt=\"Antti Haapalainen ja Reijo Pulkkinen kaksi juuri valmistunutta nidett\u00e4 k\u00e4siss\u00e4\u00e4n. Poikkeuksellisen laaja kokonaisuus on nyt n\u00e4ht\u00e4viss\u00e4.\" width=\"2898\" height=\"3096\" srcset=\"http:\/\/www.rukajarvensuunnanhistoriayhdistys.fi\/rukajarvikeskus\/wp-content\/uploads\/2016\/04\/Y.-Ahonen-Antti-ja-Reijo.jpg 2898w, http:\/\/www.rukajarvensuunnanhistoriayhdistys.fi\/rukajarvikeskus\/wp-content\/uploads\/2016\/04\/Y.-Ahonen-Antti-ja-Reijo-281x300.jpg 281w, http:\/\/www.rukajarvensuunnanhistoriayhdistys.fi\/rukajarvikeskus\/wp-content\/uploads\/2016\/04\/Y.-Ahonen-Antti-ja-Reijo-768x820.jpg 768w, http:\/\/www.rukajarvensuunnanhistoriayhdistys.fi\/rukajarvikeskus\/wp-content\/uploads\/2016\/04\/Y.-Ahonen-Antti-ja-Reijo-959x1024.jpg 959w\" sizes=\"auto, (max-width: 2898px) 100vw, 2898px\" \/><\/a><figcaption id=\"caption-attachment-2175\" class=\"wp-caption-text\">Antti Haapalainen ja Reijo Pulkkinen kaksi juuri valmistunutta nidett\u00e4 k\u00e4siss\u00e4\u00e4n. Poikkeuksellisen laaja kokonaisuus on nyt n\u00e4ht\u00e4viss\u00e4.<\/figcaption><\/figure>\n<p>Antti Haapalainen ja Reijo Pulkkinen saivat Yrj\u00f6 Ahosen perillisilt\u00e4 is\u00e4ns\u00e4 aineiston digitoitavaksi ja puhtaaksikirjoitettavaksi. Kuvat ja p\u00e4iv\u00e4kirjat on nyt tallennettu. Aineistosta tehtiin my\u00f6s nidokset \u201dValokuvat Rukaj\u00e4rven suunnalta\u201d (400 sivua) ja \u201dP\u00e4iv\u00e4kirjat 1939-1945\u201d (130 sivua), jotka ovat n\u00e4ht\u00e4vill\u00e4 <strong><strong>Iisalmen Rukaj\u00e4rvi-keskuksessa<\/strong><\/strong> ja Nurmeksen K\u00f6tsin museossa.<\/p>\n<p><span style=\"color: #373737; font-family: 'Helvetica','sans-serif'; font-size: 9pt;\">Lis\u00e4\u00e4 tietoa Yrj\u00f6 Ahosen aineistosta voitte lukea <a href=\"http:\/\/www.rukajarvensuunnanhistoriayhdistys.fi\/rukajarvikeskus\/wp-content\/uploads\/2016\/04\/Y.-Ahonen-valokuvat-p\u00e4iv\u00e4kirjat-3.pdf\">T\u00c4\u00c4LT\u00c4<\/a>.<\/span><\/p>\n<p>&nbsp;<\/p>\n","protected":false},"excerpt":{"rendered":"<p>Iisalmen Rukaj\u00e4rvi-keskuksessa n\u00e4ht\u00e4vill\u00e4 uusi Rukaj\u00e4rven 800 valokuvan kokoelma Nurmeksesta l\u00f6ytyi kersantti Yrj\u00f6 Ahosen (6.KTR18) harvinaisen laaja Rukaj\u00e4rven suunnan valokuvakokoelma kuvateksteineen. Ahosella oli valokuvauslupa koko jatkosodan ajan ja kuvia kertyi per\u00e4ti <a class=\"more-link\" href=\"http:\/\/www.rukajarvensuunnanhistoriayhdistys.fi\/rukajarvikeskus\/ajankohtaista\/mittava-tyo-valmistui-iisalmen-rukajarvi-keskuksessa-nahtavilla-uusi-rukajarven-800-valokuvan-kokoelma\/\">Lue lis\u00e4\u00e4&#8230;<span class=\"screen-reader-text\">Mittava ty\u00f6 valmistui: Iisalmen Rukaj\u00e4rvi-keskuksessa n\u00e4ht\u00e4vill\u00e4 uusi Rukaj\u00e4rven 800 valokuvan kokoelma<\/span><span class=\"meta-nav\">\u2192<\/span><\/a><\/p>\n","protected":false},"author":4,"featured_media":0,"comment_status":"closed","ping_status":"open","sticky":false,"template":"","format":"standard","meta":{"ngg_post_thumbnail":0,"_jetpack_newsletter_access":"","_jetpack_dont_email_post_to_subs":false,"_jetpack_newsletter_tier_id":0,"_jetpack_memberships_contains_paywalled_content":false,"_jetpack_memberships_contains_paid_content":false,"footnotes":""},"categories":[26],"tags":[],"class_list":["post-2173","post","type-post","status-publish","format-standard","hentry","category-ajankohtaista"],"jetpack_featured_media_url":"","jetpack_sharing_enabled":true,"jetpack_shortlink":"https:\/\/wp.me\/p72N2f-z3","_links":{"self":[{"href":"http:\/\/www.rukajarvensuunnanhistoriayhdistys.fi\/rukajarvikeskus\/wp-json\/wp\/v2\/posts\/2173","targetHints":{"allow":["GET"]}}],"collection":[{"href":"http:\/\/www.rukajarvensuunnanhistoriayhdistys.fi\/rukajarvikeskus\/wp-json\/wp\/v2\/posts"}],"about":[{"href":"http:\/\/www.rukajarvensuunnanhistoriayhdistys.fi\/rukajarvikeskus\/wp-json\/wp\/v2\/types\/post"}],"author":[{"embeddable":true,"href":"http:\/\/www.rukajarvensuunnanhistoriayhdistys.fi\/rukajarvikeskus\/wp-json\/wp\/v2\/users\/4"}],"replies":[{"embeddable":true,"href":"http:\/\/www.rukajarvensuunnanhistoriayhdistys.fi\/rukajarvikeskus\/wp-json\/wp\/v2\/comments?post=2173"}],"version-history":[{"count":4,"href":"http:\/\/www.rukajarvensuunnanhistoriayhdistys.fi\/rukajarvikeskus\/wp-json\/wp\/v2\/posts\/2173\/revisions"}],"predecessor-version":[{"id":2179,"href":"http:\/\/www.rukajarvensuunnanhistoriayhdistys.fi\/rukajarvikeskus\/wp-json\/wp\/v2\/posts\/2173\/revisions\/2179"}],"wp:attachment":[{"href":"http:\/\/www.rukajarvensuunnanhistoriayhdistys.fi\/rukajarvikeskus\/wp-json\/wp\/v2\/media?parent=2173"}],"wp:term":[{"taxonomy":"category","embeddable":true,"href":"http:\/\/www.rukajarvensuunnanhistoriayhdistys.fi\/rukajarvikeskus\/wp-json\/wp\/v2\/categories?post=2173"},{"taxonomy":"post_tag","embeddable":true,"href":"http:\/\/www.rukajarvensuunnanhistoriayhdistys.fi\/rukajarvikeskus\/wp-json\/wp\/v2\/tags?post=2173"}],"curies":[{"name":"wp","href":"https:\/\/api.w.org\/{rel}","templated":true}]}}