{"id":2181,"date":"2016-04-19T12:47:32","date_gmt":"2016-04-19T09:47:32","guid":{"rendered":"http:\/\/www.rukajarvensuunnanhistoriayhdistys.fi\/rukajarvikeskus\/?p=2181"},"modified":"2016-04-19T12:47:32","modified_gmt":"2016-04-19T09:47:32","slug":"aseellista-toimintaa-rintamalinjojen-takana-pohjois-karjalassa-jatkosodassa-sotahistoriallinen-seminaari-joensuussa-13-5-2016","status":"publish","type":"post","link":"http:\/\/www.rukajarvensuunnanhistoriayhdistys.fi\/rukajarvikeskus\/ajankohtaista\/aseellista-toimintaa-rintamalinjojen-takana-pohjois-karjalassa-jatkosodassa-sotahistoriallinen-seminaari-joensuussa-13-5-2016\/","title":{"rendered":"ASEELLISTA TOIMINTAA RINTAMALINJOJEN TAKANA POHJOIS-KARJALASSA JATKOSODASSA: Sotahistoriallinen seminaari Joensuussa 13.5.2016"},"content":{"rendered":"<div class=\"fcbkbttn_buttons_block\" id=\"fcbkbttn_left\"><div class=\"fcbkbttn_like \"><fb:like href=\"http:\/\/www.rukajarvensuunnanhistoriayhdistys.fi\/rukajarvikeskus\/ajankohtaista\/aseellista-toimintaa-rintamalinjojen-takana-pohjois-karjalassa-jatkosodassa-sotahistoriallinen-seminaari-joensuussa-13-5-2016\/\" action=\"like\" colorscheme=\"light\" layout=\"button_count\"  size=\"small\"><\/fb:like><\/div><\/div><p><strong>ASEELLISTA TOIMINTAA RINTAMALINJOJEN TAKANA POHJOIS-KARJALASSA JATKOSODASSA: <\/strong><em>Sotahistoriallinen seminaari <\/em><\/p>\n<p>Aika: perjantai 13.5.2016, klo 12.00\u201316.30<\/p>\n<p>Paikka: It\u00e4-Suomen yliopiston Joensuun kampus, Sali AU100, Aurora II -rakennus (B-sis\u00e4\u00e4nk\u00e4ynti), Yliopistokatu 2.<br \/>\nJ\u00e4rjest\u00e4j\u00e4t: 21.Prikaatin Perinneyhdistys ry yhteisty\u00f6ss\u00e4 It\u00e4-Suomen yliopiston historia- ja maantieteiden laitoksen kanssa<\/p>\n<p>Jatkosodassa Ilomantsissa taistelleen 21.Prikaatin veteraanit perustivat vuonna 1989 yhdistyksen, jonka nimi on 21.Prikaatin Perinneyhdistys ry. Yhdistyksen tarkoituksena on prikaatin historiallisten perinteiden ja yhteisten muistojen sek\u00e4 maanpuolustushengen vaaliminen. Perinnety\u00f6n keskeisen\u00e4 kohteena ovat olleet Ilomantsin taistelut vuonna 1944 kaikkine siihen liittyvine osa-alueineen.<\/p>\n<figure id=\"attachment_2182\" aria-describedby=\"caption-attachment-2182\" style=\"width: 4961px\" class=\"wp-caption alignnone\"><a href=\"http:\/\/www.rukajarvensuunnanhistoriayhdistys.fi\/rukajarvikeskus\/wp-content\/uploads\/2016\/04\/156544.jpg\" rel=\"attachment wp-att-2182\"><img loading=\"lazy\" decoding=\"async\" class=\"wp-image-2182 size-full\" src=\"http:\/\/www.rukajarvensuunnanhistoriayhdistys.fi\/rukajarvikeskus\/wp-content\/uploads\/2016\/04\/156544.jpg\" alt=\"Tunnettu partisaanitapaus Lieksassa: Ryyn\u00e4sen talo, jossa partisaanit tappoivat em\u00e4nt\u00e4 Eeva Ryyn\u00e4sen ja h\u00e4nen molemmat lapsensa Tuulikin ja Seijan.\" width=\"4961\" height=\"3267\" srcset=\"http:\/\/www.rukajarvensuunnanhistoriayhdistys.fi\/rukajarvikeskus\/wp-content\/uploads\/2016\/04\/156544.jpg 4961w, http:\/\/www.rukajarvensuunnanhistoriayhdistys.fi\/rukajarvikeskus\/wp-content\/uploads\/2016\/04\/156544-300x198.jpg 300w, http:\/\/www.rukajarvensuunnanhistoriayhdistys.fi\/rukajarvikeskus\/wp-content\/uploads\/2016\/04\/156544-768x506.jpg 768w, http:\/\/www.rukajarvensuunnanhistoriayhdistys.fi\/rukajarvikeskus\/wp-content\/uploads\/2016\/04\/156544-1024x674.jpg 1024w\" sizes=\"auto, (max-width: 4961px) 100vw, 4961px\" \/><\/a><figcaption id=\"caption-attachment-2182\" class=\"wp-caption-text\">Tunnettu partisaanitapaus Lieksassa: Ryyn\u00e4sen talo, jossa partisaanit tappoivat em\u00e4nt\u00e4 Eeva Ryyn\u00e4sen ja h\u00e4nen molemmat lapsensa Tuulikin ja Seijan. Pielisj\u00e4rven pit\u00e4j\u00e4n Kuoraj\u00e4rven kyl\u00e4n Sormivaara 2.8.1944. SA-kuva.<\/figcaption><\/figure>\n<p>21.Prikaatin Perinneyhdistyksen n\u00e4kyvimpi\u00e4 toimintamuotoja ovat olleet sotahistorialliset seminaarit. Yhdistys j\u00e4rjesti kes\u00e4kuussa 2012 seminaarin, jonka aiheena oli Talvi- ja jatkosodan operaatioiden johtaminen Ilomantsissa. Vuoden 2014 toukokuussa j\u00e4rjestetyn seminaarin teema oli puolestaan Tykist\u00f6 ja ilmavoimat Ilomantsin taisteluissa kes\u00e4ll\u00e4 1944. Molemmat seminaarit onnistuivat eritt\u00e4in hyvin. Sen vuoksi 21. Prikaatin Perinneyhdistys on p\u00e4\u00e4tt\u00e4nyt j\u00e4rjest\u00e4\u00e4 kolmannen seminaarin perjantaina 13.5.2016 klo 12.00\u201316.30 It\u00e4-Suomen yliopiston Joensuun kampuksen salissa AU100 (Aurora II -rakennuksen B-sis\u00e4\u00e4nk\u00e4ynti, Yliopistokatu 2) yhteistoiminnassa yliopiston historia- ja maantieteiden laitoksen kanssa. Tilaisuus on kaikille avoin ja maksuton. Lounas ja kahvit ovat nautittavissa omakustanteisena viereisess\u00e4 Ravintola Aurassa. Seminaarin pitopaikan l\u00e4heisyydess\u00e4 on runsaasti pys\u00e4k\u00f6intitilaa.<\/p>\n<figure id=\"attachment_2183\" aria-describedby=\"caption-attachment-2183\" style=\"width: 4799px\" class=\"wp-caption alignnone\"><a href=\"http:\/\/www.rukajarvensuunnanhistoriayhdistys.fi\/rukajarvikeskus\/wp-content\/uploads\/2016\/04\/140939.jpg\" rel=\"attachment wp-att-2183\"><img loading=\"lazy\" decoding=\"async\" class=\"wp-image-2183 size-full\" src=\"http:\/\/www.rukajarvensuunnanhistoriayhdistys.fi\/rukajarvikeskus\/wp-content\/uploads\/2016\/04\/140939.jpg\" alt=\"J\u00e4nk\u00e4maiden partisaanisotaa. Sotakoira &quot;&quot;Raisu&quot;&quot; hoitajineen.\" width=\"4799\" height=\"4984\" srcset=\"http:\/\/www.rukajarvensuunnanhistoriayhdistys.fi\/rukajarvikeskus\/wp-content\/uploads\/2016\/04\/140939.jpg 4799w, http:\/\/www.rukajarvensuunnanhistoriayhdistys.fi\/rukajarvikeskus\/wp-content\/uploads\/2016\/04\/140939-289x300.jpg 289w, http:\/\/www.rukajarvensuunnanhistoriayhdistys.fi\/rukajarvikeskus\/wp-content\/uploads\/2016\/04\/140939-768x798.jpg 768w, http:\/\/www.rukajarvensuunnanhistoriayhdistys.fi\/rukajarvikeskus\/wp-content\/uploads\/2016\/04\/140939-986x1024.jpg 986w\" sizes=\"auto, (max-width: 4799px) 100vw, 4799px\" \/><\/a><figcaption id=\"caption-attachment-2183\" class=\"wp-caption-text\">J\u00e4nk\u00e4maiden partisaanisotaa. Sotakoira &#8221;&#8221;Raisu&#8221;&#8221; hoitajineen. Savukoski 13.9.1943, SA Kuva.<\/figcaption><\/figure>\n<p>Seminaarin teemana on t\u00e4ll\u00e4 kertaa Aseellista toimintaa rintamalinjojen takana Pohjois-Karjalassa jatkosodassa. Seminaarin esitelmien painopiste on siviiliv\u00e4est\u00f6n kokemuksissa ja sotatapahtumissa Pohjois-Karjalassa toisen maailmansodan loppuvaiheissa.<\/p>\n<p><strong>Lis\u00e4tietoja<\/strong>:<\/p>\n<p>Pasi Tuunainen (p. 050 523 5514), Pekka Ripatti (p. 040 567 1104), Osmo Suominen (p. 0400 908 314)<\/p>\n<p><strong><em>OHJELMA<\/em><\/strong><\/p>\n<p><em>\u00a0<\/em>Seminaarin avaus\u00a0\u00a0\u00a0\u00a0\u00a0\u00a0\u00a0\u00a0\u00a0\u00a0\u00a0\u00a0\u00a0\u00a0\u00a0\u00a0\u00a0\u00a0\u00a0\u00a0\u00a0\u00a0\u00a0\u00a0\u00a0\u00a0\u00a0\u00a0\u00a0\u00a0\u00a0\u00a0\u00a0\u00a0\u00a0\u00a0\u00a0\u00a0\u00a0\u00a0\u00a0\u00a0\u00a0\u00a0\u00a0\u00a0\u00a0\u00a0\u00a0\u00a0\u00a0\u00a0\u00a0\u00a0\u00a0\u00a0\u00a0\u00a0\u00a0\u00a0\u00a0\u00a0\u00a0\u00a0\u00a0\u00a0\u00a0\u00a0\u00a0\u00a0\u00a0\u00a0\u00a0\u00a0\u00a0\u00a0\u00a0\u00a0\u00a0\u00a0\u00a0\u00a0\u00a0\u00a0\u00a0\u00a0\u00a0\u00a0\u00a0\u00a0\u00a0\u00a0\u00a0\u00a0\u00a0\u00a0\u00a0\u00a0 21.Prikaatin Perinneyhdistyksen puheenjohtaja Osmo Suominen<\/p>\n<p>Neuvostopartisaanien iskut Pielisj\u00e4rvelle ja Ilomantsiin\u00a0\u00a0\u00a0\u00a0\u00a0\u00a0\u00a0\u00a0\u00a0\u00a0\u00a0\u00a0\u00a0\u00a0\u00a0\u00a0\u00a0\u00a0\u00a0\u00a0\u00a0\u00a0\u00a0\u00a0\u00a0\u00a0\u00a0\u00a0\u00a0\u00a0\u00a0\u00a0\u00a0\u00a0\u00a0\u00a0\u00a0\u00a0\u00a0\u00a0\u00a0 Sotahistorioitsija Tauno Oksanen<\/p>\n<p>Punapartisaanien toiminta Pohjois-Karjalassa ven\u00e4l\u00e4isest\u00e4 n\u00e4k\u00f6kulmasta\u00a0\u00a0\u00a0\u00a0\u00a0\u00a0\u00a0\u00a0\u00a0\u00a0\u00a0 Professori Juri Kilin<\/p>\n<p><strong>Kahvitauko<\/strong><\/p>\n<p>Rajaseudun siviiliv\u00e4est\u00f6 sodan py\u00f6rteiss\u00e4 \u00a0\u00a0\u00a0\u00a0\u00a0\u00a0\u00a0\u00a0\u00a0\u00a0\u00a0\u00a0\u00a0\u00a0\u00a0\u00a0\u00a0 Ilomantsin sotahistoriallisen ty\u00f6ryhm\u00e4n puheenjohtaja Aini Peltola<br \/>\nP\u00e4\u00e4majan kaukopartiot jatkosodassa \u00a0\u00a0\u00a0\u00a0\u00a0\u00a0\u00a0\u00a0\u00a0\u00a0\u00a0\u00a0\u00a0\u00a0\u00a0\u00a0\u00a0\u00a0\u00a0\u00a0\u00a0\u00a0\u00a0\u00a0\u00a0 Dosentti Lassi Saressalo<\/p>\n<p>Loppukeskustelu\u00a0\u00a0\u00a0\u00a0\u00a0\u00a0\u00a0\u00a0\u00a0\u00a0\u00a0\u00a0\u00a0\u00a0\u00a0 \u00a0\u00a0\u00a0\u00a0\u00a0\u00a0\u00a0\u00a0\u00a0\u00a0\u00a0\u00a0\u00a0\u00a0\u00a0\u00a0\u00a0\u00a0\u00a0\u00a0\u00a0\u00a0\u00a0\u00a0\u00a0\u00a0\u00a0\u00a0\u00a0\u00a0\u00a0\u00a0\u00a0\u00a0\u00a0\u00a0\u00a0\u00a0\u00a0\u00a0\u00a0\u00a0\u00a0 Eversti Pekka Ripatti<\/p>\n<p>&nbsp;<\/p>\n","protected":false},"excerpt":{"rendered":"<p>ASEELLISTA TOIMINTAA RINTAMALINJOJEN TAKANA POHJOIS-KARJALASSA JATKOSODASSA: Sotahistoriallinen seminaari Aika: perjantai 13.5.2016, klo 12.00\u201316.30 Paikka: It\u00e4-Suomen yliopiston Joensuun kampus, Sali AU100, Aurora II -rakennus (B-sis\u00e4\u00e4nk\u00e4ynti), Yliopistokatu 2. J\u00e4rjest\u00e4j\u00e4t: 21.Prikaatin Perinneyhdistys ry <a class=\"more-link\" href=\"http:\/\/www.rukajarvensuunnanhistoriayhdistys.fi\/rukajarvikeskus\/ajankohtaista\/aseellista-toimintaa-rintamalinjojen-takana-pohjois-karjalassa-jatkosodassa-sotahistoriallinen-seminaari-joensuussa-13-5-2016\/\">Lue lis\u00e4\u00e4&#8230;<span class=\"screen-reader-text\">ASEELLISTA TOIMINTAA RINTAMALINJOJEN TAKANA POHJOIS-KARJALASSA JATKOSODASSA: Sotahistoriallinen seminaari Joensuussa 13.5.2016<\/span><span class=\"meta-nav\">\u2192<\/span><\/a><\/p>\n","protected":false},"author":4,"featured_media":0,"comment_status":"closed","ping_status":"open","sticky":false,"template":"","format":"standard","meta":{"ngg_post_thumbnail":0,"_jetpack_newsletter_access":"","_jetpack_dont_email_post_to_subs":false,"_jetpack_newsletter_tier_id":0,"_jetpack_memberships_contains_paywalled_content":false,"_jetpack_memberships_contains_paid_content":false,"footnotes":""},"categories":[26],"tags":[],"class_list":["post-2181","post","type-post","status-publish","format-standard","hentry","category-ajankohtaista"],"jetpack_featured_media_url":"","jetpack_sharing_enabled":true,"jetpack_shortlink":"https:\/\/wp.me\/p72N2f-zb","_links":{"self":[{"href":"http:\/\/www.rukajarvensuunnanhistoriayhdistys.fi\/rukajarvikeskus\/wp-json\/wp\/v2\/posts\/2181","targetHints":{"allow":["GET"]}}],"collection":[{"href":"http:\/\/www.rukajarvensuunnanhistoriayhdistys.fi\/rukajarvikeskus\/wp-json\/wp\/v2\/posts"}],"about":[{"href":"http:\/\/www.rukajarvensuunnanhistoriayhdistys.fi\/rukajarvikeskus\/wp-json\/wp\/v2\/types\/post"}],"author":[{"embeddable":true,"href":"http:\/\/www.rukajarvensuunnanhistoriayhdistys.fi\/rukajarvikeskus\/wp-json\/wp\/v2\/users\/4"}],"replies":[{"embeddable":true,"href":"http:\/\/www.rukajarvensuunnanhistoriayhdistys.fi\/rukajarvikeskus\/wp-json\/wp\/v2\/comments?post=2181"}],"version-history":[{"count":2,"href":"http:\/\/www.rukajarvensuunnanhistoriayhdistys.fi\/rukajarvikeskus\/wp-json\/wp\/v2\/posts\/2181\/revisions"}],"predecessor-version":[{"id":2185,"href":"http:\/\/www.rukajarvensuunnanhistoriayhdistys.fi\/rukajarvikeskus\/wp-json\/wp\/v2\/posts\/2181\/revisions\/2185"}],"wp:attachment":[{"href":"http:\/\/www.rukajarvensuunnanhistoriayhdistys.fi\/rukajarvikeskus\/wp-json\/wp\/v2\/media?parent=2181"}],"wp:term":[{"taxonomy":"category","embeddable":true,"href":"http:\/\/www.rukajarvensuunnanhistoriayhdistys.fi\/rukajarvikeskus\/wp-json\/wp\/v2\/categories?post=2181"},{"taxonomy":"post_tag","embeddable":true,"href":"http:\/\/www.rukajarvensuunnanhistoriayhdistys.fi\/rukajarvikeskus\/wp-json\/wp\/v2\/tags?post=2181"}],"curies":[{"name":"wp","href":"https:\/\/api.w.org\/{rel}","templated":true}]}}