{"id":2188,"date":"2016-04-26T23:27:27","date_gmt":"2016-04-26T20:27:27","guid":{"rendered":"http:\/\/www.rukajarvensuunnanhistoriayhdistys.fi\/rukajarvikeskus\/?p=2188"},"modified":"2016-04-26T23:29:48","modified_gmt":"2016-04-26T20:29:48","slug":"tietoja-kerataan-uudessa-epooq-tietojarjestelmassa","status":"publish","type":"post","link":"http:\/\/www.rukajarvensuunnanhistoriayhdistys.fi\/rukajarvikeskus\/ajankohtaista\/tietoja-kerataan-uudessa-epooq-tietojarjestelmassa\/","title":{"rendered":"Tietoja ker\u00e4t\u00e4\u00e4n uudessa Epooq-tietoj\u00e4rjestelm\u00e4ss\u00e4"},"content":{"rendered":"<div class=\"fcbkbttn_buttons_block\" id=\"fcbkbttn_left\"><div class=\"fcbkbttn_like \"><fb:like href=\"http:\/\/www.rukajarvensuunnanhistoriayhdistys.fi\/rukajarvikeskus\/ajankohtaista\/tietoja-kerataan-uudessa-epooq-tietojarjestelmassa\/\" action=\"like\" colorscheme=\"light\" layout=\"button_count\"  size=\"small\"><\/fb:like><\/div><\/div><p>Epookki.fi on Rukaj\u00e4rven suunnan historiayhdistyksen j\u00e4senill\u00e4 on k\u00e4yt\u00f6ss\u00e4\u00e4n s\u00e4hk\u00f6inen palvelu, jossa heid\u00e4n k\u00e4ytt\u00f6\u00f6ns\u00e4 jaetaan ker\u00e4tty\u00e4 perinneaineistoa, kuten kuvia, muistelmia, taistelukertomuksia jne. Palvelun k\u00e4ytt\u00f6 edellytt\u00e4\u00e4 yhdistyksen j\u00e4senyytt\u00e4. J\u00e4senet voivat hakea siihen k\u00e4ytt\u00f6oikeuksia, jolloin he p\u00e4\u00e4sev\u00e4t tallentamaan ker\u00e4\u00e4m\u00e4\u00e4ns\u00e4 aineistoa ja katselemaan muiden tallentamia tietoja.<\/p>\n<p><a href=\"http:\/\/www.rukajarvensuunnanhistoriayhdistys.fi\/rukajarvikeskus\/wp-content\/uploads\/2016\/04\/epooq_logo_cmyk-2.jpg\"><img loading=\"lazy\" decoding=\"async\" class=\"alignnone size-large wp-image-2189\" src=\"http:\/\/www.rukajarvensuunnanhistoriayhdistys.fi\/rukajarvikeskus\/wp-content\/uploads\/2016\/04\/epooq_logo_cmyk-2-1024x417.jpg\" alt=\"epooq_logo_cmyk (2)\" width=\"530\" height=\"216\" srcset=\"http:\/\/www.rukajarvensuunnanhistoriayhdistys.fi\/rukajarvikeskus\/wp-content\/uploads\/2016\/04\/epooq_logo_cmyk-2-1024x417.jpg 1024w, http:\/\/www.rukajarvensuunnanhistoriayhdistys.fi\/rukajarvikeskus\/wp-content\/uploads\/2016\/04\/epooq_logo_cmyk-2-300x122.jpg 300w, http:\/\/www.rukajarvensuunnanhistoriayhdistys.fi\/rukajarvikeskus\/wp-content\/uploads\/2016\/04\/epooq_logo_cmyk-2-768x313.jpg 768w, http:\/\/www.rukajarvensuunnanhistoriayhdistys.fi\/rukajarvikeskus\/wp-content\/uploads\/2016\/04\/epooq_logo_cmyk-2-980x400.jpg 980w, http:\/\/www.rukajarvensuunnanhistoriayhdistys.fi\/rukajarvikeskus\/wp-content\/uploads\/2016\/04\/epooq_logo_cmyk-2.jpg 1999w\" sizes=\"auto, (max-width: 530px) 100vw, 530px\" \/><\/a><\/p>\n<p>K\u00e4yk\u00e4\u00e4p\u00e4 tutustumassa uuteen j\u00e4rjestelm\u00e4\u00e4n <a href=\"http:\/\/www.rukajarvensuunnanhistoriayhdistys.fi\/historiayhdistys\/epookki-fi\/\">T\u00c4\u00c4LT\u00c4<\/a>.<\/p>\n","protected":false},"excerpt":{"rendered":"<p>Epookki.fi on Rukaj\u00e4rven suunnan historiayhdistyksen j\u00e4senill\u00e4 on k\u00e4yt\u00f6ss\u00e4\u00e4n s\u00e4hk\u00f6inen palvelu, jossa heid\u00e4n k\u00e4ytt\u00f6\u00f6ns\u00e4 jaetaan ker\u00e4tty\u00e4 perinneaineistoa, kuten kuvia, muistelmia, taistelukertomuksia jne. Palvelun k\u00e4ytt\u00f6 edellytt\u00e4\u00e4 yhdistyksen j\u00e4senyytt\u00e4. J\u00e4senet voivat hakea siihen <a class=\"more-link\" href=\"http:\/\/www.rukajarvensuunnanhistoriayhdistys.fi\/rukajarvikeskus\/ajankohtaista\/tietoja-kerataan-uudessa-epooq-tietojarjestelmassa\/\">Lue lis\u00e4\u00e4&#8230;<span class=\"screen-reader-text\">Tietoja ker\u00e4t\u00e4\u00e4n uudessa Epooq-tietoj\u00e4rjestelm\u00e4ss\u00e4<\/span><span class=\"meta-nav\">\u2192<\/span><\/a><\/p>\n","protected":false},"author":4,"featured_media":2189,"comment_status":"closed","ping_status":"open","sticky":false,"template":"","format":"standard","meta":{"ngg_post_thumbnail":0,"_jetpack_newsletter_access":"","_jetpack_dont_email_post_to_subs":false,"_jetpack_newsletter_tier_id":0,"_jetpack_memberships_contains_paywalled_content":false,"_jetpack_memberships_contains_paid_content":false,"footnotes":""},"categories":[26],"tags":[],"class_list":["post-2188","post","type-post","status-publish","format-standard","has-post-thumbnail","hentry","category-ajankohtaista"],"jetpack_featured_media_url":"http:\/\/www.rukajarvensuunnanhistoriayhdistys.fi\/rukajarvikeskus\/wp-content\/uploads\/2016\/04\/epooq_logo_cmyk-2.jpg","jetpack_sharing_enabled":true,"jetpack_shortlink":"https:\/\/wp.me\/p72N2f-zi","_links":{"self":[{"href":"http:\/\/www.rukajarvensuunnanhistoriayhdistys.fi\/rukajarvikeskus\/wp-json\/wp\/v2\/posts\/2188","targetHints":{"allow":["GET"]}}],"collection":[{"href":"http:\/\/www.rukajarvensuunnanhistoriayhdistys.fi\/rukajarvikeskus\/wp-json\/wp\/v2\/posts"}],"about":[{"href":"http:\/\/www.rukajarvensuunnanhistoriayhdistys.fi\/rukajarvikeskus\/wp-json\/wp\/v2\/types\/post"}],"author":[{"embeddable":true,"href":"http:\/\/www.rukajarvensuunnanhistoriayhdistys.fi\/rukajarvikeskus\/wp-json\/wp\/v2\/users\/4"}],"replies":[{"embeddable":true,"href":"http:\/\/www.rukajarvensuunnanhistoriayhdistys.fi\/rukajarvikeskus\/wp-json\/wp\/v2\/comments?post=2188"}],"version-history":[{"count":2,"href":"http:\/\/www.rukajarvensuunnanhistoriayhdistys.fi\/rukajarvikeskus\/wp-json\/wp\/v2\/posts\/2188\/revisions"}],"predecessor-version":[{"id":2191,"href":"http:\/\/www.rukajarvensuunnanhistoriayhdistys.fi\/rukajarvikeskus\/wp-json\/wp\/v2\/posts\/2188\/revisions\/2191"}],"wp:featuredmedia":[{"embeddable":true,"href":"http:\/\/www.rukajarvensuunnanhistoriayhdistys.fi\/rukajarvikeskus\/wp-json\/wp\/v2\/media\/2189"}],"wp:attachment":[{"href":"http:\/\/www.rukajarvensuunnanhistoriayhdistys.fi\/rukajarvikeskus\/wp-json\/wp\/v2\/media?parent=2188"}],"wp:term":[{"taxonomy":"category","embeddable":true,"href":"http:\/\/www.rukajarvensuunnanhistoriayhdistys.fi\/rukajarvikeskus\/wp-json\/wp\/v2\/categories?post=2188"},{"taxonomy":"post_tag","embeddable":true,"href":"http:\/\/www.rukajarvensuunnanhistoriayhdistys.fi\/rukajarvikeskus\/wp-json\/wp\/v2\/tags?post=2188"}],"curies":[{"name":"wp","href":"https:\/\/api.w.org\/{rel}","templated":true}]}}