{"id":2204,"date":"2016-05-16T19:19:40","date_gmt":"2016-05-16T16:19:40","guid":{"rendered":"http:\/\/www.rukajarvensuunnanhistoriayhdistys.fi\/rukajarvikeskus\/?p=2204"},"modified":"2016-05-16T19:20:30","modified_gmt":"2016-05-16T16:20:30","slug":"lahja-sarkkiselta-kirja-talvi-ja-jatkosodan-ajasta","status":"publish","type":"post","link":"http:\/\/www.rukajarvensuunnanhistoriayhdistys.fi\/rukajarvikeskus\/ajankohtaista\/lahja-sarkkiselta-kirja-talvi-ja-jatkosodan-ajasta\/","title":{"rendered":"Lahja Sarkkiselta kirja talvi- ja jatkosodan ajasta:"},"content":{"rendered":"<div class=\"fcbkbttn_buttons_block\" id=\"fcbkbttn_left\"><div class=\"fcbkbttn_like \"><fb:like href=\"http:\/\/www.rukajarvensuunnanhistoriayhdistys.fi\/rukajarvikeskus\/ajankohtaista\/lahja-sarkkiselta-kirja-talvi-ja-jatkosodan-ajasta\/\" action=\"like\" colorscheme=\"light\" layout=\"button_count\"  size=\"small\"><\/fb:like><\/div><\/div><p><strong>Lahja Sarkkinen: Is\u00e4ni sota, rauha ja rakkaat<\/strong><\/p>\n<p>Lahja Sarkkinen on tehnyt kirjan, joka sis\u00e4lt\u00e4\u00e4 is\u00e4n Oiva Sarkkisen talvisodan ja jatkosodan kirjeet, jatkosodan p\u00e4iv\u00e4kirjan, puolison talvisodan aikaisen evakkotien, v\u00e4lirauhan onnen, jatkosodan selviytymisen kahden lapsen kanssa rajan tuntumassa, suvun kokemuksia ja lasten muistoja ja rauhan merkityksen.<\/p>\n<p>Oiva Sarkkinen palveli puhelinmiehen\u00e4 talvisodan aikana JR36:ssa Laatokan Karjalassa ja jatkosodan aikana JR52:ssa Rukaj\u00e4rven suunnalla, matkalla Rukaj\u00e4rvelle KRH- komppaniassa, asemasodan aikana viestikomppania 30:ssa, puoli vuotta Erillinen pataljoona 24:ss\u00e4 Vilkoj\u00e4rven ja Ontaj\u00e4rven suunnalla ja sielt\u00e4 Ilomantsin taistelussa Klyyssinvaarassa, rauhan tullessa Lietmaj\u00e4rvell\u00e4.<\/p>\n<figure id=\"attachment_2206\" aria-describedby=\"caption-attachment-2206\" style=\"width: 2592px\" class=\"wp-caption alignnone\"><a href=\"http:\/\/www.rukajarvensuunnanhistoriayhdistys.fi\/rukajarvikeskus\/wp-content\/uploads\/2016\/05\/IMG_3254-2.jpg\"><img loading=\"lazy\" decoding=\"async\" class=\"wp-image-2206 size-full\" src=\"http:\/\/www.rukajarvensuunnanhistoriayhdistys.fi\/rukajarvikeskus\/wp-content\/uploads\/2016\/05\/IMG_3254-2.jpg\" alt=\"Kirjailija Lahja Sarkkinen\" width=\"2592\" height=\"3888\" srcset=\"http:\/\/www.rukajarvensuunnanhistoriayhdistys.fi\/rukajarvikeskus\/wp-content\/uploads\/2016\/05\/IMG_3254-2.jpg 2592w, http:\/\/www.rukajarvensuunnanhistoriayhdistys.fi\/rukajarvikeskus\/wp-content\/uploads\/2016\/05\/IMG_3254-2-200x300.jpg 200w, http:\/\/www.rukajarvensuunnanhistoriayhdistys.fi\/rukajarvikeskus\/wp-content\/uploads\/2016\/05\/IMG_3254-2-768x1152.jpg 768w, http:\/\/www.rukajarvensuunnanhistoriayhdistys.fi\/rukajarvikeskus\/wp-content\/uploads\/2016\/05\/IMG_3254-2-683x1024.jpg 683w\" sizes=\"auto, (max-width: 2592px) 100vw, 2592px\" \/><\/a><figcaption id=\"caption-attachment-2206\" class=\"wp-caption-text\">Kirjailija Lahja Sarkkinen<\/figcaption><\/figure>\n<p>Teemana on yhteyden, huolenpidon ja rakkauden merkitys voimavarana. Niin l\u00e4heisten ihmisten kuin Jumalan rakkaus ja niiden muistaminen olivat keskeiset voimanl\u00e4hteet.<\/p>\n<p>Kirja on yhden perheellisen sotilaan ja h\u00e4nen l\u00e4heistens\u00e4 selviytymiskertomus. Lahja oli kolmivuotias rauhan tullessa. Talvisodan aikana syntynyt veli Armas oli silloin nelj\u00e4 ja puolivuotias.<\/p>\n<p>Kirja on tehty kunnianosoitukseksi niin siell\u00e4 jossakin taistelleille kuin kotiv\u00e4elle. My\u00f6s heid\u00e4t on huomioitu, jotka eiv\u00e4t koskaan palanneet. Kirjassa on kahdeksan kuvasivua.<\/p>\n<p><a href=\"http:\/\/www.rukajarvensuunnanhistoriayhdistys.fi\/rukajarvikeskus\/wp-content\/uploads\/2016\/05\/kirjeita_kansikuva2-2.jpg\"><img loading=\"lazy\" decoding=\"async\" class=\"alignnone wp-image-2205 size-full\" src=\"http:\/\/www.rukajarvensuunnanhistoriayhdistys.fi\/rukajarvikeskus\/wp-content\/uploads\/2016\/05\/kirjeita_kansikuva2-2.jpg\" alt=\"kirjeita_kansikuva2 (2)\" width=\"1500\" height=\"2087\" srcset=\"http:\/\/www.rukajarvensuunnanhistoriayhdistys.fi\/rukajarvikeskus\/wp-content\/uploads\/2016\/05\/kirjeita_kansikuva2-2.jpg 1500w, http:\/\/www.rukajarvensuunnanhistoriayhdistys.fi\/rukajarvikeskus\/wp-content\/uploads\/2016\/05\/kirjeita_kansikuva2-2-216x300.jpg 216w, http:\/\/www.rukajarvensuunnanhistoriayhdistys.fi\/rukajarvikeskus\/wp-content\/uploads\/2016\/05\/kirjeita_kansikuva2-2-768x1069.jpg 768w, http:\/\/www.rukajarvensuunnanhistoriayhdistys.fi\/rukajarvikeskus\/wp-content\/uploads\/2016\/05\/kirjeita_kansikuva2-2-736x1024.jpg 736w\" sizes=\"auto, (max-width: 1500px) 100vw, 1500px\" \/><\/a><\/p>\n<p>Kirjaa saa tilata kustantajalta: Kustannushai.fi 35 \u20ac.<\/p>\n<p>Samoin kirjaa saa tilata kirjoittajalta: lahja.sarkkinen@hotmail.com tai puhelimitse: 0505372357<\/p>\n<p>hinta kirjoittajalta 25 \u20ac+postikulut. Tilaisuuksissa 25 euroa. Pyydett\u00e4ess\u00e4 kirjoittajan nimikirjoitus.<\/p>\n<p>Kirjoittajaa saa my\u00f6s kutsua tilaisuuksiin kertomaan kirjasta ja sen aiheista.<\/p>\n","protected":false},"excerpt":{"rendered":"<p>Lahja Sarkkinen: Is\u00e4ni sota, rauha ja rakkaat Lahja Sarkkinen on tehnyt kirjan, joka sis\u00e4lt\u00e4\u00e4 is\u00e4n Oiva Sarkkisen talvisodan ja jatkosodan kirjeet, jatkosodan p\u00e4iv\u00e4kirjan, puolison talvisodan aikaisen evakkotien, v\u00e4lirauhan onnen, jatkosodan <a class=\"more-link\" href=\"http:\/\/www.rukajarvensuunnanhistoriayhdistys.fi\/rukajarvikeskus\/ajankohtaista\/lahja-sarkkiselta-kirja-talvi-ja-jatkosodan-ajasta\/\">Lue lis\u00e4\u00e4&#8230;<span class=\"screen-reader-text\">Lahja Sarkkiselta kirja talvi- ja jatkosodan ajasta:<\/span><span class=\"meta-nav\">\u2192<\/span><\/a><\/p>\n","protected":false},"author":4,"featured_media":2206,"comment_status":"closed","ping_status":"open","sticky":false,"template":"","format":"standard","meta":{"ngg_post_thumbnail":0,"_jetpack_newsletter_access":"","_jetpack_dont_email_post_to_subs":false,"_jetpack_newsletter_tier_id":0,"_jetpack_memberships_contains_paywalled_content":false,"_jetpack_memberships_contains_paid_content":false,"footnotes":""},"categories":[26],"tags":[],"class_list":["post-2204","post","type-post","status-publish","format-standard","has-post-thumbnail","hentry","category-ajankohtaista"],"jetpack_featured_media_url":"http:\/\/www.rukajarvensuunnanhistoriayhdistys.fi\/rukajarvikeskus\/wp-content\/uploads\/2016\/05\/IMG_3254-2.jpg","jetpack_sharing_enabled":true,"jetpack_shortlink":"https:\/\/wp.me\/p72N2f-zy","_links":{"self":[{"href":"http:\/\/www.rukajarvensuunnanhistoriayhdistys.fi\/rukajarvikeskus\/wp-json\/wp\/v2\/posts\/2204","targetHints":{"allow":["GET"]}}],"collection":[{"href":"http:\/\/www.rukajarvensuunnanhistoriayhdistys.fi\/rukajarvikeskus\/wp-json\/wp\/v2\/posts"}],"about":[{"href":"http:\/\/www.rukajarvensuunnanhistoriayhdistys.fi\/rukajarvikeskus\/wp-json\/wp\/v2\/types\/post"}],"author":[{"embeddable":true,"href":"http:\/\/www.rukajarvensuunnanhistoriayhdistys.fi\/rukajarvikeskus\/wp-json\/wp\/v2\/users\/4"}],"replies":[{"embeddable":true,"href":"http:\/\/www.rukajarvensuunnanhistoriayhdistys.fi\/rukajarvikeskus\/wp-json\/wp\/v2\/comments?post=2204"}],"version-history":[{"count":1,"href":"http:\/\/www.rukajarvensuunnanhistoriayhdistys.fi\/rukajarvikeskus\/wp-json\/wp\/v2\/posts\/2204\/revisions"}],"predecessor-version":[{"id":2207,"href":"http:\/\/www.rukajarvensuunnanhistoriayhdistys.fi\/rukajarvikeskus\/wp-json\/wp\/v2\/posts\/2204\/revisions\/2207"}],"wp:featuredmedia":[{"embeddable":true,"href":"http:\/\/www.rukajarvensuunnanhistoriayhdistys.fi\/rukajarvikeskus\/wp-json\/wp\/v2\/media\/2206"}],"wp:attachment":[{"href":"http:\/\/www.rukajarvensuunnanhistoriayhdistys.fi\/rukajarvikeskus\/wp-json\/wp\/v2\/media?parent=2204"}],"wp:term":[{"taxonomy":"category","embeddable":true,"href":"http:\/\/www.rukajarvensuunnanhistoriayhdistys.fi\/rukajarvikeskus\/wp-json\/wp\/v2\/categories?post=2204"},{"taxonomy":"post_tag","embeddable":true,"href":"http:\/\/www.rukajarvensuunnanhistoriayhdistys.fi\/rukajarvikeskus\/wp-json\/wp\/v2\/tags?post=2204"}],"curies":[{"name":"wp","href":"https:\/\/api.w.org\/{rel}","templated":true}]}}