{"id":2230,"date":"2016-06-21T08:20:26","date_gmt":"2016-06-21T05:20:26","guid":{"rendered":"http:\/\/www.rukajarvensuunnanhistoriayhdistys.fi\/rukajarvikeskus\/?p=2230"},"modified":"2016-09-01T11:10:51","modified_gmt":"2016-09-01T08:10:51","slug":"matka-mannerheimin-jaljille","status":"publish","type":"post","link":"http:\/\/www.rukajarvensuunnanhistoriayhdistys.fi\/rukajarvikeskus\/ajankohtaista\/matka-mannerheimin-jaljille\/","title":{"rendered":"Matka Mannerheimin j\u00e4ljille"},"content":{"rendered":"<div class=\"fcbkbttn_buttons_block\" id=\"fcbkbttn_left\"><div class=\"fcbkbttn_like \"><fb:like href=\"http:\/\/www.rukajarvensuunnanhistoriayhdistys.fi\/rukajarvikeskus\/ajankohtaista\/matka-mannerheimin-jaljille\/\" action=\"like\" colorscheme=\"light\" layout=\"button_count\"  size=\"small\"><\/fb:like><\/div><\/div><p>Kuvakertomus matkasta Rukaj\u00e4rvelle, joka tehtiin Suomen Marsalkka Mannerheimin Maja ry:n perinnetoimikunnan puheenjohtaja Matti Ahtiaisen johdolla Marskin Majan alkuper\u00e4iselle paikalle Repolan Lieksaj\u00e4rvelle.<\/p>\n<p>Rukaj\u00e4rven rintama lahjoitti ylip\u00e4\u00e4llik\u00f6lleen Marskin Majan, jonka rakentamiseen osallistui 60 ammattikirvesmiest\u00e4, yksi jokaisesta Rukaj\u00e4rven suunnan yksik\u00f6st\u00e4, my\u00f6s lotat osallistuivat ja sisustivat majan.<\/p>\n<p>Mannerheim vieraili Repolan Lieksaj\u00e4rven Salkoniemeen ( Marsalkanniemi ) pystytetyll\u00e4 majalla 9.-11.9.1942, jolloin h\u00e4n otti majan vastaan.<\/p>\n<p>Matka (17.6. &#8211; 19.6.2016) tehtiin henkil\u00f6autoilla Vartiuksen raja-asemalta Kostamukseen, josta matka jatkui Lietmaj\u00e4rven ja Ontrosenvaaran kautta Rukaj\u00e4rven tiet\u00e4 pitkin Repolaan ja sielt\u00e4 Marskin Majalle. Siin\u00e4 sivussa tutustuttiin my\u00f6s moniin Rukaj\u00e4rven suunnan taistelupaikkoihin.<\/p>\n<p>T\u00e4m\u00e4 lyhyt matkakertomus kertoo perinnematkasta valokuvin ja antaa tietoa matkailijoille teitten kunnosta mm. tulevan kes\u00e4n matkojen suunnittelua varten.<\/p>\n<figure id=\"attachment_2225\" aria-describedby=\"caption-attachment-2225\" style=\"width: 2298px\" class=\"wp-caption alignnone\"><a href=\"http:\/\/www.rukajarvensuunnanhistoriayhdistys.fi\/rukajarvikeskus\/wp-content\/uploads\/2016\/06\/MB-1-Sven-Gr\u00f6nvall-Marskin-Maja-1943.jpg\"><img loading=\"lazy\" decoding=\"async\" class=\"wp-image-2225 size-full\" src=\"http:\/\/www.rukajarvensuunnanhistoriayhdistys.fi\/rukajarvikeskus\/wp-content\/uploads\/2016\/06\/MB-1-Sven-Gr\u00f6nvall-Marskin-Maja-1943.jpg\" alt=\"Marskin Maja alkuper\u00e4isell\u00e4 paikallaan Repolan Lieksaj\u00e4rven rannalla Marsalkanniemess\u00e4. Sven Gr\u00f6nholmin maalaus.\" width=\"2298\" height=\"1602\" srcset=\"http:\/\/www.rukajarvensuunnanhistoriayhdistys.fi\/rukajarvikeskus\/wp-content\/uploads\/2016\/06\/MB-1-Sven-Gr\u00f6nvall-Marskin-Maja-1943.jpg 2298w, http:\/\/www.rukajarvensuunnanhistoriayhdistys.fi\/rukajarvikeskus\/wp-content\/uploads\/2016\/06\/MB-1-Sven-Gr\u00f6nvall-Marskin-Maja-1943-300x209.jpg 300w, http:\/\/www.rukajarvensuunnanhistoriayhdistys.fi\/rukajarvikeskus\/wp-content\/uploads\/2016\/06\/MB-1-Sven-Gr\u00f6nvall-Marskin-Maja-1943-768x535.jpg 768w, http:\/\/www.rukajarvensuunnanhistoriayhdistys.fi\/rukajarvikeskus\/wp-content\/uploads\/2016\/06\/MB-1-Sven-Gr\u00f6nvall-Marskin-Maja-1943-1024x714.jpg 1024w\" sizes=\"auto, (max-width: 2298px) 100vw, 2298px\" \/><\/a><figcaption id=\"caption-attachment-2225\" class=\"wp-caption-text\">Marskin Maja alkuper\u00e4isell\u00e4 paikallaan Repolan Lieksaj\u00e4rven rannalla Marsalkanniemess\u00e4. Sven Gr\u00f6nholmin maalaus.<\/figcaption><\/figure>\n<p>Alkuper\u00e4isen matkakertomuksen voi lukea kokonaisuudessaan <a href=\"http:\/\/www.rukajarvensuunnanhistoriayhdistys.fi\/rukajarvikeskus\/wp-content\/uploads\/2016\/06\/Matka-Mannerheimin-j\u00e4ljille-2.pdf\">T\u00c4\u00c4LT\u00c4<\/a>.<\/p>\n","protected":false},"excerpt":{"rendered":"<p>Kuvakertomus matkasta Rukaj\u00e4rvelle, joka tehtiin Suomen Marsalkka Mannerheimin Maja ry:n perinnetoimikunnan puheenjohtaja Matti Ahtiaisen johdolla Marskin Majan alkuper\u00e4iselle paikalle Repolan Lieksaj\u00e4rvelle. Rukaj\u00e4rven rintama lahjoitti ylip\u00e4\u00e4llik\u00f6lleen Marskin Majan, jonka rakentamiseen osallistui <a class=\"more-link\" href=\"http:\/\/www.rukajarvensuunnanhistoriayhdistys.fi\/rukajarvikeskus\/ajankohtaista\/matka-mannerheimin-jaljille\/\">Lue lis\u00e4\u00e4&#8230;<span class=\"screen-reader-text\">Matka Mannerheimin j\u00e4ljille<\/span><span class=\"meta-nav\">\u2192<\/span><\/a><\/p>\n","protected":false},"author":4,"featured_media":2225,"comment_status":"closed","ping_status":"open","sticky":false,"template":"","format":"standard","meta":{"ngg_post_thumbnail":0,"_jetpack_newsletter_access":"","_jetpack_dont_email_post_to_subs":false,"_jetpack_newsletter_tier_id":0,"_jetpack_memberships_contains_paywalled_content":false,"_jetpack_memberships_contains_paid_content":false,"footnotes":""},"categories":[26],"tags":[],"class_list":["post-2230","post","type-post","status-publish","format-standard","has-post-thumbnail","hentry","category-ajankohtaista"],"jetpack_featured_media_url":"http:\/\/www.rukajarvensuunnanhistoriayhdistys.fi\/rukajarvikeskus\/wp-content\/uploads\/2016\/06\/MB-1-Sven-Gr\u00f6nvall-Marskin-Maja-1943.jpg","jetpack_sharing_enabled":true,"jetpack_shortlink":"https:\/\/wp.me\/p72N2f-zY","_links":{"self":[{"href":"http:\/\/www.rukajarvensuunnanhistoriayhdistys.fi\/rukajarvikeskus\/wp-json\/wp\/v2\/posts\/2230","targetHints":{"allow":["GET"]}}],"collection":[{"href":"http:\/\/www.rukajarvensuunnanhistoriayhdistys.fi\/rukajarvikeskus\/wp-json\/wp\/v2\/posts"}],"about":[{"href":"http:\/\/www.rukajarvensuunnanhistoriayhdistys.fi\/rukajarvikeskus\/wp-json\/wp\/v2\/types\/post"}],"author":[{"embeddable":true,"href":"http:\/\/www.rukajarvensuunnanhistoriayhdistys.fi\/rukajarvikeskus\/wp-json\/wp\/v2\/users\/4"}],"replies":[{"embeddable":true,"href":"http:\/\/www.rukajarvensuunnanhistoriayhdistys.fi\/rukajarvikeskus\/wp-json\/wp\/v2\/comments?post=2230"}],"version-history":[{"count":3,"href":"http:\/\/www.rukajarvensuunnanhistoriayhdistys.fi\/rukajarvikeskus\/wp-json\/wp\/v2\/posts\/2230\/revisions"}],"predecessor-version":[{"id":2338,"href":"http:\/\/www.rukajarvensuunnanhistoriayhdistys.fi\/rukajarvikeskus\/wp-json\/wp\/v2\/posts\/2230\/revisions\/2338"}],"wp:featuredmedia":[{"embeddable":true,"href":"http:\/\/www.rukajarvensuunnanhistoriayhdistys.fi\/rukajarvikeskus\/wp-json\/wp\/v2\/media\/2225"}],"wp:attachment":[{"href":"http:\/\/www.rukajarvensuunnanhistoriayhdistys.fi\/rukajarvikeskus\/wp-json\/wp\/v2\/media?parent=2230"}],"wp:term":[{"taxonomy":"category","embeddable":true,"href":"http:\/\/www.rukajarvensuunnanhistoriayhdistys.fi\/rukajarvikeskus\/wp-json\/wp\/v2\/categories?post=2230"},{"taxonomy":"post_tag","embeddable":true,"href":"http:\/\/www.rukajarvensuunnanhistoriayhdistys.fi\/rukajarvikeskus\/wp-json\/wp\/v2\/tags?post=2230"}],"curies":[{"name":"wp","href":"https:\/\/api.w.org\/{rel}","templated":true}]}}