{"id":2233,"date":"2016-06-25T22:37:59","date_gmt":"2016-06-25T19:37:59","guid":{"rendered":"http:\/\/www.rukajarvensuunnanhistoriayhdistys.fi\/rukajarvikeskus\/?p=2233"},"modified":"2016-06-25T22:37:59","modified_gmt":"2016-06-25T19:37:59","slug":"rukajarven-tien-nayttelyt-kiinnostavat-ja-nayttelyt-taydentyvat","status":"publish","type":"post","link":"http:\/\/www.rukajarvensuunnanhistoriayhdistys.fi\/rukajarvikeskus\/ajankohtaista\/rukajarven-tien-nayttelyt-kiinnostavat-ja-nayttelyt-taydentyvat\/","title":{"rendered":"Rukaj\u00e4rven tien n\u00e4yttelyt kiinnostavat ja n\u00e4yttelyt t\u00e4ydentyv\u00e4t"},"content":{"rendered":"<div class=\"fcbkbttn_buttons_block\" id=\"fcbkbttn_left\"><div class=\"fcbkbttn_like \"><fb:like href=\"http:\/\/www.rukajarvensuunnanhistoriayhdistys.fi\/rukajarvikeskus\/ajankohtaista\/rukajarven-tien-nayttelyt-kiinnostavat-ja-nayttelyt-taydentyvat\/\" action=\"like\" colorscheme=\"light\" layout=\"button_count\"  size=\"small\"><\/fb:like><\/div><\/div><p><strong><strong>Rukaj\u00e4rven tien kohteista kantautuu my\u00f6nteist\u00e4 tietoa. Meille on kerrottu, ett\u00e4 koskaan aikaisemmin ei ole matkailijoita ollut Rukaj\u00e4rven tien kohteissa yht\u00e4 paljon kuin t\u00e4m\u00e4n kev\u00e4\u00e4n aikana. Tavoitteemme toteutuvat pikkuhiljaa.<\/strong><\/strong><\/p>\n<figure id=\"attachment_1905\" aria-describedby=\"caption-attachment-1905\" style=\"width: 4412px\" class=\"wp-caption alignnone\"><a href=\"http:\/\/www.rukajarvensuunnanhistoriayhdistys.fi\/rukajarvikeskus\/wp-content\/uploads\/2015\/06\/DSC00959-Jukolan-motti.jpg\"><img loading=\"lazy\" decoding=\"async\" class=\"wp-image-1905 size-full\" src=\"http:\/\/www.rukajarvensuunnanhistoriayhdistys.fi\/rukajarvikeskus\/wp-content\/uploads\/2015\/06\/DSC00959-Jukolan-motti.jpg\" alt=\"\u2014 Jukolan motti \u2013 pirtti valmis\" width=\"4412\" height=\"2868\" srcset=\"http:\/\/www.rukajarvensuunnanhistoriayhdistys.fi\/rukajarvikeskus\/wp-content\/uploads\/2015\/06\/DSC00959-Jukolan-motti.jpg 4412w, http:\/\/www.rukajarvensuunnanhistoriayhdistys.fi\/rukajarvikeskus\/wp-content\/uploads\/2015\/06\/DSC00959-Jukolan-motti-300x195.jpg 300w, http:\/\/www.rukajarvensuunnanhistoriayhdistys.fi\/rukajarvikeskus\/wp-content\/uploads\/2015\/06\/DSC00959-Jukolan-motti-1024x666.jpg 1024w\" sizes=\"auto, (max-width: 4412px) 100vw, 4412px\" \/><\/a><figcaption id=\"caption-attachment-1905\" class=\"wp-caption-text\">Yhdistyksemme vuoden 2014 lopulla rakentama Jukolan motti -pirtti on yksi Rukaj\u00e4rven tien kiintoisista tutustumiskohteista n\u00e4yttelyineen.<\/figcaption><\/figure>\n<p>My\u00f6s Rukaj\u00e4rven tien alkup\u00e4\u00e4st\u00e4 kuuluu hyvi\u00e4 uutisia. Rukaj\u00e4rven tie alkaa Lieksan rautatieasemalta. Yhdistyksen pitk\u00e4aikainen unelma &#8211; oma tupa &#8211; on nyt tosiasia. Yhdistys omistaa Lieksassa kiinteist\u00f6n. johon Lieksan Rukaj\u00e4rvi-keskuksen toiminta v\u00e4hitellen siirtyy.<\/p>\n<p>Rukaj\u00e4rven suunnan historiayhdistys ry on hankkinut 30.5.2016 Lieksan rautatieasemalta kiinteist\u00f6n omistukseensa. Uudessa kiinteist\u00f6ss\u00e4 on n. 300 m<sup>2<\/sup>:n n\u00e4yttelytilat ja lis\u00e4ksi yhdistyksen arkistoa varten n. 70 m<sup>2<\/sup>:n tilat. Kiinteist\u00f6n yhteinen kerrosala on 373 k-m2. Kiinteist\u00f6\u00f6n kuuluvan tontin pinta-ala on yhteens\u00e4 n. 3.678 m<sup>2 <\/sup>k\u00e4sitt\u00e4en koko aseman piha-alueen. Lieksan Rukaj\u00e4rvi-keskus muuttaa v\u00e4hitellen n\u00e4ihin uusiin yhdistyksen omistamiin tiloihin. Kiinteist\u00f6n lainhuuto ja rakennusluvat on saatu. Sopimukset toiminnan yll\u00e4pit\u00e4misest\u00e4 on tehty Lieksan Tukipister ry:n, Monola-seura ry:n ja Jongunjoen kyl\u00e4seura ry:n kanssa. Toiminta uusissa tiloissa voi alkaa. N\u00e4yttelyn avajaiset ovat 27.6.2016 klo 10.00.<\/p>\n<p><strong><strong>Nyt avattavat n\u00e4yttelyt koostuvat nelj\u00e4st\u00e4 osasta. <\/strong><\/strong><\/p>\n<p>1) Rautatiet sodan huoltoteht\u00e4viss\u00e4 sek\u00e4, 2) Rukaj\u00e4rven rintaman taidetta Jatkosodan ajalta, 3) Mannerheim ja rautatiet sek\u00e4 4) Sibelius, Monolan aitta ja Monola &#8211; hanke (Vaara-Karjalan Leader ry)<br \/>\n<strong><strong>Iisalmen Rukaj\u00e4rvi-keskus<\/strong><\/strong> jatkaa toimintaansa entiseen tapaan. Timitran Linnan n\u00e4yttely on avoinna viel\u00e4 tulevan kes\u00e4n. Toiminta Timitran Linnasta siirtyy Lieksan rautatieaseman tiloihin. Tulevana kes\u00e4n\u00e4 perinneaineistoa otetaan vastaan Iisalmen Rukaj\u00e4rvi-keskuksen lis\u00e4ksi Lieksan rautatieasemalla sijaitsevissa yhdistyksen omissa tiloissa.<\/p>\n<p>Lieksan aseman Rukaj\u00e4rvi-keskuksen uusissa tiloissa on reilun 500 niteen kirjasto.<\/p>\n<p><strong><strong>Rukaj\u00e4rven tien n\u00e4yttelyt: <\/strong><\/strong><\/p>\n<p>Yhdistyksell\u00e4 on lis\u00e4ksi Lieksan Nurmij\u00e4rvell\u00e4 Seuralan tiloissa Rukaj\u00e4rven tie-n\u00e4yttely sek\u00e4 pienimuotoinen n\u00e4yttely Jukolan motti -pirtin tiloissa. Em. n\u00e4yttelyitten opastuksesta huolehtii paikallinen Jongunjoen kyl\u00e4seura ry.<\/p>\n<p>Lieksan Tukipiste ry. huolehtii Lieksan aseman n\u00e4yttelytilan avoimena pit\u00e4misest\u00e4. Uuden Rukaj\u00e4rvi-keskuksen opastuksesta huolehtii Lieksan Matkailuoppaat ry. N\u00e4yttely\u00e4 pyrit\u00e4\u00e4n pit\u00e4m\u00e4\u00e4n avoimena my\u00f6s yhdistyksen j\u00e4senten toimesta talkoovoimin mm. viikonloppuisin ja Lieksan Vaskiviikkojen aikana. Uusi n\u00e4yttelytila on avoimena tilauksesta.<\/p>\n<p>Yhdistyksemme n\u00e4yttelyiss\u00e4 on esill\u00e4 n. 600 valokuvaa, suuri m\u00e4\u00e4r\u00e4 opastauluja sek\u00e4 puhdety\u00f6esineit\u00e4.<\/p>\n<p>Rukaj\u00e4rvi-keskusten vuoden 2017 n\u00e4yttelyt uusitaan kokonaan. Lieksan rautatieaseman p\u00e4\u00e4n\u00e4yttely tulee k\u00e4sitt\u00e4m\u00e4\u00e4n sodanajan viestitoimintaa. N\u00e4yttely keskittyy Rukaj\u00e4rvell\u00e4 Jatkosodan aikana taistelleen Viestipataljoona 30:n toimintaan. Viestin\u00e4yttelyn tulee kokoamaan Kaakkois-Suomen Viestikilta ry ja se tulee sis\u00e4lt\u00e4m\u00e4\u00e4n my\u00f6s sodanaikaista viestikalustoa.<\/p>\n<p><strong><strong>Rukaj\u00e4rven matkoja tarjolla. <\/strong><\/strong><\/p>\n<p>Perinteiset matkat toteutunevat ja lis\u00e4ksi Juuan Rukaj\u00e4rven suunnan toimintaryhm\u00e4 j\u00e4rjest\u00e4\u00e4 tutustumismatkan Rukaj\u00e4rven taistelupaikoille 4. &#8211; 7.8.2016. Ilmoittautumiset Jouko Brelo, matka-haitari@kolumbus.fi, puh. 0400-337 075.<\/p>\n<p>Matkalle tulee ilmoittautua viimeist\u00e4\u00e4n 15.7.2016 menness\u00e4. Matkalle p\u00e4\u00e4see 30 ensin ilmoittautunutta ja l\u00e4htij\u00f6it\u00e4 tulee olla v\u00e4hint\u00e4\u00e4n 20.<\/p>\n<p>Matkan hinta on 150 \u20ac\/hl\u00f6, + ryhm\u00e4viisumi 70 \u20ac\/hl\u00f6 (mik\u00e4li ei ole omaa viisumia). Matkan hintaan sis\u00e4ltyy kentt\u00e4ruokailu retkip\u00e4ivin\u00e4 (vaihtoehtona; hernekeitto, grillimakkarat, juomana mehu, voileip\u00e4 ja iltap\u00e4iv\u00e4kahvi).<\/p>\n<p>Perill\u00e4 perhemajoitus, jonka hinta on 35 \u20ac\/hl\u00f6, hintaan sis\u00e4ltyy aamupala, illallinen ja sauna. Erikoisuutena toimintaryhm\u00e4 tarjoaa perinnematkailijalle vaihtoehtona majoituksen puolijoukkueteltassa.<\/p>\n<p><strong><strong>Salpa-asemat kuntoon hanke<\/strong><\/strong><\/p>\n<p>RSHY aloitti viime kes\u00e4n\u00e4 An\u00e4k\u00e4isen Salpa-etuasemien kunnostamisen. Ty\u00f6 j\u00e4i hiukan kesken. Senaatti Kiinteist\u00f6t ja Suomen Salpayhdistys ry on k\u00e4ynnist\u00e4nyt keskeisten salpakohteitten kartoittamisen. Lappeenrannassa j\u00e4rjestettyyn valtakunnalliseen neuvottelutilaisuuteen RSHY:n edustajina osallistuivat Tauno Oksanen, Ari Komulainen sek\u00e4 Heikki Turunen. Kartoitusty\u00f6 jatkuu tiiviin\u00e4. Suomen Salpayhdistyksen tavoitteena on vuoden 2017 aikana saada p\u00e4\u00e4t\u00f6s Salpa-asemien nime\u00e4misest\u00e4 maailmanperint\u00f6kohteeksi.<\/p>\n<p><strong><strong>&#8221;Rukaj\u00e4rven yst\u00e4v\u00e4t&#8221; vierailulle<\/strong><\/strong><\/p>\n<p>Yhdistyksen vieraiksi saapuu &#8221;Rukaj\u00e4rven yst\u00e4v\u00e4t&#8221;. Ryhm\u00e4\u00e4n kuuluvat Rukaj\u00e4rven, Ontaj\u00e4rven, Tiiksan, Mujej\u00e4rven ja Lietmaj\u00e4rven museoiden johtajat sek\u00e4 n\u00e4iden paikkakuntien koulujen historianopettajat. Ryhm\u00e4 tutustuu 29.-30.6.2016 matkansa aikana Lieksan Rukaj\u00e4rven tien kohteisiin sek\u00e4 my\u00f6s Iisalmen Rukaj\u00e4rvi-keskukseen. Rukaj\u00e4rven yst\u00e4vien is\u00e4nt\u00e4n\u00e4 toimii yhdistyksemme hallituksen j\u00e4sen Jari K\u00e4rkk\u00e4inen. Rukaj\u00e4rven yst\u00e4v\u00e4t j\u00e4rjesti kev\u00e4ttalvella Rukaj\u00e4rvell\u00e4 seminaarin, jossa k\u00e4siteltiin em. paikkakuntien historian lis\u00e4ksi my\u00f6s Jatkosodan aikaisia tapahtumia. Rukaj\u00e4rven yst\u00e4vien ja RSHY:n yhteishankkeena pystytet\u00e4\u00e4n Tiiksaan opaste kuluvan kes\u00e4n aikana.<br \/>\nOheisena kutsut sek\u00e4 Lieksan n\u00e4yttelyitten avajaisiin ett\u00e4 Juuan toimintaryhm\u00e4n Rukaj\u00e4rvelle 4.-7.8.2016 suuntautuvalle matkalle. Liitteen\u00e4 Juuan toimintaryhm\u00e4n kutsu Rukaj\u00e4rven matkalle 4. \u2013 7.8.2016. Sen voi lukea <a href=\"http:\/\/www.rukajarvensuunnanhistoriayhdistys.fi\/rukajarvikeskus\/wp-content\/uploads\/2016\/06\/Rukaj\u00e4rven-matkan-ohjelman-luonnos.pdf\">T\u00c4\u00c4LT\u00c4<\/a>.<br \/>\nHyv\u00e4n kes\u00e4n ja juhannuksen toivotuksin<\/p>\n<p>Tenho Tikkanen, puheenjohtaja<\/p>\n","protected":false},"excerpt":{"rendered":"<p>Rukaj\u00e4rven tien kohteista kantautuu my\u00f6nteist\u00e4 tietoa. Meille on kerrottu, ett\u00e4 koskaan aikaisemmin ei ole matkailijoita ollut Rukaj\u00e4rven tien kohteissa yht\u00e4 paljon kuin t\u00e4m\u00e4n kev\u00e4\u00e4n aikana. Tavoitteemme toteutuvat pikkuhiljaa. My\u00f6s Rukaj\u00e4rven <a class=\"more-link\" href=\"http:\/\/www.rukajarvensuunnanhistoriayhdistys.fi\/rukajarvikeskus\/ajankohtaista\/rukajarven-tien-nayttelyt-kiinnostavat-ja-nayttelyt-taydentyvat\/\">Lue lis\u00e4\u00e4&#8230;<span class=\"screen-reader-text\">Rukaj\u00e4rven tien n\u00e4yttelyt kiinnostavat ja n\u00e4yttelyt t\u00e4ydentyv\u00e4t<\/span><span class=\"meta-nav\">\u2192<\/span><\/a><\/p>\n","protected":false},"author":4,"featured_media":2045,"comment_status":"closed","ping_status":"open","sticky":false,"template":"","format":"standard","meta":{"ngg_post_thumbnail":0,"_jetpack_newsletter_access":"","_jetpack_dont_email_post_to_subs":false,"_jetpack_newsletter_tier_id":0,"_jetpack_memberships_contains_paywalled_content":false,"_jetpack_memberships_contains_paid_content":false,"footnotes":""},"categories":[26],"tags":[],"class_list":["post-2233","post","type-post","status-publish","format-standard","has-post-thumbnail","hentry","category-ajankohtaista"],"jetpack_featured_media_url":"http:\/\/www.rukajarvensuunnanhistoriayhdistys.fi\/rukajarvikeskus\/wp-content\/uploads\/2015\/12\/Perustajaj\u00e4senemme-kenraaliluutnantti-Ermei-Kannisen-siunaustilaisuus-8-12-2015_Page_1.jpg","jetpack_sharing_enabled":true,"jetpack_shortlink":"https:\/\/wp.me\/p72N2f-A1","_links":{"self":[{"href":"http:\/\/www.rukajarvensuunnanhistoriayhdistys.fi\/rukajarvikeskus\/wp-json\/wp\/v2\/posts\/2233","targetHints":{"allow":["GET"]}}],"collection":[{"href":"http:\/\/www.rukajarvensuunnanhistoriayhdistys.fi\/rukajarvikeskus\/wp-json\/wp\/v2\/posts"}],"about":[{"href":"http:\/\/www.rukajarvensuunnanhistoriayhdistys.fi\/rukajarvikeskus\/wp-json\/wp\/v2\/types\/post"}],"author":[{"embeddable":true,"href":"http:\/\/www.rukajarvensuunnanhistoriayhdistys.fi\/rukajarvikeskus\/wp-json\/wp\/v2\/users\/4"}],"replies":[{"embeddable":true,"href":"http:\/\/www.rukajarvensuunnanhistoriayhdistys.fi\/rukajarvikeskus\/wp-json\/wp\/v2\/comments?post=2233"}],"version-history":[{"count":1,"href":"http:\/\/www.rukajarvensuunnanhistoriayhdistys.fi\/rukajarvikeskus\/wp-json\/wp\/v2\/posts\/2233\/revisions"}],"predecessor-version":[{"id":2235,"href":"http:\/\/www.rukajarvensuunnanhistoriayhdistys.fi\/rukajarvikeskus\/wp-json\/wp\/v2\/posts\/2233\/revisions\/2235"}],"wp:featuredmedia":[{"embeddable":true,"href":"http:\/\/www.rukajarvensuunnanhistoriayhdistys.fi\/rukajarvikeskus\/wp-json\/wp\/v2\/media\/2045"}],"wp:attachment":[{"href":"http:\/\/www.rukajarvensuunnanhistoriayhdistys.fi\/rukajarvikeskus\/wp-json\/wp\/v2\/media?parent=2233"}],"wp:term":[{"taxonomy":"category","embeddable":true,"href":"http:\/\/www.rukajarvensuunnanhistoriayhdistys.fi\/rukajarvikeskus\/wp-json\/wp\/v2\/categories?post=2233"},{"taxonomy":"post_tag","embeddable":true,"href":"http:\/\/www.rukajarvensuunnanhistoriayhdistys.fi\/rukajarvikeskus\/wp-json\/wp\/v2\/tags?post=2233"}],"curies":[{"name":"wp","href":"https:\/\/api.w.org\/{rel}","templated":true}]}}