{"id":2236,"date":"2016-06-27T10:00:47","date_gmt":"2016-06-27T07:00:47","guid":{"rendered":"http:\/\/www.rukajarvensuunnanhistoriayhdistys.fi\/rukajarvikeskus\/?p=2236"},"modified":"2016-06-27T08:10:22","modified_gmt":"2016-06-27T05:10:22","slug":"puheenjohtaja-tenho-tikkanen-lieksassa-tavoitteemme-on-toteutunut-oma-tupa-oma","status":"publish","type":"post","link":"http:\/\/www.rukajarvensuunnanhistoriayhdistys.fi\/rukajarvikeskus\/ajankohtaista\/puheenjohtaja-tenho-tikkanen-lieksassa-tavoitteemme-on-toteutunut-oma-tupa-oma\/","title":{"rendered":"Puheenjohtaja Tenho Tikkanen Lieksassa: Tavoitteemme on toteutunut \u2013 oma tupa \u2013 oma"},"content":{"rendered":"<div class=\"fcbkbttn_buttons_block\" id=\"fcbkbttn_left\"><div class=\"fcbkbttn_like \"><fb:like href=\"http:\/\/www.rukajarvensuunnanhistoriayhdistys.fi\/rukajarvikeskus\/ajankohtaista\/puheenjohtaja-tenho-tikkanen-lieksassa-tavoitteemme-on-toteutunut-oma-tupa-oma\/\" action=\"like\" colorscheme=\"light\" layout=\"button_count\"  size=\"small\"><\/fb:like><\/div><\/div><p><strong>P\u00e4\u00e4maja antoi 25.6.1941 hy\u00f6kk\u00e4ysk\u00e4skyn 14. Divisioonalle. P\u00e4iv\u00e4lleen 75 vuotta sitten, 27.6.1941, mm. Kev.Os.2:n joukot siirtyiv\u00e4t t\u00e4nne Lieksan Pankaj\u00e4rvelle.\u00a0 Nyt jo 100 vuotta t\u00e4ytt\u00e4nyt is\u00e4ni oli yksi heist\u00e4.<\/strong><\/p>\n<p><strong>Rukaj\u00e4rven rintaman ainut sodanaikainen huoltotie, Rukaj\u00e4rven tie Lieksan asemalta rajalle Kivivaaraan oli noina p\u00e4ivin\u00e4 vilkkaasti liikenn\u00f6ity valtav\u00e4yl\u00e4.<\/strong><\/p>\n<p><strong>Viisi vuotta sitten (2.7.2011) t\u00e4m\u00e4 huoltotie nimettiin Rukaj\u00e4rven tieksi.<\/strong><\/p>\n<p><strong>Veteraanien perinnety\u00f6 k\u00e4ynnistyi lupaavasti rintamalla, mutta se sai pahan kolhun sodan j\u00e4lkeen suunnan korkeimpien upseerien asek\u00e4tkent\u00e4\u00e4n liittyv\u00e4n v\u00e4lirikon vuoksi. Varsinaisen perinnety\u00f6n voidaan katsoa alkaneen Lieksan Rukaj\u00e4rven suunnan muistomerkkihankkeella.<\/strong> <strong>Muistomerkki pystytettiin t\u00e4nne 5.6.1966 pidetyss\u00e4 veteraanikokouksessa. Tuon tapaamisen yhteydess\u00e4 sovittiin jatkotoimista ja kes\u00e4kuun alussa 30 vuotta sitten Nurmeksessa pidetyss\u00e4 Rukaj\u00e4rven suunnan veteraanikokouksessa nimettiin Rukaj\u00e4rven suunnan historiikkitoimikunta.<\/strong><\/p>\n<p><strong>Vuonna 1999 valmistui korpisodan joukkojen toimintaa kuvaava Rukaj\u00e4rven tie- elokuva.<\/strong><\/p>\n<p><strong>Veteraanien vuonna 1986 perustama historiikkitoimikunta ker\u00e4si valtavan perinneaineiston. T\u00e4t\u00e4 Rukaj\u00e4rven suunnan perinnety\u00f6t\u00e4 jatkamaan perustettiin yhdistyksemme 19.9.2009 Marskin Majalla Lopella.<\/strong><\/p>\n<p><strong>Olemme monestakin syyst\u00e4 historiallisella paikalla. Paikalla, mist\u00e4 Rukaj\u00e4rven tie alkaa ja olemme per\u00e4ti 107 vuotta vanhassa asemarakennuksessa.<\/strong><\/p>\n<figure id=\"attachment_2237\" aria-describedby=\"caption-attachment-2237\" style=\"width: 1632px\" class=\"wp-caption alignnone\"><a href=\"http:\/\/www.rukajarvensuunnanhistoriayhdistys.fi\/rukajarvikeskus\/wp-content\/uploads\/2016\/06\/Lieksan-asema.jpg\"><img loading=\"lazy\" decoding=\"async\" class=\"wp-image-2237 size-full\" src=\"http:\/\/www.rukajarvensuunnanhistoriayhdistys.fi\/rukajarvikeskus\/wp-content\/uploads\/2016\/06\/Lieksan-asema.jpg\" alt=\"\u2014Yhdistys hankki Lieksan aseman kiinteist\u00f6n omistukseensa, 373 m2:n n\u00e4yttelytilat ja 3700 m2:n piha-alue.\" width=\"1632\" height=\"918\" srcset=\"http:\/\/www.rukajarvensuunnanhistoriayhdistys.fi\/rukajarvikeskus\/wp-content\/uploads\/2016\/06\/Lieksan-asema.jpg 1632w, http:\/\/www.rukajarvensuunnanhistoriayhdistys.fi\/rukajarvikeskus\/wp-content\/uploads\/2016\/06\/Lieksan-asema-300x169.jpg 300w, http:\/\/www.rukajarvensuunnanhistoriayhdistys.fi\/rukajarvikeskus\/wp-content\/uploads\/2016\/06\/Lieksan-asema-768x432.jpg 768w, http:\/\/www.rukajarvensuunnanhistoriayhdistys.fi\/rukajarvikeskus\/wp-content\/uploads\/2016\/06\/Lieksan-asema-1024x576.jpg 1024w\" sizes=\"auto, (max-width: 1632px) 100vw, 1632px\" \/><\/a><figcaption id=\"caption-attachment-2237\" class=\"wp-caption-text\">\u2014Yhdistys hankki Lieksan aseman kiinteist\u00f6n omistukseensa, 373 m2:n n\u00e4yttelytilat ja 3700 m2:n tontin.<\/figcaption><\/figure>\n<p><strong>Olemme pitk\u00e4\u00e4n unelmoineet omasta tuvasta, omasta luvasta, eli tilasta, miss\u00e4 saisimme esitell\u00e4 perinnety\u00f6n tuloksia ja jonka avulla voisimme entist\u00e4kin paremmin suoriutua meit\u00e4 velvoittavasta teht\u00e4v\u00e4st\u00e4.<\/strong><\/p>\n<p><strong>T\u00e4m\u00e4n kiinteist\u00f6n kaupat tehtiin toukokuun lopulla ja kuluvan kuukauden aikana olemme saaneet kaikki viranomaisluvat kuntoon. Toiminta voi alkaa.<\/strong><\/p>\n<p><strong>Nyt RSHY ry omistaa kerrosalaltaan 373 neli\u00f6n kiinteist\u00f6n ja sit\u00e4 ymp\u00e4r\u00f6iv\u00e4n n. 3700 neli\u00f6n suuruisen piha-alueen. <\/strong><\/p>\n<p><strong>Timitran Linnan toimipiste jatkaa Lieksassa kuluvan kes\u00e4kauden.<\/strong><\/p>\n<p><strong>Perinneaineistoa otetaan vastaan t\u00e4st\u00e4 p\u00e4iv\u00e4st\u00e4 l\u00e4htien vain t\u00e4\u00e4ll\u00e4 yhdistyksen uusissa tiloissa Lieksan Rautatieasemalla ja Iisalmen Rukaj\u00e4rvi-keskuksessa.<\/strong><\/p>\n<p><strong>T\u00e4n\u00e4\u00e4n avattava n\u00e4yttely koostuu nelj\u00e4st\u00e4 osasta:<\/strong><\/p>\n<p><strong>1) Rautatiet sodan huoltoteht\u00e4viss\u00e4. &#8211; Jo aikaisemmin esill\u00e4 ollutta n\u00e4yttely\u00e4 on hieman uudistettu.<\/strong><\/p>\n<p><strong>2) Rukaj\u00e4rven rintaman taidetta Jatkosodan ajalta. &#8211; Rukaj\u00e4rvell\u00e4 oli varsin vire\u00e4\u00e4 kulttuuri- ja vapaa-ajantoimintaa. T\u00e4st\u00e4 n\u00e4ytteen\u00e4 vain muutama. Kokoelmamme sis\u00e4lt\u00e4\u00e4 valokuvat n. 300, yli 10 ammattitaiteilijan t\u00f6ist\u00e4.<\/strong><\/p>\n<p><strong>3) Mannerheim ja rautatiet. Mannerheim k\u00e4ytti p\u00e4\u00e4osin rautateit\u00e4 sodanaikaisiin matkoihinsa sek\u00e4<\/strong><\/p>\n<p><strong>4) Sibelius, Monolan aitta jaMonola-hanke (Vaara-Karjalan Leader ry)<\/strong><\/p>\n<p><strong>T\u00e4ss\u00e4 n\u00e4yttelyss\u00e4 on mukana kaksi kansainv\u00e4lisestikin kiinnostavaa itsen\u00e4isyytemme merkkihenkil\u00f6\u00e4: Suomen Marsalkka Mannerhein ja kansalliss\u00e4velt\u00e4j\u00e4mme Sibelius.<\/strong><\/p>\n<p><strong>Miksi Mannerheim on t\u00e4\u00e4ll\u00e4 esill\u00e4? Rukaj\u00e4rven suunnalla taistellut 14.Divisioona oli ainut yhtym\u00e4, joka oli suoraan ylip\u00e4\u00e4llik\u00f6n alainen. Marski suoritti Rukaj\u00e4rven rintamalla 9.-11.9.1942 v\u00e4lisen\u00e4 aikana tarkastusmatkan, jonka yhteydess\u00e4 h\u00e4n otti vastaan Rukaj\u00e4rven rintaman Repolan Lieksaj\u00e4rven rannalle pystytt\u00e4m\u00e4n mets\u00e4stysmajan. Marski saapui Lieksan asemalle ja palasi t\u00e4t\u00e4 kautta p\u00e4\u00e4majaan.<\/strong><\/p>\n<p><strong>Tunnemme Jean Sibeliuksen yhteyden Lieksaan ja siksi haluamme esitell\u00e4 my\u00f6s h\u00e4nen h\u00e4\u00e4matkakohdettaan, Monolan aittaa.<\/strong><\/p>\n<p><strong>Olemme kovin kiitollisia siit\u00e4, ett\u00e4 voimme pit\u00e4\u00e4 esill\u00e4 Sibelius-n\u00e4yttely\u00e4 yhteisty\u00f6ss\u00e4 Monola-seura ry:n, Lieksan Tukipiste ry:n sek\u00e4 Lieksan Matkailuoppaat ry:n ammattioppaitten kanssa. Olemme saaneet mukaan t\u00e4h\u00e4n perinnety\u00f6h\u00f6n todellisia ammattilaisia, onhan Monola-seura ry:n puheenjohtaja Elli Oinonen-Ed\u00e8n, joka toimi mm. Lieksan kulttuurijohtajan teht\u00e4viss\u00e4.<\/strong><\/p>\n<p><strong>Emme unohda kahta ammattimuusikkoa, lieksalaista Jussi Makkosta ja Nazig Azeziania. He ovat Lieksan ja koko Pielisen-Karjalan kansainv\u00e4linen k\u00e4yntikortti maailmalla.<\/strong><\/p>\n<p><strong>Meid\u00e4n kaikkien yhteisen\u00e4 tavoitteena on Lieksan, lieksalaisten ja koko maakunnan elinkeinotoiminnan edist\u00e4minen yhteisty\u00f6n avulla. Oma tavoitteemme on onnistua perinnety\u00f6ss\u00e4 entist\u00e4 paremmin.<\/strong><\/p>\n<p><strong>Kiit\u00e4mme my\u00f6s Lieksan kaupunkia ja Vaara-Karjalan Leader ry:t\u00e4 sujuvasta hakemustemme k\u00e4sittelyst\u00e4.<\/strong><\/p>\n<p><strong>Olen t\u00e4ss\u00e4 kerrannut mennytt\u00e4 ja kertonut lyhyesti nykytavoitteistamme. Meill\u00e4 on my\u00f6s muita hankkeita, jotta paikkakunta, Rukaj\u00e4rven tie ja Rukaj\u00e4rvi-keskusten n\u00e4yttelyt s\u00e4ilytt\u00e4isiv\u00e4t yleisen kiinnostuksen. N\u00e4it\u00e4 suunnitelmia valottaa Tauno Oksanen omassa puheenvuorossaan.<\/strong><\/p>\n<p>&nbsp;<\/p>\n","protected":false},"excerpt":{"rendered":"<p>P\u00e4\u00e4maja antoi 25.6.1941 hy\u00f6kk\u00e4ysk\u00e4skyn 14. Divisioonalle. P\u00e4iv\u00e4lleen 75 vuotta sitten, 27.6.1941, mm. Kev.Os.2:n joukot siirtyiv\u00e4t t\u00e4nne Lieksan Pankaj\u00e4rvelle.\u00a0 Nyt jo 100 vuotta t\u00e4ytt\u00e4nyt is\u00e4ni oli yksi heist\u00e4. Rukaj\u00e4rven rintaman ainut <a class=\"more-link\" href=\"http:\/\/www.rukajarvensuunnanhistoriayhdistys.fi\/rukajarvikeskus\/ajankohtaista\/puheenjohtaja-tenho-tikkanen-lieksassa-tavoitteemme-on-toteutunut-oma-tupa-oma\/\">Lue lis\u00e4\u00e4&#8230;<span class=\"screen-reader-text\">Puheenjohtaja Tenho Tikkanen Lieksassa: Tavoitteemme on toteutunut \u2013 oma tupa \u2013 oma<\/span><span class=\"meta-nav\">\u2192<\/span><\/a><\/p>\n","protected":false},"author":4,"featured_media":0,"comment_status":"closed","ping_status":"open","sticky":false,"template":"","format":"standard","meta":{"ngg_post_thumbnail":0,"_jetpack_newsletter_access":"","_jetpack_dont_email_post_to_subs":false,"_jetpack_newsletter_tier_id":0,"_jetpack_memberships_contains_paywalled_content":false,"_jetpack_memberships_contains_paid_content":false,"footnotes":""},"categories":[26],"tags":[],"class_list":["post-2236","post","type-post","status-publish","format-standard","hentry","category-ajankohtaista"],"jetpack_featured_media_url":"","jetpack_sharing_enabled":true,"jetpack_shortlink":"https:\/\/wp.me\/p72N2f-A4","_links":{"self":[{"href":"http:\/\/www.rukajarvensuunnanhistoriayhdistys.fi\/rukajarvikeskus\/wp-json\/wp\/v2\/posts\/2236","targetHints":{"allow":["GET"]}}],"collection":[{"href":"http:\/\/www.rukajarvensuunnanhistoriayhdistys.fi\/rukajarvikeskus\/wp-json\/wp\/v2\/posts"}],"about":[{"href":"http:\/\/www.rukajarvensuunnanhistoriayhdistys.fi\/rukajarvikeskus\/wp-json\/wp\/v2\/types\/post"}],"author":[{"embeddable":true,"href":"http:\/\/www.rukajarvensuunnanhistoriayhdistys.fi\/rukajarvikeskus\/wp-json\/wp\/v2\/users\/4"}],"replies":[{"embeddable":true,"href":"http:\/\/www.rukajarvensuunnanhistoriayhdistys.fi\/rukajarvikeskus\/wp-json\/wp\/v2\/comments?post=2236"}],"version-history":[{"count":1,"href":"http:\/\/www.rukajarvensuunnanhistoriayhdistys.fi\/rukajarvikeskus\/wp-json\/wp\/v2\/posts\/2236\/revisions"}],"predecessor-version":[{"id":2238,"href":"http:\/\/www.rukajarvensuunnanhistoriayhdistys.fi\/rukajarvikeskus\/wp-json\/wp\/v2\/posts\/2236\/revisions\/2238"}],"wp:attachment":[{"href":"http:\/\/www.rukajarvensuunnanhistoriayhdistys.fi\/rukajarvikeskus\/wp-json\/wp\/v2\/media?parent=2236"}],"wp:term":[{"taxonomy":"category","embeddable":true,"href":"http:\/\/www.rukajarvensuunnanhistoriayhdistys.fi\/rukajarvikeskus\/wp-json\/wp\/v2\/categories?post=2236"},{"taxonomy":"post_tag","embeddable":true,"href":"http:\/\/www.rukajarvensuunnanhistoriayhdistys.fi\/rukajarvikeskus\/wp-json\/wp\/v2\/tags?post=2236"}],"curies":[{"name":"wp","href":"https:\/\/api.w.org\/{rel}","templated":true}]}}