{"id":2245,"date":"2016-06-29T01:43:24","date_gmt":"2016-06-28T22:43:24","guid":{"rendered":"http:\/\/www.rukajarvensuunnanhistoriayhdistys.fi\/rukajarvikeskus\/?p=2245"},"modified":"2016-06-29T01:45:11","modified_gmt":"2016-06-28T22:45:11","slug":"ontajarven-lansirannan-kenttavartiot-antti-haapalaisen-ja-reijo-pulkkisen-matkakertomus-13-5-2016","status":"publish","type":"post","link":"http:\/\/www.rukajarvensuunnanhistoriayhdistys.fi\/rukajarvikeskus\/ajankohtaista\/ontajarven-lansirannan-kenttavartiot-antti-haapalaisen-ja-reijo-pulkkisen-matkakertomus-13-5-2016\/","title":{"rendered":"Ontaj\u00e4rven l\u00e4nsirannan kentt\u00e4vartiot \u2013 Antti Haapalaisen ja Reijo Pulkkisen matkakertomus 13.5.2016"},"content":{"rendered":"<div class=\"fcbkbttn_buttons_block\" id=\"fcbkbttn_left\"><div class=\"fcbkbttn_like \"><fb:like href=\"http:\/\/www.rukajarvensuunnanhistoriayhdistys.fi\/rukajarvikeskus\/ajankohtaista\/ontajarven-lansirannan-kenttavartiot-antti-haapalaisen-ja-reijo-pulkkisen-matkakertomus-13-5-2016\/\" action=\"like\" colorscheme=\"light\" layout=\"button_count\"  size=\"small\"><\/fb:like><\/div><\/div><p>Reijo Pulkkinen ja Antti Haapalainen tekiv\u00e4t 13.5.2016 sotahistoriallisen matkan Ontaj\u00e4rven l\u00e4nsirannan kentt\u00e4vartioihin. Tavoitteena oli kentt\u00e4vartioiden kartoitus ja kuvaus milt\u00e4 siell\u00e4 nykyisin n\u00e4ytt\u00e4\u00e4.<\/p>\n<figure id=\"attachment_2246\" aria-describedby=\"caption-attachment-2246\" style=\"width: 731px\" class=\"wp-caption alignnone\"><a href=\"http:\/\/www.rukajarvensuunnanhistoriayhdistys.fi\/rukajarvikeskus\/wp-content\/uploads\/2016\/06\/esitekstin-kuva-2.jpg\"><img loading=\"lazy\" decoding=\"async\" class=\"size-full wp-image-2246\" src=\"http:\/\/www.rukajarvensuunnanhistoriayhdistys.fi\/rukajarvikeskus\/wp-content\/uploads\/2016\/06\/esitekstin-kuva-2.jpg\" alt=\"Ontaj\u00e4rven l\u00e4nsirannan kentt\u00e4vartiot.\" width=\"731\" height=\"606\" srcset=\"http:\/\/www.rukajarvensuunnanhistoriayhdistys.fi\/rukajarvikeskus\/wp-content\/uploads\/2016\/06\/esitekstin-kuva-2.jpg 731w, http:\/\/www.rukajarvensuunnanhistoriayhdistys.fi\/rukajarvikeskus\/wp-content\/uploads\/2016\/06\/esitekstin-kuva-2-300x249.jpg 300w\" sizes=\"auto, (max-width: 731px) 100vw, 731px\" \/><\/a><figcaption id=\"caption-attachment-2246\" class=\"wp-caption-text\">Ontaj\u00e4rven l\u00e4nsirannan kentt\u00e4vartiot.<\/figcaption><\/figure>\n<p>Matkakertomuksen voit lukea kokonaan (50 sivua) <a href=\"http:\/\/www.rukajarvensuunnanhistoriayhdistys.fi\/rukajarvikeskus\/wp-content\/uploads\/2016\/06\/Ontaj\u00e4rven-KVt-matkakertomus-13.5.2016.pdf\">T\u00c4\u00c4LT\u00c4<\/a>. HUOM. Asiakirjan koko 14.182 kt., lataus kest\u00e4\u00e4 hetken.<\/p>\n<p>Samalla matkalla Antti Haapalainen ja Reijo Pulkkinen matkasivat my\u00f6s Ontajoelle ja kartoittivat sill\u00e4 olevat kentt\u00e4vartiot.\u00a0Vastaava matkakertomus julkaistaan my\u00f6hemmin.<\/p>\n<p>Julkaisemme vastaavia matkakertomuksia. T\u00e4t\u00e4 oheista matkakertomusta voitaneen pit\u00e4\u00e4 jo sotahistorian alalla korkeamman oppim\u00e4\u00e4r\u00e4n suorituksena.<\/p>\n<p>Parhaat kiitoksemme.<\/p>\n","protected":false},"excerpt":{"rendered":"<p>Reijo Pulkkinen ja Antti Haapalainen tekiv\u00e4t 13.5.2016 sotahistoriallisen matkan Ontaj\u00e4rven l\u00e4nsirannan kentt\u00e4vartioihin. Tavoitteena oli kentt\u00e4vartioiden kartoitus ja kuvaus milt\u00e4 siell\u00e4 nykyisin n\u00e4ytt\u00e4\u00e4. Matkakertomuksen voit lukea kokonaan (50 sivua) T\u00c4\u00c4LT\u00c4. HUOM. <a class=\"more-link\" href=\"http:\/\/www.rukajarvensuunnanhistoriayhdistys.fi\/rukajarvikeskus\/ajankohtaista\/ontajarven-lansirannan-kenttavartiot-antti-haapalaisen-ja-reijo-pulkkisen-matkakertomus-13-5-2016\/\">Lue lis\u00e4\u00e4&#8230;<span class=\"screen-reader-text\">Ontaj\u00e4rven l\u00e4nsirannan kentt\u00e4vartiot \u2013 Antti Haapalaisen ja Reijo Pulkkisen matkakertomus 13.5.2016<\/span><span class=\"meta-nav\">\u2192<\/span><\/a><\/p>\n","protected":false},"author":4,"featured_media":0,"comment_status":"closed","ping_status":"open","sticky":false,"template":"","format":"standard","meta":{"ngg_post_thumbnail":0,"_jetpack_newsletter_access":"","_jetpack_dont_email_post_to_subs":false,"_jetpack_newsletter_tier_id":0,"_jetpack_memberships_contains_paywalled_content":false,"_jetpack_memberships_contains_paid_content":false,"footnotes":""},"categories":[26],"tags":[],"class_list":["post-2245","post","type-post","status-publish","format-standard","hentry","category-ajankohtaista"],"jetpack_featured_media_url":"","jetpack_sharing_enabled":true,"jetpack_shortlink":"https:\/\/wp.me\/p72N2f-Ad","_links":{"self":[{"href":"http:\/\/www.rukajarvensuunnanhistoriayhdistys.fi\/rukajarvikeskus\/wp-json\/wp\/v2\/posts\/2245","targetHints":{"allow":["GET"]}}],"collection":[{"href":"http:\/\/www.rukajarvensuunnanhistoriayhdistys.fi\/rukajarvikeskus\/wp-json\/wp\/v2\/posts"}],"about":[{"href":"http:\/\/www.rukajarvensuunnanhistoriayhdistys.fi\/rukajarvikeskus\/wp-json\/wp\/v2\/types\/post"}],"author":[{"embeddable":true,"href":"http:\/\/www.rukajarvensuunnanhistoriayhdistys.fi\/rukajarvikeskus\/wp-json\/wp\/v2\/users\/4"}],"replies":[{"embeddable":true,"href":"http:\/\/www.rukajarvensuunnanhistoriayhdistys.fi\/rukajarvikeskus\/wp-json\/wp\/v2\/comments?post=2245"}],"version-history":[{"count":3,"href":"http:\/\/www.rukajarvensuunnanhistoriayhdistys.fi\/rukajarvikeskus\/wp-json\/wp\/v2\/posts\/2245\/revisions"}],"predecessor-version":[{"id":2250,"href":"http:\/\/www.rukajarvensuunnanhistoriayhdistys.fi\/rukajarvikeskus\/wp-json\/wp\/v2\/posts\/2245\/revisions\/2250"}],"wp:attachment":[{"href":"http:\/\/www.rukajarvensuunnanhistoriayhdistys.fi\/rukajarvikeskus\/wp-json\/wp\/v2\/media?parent=2245"}],"wp:term":[{"taxonomy":"category","embeddable":true,"href":"http:\/\/www.rukajarvensuunnanhistoriayhdistys.fi\/rukajarvikeskus\/wp-json\/wp\/v2\/categories?post=2245"},{"taxonomy":"post_tag","embeddable":true,"href":"http:\/\/www.rukajarvensuunnanhistoriayhdistys.fi\/rukajarvikeskus\/wp-json\/wp\/v2\/tags?post=2245"}],"curies":[{"name":"wp","href":"https:\/\/api.w.org\/{rel}","templated":true}]}}