{"id":2251,"date":"2016-06-29T16:28:53","date_gmt":"2016-06-29T13:28:53","guid":{"rendered":"http:\/\/www.rukajarvensuunnanhistoriayhdistys.fi\/rukajarvikeskus\/?p=2251"},"modified":"2016-06-29T16:28:53","modified_gmt":"2016-06-29T13:28:53","slug":"marski-kiinnostaa-edelleen-katso-mtvn-nettiartikkeliin","status":"publish","type":"post","link":"http:\/\/www.rukajarvensuunnanhistoriayhdistys.fi\/rukajarvikeskus\/ajankohtaista\/marski-kiinnostaa-edelleen-katso-mtvn-nettiartikkeliin\/","title":{"rendered":"Marski kiinnostaa edelleen \u2013 katso MTV:n nettiartikkeliin"},"content":{"rendered":"<div class=\"fcbkbttn_buttons_block\" id=\"fcbkbttn_left\"><div class=\"fcbkbttn_like \"><fb:like href=\"http:\/\/www.rukajarvensuunnanhistoriayhdistys.fi\/rukajarvikeskus\/ajankohtaista\/marski-kiinnostaa-edelleen-katso-mtvn-nettiartikkeliin\/\" action=\"like\" colorscheme=\"light\" layout=\"button_count\"  size=\"small\"><\/fb:like><\/div><\/div><p>MTV:n nettiartikkeli kertoo\u00a0paljon tietoa Marskin mets\u00e4stysmajasta.<\/p>\n<figure id=\"attachment_2225\" aria-describedby=\"caption-attachment-2225\" style=\"width: 530px\" class=\"wp-caption alignnone\"><a href=\"http:\/\/www.rukajarvensuunnanhistoriayhdistys.fi\/rukajarvikeskus\/wp-content\/uploads\/2016\/06\/MB-1-Sven-Gr\u00f6nvall-Marskin-Maja-1943.jpg\"><img loading=\"lazy\" decoding=\"async\" class=\"size-large wp-image-2225\" src=\"http:\/\/www.rukajarvensuunnanhistoriayhdistys.fi\/rukajarvikeskus\/wp-content\/uploads\/2016\/06\/MB-1-Sven-Gr\u00f6nvall-Marskin-Maja-1943-1024x714.jpg\" alt=\"Marskin Maja alkuper\u00e4isell\u00e4 paikallaan Repolan Lieksaj\u00e4rven rannalla Marsalkanniemess\u00e4. Sven Gr\u00f6nholmin maalaus.\" width=\"530\" height=\"370\" srcset=\"http:\/\/www.rukajarvensuunnanhistoriayhdistys.fi\/rukajarvikeskus\/wp-content\/uploads\/2016\/06\/MB-1-Sven-Gr\u00f6nvall-Marskin-Maja-1943-1024x714.jpg 1024w, http:\/\/www.rukajarvensuunnanhistoriayhdistys.fi\/rukajarvikeskus\/wp-content\/uploads\/2016\/06\/MB-1-Sven-Gr\u00f6nvall-Marskin-Maja-1943-300x209.jpg 300w, http:\/\/www.rukajarvensuunnanhistoriayhdistys.fi\/rukajarvikeskus\/wp-content\/uploads\/2016\/06\/MB-1-Sven-Gr\u00f6nvall-Marskin-Maja-1943-768x535.jpg 768w\" sizes=\"auto, (max-width: 530px) 100vw, 530px\" \/><\/a><figcaption id=\"caption-attachment-2225\" class=\"wp-caption-text\">Marskin Maja alkuper\u00e4isell\u00e4 paikallaan Repolan Lieksaj\u00e4rven rannalla Marsalkanniemess\u00e4. Sven Gr\u00f6nholmin maalaus.<\/figcaption><\/figure>\n<p><strong>\u201dMannerheim ihastui mets\u00e4stysmajaan \u2013 rakennukseen tiivistyv\u00e4t Suomen historian kiihkeimm\u00e4t vaiheet.\u201d Jutun voi lukea ja katsoa <a href=\"http:\/\/www.mtv.fi\/uutiset\/ekstra\/artikkelib\/mannerheim-ihastui-metsastysmajaan-rakennukseen-tiivistyvat-suomen-historian-kiihkeimmat-vaiheet\/5959186\">T\u00c4\u00c4LT\u00c4<\/a>. Artikkelin on kirjoittanut Ilkka Ahtiainen.<\/strong><\/p>\n","protected":false},"excerpt":{"rendered":"<p>MTV:n nettiartikkeli kertoo\u00a0paljon tietoa Marskin mets\u00e4stysmajasta. \u201dMannerheim ihastui mets\u00e4stysmajaan \u2013 rakennukseen tiivistyv\u00e4t Suomen historian kiihkeimm\u00e4t vaiheet.\u201d Jutun voi lukea ja katsoa T\u00c4\u00c4LT\u00c4. Artikkelin on kirjoittanut Ilkka Ahtiainen.<\/p>\n","protected":false},"author":4,"featured_media":0,"comment_status":"closed","ping_status":"open","sticky":false,"template":"","format":"standard","meta":{"ngg_post_thumbnail":0,"_jetpack_newsletter_access":"","_jetpack_dont_email_post_to_subs":false,"_jetpack_newsletter_tier_id":0,"_jetpack_memberships_contains_paywalled_content":false,"_jetpack_memberships_contains_paid_content":false,"footnotes":""},"categories":[26],"tags":[],"class_list":["post-2251","post","type-post","status-publish","format-standard","hentry","category-ajankohtaista"],"jetpack_featured_media_url":"","jetpack_sharing_enabled":true,"jetpack_shortlink":"https:\/\/wp.me\/p72N2f-Aj","_links":{"self":[{"href":"http:\/\/www.rukajarvensuunnanhistoriayhdistys.fi\/rukajarvikeskus\/wp-json\/wp\/v2\/posts\/2251","targetHints":{"allow":["GET"]}}],"collection":[{"href":"http:\/\/www.rukajarvensuunnanhistoriayhdistys.fi\/rukajarvikeskus\/wp-json\/wp\/v2\/posts"}],"about":[{"href":"http:\/\/www.rukajarvensuunnanhistoriayhdistys.fi\/rukajarvikeskus\/wp-json\/wp\/v2\/types\/post"}],"author":[{"embeddable":true,"href":"http:\/\/www.rukajarvensuunnanhistoriayhdistys.fi\/rukajarvikeskus\/wp-json\/wp\/v2\/users\/4"}],"replies":[{"embeddable":true,"href":"http:\/\/www.rukajarvensuunnanhistoriayhdistys.fi\/rukajarvikeskus\/wp-json\/wp\/v2\/comments?post=2251"}],"version-history":[{"count":1,"href":"http:\/\/www.rukajarvensuunnanhistoriayhdistys.fi\/rukajarvikeskus\/wp-json\/wp\/v2\/posts\/2251\/revisions"}],"predecessor-version":[{"id":2252,"href":"http:\/\/www.rukajarvensuunnanhistoriayhdistys.fi\/rukajarvikeskus\/wp-json\/wp\/v2\/posts\/2251\/revisions\/2252"}],"wp:attachment":[{"href":"http:\/\/www.rukajarvensuunnanhistoriayhdistys.fi\/rukajarvikeskus\/wp-json\/wp\/v2\/media?parent=2251"}],"wp:term":[{"taxonomy":"category","embeddable":true,"href":"http:\/\/www.rukajarvensuunnanhistoriayhdistys.fi\/rukajarvikeskus\/wp-json\/wp\/v2\/categories?post=2251"},{"taxonomy":"post_tag","embeddable":true,"href":"http:\/\/www.rukajarvensuunnanhistoriayhdistys.fi\/rukajarvikeskus\/wp-json\/wp\/v2\/tags?post=2251"}],"curies":[{"name":"wp","href":"https:\/\/api.w.org\/{rel}","templated":true}]}}