{"id":2286,"date":"2016-07-10T00:44:00","date_gmt":"2016-07-09T21:44:00","guid":{"rendered":"http:\/\/www.rukajarvensuunnanhistoriayhdistys.fi\/rukajarvikeskus\/?p=2286"},"modified":"2016-07-10T00:44:00","modified_gmt":"2016-07-09T21:44:00","slug":"rukajarven-matkoja-tarjolla-viela-mahtuu","status":"publish","type":"post","link":"http:\/\/www.rukajarvensuunnanhistoriayhdistys.fi\/rukajarvikeskus\/ajankohtaista\/rukajarven-matkoja-tarjolla-viela-mahtuu\/","title":{"rendered":"Rukaj\u00e4rven matkoja tarjolla &#8211; viel\u00e4 mahtuu"},"content":{"rendered":"<div class=\"fcbkbttn_buttons_block\" id=\"fcbkbttn_left\"><div class=\"fcbkbttn_like \"><fb:like href=\"http:\/\/www.rukajarvensuunnanhistoriayhdistys.fi\/rukajarvikeskus\/ajankohtaista\/rukajarven-matkoja-tarjolla-viela-mahtuu\/\" action=\"like\" colorscheme=\"light\" layout=\"button_count\"  size=\"small\"><\/fb:like><\/div><\/div><figure id=\"attachment_2287\" aria-describedby=\"caption-attachment-2287\" style=\"width: 530px\" class=\"wp-caption alignnone\"><a href=\"http:\/\/www.rukajarvensuunnanhistoriayhdistys.fi\/rukajarvikeskus\/wp-content\/uploads\/2016\/07\/WP_20160617_15_28_48_Pro.jpg\"><img loading=\"lazy\" decoding=\"async\" class=\"size-large wp-image-2287\" src=\"http:\/\/www.rukajarvensuunnanhistoriayhdistys.fi\/rukajarvikeskus\/wp-content\/uploads\/2016\/07\/WP_20160617_15_28_48_Pro-1024x576.jpg\" alt=\"&quot;Rukaj\u00e4rven tykki&quot; Rukaj\u00e4rven tien varrella Vansj\u00e4rven rannassa.\" width=\"530\" height=\"298\" srcset=\"http:\/\/www.rukajarvensuunnanhistoriayhdistys.fi\/rukajarvikeskus\/wp-content\/uploads\/2016\/07\/WP_20160617_15_28_48_Pro-1024x576.jpg 1024w, http:\/\/www.rukajarvensuunnanhistoriayhdistys.fi\/rukajarvikeskus\/wp-content\/uploads\/2016\/07\/WP_20160617_15_28_48_Pro-300x169.jpg 300w, http:\/\/www.rukajarvensuunnanhistoriayhdistys.fi\/rukajarvikeskus\/wp-content\/uploads\/2016\/07\/WP_20160617_15_28_48_Pro-768x432.jpg 768w\" sizes=\"auto, (max-width: 530px) 100vw, 530px\" \/><\/a><figcaption id=\"caption-attachment-2287\" class=\"wp-caption-text\">&#8221;Rukaj\u00e4rven tykki&#8221; Rukaj\u00e4rven tien varrella Vansj\u00e4rven rannassa.<\/figcaption><\/figure>\n<p><strong>Rukaj\u00e4rven matkoja tarjolla. <\/strong><\/p>\n<p>Perinteiset matkat toteutunevat ja lis\u00e4ksi Juuan Rukaj\u00e4rven suunnan toimintaryhm\u00e4 j\u00e4rjest\u00e4\u00e4 tutustumismatkan Rukaj\u00e4rven taistelupaikoille 4. \u2013 7.8.2016. Ilmoittautumiset Jouko Brelo, matka-haitari@kolumbus.fi, puh. 0400-337 075.<\/p>\n<p>Matkalle tulee ilmoittautua viimeist\u00e4\u00e4n 15.7.2016 menness\u00e4. Matkalle p\u00e4\u00e4see 30 ensin ilmoittautunutta ja l\u00e4htij\u00f6it\u00e4 tulee olla v\u00e4hint\u00e4\u00e4n 20.<\/p>\n<p>Matkan hinta on 150 \u20ac\/hl\u00f6, + ryhm\u00e4viisumi 70 \u20ac\/hl\u00f6 (mik\u00e4li ei ole omaa viisumia). Matkan hintaan sis\u00e4ltyy kentt\u00e4ruokailu retkip\u00e4ivin\u00e4 (vaihtoehtona; hernekeitto, grillimakkarat, juomana mehu, voileip\u00e4 ja iltap\u00e4iv\u00e4kahvi).<\/p>\n<p>Perill\u00e4 perhemajoitus, jonka hinta on 35 \u20ac\/hl\u00f6, hintaan sis\u00e4ltyy aamupala, illallinen ja sauna. Erikoisuutena toimintaryhm\u00e4 tarjoaa perinnematkailijalle vaihtoehtona majoituksen puolijoukkueteltassa.<\/p>\n<p>Liitteen\u00e4 Juuan toimintaryhm\u00e4n Rukaj\u00e4rven matkan 4. \u2013 7.8.2016 tarkempi ohjelma. Sen voi lukea <a href=\"http:\/\/www.rukajarvensuunnanhistoriayhdistys.fi\/historiayhdistys\/wp-content\/uploads\/2016\/06\/Rukaj\u00e4rven-matkan-ohjelman-luonnos.pdf\"><u><span style=\"color: #6d441c;\">T\u00c4\u00c4LT\u00c4<\/span><\/u><\/a><\/p>\n","protected":false},"excerpt":{"rendered":"<p>Rukaj\u00e4rven matkoja tarjolla. Perinteiset matkat toteutunevat ja lis\u00e4ksi Juuan Rukaj\u00e4rven suunnan toimintaryhm\u00e4 j\u00e4rjest\u00e4\u00e4 tutustumismatkan Rukaj\u00e4rven taistelupaikoille 4. \u2013 7.8.2016. Ilmoittautumiset Jouko Brelo, matka-haitari@kolumbus.fi, puh. 0400-337 075. Matkalle tulee ilmoittautua viimeist\u00e4\u00e4n <a class=\"more-link\" href=\"http:\/\/www.rukajarvensuunnanhistoriayhdistys.fi\/rukajarvikeskus\/ajankohtaista\/rukajarven-matkoja-tarjolla-viela-mahtuu\/\">Lue lis\u00e4\u00e4&#8230;<span class=\"screen-reader-text\">Rukaj\u00e4rven matkoja tarjolla &#8211; viel\u00e4 mahtuu<\/span><span class=\"meta-nav\">\u2192<\/span><\/a><\/p>\n","protected":false},"author":4,"featured_media":2287,"comment_status":"closed","ping_status":"open","sticky":false,"template":"","format":"standard","meta":{"ngg_post_thumbnail":0,"_jetpack_newsletter_access":"","_jetpack_dont_email_post_to_subs":false,"_jetpack_newsletter_tier_id":0,"_jetpack_memberships_contains_paywalled_content":false,"_jetpack_memberships_contains_paid_content":false,"footnotes":""},"categories":[26],"tags":[],"class_list":["post-2286","post","type-post","status-publish","format-standard","has-post-thumbnail","hentry","category-ajankohtaista"],"jetpack_featured_media_url":"http:\/\/www.rukajarvensuunnanhistoriayhdistys.fi\/rukajarvikeskus\/wp-content\/uploads\/2016\/07\/WP_20160617_15_28_48_Pro.jpg","jetpack_sharing_enabled":true,"jetpack_shortlink":"https:\/\/wp.me\/p72N2f-AS","_links":{"self":[{"href":"http:\/\/www.rukajarvensuunnanhistoriayhdistys.fi\/rukajarvikeskus\/wp-json\/wp\/v2\/posts\/2286","targetHints":{"allow":["GET"]}}],"collection":[{"href":"http:\/\/www.rukajarvensuunnanhistoriayhdistys.fi\/rukajarvikeskus\/wp-json\/wp\/v2\/posts"}],"about":[{"href":"http:\/\/www.rukajarvensuunnanhistoriayhdistys.fi\/rukajarvikeskus\/wp-json\/wp\/v2\/types\/post"}],"author":[{"embeddable":true,"href":"http:\/\/www.rukajarvensuunnanhistoriayhdistys.fi\/rukajarvikeskus\/wp-json\/wp\/v2\/users\/4"}],"replies":[{"embeddable":true,"href":"http:\/\/www.rukajarvensuunnanhistoriayhdistys.fi\/rukajarvikeskus\/wp-json\/wp\/v2\/comments?post=2286"}],"version-history":[{"count":1,"href":"http:\/\/www.rukajarvensuunnanhistoriayhdistys.fi\/rukajarvikeskus\/wp-json\/wp\/v2\/posts\/2286\/revisions"}],"predecessor-version":[{"id":2288,"href":"http:\/\/www.rukajarvensuunnanhistoriayhdistys.fi\/rukajarvikeskus\/wp-json\/wp\/v2\/posts\/2286\/revisions\/2288"}],"wp:featuredmedia":[{"embeddable":true,"href":"http:\/\/www.rukajarvensuunnanhistoriayhdistys.fi\/rukajarvikeskus\/wp-json\/wp\/v2\/media\/2287"}],"wp:attachment":[{"href":"http:\/\/www.rukajarvensuunnanhistoriayhdistys.fi\/rukajarvikeskus\/wp-json\/wp\/v2\/media?parent=2286"}],"wp:term":[{"taxonomy":"category","embeddable":true,"href":"http:\/\/www.rukajarvensuunnanhistoriayhdistys.fi\/rukajarvikeskus\/wp-json\/wp\/v2\/categories?post=2286"},{"taxonomy":"post_tag","embeddable":true,"href":"http:\/\/www.rukajarvensuunnanhistoriayhdistys.fi\/rukajarvikeskus\/wp-json\/wp\/v2\/tags?post=2286"}],"curies":[{"name":"wp","href":"https:\/\/api.w.org\/{rel}","templated":true}]}}