{"id":2291,"date":"2016-07-16T10:50:30","date_gmt":"2016-07-16T07:50:30","guid":{"rendered":"http:\/\/www.rukajarvensuunnanhistoriayhdistys.fi\/rukajarvikeskus\/?p=2291"},"modified":"2016-07-16T11:13:20","modified_gmt":"2016-07-16T08:13:20","slug":"tarjolla-epookki-tietojarjestelma-koulutusta","status":"publish","type":"post","link":"http:\/\/www.rukajarvensuunnanhistoriayhdistys.fi\/rukajarvikeskus\/ajankohtaista\/tarjolla-epookki-tietojarjestelma-koulutusta\/","title":{"rendered":"Tarjolla Epookki-tietoj\u00e4rjestelm\u00e4 koulutusta"},"content":{"rendered":"<div class=\"fcbkbttn_buttons_block\" id=\"fcbkbttn_left\"><div class=\"fcbkbttn_like \"><fb:like href=\"http:\/\/www.rukajarvensuunnanhistoriayhdistys.fi\/rukajarvikeskus\/ajankohtaista\/tarjolla-epookki-tietojarjestelma-koulutusta\/\" action=\"like\" colorscheme=\"light\" layout=\"button_count\"  size=\"small\"><\/fb:like><\/div><\/div><p>Tarinat talteen &#8211; tarjolla Epookki-tietoj\u00e4rjestelm\u00e4 koulutusta <strong>Iisalmen Rukaj\u00e4rvi-keskuksessa<\/strong> <strong>perjantaina \u00a022.7.2016 klo 15 &#8211; 19, Savonkatu 24.<\/strong><\/p>\n<p>Epookki-tietoj\u00e4rjestelm\u00e4 soveltuu kotiseututy\u00f6h\u00f6n, sotahistorian ja sukututkimuksen tarpeisiin. Voit tallentaa perinnetietoa kotitietokoneeltasi. Voit sanella tarinoitasi video- ja \u00e4\u00e4ninauhalle, voit tallentaa teksti\u00e4 ja valokuvia.<a href=\"http:\/\/www.rukajarvensuunnanhistoriayhdistys.fi\/rukajarvikeskus\/wp-content\/uploads\/2016\/04\/epooq_logo_cmyk-2.jpg\"><img loading=\"lazy\" decoding=\"async\" class=\"alignnone wp-image-2189 size-full\" src=\"http:\/\/www.rukajarvensuunnanhistoriayhdistys.fi\/rukajarvikeskus\/wp-content\/uploads\/2016\/04\/epooq_logo_cmyk-2.jpg\" alt=\"epooq_logo_cmyk (2)\" width=\"1999\" height=\"814\" srcset=\"http:\/\/www.rukajarvensuunnanhistoriayhdistys.fi\/rukajarvikeskus\/wp-content\/uploads\/2016\/04\/epooq_logo_cmyk-2.jpg 1999w, http:\/\/www.rukajarvensuunnanhistoriayhdistys.fi\/rukajarvikeskus\/wp-content\/uploads\/2016\/04\/epooq_logo_cmyk-2-300x122.jpg 300w, http:\/\/www.rukajarvensuunnanhistoriayhdistys.fi\/rukajarvikeskus\/wp-content\/uploads\/2016\/04\/epooq_logo_cmyk-2-768x313.jpg 768w, http:\/\/www.rukajarvensuunnanhistoriayhdistys.fi\/rukajarvikeskus\/wp-content\/uploads\/2016\/04\/epooq_logo_cmyk-2-1024x417.jpg 1024w, http:\/\/www.rukajarvensuunnanhistoriayhdistys.fi\/rukajarvikeskus\/wp-content\/uploads\/2016\/04\/epooq_logo_cmyk-2-980x400.jpg 980w\" sizes=\"auto, (max-width: 1999px) 100vw, 1999px\" \/><\/a><\/p>\n<p>Kannattaa tutustua &#8211; koulutusta kahvikupin hinnalla. J\u00e4rjest\u00e4\u00e4 Rukaj\u00e4rven suunnan historiayhdistys ry. Tervetuloa<strong>.<\/strong> (Lis\u00e4tietoa puheenjohtaja Tenho Tikkanen, puh.040-5408045.)<br \/>\n<strong>Koulutus Lieksan rautatieaseman Rukaj\u00e4rvi-keskuksessa (os. Asema-Aukio 2)<\/strong>25.-30.7.2016 v\u00e4lisen ajan<\/p>\n<p>Lieksan rautatieaseman Rukaj\u00e4rvi-keskuksen n\u00e4yttely avoinna Vaskiviikolla klo 8.00 &#8211; 19.00<\/p>\n<p>N\u00e4yttelyn opastus\u00a0em. v\u00e4lisen\u00e4 aikana t\u00e4ysin\u00a0tunnein ilmainen.<\/p>\n<p><strong>Epookki-tietoj\u00e4rjestelm\u00e4n koulutus Lieksassa<\/strong><\/p>\n<p>25.7.2016 klo 16.00 &#8211; 19.00<\/p>\n<p>26.7.2016 klo 16.00 &#8211; 19.00<\/p>\n<p>27.7.2016 klo 16.00 &#8211; 19.00<\/p>\n<p>28.7.2016 klo 16.00 &#8211; 19.00<\/p>\n<p>29.7.2016 klo 16.00 &#8211; 19.00<\/p>\n<p>30.7.2016 klo 16.00 &#8211; 19.00<\/p>\n<figure id=\"attachment_1905\" aria-describedby=\"caption-attachment-1905\" style=\"width: 4412px\" class=\"wp-caption alignnone\"><a href=\"http:\/\/www.rukajarvensuunnanhistoriayhdistys.fi\/rukajarvikeskus\/wp-content\/uploads\/2015\/06\/DSC00959-Jukolan-motti.jpg\"><img loading=\"lazy\" decoding=\"async\" class=\"wp-image-1905 size-full\" src=\"http:\/\/www.rukajarvensuunnanhistoriayhdistys.fi\/rukajarvikeskus\/wp-content\/uploads\/2015\/06\/DSC00959-Jukolan-motti.jpg\" alt=\"\u2014 Jukolan motti \u2013 pirtti valmis\" width=\"4412\" height=\"2868\" srcset=\"http:\/\/www.rukajarvensuunnanhistoriayhdistys.fi\/rukajarvikeskus\/wp-content\/uploads\/2015\/06\/DSC00959-Jukolan-motti.jpg 4412w, http:\/\/www.rukajarvensuunnanhistoriayhdistys.fi\/rukajarvikeskus\/wp-content\/uploads\/2015\/06\/DSC00959-Jukolan-motti-300x195.jpg 300w, http:\/\/www.rukajarvensuunnanhistoriayhdistys.fi\/rukajarvikeskus\/wp-content\/uploads\/2015\/06\/DSC00959-Jukolan-motti-1024x666.jpg 1024w\" sizes=\"auto, (max-width: 4412px) 100vw, 4412px\" \/><\/a><figcaption id=\"caption-attachment-1905\" class=\"wp-caption-text\">\u2014 Jukolan motti \u2013 Tutustutaan my\u00f6s Jukolan motti -pirttiin, jossa mahdollisuus makkaran paistoon.<\/figcaption><\/figure>\n<p><span style=\"color: #373737; line-height: 115%; font-family: 'Helvetica','sans-serif'; font-size: 12pt;\"><strong>Rukaj\u00e4rven tien opastetut retket em. p\u00e4ivin\u00e4 (25.-29.7.)<\/strong><\/span><span style=\"color: #373737; line-height: 115%; font-family: 'Helvetica','sans-serif'; font-size: 12pt;\">\u00a0klo 19.00 j\u00e4lkeen l\u00e4ht\u00f6 Lieksan rautatieasemalta. Paluu sopimuksen mukaan matka jokaisen matkailijan omalla autolla. Opastus Rukaj\u00e4rven tielle rautatieaseman Rukaj\u00e4rvi-keskuksen n\u00e4yttelylipun lunastaneelle, oppaana puheenjohtaja Tenho Tikkanen.<\/span><\/p>\n","protected":false},"excerpt":{"rendered":"<p>Tarinat talteen &#8211; tarjolla Epookki-tietoj\u00e4rjestelm\u00e4 koulutusta Iisalmen Rukaj\u00e4rvi-keskuksessa perjantaina \u00a022.7.2016 klo 15 &#8211; 19, Savonkatu 24. Epookki-tietoj\u00e4rjestelm\u00e4 soveltuu kotiseututy\u00f6h\u00f6n, sotahistorian ja sukututkimuksen tarpeisiin. Voit tallentaa perinnetietoa kotitietokoneeltasi. Voit sanella tarinoitasi <a class=\"more-link\" href=\"http:\/\/www.rukajarvensuunnanhistoriayhdistys.fi\/rukajarvikeskus\/ajankohtaista\/tarjolla-epookki-tietojarjestelma-koulutusta\/\">Lue lis\u00e4\u00e4&#8230;<span class=\"screen-reader-text\">Tarjolla Epookki-tietoj\u00e4rjestelm\u00e4 koulutusta<\/span><span class=\"meta-nav\">\u2192<\/span><\/a><\/p>\n","protected":false},"author":4,"featured_media":2189,"comment_status":"closed","ping_status":"open","sticky":false,"template":"","format":"standard","meta":{"ngg_post_thumbnail":0,"_jetpack_newsletter_access":"","_jetpack_dont_email_post_to_subs":false,"_jetpack_newsletter_tier_id":0,"_jetpack_memberships_contains_paywalled_content":false,"_jetpack_memberships_contains_paid_content":false,"footnotes":""},"categories":[26],"tags":[],"class_list":["post-2291","post","type-post","status-publish","format-standard","has-post-thumbnail","hentry","category-ajankohtaista"],"jetpack_featured_media_url":"http:\/\/www.rukajarvensuunnanhistoriayhdistys.fi\/rukajarvikeskus\/wp-content\/uploads\/2016\/04\/epooq_logo_cmyk-2.jpg","jetpack_sharing_enabled":true,"jetpack_shortlink":"https:\/\/wp.me\/p72N2f-AX","_links":{"self":[{"href":"http:\/\/www.rukajarvensuunnanhistoriayhdistys.fi\/rukajarvikeskus\/wp-json\/wp\/v2\/posts\/2291","targetHints":{"allow":["GET"]}}],"collection":[{"href":"http:\/\/www.rukajarvensuunnanhistoriayhdistys.fi\/rukajarvikeskus\/wp-json\/wp\/v2\/posts"}],"about":[{"href":"http:\/\/www.rukajarvensuunnanhistoriayhdistys.fi\/rukajarvikeskus\/wp-json\/wp\/v2\/types\/post"}],"author":[{"embeddable":true,"href":"http:\/\/www.rukajarvensuunnanhistoriayhdistys.fi\/rukajarvikeskus\/wp-json\/wp\/v2\/users\/4"}],"replies":[{"embeddable":true,"href":"http:\/\/www.rukajarvensuunnanhistoriayhdistys.fi\/rukajarvikeskus\/wp-json\/wp\/v2\/comments?post=2291"}],"version-history":[{"count":3,"href":"http:\/\/www.rukajarvensuunnanhistoriayhdistys.fi\/rukajarvikeskus\/wp-json\/wp\/v2\/posts\/2291\/revisions"}],"predecessor-version":[{"id":2294,"href":"http:\/\/www.rukajarvensuunnanhistoriayhdistys.fi\/rukajarvikeskus\/wp-json\/wp\/v2\/posts\/2291\/revisions\/2294"}],"wp:featuredmedia":[{"embeddable":true,"href":"http:\/\/www.rukajarvensuunnanhistoriayhdistys.fi\/rukajarvikeskus\/wp-json\/wp\/v2\/media\/2189"}],"wp:attachment":[{"href":"http:\/\/www.rukajarvensuunnanhistoriayhdistys.fi\/rukajarvikeskus\/wp-json\/wp\/v2\/media?parent=2291"}],"wp:term":[{"taxonomy":"category","embeddable":true,"href":"http:\/\/www.rukajarvensuunnanhistoriayhdistys.fi\/rukajarvikeskus\/wp-json\/wp\/v2\/categories?post=2291"},{"taxonomy":"post_tag","embeddable":true,"href":"http:\/\/www.rukajarvensuunnanhistoriayhdistys.fi\/rukajarvikeskus\/wp-json\/wp\/v2\/tags?post=2291"}],"curies":[{"name":"wp","href":"https:\/\/api.w.org\/{rel}","templated":true}]}}