{"id":2545,"date":"2016-12-02T00:30:40","date_gmt":"2016-12-01T21:30:40","guid":{"rendered":"http:\/\/www.rukajarvensuunnanhistoriayhdistys.fi\/rukajarvikeskus\/?p=2545"},"modified":"2016-12-02T07:40:43","modified_gmt":"2016-12-02T04:40:43","slug":"talvisodan-syttymisesta-77-vuotta-muistotilaisuus-30-11-2016-lieksan-kivivaarassa","status":"publish","type":"post","link":"http:\/\/www.rukajarvensuunnanhistoriayhdistys.fi\/rukajarvikeskus\/tapahtumat\/talvisodan-syttymisesta-77-vuotta-muistotilaisuus-30-11-2016-lieksan-kivivaarassa\/","title":{"rendered":"Talvisodan syttymisest\u00e4 77 vuotta &#8211; Muistotilaisuus 30.11.2016 Lieksan Kivivaarassa"},"content":{"rendered":"<div class=\"fcbkbttn_buttons_block\" id=\"fcbkbttn_left\"><div class=\"fcbkbttn_like \"><fb:like href=\"http:\/\/www.rukajarvensuunnanhistoriayhdistys.fi\/rukajarvikeskus\/tapahtumat\/talvisodan-syttymisesta-77-vuotta-muistotilaisuus-30-11-2016-lieksan-kivivaarassa\/\" action=\"like\" colorscheme=\"light\" layout=\"button_count\"  size=\"small\"><\/fb:like><\/div><\/div><p>Talvisodan syttymist\u00e4 muisteltiin Lieksan Kivivaarassa. Aluksi kokoonnuttiin uuden muistomerkin paljastustilaisuuteen. Timo Salmen alullepanema muistomerkki paljastettiin Hattuselkosen tienhaarassa. Tilaisuuden oli j\u00e4rjest\u00e4nyt Lieksan sotahistorian yhteisty\u00f6toimikunta, johon kuuluvat Lieksan kaupunki, Lieksan rajavartioasema, Lieksan ev.lut. seurakunta ja Lieksan Rajakilta ry. Toimikunnan puolesta tilaisuuden avasi Reijo Kortelainen. Timo Salmi, joka oli muistomerkkihankkeen k\u00e4ynnist\u00e4nyt, paljasti Talvisodan ensimm\u00e4isen p\u00e4iv\u00e4n uhrien muistomerkin.<\/p>\n<figure id=\"attachment_2549\" aria-describedby=\"caption-attachment-2549\" style=\"width: 5760px\" class=\"wp-caption alignnone\"><a href=\"http:\/\/www.rukajarvensuunnanhistoriayhdistys.fi\/rukajarvikeskus\/wp-content\/uploads\/2016\/12\/007Talvisotapaiva.jpg\"><img loading=\"lazy\" decoding=\"async\" width=\"5760\" height=\"3840\" class=\"wp-image-2549 size-full\" alt=\"Uuden muistomerkin paljastus k\u00e4ynniss\u00e4. Nuorempi rajamies Onni Voutilainen. Timo Salmi ja vanhempi rajamies Niko Keronen, jonka ukki veteraani Viljo Keronen laski Lieksan rajavartioaseman seppeleen. Kuva Ari Komulainen.\" src=\"http:\/\/www.rukajarvensuunnanhistoriayhdistys.fi\/rukajarvikeskus\/wp-content\/uploads\/2016\/12\/007Talvisotapaiva.jpg\"><\/a><figcaption id=\"caption-attachment-2549\" class=\"wp-caption-text\">Uuden muistomerkin paljastus k\u00e4ynniss\u00e4. Nuorempi rajamies Onni Voutilainen. Timo Salmi ja vanhempi rajamies Niko Keronen, jonka ukki veteraani Viljo Keronen laski Lieksan rajavartioaseman seppeleen. Kuva Ari Komulainen.<\/figcaption><\/figure>\n<p>Uudelle muistomerkille laskivat seppeleen Lieksan rajavartioaseman p\u00e4\u00e4llikk\u00f6 Markku Hassisen johdolla sek\u00e4 uhrien omaisten edustajat.<\/p>\n<figure id=\"attachment_2550\" aria-describedby=\"caption-attachment-2550\" style=\"width: 5306px\" class=\"wp-caption alignnone\"><a href=\"http:\/\/www.rukajarvensuunnanhistoriayhdistys.fi\/rukajarvikeskus\/wp-content\/uploads\/2016\/12\/009Talvisotapaiva.jpg\"><img loading=\"lazy\" decoding=\"async\" width=\"5306\" height=\"3686\" class=\"wp-image-2550 size-full\" alt=\"Seppeleet laskivat Reino Salmi, Riku Salmi sek\u00e4 Lieksan sotaveteraanien puheenjohtaja Seppo Pulkkinen, Lieksan Rajavartioaseman p\u00e4\u00e4llikk\u00f6 kapteeni Markku Hassinen sek\u00e4 veteraani Viljo Keronen. Kuva Ari Komulainen.\" src=\"http:\/\/www.rukajarvensuunnanhistoriayhdistys.fi\/rukajarvikeskus\/wp-content\/uploads\/2016\/12\/009Talvisotapaiva.jpg\"><\/a><figcaption id=\"caption-attachment-2550\" class=\"wp-caption-text\">Seppeleet laskivat Reino Salmi, Riku Salmi sek\u00e4 Lieksan sotaveteraanien puheenjohtaja Seppo Pulkkinen, Lieksan Rajavartioaseman p\u00e4\u00e4llikk\u00f6 kapteeni Markku Hassinen sek\u00e4 veteraani Viljo Keronen. Kuva Ari Komulainen.<\/figcaption><\/figure>\n<figure id=\"attachment_2547\" aria-describedby=\"caption-attachment-2547\" style=\"width: 3681px\" class=\"wp-caption alignnone\"><a href=\"http:\/\/www.rukajarvensuunnanhistoriayhdistys.fi\/rukajarvikeskus\/wp-content\/uploads\/2016\/12\/029Talvisotapaiva.jpg\"><img loading=\"lazy\" decoding=\"async\" width=\"3681\" height=\"3083\" class=\"wp-image-2547 size-full\" alt=\"Hattuselkoseen 30.11.2016 paljastettu muistomerkki.\" src=\"http:\/\/www.rukajarvensuunnanhistoriayhdistys.fi\/rukajarvikeskus\/wp-content\/uploads\/2016\/12\/029Talvisotapaiva.jpg\"><\/a><figcaption id=\"caption-attachment-2547\" class=\"wp-caption-text\">Hattuselkoseen 30.11.2016 paljastettu muistomerkki.<\/figcaption><\/figure>\n<p>Varsinaisen muistopuheen piti rajakapteeni Tauno Oksanen. Tilaisuudessa puhuivat my\u00f6s Lieksan kaupunginvaltuuston puheenjohtaja Ari Marjeta sek\u00e4 my\u00f6s lieksalainen Juhani Ryyn\u00e4nen. Juuasta saakka oli saapunut linja-autollinen vieraita, joiden joukossa oli Rukaj\u00e4rven veteraani Olavi Tiittanen. H\u00e4nen lis\u00e4kseen paikalla oli my\u00f6s toinen veteraani Viljo Keronen.<\/p>\n<figure id=\"attachment_2551\" aria-describedby=\"caption-attachment-2551\" style=\"width: 5760px\" class=\"wp-caption alignnone\"><a href=\"http:\/\/www.rukajarvensuunnanhistoriayhdistys.fi\/rukajarvikeskus\/wp-content\/uploads\/2016\/12\/023Talvisotapaiva.jpg\"><img loading=\"lazy\" decoding=\"async\" width=\"5760\" height=\"3840\" class=\"wp-image-2551 size-full\" alt=\"Muistomerkin paljastuspuheen piti rajakapteeni Tauno Oksanen. Muistomerkill\u00e4 puhui my\u00f6s Lieksan kaupunginvaltuuston puheenjohtaja Ari Marjeta sek\u00e4 lieksalainen Juhani Ryyn\u00e4nen. Kuva Ari Komulainen.\" src=\"http:\/\/www.rukajarvensuunnanhistoriayhdistys.fi\/rukajarvikeskus\/wp-content\/uploads\/2016\/12\/023Talvisotapaiva.jpg\"><\/a><figcaption id=\"caption-attachment-2551\" class=\"wp-caption-text\">Muistomerkin paljastuspuheen piti rajakapteeni Tauno Oksanen. Muistomerkill\u00e4 puhui my\u00f6s Lieksan kaupunginvaltuuston puheenjohtaja Ari Marjeta sek\u00e4 lieksalainen Juhani Ryyn\u00e4nen. Kuva Ari Komulainen.<\/figcaption><\/figure>\n<p>Seppeleen laskun j\u00e4lkeen yleis\u00f6ll\u00e4 oli tilaisuus k\u00e4yd\u00e4 uhrien l\u00f6yt\u00f6paikalla, miss\u00e4 paloi kynttil\u00e4. Osa yleis\u00f6st\u00e4 jatkoi Rukaj\u00e4rven tiet\u00e4 Louhikkom\u00e4en muistomerkille, josta siirryttiin Jukolan motti -pirtille.<\/p>\n<figure id=\"attachment_2548\" aria-describedby=\"caption-attachment-2548\" style=\"width: 3659px\" class=\"wp-caption alignnone\"><a href=\"http:\/\/www.rukajarvensuunnanhistoriayhdistys.fi\/rukajarvikeskus\/wp-content\/uploads\/2016\/12\/032Talvisotapaiva.jpg\"><img loading=\"lazy\" decoding=\"async\" width=\"3659\" height=\"5233\" class=\"wp-image-2548 size-full\" alt=\"Louhikkom\u00e4en muistomerkki\" src=\"http:\/\/www.rukajarvensuunnanhistoriayhdistys.fi\/rukajarvikeskus\/wp-content\/uploads\/2016\/12\/032Talvisotapaiva.jpg\"><\/a><figcaption id=\"caption-attachment-2548\" class=\"wp-caption-text\">Louhikkom\u00e4en muistomerkki<\/figcaption><\/figure>\n<p>Jukolan motti -pirtin tilaisuus alkoi Lieksan Rajakillan kahvitarjoilulla ja yleis\u00f6 saattoi nauttia Raimo Savirannan ja Hannu Huuskosen paistamia makkaroita.<\/p>\n<figure id=\"attachment_2552\" aria-describedby=\"caption-attachment-2552\" style=\"width: 5760px\" class=\"wp-caption alignnone\"><a href=\"http:\/\/www.rukajarvensuunnanhistoriayhdistys.fi\/rukajarvikeskus\/wp-content\/uploads\/2016\/12\/034Talvisotapaiva.jpg\"><img loading=\"lazy\" decoding=\"async\" width=\"5760\" height=\"3840\" class=\"wp-image-2552 size-full\" alt=\"Jukolan motti -pirtti oli tupaten t\u00e4ynn\u00e4. Lieksan Rajakilta tarjosi kahvit ja makkarat. Kuva Ari Komulainen.\" src=\"http:\/\/www.rukajarvensuunnanhistoriayhdistys.fi\/rukajarvikeskus\/wp-content\/uploads\/2016\/12\/034Talvisotapaiva.jpg\"><\/a><figcaption id=\"caption-attachment-2552\" class=\"wp-caption-text\">Jukolan motti -pirtti oli tupaten t\u00e4ynn\u00e4. Lieksan Rajakilta tarjosi kahvit ja makkarat. Kuva Ari Komulainen.<\/figcaption><\/figure>\n<figure id=\"attachment_2558\" aria-describedby=\"caption-attachment-2558\" style=\"width: 4592px\" class=\"wp-caption alignnone\"><a href=\"http:\/\/www.rukajarvensuunnanhistoriayhdistys.fi\/rukajarvikeskus\/wp-content\/uploads\/2016\/12\/DSC03946.jpg\"><img loading=\"lazy\" decoding=\"async\" width=\"4592\" height=\"3056\" class=\"wp-image-2558 size-full\" alt=\"Etualalla Osmo Kukkonen, jonka k\u00e4sialaa oli sek\u00e4 muistomerkille lasketun seppeleen valmistaminen. Kukkosen tekem\u00e4 seppele laskettiin my\u00f6s Inarin tien muistomerkille samanaikaisesti. Toisen seppeleen oli valmistanut hienopuusepp\u00e4 Timo Salmi. Kuvassa my\u00f6s Ari Marjeta ja Hannu Huuskonen.\" src=\"http:\/\/www.rukajarvensuunnanhistoriayhdistys.fi\/rukajarvikeskus\/wp-content\/uploads\/2016\/12\/DSC03946.jpg\"><\/a><figcaption id=\"caption-attachment-2558\" class=\"wp-caption-text\">Etualalla Osmo Kukkonen, jonka k\u00e4sialaa oli muistomerkille lasketun seppeleen valmistaminen. Kukkosen tekem\u00e4 seppele laskettiin my\u00f6s Inarin tien muistomerkille samanaikaisesti. Toisen seppeleen oli valmistanut hienopuusepp\u00e4 Timo Salmi. Kuvassa my\u00f6s Ari Marjeta ja Hannu Huuskonen.<\/figcaption><\/figure>\n<p>Tilaisuudessa kuultiin rajakapteeni Esko Kuitusen perusteellinen kuvaus sodan ensimm\u00e4isen p\u00e4iv\u00e4n uhreista, Louhikkom\u00e4est\u00e4 l\u00f6ydetyst\u00e4 Juhana V. Ohtosesta (30 v.) sek\u00e4 Hattuselkosen pihapiirist\u00e4 l\u00f6ytyneist\u00e4 Pekka Partasesta 36 v. ja Elias S. Salmesta (13 v.).<\/p>\n<figure id=\"attachment_2560\" aria-describedby=\"caption-attachment-2560\" style=\"width: 4592px\" class=\"wp-caption alignnone\"><a href=\"http:\/\/www.rukajarvensuunnanhistoriayhdistys.fi\/rukajarvikeskus\/wp-content\/uploads\/2016\/12\/DSC03955-Kuitunen-Esko.jpg\"><img loading=\"lazy\" decoding=\"async\" width=\"4592\" height=\"3056\" class=\"wp-image-2560 size-full\" alt=\"Kivivaaran suunnan ensimm\u00e4isen p\u00e4iv\u00e4n uhrit oli Esko Kuitusen juhlap\u00e4iv\u00e4n esitelm\u00e4n aiheena.\" src=\"http:\/\/www.rukajarvensuunnanhistoriayhdistys.fi\/rukajarvikeskus\/wp-content\/uploads\/2016\/12\/DSC03955-Kuitunen-Esko.jpg\"><\/a><figcaption id=\"caption-attachment-2560\" class=\"wp-caption-text\">Kivivaaran suunnan ensimm\u00e4isen p\u00e4iv\u00e4n uhrit oli Esko Kuitusen juhlap\u00e4iv\u00e4n esitelm\u00e4n aiheena.<\/figcaption><\/figure>\n<p>Rajakapteeni Tauno Oksasen esitelm\u00e4 k\u00e4sitteli aluksi yleisesti Talvisodan taisteluita sek\u00e4 yksityiskohtaisemmin Kuhmon ja Lieksan alueella k\u00e4ytyj\u00e4 taisteluita. Yhten\u00e4 erikoisuutena tuli esille se, ett\u00e4 aivan sodan alussa vangiksi joutuneen upseerin hallusta l\u00f6ytyi vihollisen yksityiskohtainen suunnitelma Suomen valtaamisesta sek\u00e4 suunnitelmaan liittyv\u00e4t kartat. Oksanen k\u00e4sitteli erikseen my\u00f6s taisteluita Lieksan Kivivaaran suunnalla, josta vihollisen joukot oli ajettu omalle puolelleen jouluun 1939 menness\u00e4.<\/p>\n<figure id=\"attachment_2561\" aria-describedby=\"caption-attachment-2561\" style=\"width: 4592px\" class=\"wp-caption alignnone\"><a href=\"http:\/\/www.rukajarvensuunnanhistoriayhdistys.fi\/rukajarvikeskus\/wp-content\/uploads\/2016\/12\/DSC03956-Oksanen-Tauno.jpg\"><img loading=\"lazy\" decoding=\"async\" width=\"4592\" height=\"3056\" class=\"wp-image-2561 size-full\" alt=\"Jukolan Motti -pirtiss\u00e4 Tauno Oksasen esitelm\u00e4 k\u00e4sitteli Talvisotaa Kivivaaran suunnalla.\" src=\"http:\/\/www.rukajarvensuunnanhistoriayhdistys.fi\/rukajarvikeskus\/wp-content\/uploads\/2016\/12\/DSC03956-Oksanen-Tauno.jpg\"><\/a><figcaption id=\"caption-attachment-2561\" class=\"wp-caption-text\">Jukolan Motti -pirtiss\u00e4 Tauno Oksasen esitelm\u00e4 k\u00e4sitteli Talvisotaa Kivivaaran suunnalla.<\/figcaption><\/figure>\n<p><strong>Lieksan Lehden Antti-patsaan luovuttaminen<\/strong><\/p>\n<p>Jukolan motissa pidetyn tilaisuuden lopuksi Lieksan Lehti luovutti Antti-patsaan. Ensimm\u00e4isen suomenkielisen sanomalehden julkaisijan <strong>Antti Lizeliuksen<\/strong> kunniaksi jaetaan vuosittain valtakunnallinen, maakunnallinen ja paikallinen Antti-patsas taholle, joka edist\u00e4\u00e4 kiitett\u00e4v\u00e4sti alueensa hyvinvointia ja kulttuuria. Palkintoa on jaettu vuodesta 1981 alkaen.<\/p>\n<p>T\u00e4m\u00e4n vuoden paikallisen Antti-patsaan sai Rukaj\u00e4rven suunnan historiayhdistyksen puheenjohtaja <strong>Tenho Tikkanen<\/strong>, joka vastaanotti palkinnon <em>Lieksan Lehden<\/em> p\u00e4\u00e4toimittaja <strong>Marja M\u00f6ls\u00e4lt\u00e4<\/strong>.<\/p>\n<p>Luovutuspuheessaan p\u00e4\u00e4toimittaja M\u00f6ls\u00e4 perusteli valintaa ja lausui mm: &#8221;Tenho Tikkanen on tuonut viime vuosien aikana Lieksan alueen sotahistoriaa esille runsain mitoin. Muutama vuosi sitten Tikkasella oli visio, jota h\u00e4n l\u00e4hti sinnikk\u00e4\u00e4sti toteuttamaan. Ty\u00f6ll\u00e4\u00e4n h\u00e4n on avannut ikkunoita, joista meid\u00e4n on helppo n\u00e4hd\u00e4, millaiset tapahtumat ovat ravistelleet t\u00e4t\u00e4 aluetta ja kansakuntaamme&#8221;.<\/p>\n<p>P\u00e4\u00e4toimittaja M\u00f6ls\u00e4n mukaan Tikkasen kokemuksen, n\u00e4kemyksen ja uskalluksen kautta Lieksaan on saatu Rukaj\u00e4rvi-keskus ja Jukolan motin tukikohta, joiden vetovoima kokoaa Lieksaan vuosi vuodelta enemm\u00e4n sotahistoriasta kiinnostuneita turisteja.<\/p>\n<figure id=\"attachment_2554\" aria-describedby=\"caption-attachment-2554\" style=\"width: 4945px\" class=\"wp-caption alignnone\"><a href=\"http:\/\/www.rukajarvensuunnanhistoriayhdistys.fi\/rukajarvikeskus\/wp-content\/uploads\/2016\/12\/048Talvisotapaiva.jpg\"><img loading=\"lazy\" decoding=\"async\" width=\"4945\" height=\"3408\" class=\"wp-image-2554 size-full\" alt=\"T\u00e4m\u00e4n vuoden paikallisen Antti-patsaan sai Rukaj\u00e4rven suunnan historiayhdistyksen puheenjohtaja Tenho Tikkanen, joka vastaanotti palkinnon Lieksan Lehden p\u00e4\u00e4toimittaja Marja M\u00f6ls\u00e4lt\u00e4. Kuva Ari Komulainen.\" src=\"http:\/\/www.rukajarvensuunnanhistoriayhdistys.fi\/rukajarvikeskus\/wp-content\/uploads\/2016\/12\/048Talvisotapaiva.jpg\"><\/a><figcaption id=\"caption-attachment-2554\" class=\"wp-caption-text\">T\u00e4m\u00e4n vuoden paikallisen Antti-patsaan sai Rukaj\u00e4rven suunnan historiayhdistyksen puheenjohtaja Tenho Tikkanen, joka vastaanotti palkinnon Lieksan Lehden p\u00e4\u00e4toimittaja Marja M\u00f6ls\u00e4lt\u00e4. Kuva Ari Komulainen.<\/figcaption><\/figure>\n<p>Julkaisemme seuraavaksi Tikkasen kolmiosaisen kiitospuheen kokonaisuudessaan. Sen voi lukea <a href=\"http:\/\/www.rukajarvensuunnanhistoriayhdistys.fi\/historiayhdistys\/wp-content\/uploads\/2016\/12\/Kiitos-puhe-Tenho-Tikkanen-30-11-2016.pdf\"><u><span style=\"color: rgb(109, 68, 28);\">T\u00c4\u00c4LT\u00c4<\/span><\/u><\/a>. Tikkanen viittasi puheessaan Jukolan motti -pirtin rakentamiseen vuoden 2014 lopulla, josta voi lukea yhteisty\u00f6kumppaneitten sek\u00e4&nbsp;kyl\u00e4yhdistyksen j\u00e4senten toiminnasta ja mm. nimelt\u00e4 mainittujen puheenjohtaja Heikki Turusen ja Raimo Savirannan&nbsp; osalta loka- marraskuulla 2014 julkaistuista artikkeleista sek\u00e4 &nbsp;Ari Marjetan osalta <a href=\"http:\/\/www.rukajarvensuunnanhistoriayhdistys.fi\/historiayhdistys\/onkohan-tanaan-jukolan-motissa-lakkahilloa-tarjolla\/\"><u><span style=\"color: rgb(109, 68, 28);\">T\u00c4\u00c4LT\u00c41<\/span><\/u><\/a>, Maija Riikosen osalta <a href=\"http:\/\/www.rukajarvensuunnanhistoriayhdistys.fi\/historiayhdistys\/jukolan-motissa-tanaan-valmistaudutaan-viikonloppuun\/\"><u><span style=\"color: rgb(109, 68, 28);\">T\u00c4\u00c4LT\u00c42<\/span><\/u><\/a> ja Sulo Eskelisen osalta&nbsp;<a href=\"http:\/\/www.rukajarvensuunnanhistoriayhdistys.fi\/historiayhdistys\/kota-harjassa\/\"><u><span style=\"color: rgb(109, 68, 28);\">T\u00c4\u00c4LT\u00c43<\/span><\/u><\/a>. Katso my\u00f6s Lieksan Rukaj\u00e4rvi-keskuksen avajaiset 1.7.2013 <a href=\"https:\/\/www.youtube.com\/watch?v=F2L3xIZ5g64\"><u><span style=\"color: rgb(109, 68, 28);\">T\u00c4\u00c4LT\u00c4<\/span><\/u><\/a>.<br \/>\n<strong>Haaste otettiin vastaan<\/strong><\/p>\n<p>Lieksan kaupunginvaltuuston puheenjohtaja Ari Marjeta sek\u00e4 paikalla olleet Lieksan kaupunginhallituksen edustajat Maija Riikonen ja Sulo Eskelinen ilmoittivat ottavansa Rukaj\u00e4rven suunnan historiayhdistyksen haasteen vastaan ja pyydetty neuvottelutilaisuus tullaan kutsumaan koolle mahdollisimman pian.<\/p>\n<figure id=\"attachment_2555\" aria-describedby=\"caption-attachment-2555\" style=\"width: 5029px\" class=\"wp-caption alignnone\"><a href=\"http:\/\/www.rukajarvensuunnanhistoriayhdistys.fi\/rukajarvikeskus\/wp-content\/uploads\/2016\/12\/051Talvisotapaiva.jpg\"><img loading=\"lazy\" decoding=\"async\" width=\"5029\" height=\"3620\" class=\"wp-image-2555 size-full\" alt=\"Lieksan kaupunginvaltuuston puheenjohtaja Ari Marjeta otti haasteen vastaan ja piti tilaisuudessa l\u00e4mminhenkisen puheenvuoron. Lieksan kaupungin korkeimman johdon edustajat ovat osallistuneen Jukolan motti -pirtin talkoot\u00f6ihin. Paikalla olivat Ari Marjetan lis\u00e4ksi, my\u00f6s kaupunginhallituksen j\u00e4senet Sulo Eskelinen ja Maija Riikonen jopa perheenj\u00e4sentens\u00e4 kanssa. Kuva Ari Komulainen.\" src=\"http:\/\/www.rukajarvensuunnanhistoriayhdistys.fi\/rukajarvikeskus\/wp-content\/uploads\/2016\/12\/051Talvisotapaiva.jpg\"><\/a><figcaption id=\"caption-attachment-2555\" class=\"wp-caption-text\">Lieksan kaupunginvaltuuston puheenjohtaja Ari Marjeta otti haasteen vastaan ja piti tilaisuudessa l\u00e4mminhenkisen puheenvuoron. Lieksan kaupungin korkeimman johdon edustajat ovat osallistuneen Jukolan motti -pirtin talkoot\u00f6ihin. Paikalla olivat Ari Marjetan lis\u00e4ksi, my\u00f6s kaupunginhallituksen j\u00e4senet Sulo Eskelinen ja Maija Riikonen jopa perheenj\u00e4sentens\u00e4 kanssa. Kuva Ari Komulainen.<\/figcaption><\/figure>\n<p>Tilaisuuden p\u00e4\u00e4t\u00f6ssanat lausui paikalla oleva ainoa veteraani, Olavi Tiittanen. Tiittanen muisteli l\u00e4hes tarkalleen 72 vuoden takaisia aikoja, jolloin h\u00e4n Jatkosodan jo p\u00e4\u00e4tytty\u00e4 oli sijoitettuna &#8221;juuri -t\u00e4nne Jukolan motin ymp\u00e4rist\u00f6\u00f6n&#8221; kentt\u00e4varustelut\u00f6ihin. Tiittanen hauskuutti yleis\u00f6\u00e4 mielenkiintoisella esityksell\u00e4\u00e4n, mik\u00e4 yleis\u00f6n taholta palkittiin raikuvin suosionosoituksin.<\/p>\n<figure id=\"attachment_2556\" aria-describedby=\"caption-attachment-2556\" style=\"width: 5619px\" class=\"wp-caption alignnone\"><a href=\"http:\/\/www.rukajarvensuunnanhistoriayhdistys.fi\/rukajarvikeskus\/wp-content\/uploads\/2016\/12\/052Talvisotapaiva.jpg\"><img loading=\"lazy\" decoding=\"async\" width=\"5619\" height=\"3651\" class=\"wp-image-2556 size-full\" alt=\"Jukolan motti -pirtin tilaisuuteen osallistunut ainut veteraani Olavi Tiittanen (94 v.) muisteli 72 vuoden takaista Jukolan motissa vietetty\u00e4 aselevon j\u00e4lkeist\u00e4 aikaa.\" src=\"http:\/\/www.rukajarvensuunnanhistoriayhdistys.fi\/rukajarvikeskus\/wp-content\/uploads\/2016\/12\/052Talvisotapaiva.jpg\"><\/a><figcaption id=\"caption-attachment-2556\" class=\"wp-caption-text\">Jukolan motti -pirtin tilaisuuteen osallistunut ainut veteraani Olavi Tiittanen (94 v.) muisteli 72 vuoden takaista Jukolan motissa vietetty\u00e4 aselevon j\u00e4lkeist\u00e4 aikaa.<\/figcaption><\/figure>\n<figure id=\"attachment_2553\" aria-describedby=\"caption-attachment-2553\" style=\"width: 5245px\" class=\"wp-caption alignnone\"><a href=\"http:\/\/www.rukajarvensuunnanhistoriayhdistys.fi\/rukajarvikeskus\/wp-content\/uploads\/2016\/12\/038Talvisotapaiva.jpg\"><img loading=\"lazy\" decoding=\"async\" width=\"5245\" height=\"3545\" class=\"wp-image-2553 size-full\" alt=\"Jukolan motti -pirtin tilaisuuteen osallistui Juuasta saapunut Rukaj\u00e4rven veteraani Olavi Tiittanen. Tilaisuudessa kuultiin Esko Kuitusen ja Tauno Oksasen esitelm\u00e4t. Tilaisuuden juontajana toimi Reijo Kortelainen. Kuva Ari Komulainen.\" src=\"http:\/\/www.rukajarvensuunnanhistoriayhdistys.fi\/rukajarvikeskus\/wp-content\/uploads\/2016\/12\/038Talvisotapaiva.jpg\"><\/a><figcaption id=\"caption-attachment-2553\" class=\"wp-caption-text\">Jukolan motti -pirtin tilaisuuteen osallistui Juuasta saapunut Rukaj\u00e4rven veteraani Olavi Tiittanen. Tilaisuudessa kuultiin Esko Kuitusen ja Tauno Oksasen esitelm\u00e4t. Tilaisuuden juontajana toimi Reijo Kortelainen. Kuva Ari Komulainen.<\/figcaption><\/figure>\n<p><strong>Kuvia tilaisuudesta:<\/strong><\/p>\n<figure id=\"attachment_2559\" aria-describedby=\"caption-attachment-2559\" style=\"width: 4592px\" class=\"wp-caption alignnone\"><a href=\"http:\/\/www.rukajarvensuunnanhistoriayhdistys.fi\/rukajarvikeskus\/wp-content\/uploads\/2016\/12\/DSC03949.jpg\"><img loading=\"lazy\" decoding=\"async\" width=\"4592\" height=\"3056\" class=\"wp-image-2559 size-full\" alt=\"Mauri M\u00f6nkk\u00f6nen on uutterimpia talkoomiehi\u00e4 Jukolan motti -pirtin ty\u00f6maalla., kuten my\u00f6s h\u00e4nen sisarensa Pirkko. Mauri M\u00f6nkk\u00f6nen on selvitt\u00e4nyt Jukolan motin sodanaikaista toimintaa.\" src=\"http:\/\/www.rukajarvensuunnanhistoriayhdistys.fi\/rukajarvikeskus\/wp-content\/uploads\/2016\/12\/DSC03949.jpg\"><\/a><figcaption id=\"caption-attachment-2559\" class=\"wp-caption-text\">Mauri M\u00f6nkk\u00f6nen on uutterimpia talkoomiehi\u00e4 Jukolan motti -pirtin ty\u00f6maalla., kuten my\u00f6s h\u00e4nen sisarensa Pirkko. Mauri M\u00f6nkk\u00f6nen on selvitt\u00e4nyt Jukolan motin sodanaikaista toimintaa.<\/figcaption><\/figure>\n<figure id=\"attachment_2558\" aria-describedby=\"caption-attachment-2558\" style=\"width: 4592px\" class=\"wp-caption alignnone\"><a href=\"http:\/\/www.rukajarvensuunnanhistoriayhdistys.fi\/rukajarvikeskus\/wp-content\/uploads\/2016\/12\/DSC03946.jpg\"><img loading=\"lazy\" decoding=\"async\" width=\"4592\" height=\"3056\" class=\"wp-image-2558 size-full\" alt=\"Etualalla Osmo Kukkonen, jonka k\u00e4sialaa oli sek\u00e4 muistomerkille lasketun seppeleen valmistaminen. Kukkosen tekem\u00e4 seppele laskettiin my\u00f6s Inarin tien muistomerkille samanaikaisesti. Toisen seppeleen oli valmistanut hienopuusepp\u00e4 Timo Salmi. Kuvassa my\u00f6s Ari Marjeta ja Hannu Huuskonen.\" src=\"http:\/\/www.rukajarvensuunnanhistoriayhdistys.fi\/rukajarvikeskus\/wp-content\/uploads\/2016\/12\/DSC03946.jpg\"><\/a><figcaption id=\"caption-attachment-2558\" class=\"wp-caption-text\">Etualalla Osmo Kukkonen, jonka k\u00e4sialaa oli sek\u00e4 muistomerkille lasketun seppeleen valmistaminen. Kukkosen tekem\u00e4 seppele laskettiin my\u00f6s Inarin tien muistomerkille samanaikaisesti. Toisen seppeleen oli valmistanut hienopuusepp\u00e4 Timo Salmi. Kuvassa my\u00f6s Ari Marjeta ja Hannu Huuskonen.<\/figcaption><\/figure>\n<p><span style='line-height: 115%; font-family: \"Arial\",\"sans-serif\"; font-size: 12pt;'>Juuasta oli saapunut tilaisuuteen kokonainen linja-autollinen v\u00e4ke\u00e4. He tutustuivat samalla Rukaj\u00e4rven tien ja my\u00f6s Lieksan Talvisodan kohteisiin Hein\u00e4joen mottia my\u00f6ten Tauno Oksasen opastuksella. Lopulta he saapuivat my\u00f6s Lieksan Rukaj\u00e4rvi-keskukseen, jossa heit\u00e4 oli vastaanottamassa Lieksan kaupunginhallituksen j\u00e4sen Sulo Eskelinen. P\u00e4iv\u00e4n aikana satoi reilusti lunta, josta syyst\u00e4 keskuksen raput puhdistettiin. Sulo Eskelinen ty\u00f6n touhussa.<\/span><\/p>\n<figure id=\"attachment_2562\" aria-describedby=\"caption-attachment-2562\" style=\"width: 3072px\" class=\"wp-caption alignnone\"><a href=\"http:\/\/www.rukajarvensuunnanhistoriayhdistys.fi\/rukajarvikeskus\/wp-content\/uploads\/2016\/12\/WP_20161130_13_19_32_Pro-Sulo-Eskelinen.jpg\"><img loading=\"lazy\" decoding=\"async\" width=\"3072\" height=\"1728\" class=\"wp-image-2562 size-full\" alt=\"Sulo Eskelinen\" src=\"http:\/\/www.rukajarvensuunnanhistoriayhdistys.fi\/rukajarvikeskus\/wp-content\/uploads\/2016\/12\/WP_20161130_13_19_32_Pro-Sulo-Eskelinen.jpg\"><\/a><figcaption id=\"caption-attachment-2562\" class=\"wp-caption-text\">Sulo Eskelinen<\/figcaption><\/figure>\n","protected":false},"excerpt":{"rendered":"<p>Talvisodan syttymist\u00e4 muisteltiin Lieksan Kivivaarassa. Aluksi kokoonnuttiin uuden muistomerkin paljastustilaisuuteen. Timo Salmen alullepanema muistomerkki paljastettiin Hattuselkosen tienhaarassa. Tilaisuuden oli j\u00e4rjest\u00e4nyt Lieksan sotahistorian yhteisty\u00f6toimikunta, johon kuuluvat Lieksan kaupunki, Lieksan rajavartioasema, Lieksan <a class=\"more-link\" href=\"http:\/\/www.rukajarvensuunnanhistoriayhdistys.fi\/rukajarvikeskus\/tapahtumat\/talvisodan-syttymisesta-77-vuotta-muistotilaisuus-30-11-2016-lieksan-kivivaarassa\/\">Lue lis\u00e4\u00e4&#8230;<span class=\"screen-reader-text\">Talvisodan syttymisest\u00e4 77 vuotta &#8211; Muistotilaisuus 30.11.2016 Lieksan Kivivaarassa<\/span><span class=\"meta-nav\">\u2192<\/span><\/a><\/p>\n","protected":false},"author":4,"featured_media":0,"comment_status":"closed","ping_status":"open","sticky":false,"template":"","format":"standard","meta":{"ngg_post_thumbnail":0,"_jetpack_newsletter_access":"","_jetpack_dont_email_post_to_subs":true,"_jetpack_newsletter_tier_id":0,"_jetpack_memberships_contains_paywalled_content":false,"_jetpack_memberships_contains_paid_content":false,"footnotes":""},"categories":[26,15],"tags":[],"class_list":["post-2545","post","type-post","status-publish","format-standard","hentry","category-ajankohtaista","category-tapahtumat"],"jetpack_featured_media_url":"","jetpack_sharing_enabled":true,"jetpack_shortlink":"https:\/\/wp.me\/p72N2f-F3","_links":{"self":[{"href":"http:\/\/www.rukajarvensuunnanhistoriayhdistys.fi\/rukajarvikeskus\/wp-json\/wp\/v2\/posts\/2545","targetHints":{"allow":["GET"]}}],"collection":[{"href":"http:\/\/www.rukajarvensuunnanhistoriayhdistys.fi\/rukajarvikeskus\/wp-json\/wp\/v2\/posts"}],"about":[{"href":"http:\/\/www.rukajarvensuunnanhistoriayhdistys.fi\/rukajarvikeskus\/wp-json\/wp\/v2\/types\/post"}],"author":[{"embeddable":true,"href":"http:\/\/www.rukajarvensuunnanhistoriayhdistys.fi\/rukajarvikeskus\/wp-json\/wp\/v2\/users\/4"}],"replies":[{"embeddable":true,"href":"http:\/\/www.rukajarvensuunnanhistoriayhdistys.fi\/rukajarvikeskus\/wp-json\/wp\/v2\/comments?post=2545"}],"version-history":[{"count":5,"href":"http:\/\/www.rukajarvensuunnanhistoriayhdistys.fi\/rukajarvikeskus\/wp-json\/wp\/v2\/posts\/2545\/revisions"}],"predecessor-version":[{"id":2571,"href":"http:\/\/www.rukajarvensuunnanhistoriayhdistys.fi\/rukajarvikeskus\/wp-json\/wp\/v2\/posts\/2545\/revisions\/2571"}],"wp:attachment":[{"href":"http:\/\/www.rukajarvensuunnanhistoriayhdistys.fi\/rukajarvikeskus\/wp-json\/wp\/v2\/media?parent=2545"}],"wp:term":[{"taxonomy":"category","embeddable":true,"href":"http:\/\/www.rukajarvensuunnanhistoriayhdistys.fi\/rukajarvikeskus\/wp-json\/wp\/v2\/categories?post=2545"},{"taxonomy":"post_tag","embeddable":true,"href":"http:\/\/www.rukajarvensuunnanhistoriayhdistys.fi\/rukajarvikeskus\/wp-json\/wp\/v2\/tags?post=2545"}],"curies":[{"name":"wp","href":"https:\/\/api.w.org\/{rel}","templated":true}]}}