{"id":2616,"date":"2016-12-24T00:01:18","date_gmt":"2016-12-23T21:01:18","guid":{"rendered":"http:\/\/www.rukajarvensuunnanhistoriayhdistys.fi\/rukajarvikeskus\/?p=2616"},"modified":"2016-12-24T00:52:44","modified_gmt":"2016-12-23T21:52:44","slug":"2616","status":"publish","type":"post","link":"http:\/\/www.rukajarvensuunnanhistoriayhdistys.fi\/rukajarvikeskus\/ajankohtaista\/2616\/","title":{"rendered":"Hyv\u00e4\u00e4 Joulua ja Onnellista Uutta Vuotta"},"content":{"rendered":"<div class=\"fcbkbttn_buttons_block\" id=\"fcbkbttn_left\"><div class=\"fcbkbttn_like \"><fb:like href=\"http:\/\/www.rukajarvensuunnanhistoriayhdistys.fi\/rukajarvikeskus\/ajankohtaista\/2616\/\" action=\"like\" colorscheme=\"light\" layout=\"button_count\"  size=\"small\"><\/fb:like><\/div><\/div><p>Valmistaudumme viett\u00e4m\u00e4\u00e4n 72. rauhanjoulua. Kiitos siit\u00e4 kuuluu veteraaneille ja koko sodank\u00e4yneelle sukupolvelle.<\/p>\n<p>Yhdistyksemme perustajaj\u00e4sen Pentti Perttuli sek\u00e4 h\u00e4nen perheens\u00e4 l\u00e4hettiv\u00e4t yhdistyksellemme oheisen joulutervehdyksen.<\/p>\n<p><a href=\"http:\/\/www.rukajarvensuunnanhistoriayhdistys.fi\/rukajarvikeskus\/wp-content\/uploads\/2016\/12\/CCI23122016_0003.jpg\"><img loading=\"lazy\" decoding=\"async\" width=\"1612\" height=\"2424\" class=\"alignnone wp-image-2618 size-full\" src=\"http:\/\/www.rukajarvensuunnanhistoriayhdistys.fi\/rukajarvikeskus\/wp-content\/uploads\/2016\/12\/CCI23122016_0003.jpg\" srcset=\"http:\/\/www.rukajarvensuunnanhistoriayhdistys.fi\/rukajarvikeskus\/wp-content\/uploads\/2016\/12\/CCI23122016_0003.jpg 1612w, http:\/\/www.rukajarvensuunnanhistoriayhdistys.fi\/rukajarvikeskus\/wp-content\/uploads\/2016\/12\/CCI23122016_0003-300x451.jpg 300w, http:\/\/www.rukajarvensuunnanhistoriayhdistys.fi\/rukajarvikeskus\/wp-content\/uploads\/2016\/12\/CCI23122016_0003-200x300.jpg 200w, http:\/\/www.rukajarvensuunnanhistoriayhdistys.fi\/rukajarvikeskus\/wp-content\/uploads\/2016\/12\/CCI23122016_0003-768x1155.jpg 768w, http:\/\/www.rukajarvensuunnanhistoriayhdistys.fi\/rukajarvikeskus\/wp-content\/uploads\/2016\/12\/CCI23122016_0003-681x1024.jpg 681w\" sizes=\"auto, (max-width: 1612px) 100vw, 1612px\" \/><\/a><\/p>\n<figure id=\"attachment_2617\" aria-describedby=\"caption-attachment-2617\" style=\"width: 1732px\" class=\"wp-caption alignnone\"><a href=\"http:\/\/www.rukajarvensuunnanhistoriayhdistys.fi\/rukajarvikeskus\/wp-content\/uploads\/2016\/12\/CCI23122016_0002.jpg\"><img loading=\"lazy\" decoding=\"async\" width=\"1732\" height=\"2332\" class=\"wp-image-2617 size-full\" src=\"http:\/\/www.rukajarvensuunnanhistoriayhdistys.fi\/rukajarvikeskus\/wp-content\/uploads\/2016\/12\/CCI23122016_0002.jpg\" srcset=\"http:\/\/www.rukajarvensuunnanhistoriayhdistys.fi\/rukajarvikeskus\/wp-content\/uploads\/2016\/12\/CCI23122016_0002.jpg 1732w, http:\/\/www.rukajarvensuunnanhistoriayhdistys.fi\/rukajarvikeskus\/wp-content\/uploads\/2016\/12\/CCI23122016_0002-300x404.jpg 300w, http:\/\/www.rukajarvensuunnanhistoriayhdistys.fi\/rukajarvikeskus\/wp-content\/uploads\/2016\/12\/CCI23122016_0002-223x300.jpg 223w, http:\/\/www.rukajarvensuunnanhistoriayhdistys.fi\/rukajarvikeskus\/wp-content\/uploads\/2016\/12\/CCI23122016_0002-768x1034.jpg 768w, http:\/\/www.rukajarvensuunnanhistoriayhdistys.fi\/rukajarvikeskus\/wp-content\/uploads\/2016\/12\/CCI23122016_0002-761x1024.jpg 761w\" sizes=\"auto, (max-width: 1732px) 100vw, 1732px\" \/><\/a><figcaption id=\"caption-attachment-2617\" class=\"wp-caption-text\">Yhdistyksemme perustajaj\u00e4senen Pentti Perttulin ja h\u00e4nen perheens\u00e4 yhdistyksellemme l\u00e4hett\u00e4m\u00e4 joulutervehdys.<\/figcaption><\/figure>\n<p>Rukaj\u00e4rven suunnan historiayhdistys kiitt\u00e4\u00e4 yhteisty\u00f6st\u00e4 ja toivottaa Perttulin perheen joulutervehdyksen sanoin ja kuvin,<\/p>\n<p>Hyv\u00e4\u00e4 Joulua Ja Onnellista Uutta Vuotta<\/p>\n<p>Olemme yhdistyksemme nettisivuilla aikaisempina vuosina julkaisseet joulutervehdyksi\u00e4 seuraavasti:<\/p>\n<p><strong>Vuoden 2015 joulutervehdyksen voi lukea oheisten linkkien takaa:<\/strong><\/p>\n<p>&nbsp;&#8211; Pentti Perttulin Joulutervehdys <a href=\"http:\/\/www.rukajarvensuunnanhistoriayhdistys.fi\/historiayhdistys\/pian-100-vuotiaan-pentti-perttulin-joulu-rukajarven-rintamalla-1941\/\"><strong>T\u00c4\u00c4LT\u00c4<\/strong><\/a> ja<\/p>\n<p>&nbsp;&#8211; Mikko Bergmanin joulutervehdys <strong><a href=\"http:\/\/www.rukajarvensuunnanhistoriayhdistys.fi\/historiayhdistys\/102-vuotiaan-mikko-bergmanin-marskin-veneentekijan-joulutervehdys\/\">T\u00c4\u00c4LT\u00c4<\/a>.<\/strong><\/p>\n<p><strong>Vuoden 2014 joulutervehdyksen voi lukea <a href=\"http:\/\/www.rukajarvensuunnanhistoriayhdistys.fi\/historiayhdistys\/hyvaa-joulua-ja-onnellista-uutta-vuotta\/\">T\u00c4\u00c4LT\u00c4<\/a>.<\/strong><\/p>\n<p>&#8211; sis\u00e4lt\u00e4\u00e4 mm. Mauri Sariolan vuoden 24.12.1984 joulupakinan sek\u00e4<\/p>\n<p>&#8211; F. E. Sillanp\u00e4\u00e4n joulupakinan vuodelta 1943, mink\u00e4 voi n\u00e4hd\u00e4 <a href=\"http:\/\/yle.fi\/aihe\/artikkeli\/2007\/12\/11\/taatan-joulupakinoita#media=26294\"><strong>T\u00c4\u00c4LT\u00c4.<\/strong><\/a><\/p>\n<p><strong>Vuoden 2013 joulutervehdyksen voi n\u00e4hd\u00e4 <a href=\"http:\/\/www.rukajarvensuunnanhistoriayhdistys.fi\/rukajarvikeskus\/ajankohtaista\/hyvan-joulun-tervehdys-isovanhemmille\/\">T\u00c4\u00c4LT\u00c4<\/a>.<\/strong><\/p>\n","protected":false},"excerpt":{"rendered":"<p>Valmistaudumme viett\u00e4m\u00e4\u00e4n 72. rauhanjoulua. Kiitos siit\u00e4 kuuluu veteraaneille ja koko sodank\u00e4yneelle sukupolvelle. Yhdistyksemme perustajaj\u00e4sen Pentti Perttuli sek\u00e4 h\u00e4nen perheens\u00e4 l\u00e4hettiv\u00e4t yhdistyksellemme oheisen joulutervehdyksen. Rukaj\u00e4rven suunnan historiayhdistys kiitt\u00e4\u00e4 yhteisty\u00f6st\u00e4 ja toivottaa <a class=\"more-link\" href=\"http:\/\/www.rukajarvensuunnanhistoriayhdistys.fi\/rukajarvikeskus\/ajankohtaista\/2616\/\">Lue lis\u00e4\u00e4&#8230;<span class=\"screen-reader-text\">Hyv\u00e4\u00e4 Joulua ja Onnellista Uutta Vuotta<\/span><span class=\"meta-nav\">\u2192<\/span><\/a><\/p>\n","protected":false},"author":4,"featured_media":0,"comment_status":"closed","ping_status":"open","sticky":false,"template":"","format":"standard","meta":{"ngg_post_thumbnail":0,"_jetpack_newsletter_access":"","_jetpack_dont_email_post_to_subs":true,"_jetpack_newsletter_tier_id":0,"_jetpack_memberships_contains_paywalled_content":false,"_jetpack_memberships_contains_paid_content":false,"footnotes":""},"categories":[26],"tags":[],"class_list":["post-2616","post","type-post","status-publish","format-standard","hentry","category-ajankohtaista"],"jetpack_featured_media_url":"","jetpack_sharing_enabled":true,"jetpack_shortlink":"https:\/\/wp.me\/s72N2f-2616","_links":{"self":[{"href":"http:\/\/www.rukajarvensuunnanhistoriayhdistys.fi\/rukajarvikeskus\/wp-json\/wp\/v2\/posts\/2616","targetHints":{"allow":["GET"]}}],"collection":[{"href":"http:\/\/www.rukajarvensuunnanhistoriayhdistys.fi\/rukajarvikeskus\/wp-json\/wp\/v2\/posts"}],"about":[{"href":"http:\/\/www.rukajarvensuunnanhistoriayhdistys.fi\/rukajarvikeskus\/wp-json\/wp\/v2\/types\/post"}],"author":[{"embeddable":true,"href":"http:\/\/www.rukajarvensuunnanhistoriayhdistys.fi\/rukajarvikeskus\/wp-json\/wp\/v2\/users\/4"}],"replies":[{"embeddable":true,"href":"http:\/\/www.rukajarvensuunnanhistoriayhdistys.fi\/rukajarvikeskus\/wp-json\/wp\/v2\/comments?post=2616"}],"version-history":[{"count":4,"href":"http:\/\/www.rukajarvensuunnanhistoriayhdistys.fi\/rukajarvikeskus\/wp-json\/wp\/v2\/posts\/2616\/revisions"}],"predecessor-version":[{"id":2622,"href":"http:\/\/www.rukajarvensuunnanhistoriayhdistys.fi\/rukajarvikeskus\/wp-json\/wp\/v2\/posts\/2616\/revisions\/2622"}],"wp:attachment":[{"href":"http:\/\/www.rukajarvensuunnanhistoriayhdistys.fi\/rukajarvikeskus\/wp-json\/wp\/v2\/media?parent=2616"}],"wp:term":[{"taxonomy":"category","embeddable":true,"href":"http:\/\/www.rukajarvensuunnanhistoriayhdistys.fi\/rukajarvikeskus\/wp-json\/wp\/v2\/categories?post=2616"},{"taxonomy":"post_tag","embeddable":true,"href":"http:\/\/www.rukajarvensuunnanhistoriayhdistys.fi\/rukajarvikeskus\/wp-json\/wp\/v2\/tags?post=2616"}],"curies":[{"name":"wp","href":"https:\/\/api.w.org\/{rel}","templated":true}]}}