{"id":2959,"date":"2017-06-09T10:40:50","date_gmt":"2017-06-09T07:40:50","guid":{"rendered":"http:\/\/www.rukajarvensuunnanhistoriayhdistys.fi\/rukajarvikeskus\/?p=2959"},"modified":"2017-06-09T14:04:48","modified_gmt":"2017-06-09T11:04:48","slug":"sakylan-kirkko-tayttyi-saattelemaan-pentti-perttulia-viimeiselle-matkalle","status":"publish","type":"post","link":"http:\/\/www.rukajarvensuunnanhistoriayhdistys.fi\/rukajarvikeskus\/tapahtumat\/sakylan-kirkko-tayttyi-saattelemaan-pentti-perttulia-viimeiselle-matkalle\/","title":{"rendered":"S\u00e4kyl\u00e4 8.6.2017. Kirkko t\u00e4yttyi Pentti Perttulia saattamaan viimeiselle matkalle"},"content":{"rendered":"<div class=\"fcbkbttn_buttons_block\" id=\"fcbkbttn_left\"><div class=\"fcbkbttn_like \"><fb:like href=\"http:\/\/www.rukajarvensuunnanhistoriayhdistys.fi\/rukajarvikeskus\/tapahtumat\/sakylan-kirkko-tayttyi-saattelemaan-pentti-perttulia-viimeiselle-matkalle\/\" action=\"like\" colorscheme=\"light\" layout=\"button_count\"  size=\"small\"><\/fb:like><\/div><\/div><p>S\u00e4kyl\u00e4n kirkkoon kokoontunut saattov\u00e4ki, omaiset, yst\u00e4v\u00e4t sek\u00e4 yhteis\u00f6jen edustajat saattoivat maanviljelysneuvos Pentti Perttulin viimeiselle matkalle.<\/p>\n<p><a href=\"http:\/\/www.rukajarvensuunnanhistoriayhdistys.fi\/rukajarvikeskus\/wp-content\/uploads\/2017\/06\/A-Perttuli-Pentti-hautajaiset-8-6-2017.jpg\"><img loading=\"lazy\" decoding=\"async\" width=\"3072\" height=\"1728\" class=\"alignnone wp-image-2961 size-full\" alt=\"\" src=\"http:\/\/www.rukajarvensuunnanhistoriayhdistys.fi\/rukajarvikeskus\/wp-content\/uploads\/2017\/06\/A-Perttuli-Pentti-hautajaiset-8-6-2017.jpg\"><\/a><\/p>\n<figure id=\"attachment_2960\" aria-describedby=\"caption-attachment-2960\" style=\"width: 1107px\" class=\"wp-caption alignnone\"><a href=\"http:\/\/www.rukajarvensuunnanhistoriayhdistys.fi\/rukajarvikeskus\/wp-content\/uploads\/2017\/06\/C-Perttuli01-Vanhainen-ja-Eela-2.jpg\"><img loading=\"lazy\" decoding=\"async\" width=\"1107\" height=\"741\" class=\"wp-image-2960 size-full\" alt=\"\" src=\"http:\/\/www.rukajarvensuunnanhistoriayhdistys.fi\/rukajarvikeskus\/wp-content\/uploads\/2017\/06\/C-Perttuli01-Vanhainen-ja-Eela-2.jpg\" srcset=\"http:\/\/www.rukajarvensuunnanhistoriayhdistys.fi\/rukajarvikeskus\/wp-content\/uploads\/2017\/06\/C-Perttuli01-Vanhainen-ja-Eela-2.jpg 1107w, http:\/\/www.rukajarvensuunnanhistoriayhdistys.fi\/rukajarvikeskus\/wp-content\/uploads\/2017\/06\/C-Perttuli01-Vanhainen-ja-Eela-2-300x201.jpg 300w, http:\/\/www.rukajarvensuunnanhistoriayhdistys.fi\/rukajarvikeskus\/wp-content\/uploads\/2017\/06\/C-Perttuli01-Vanhainen-ja-Eela-2-768x514.jpg 768w, http:\/\/www.rukajarvensuunnanhistoriayhdistys.fi\/rukajarvikeskus\/wp-content\/uploads\/2017\/06\/C-Perttuli01-Vanhainen-ja-Eela-2-1024x685.jpg 1024w\" sizes=\"auto, (max-width: 1107px) 100vw, 1107px\" \/><\/a><figcaption id=\"caption-attachment-2960\" class=\"wp-caption-text\">Johtajat Antti Kerttula ja Markku Iivonen sek\u00e4 toimitusjohtaja Juha Vanhainen ja teollisuusneuvos Esko Eela. Siunauksen toimitti S\u00e4kyl\u00e4n&nbsp;kappalainen Ismo Nieminen. Kuva Eemeli Lappalainen.<\/figcaption><\/figure>\n<figure id=\"attachment_2963\" aria-describedby=\"caption-attachment-2963\" style=\"width: 5456px\" class=\"wp-caption alignnone\"><a href=\"http:\/\/www.rukajarvensuunnanhistoriayhdistys.fi\/rukajarvikeskus\/wp-content\/uploads\/2017\/06\/B-Seppeleen-lasku-2-Pentti-Perttuli-Eemeli-Lappalainen.jpg\"><img loading=\"lazy\" decoding=\"async\" width=\"5456\" height=\"3632\" class=\"wp-image-2963 size-full\" alt=\"\" src=\"http:\/\/www.rukajarvensuunnanhistoriayhdistys.fi\/rukajarvikeskus\/wp-content\/uploads\/2017\/06\/B-Seppeleen-lasku-2-Pentti-Perttuli-Eemeli-Lappalainen.jpg\"><\/a><figcaption id=\"caption-attachment-2963\" class=\"wp-caption-text\">Rukaj\u00e4rven suunnan yhteis\u00f6jen yhteisen seppeleen laskivat Martti Soikkeli, Antti Tuuri ja Tenho Tikkanen sek\u00e4 Tauno Oksanen, Ilmari Koppinen, Aila Elo ja Seppo R\u00e4ih\u00e4. Kuva Eemeli Lappalainen.<\/figcaption><\/figure>\n<p>Rukaj\u00e4rven suunnan veteraanien ja yhteis\u00f6jen seppeleen laskivat, Rukaj\u00e4rven veteraani Ilmari Koppinen, historiikkitoimikunnan j\u00e4senet Martti Soikkeli, Antti Tuuri ja Tenho Tikkanen sek\u00e4 Rukaj\u00e4rven suunnan historiayhdistys ry:n hallituksen j\u00e4senet Aila Elo, Tauno Oksanen, Seppo R\u00e4ih\u00e4.<\/p>\n<p>Viimeisin\u00e4 seppeleen laskivat S\u00e4kyl\u00e4n Sotaveteraanit ja S\u00e4kyl\u00e4n Sotainvalidit, jotka paikalle j\u00e4\u00e4den ja saattov\u00e4en noustessa seisomaan hiljentyiv\u00e4t kuulemaan Finlandia-hymnin.<\/p>\n<p>Seppeleen nauhojen tekstit:<\/p>\n<p>Rukaj\u00e4rven suunnan veteraani Pentti Perttulin muistoa kunnioittaen. Historia kirkastaa Is\u00e4nmaalle sykkineen syd\u00e4men kilven.<\/p>\n<p>Rukaj\u00e4rven suunnan veteraaniveljet, Rukaj\u00e4rven suunnan historiikkitoimikunta, Rukaj\u00e4rven suunnan historiayhdistys ry.<br \/>\n<strong>Muistotilaisuudessa muisteltiin Pentti Perttulin el\u00e4m\u00e4nty\u00f6t\u00e4 laajasti.<\/strong><\/p>\n<p><a href=\"http:\/\/www.rukajarvensuunnanhistoriayhdistys.fi\/rukajarvikeskus\/wp-content\/uploads\/2017\/06\/C-Perttuli-Pentti-muistotilaisuus-8-6-2017.jpg\"><img loading=\"lazy\" decoding=\"async\" width=\"3072\" height=\"1728\" class=\"alignnone wp-image-2964 size-full\" alt=\"\" src=\"http:\/\/www.rukajarvensuunnanhistoriayhdistys.fi\/rukajarvikeskus\/wp-content\/uploads\/2017\/06\/C-Perttuli-Pentti-muistotilaisuus-8-6-2017.jpg\"><\/a><\/p>\n<figure id=\"attachment_2965\" aria-describedby=\"caption-attachment-2965\" style=\"width: 3072px\" class=\"wp-caption alignnone\"><a href=\"http:\/\/www.rukajarvensuunnanhistoriayhdistys.fi\/rukajarvikeskus\/wp-content\/uploads\/2017\/06\/C-Perttuli-Pentti-muistotilaisuus-8-6-2017-1.jpg\"><img loading=\"lazy\" decoding=\"async\" width=\"3072\" height=\"1728\" class=\"wp-image-2965 size-full\" alt=\"\" src=\"http:\/\/www.rukajarvensuunnanhistoriayhdistys.fi\/rukajarvikeskus\/wp-content\/uploads\/2017\/06\/C-Perttuli-Pentti-muistotilaisuus-8-6-2017-1.jpg\"><\/a><figcaption id=\"caption-attachment-2965\" class=\"wp-caption-text\">Suomen Marsalkka Mannerheimin Mets\u00e4stysmajan edustajat, kenraalimajuri Sami Sihvo ja everstiluutnantti Matti Ahtiainen.<\/figcaption><\/figure>\n<figure id=\"attachment_2966\" aria-describedby=\"caption-attachment-2966\" style=\"width: 5376px\" class=\"wp-caption alignnone\"><a href=\"http:\/\/www.rukajarvensuunnanhistoriayhdistys.fi\/rukajarvikeskus\/wp-content\/uploads\/2017\/06\/C-Perttuli-Pentti-muistotilaisuus-8-6-2017-2.jpg\"><img loading=\"lazy\" decoding=\"async\" width=\"5376\" height=\"3024\" class=\"wp-image-2966 size-full\" alt=\"\" src=\"http:\/\/www.rukajarvensuunnanhistoriayhdistys.fi\/rukajarvikeskus\/wp-content\/uploads\/2017\/06\/C-Perttuli-Pentti-muistotilaisuus-8-6-2017-2.jpg\"><\/a><figcaption id=\"caption-attachment-2966\" class=\"wp-caption-text\">Rukaj\u00e4rven suunnan historiikkitoimikunnan j\u00e4senet Antti Tuuri ja Martti Soikkeli, Lieksan Rajan edustajat Lieksan Rajavartioaseman nykyinen p\u00e4\u00e4llikk\u00f6 kapteeni Kimmo Vitri ja Lieksan Rajakillan edustajat Ari Komulainen, Reijo Kortelainen (puuttuu kuvasta). Taaempana Laitilan Veljeskoti Onnelan hoitohenkil\u00f6kunnan edustajat Pia Pihlava ja Tuula Maantiehinno.<\/figcaption><\/figure>\n<figure id=\"attachment_2967\" aria-describedby=\"caption-attachment-2967\" style=\"width: 3072px\" class=\"wp-caption alignnone\"><a href=\"http:\/\/www.rukajarvensuunnanhistoriayhdistys.fi\/rukajarvikeskus\/wp-content\/uploads\/2017\/06\/C-Perttuli-Pentti-muistotilaisuus-8-6-2017-3.jpg\"><img loading=\"lazy\" decoding=\"async\" width=\"3072\" height=\"1728\" class=\"wp-image-2967 size-full\" alt=\"\" src=\"http:\/\/www.rukajarvensuunnanhistoriayhdistys.fi\/rukajarvikeskus\/wp-content\/uploads\/2017\/06\/C-Perttuli-Pentti-muistotilaisuus-8-6-2017-3.jpg\"><\/a><figcaption id=\"caption-attachment-2967\" class=\"wp-caption-text\">Rukaj\u00e4rven suunnan historiayhdistyksen edustajia Tauno Oksanen, Aila Elo, Ilmari Koppinen ja Seppo R\u00e4ih\u00e4.<\/figcaption><\/figure>\n<p>Kuvat Tenho Tikkanen.<\/p>\n<p>***<\/p>\n<p><strong>Apetit Oyj:n toimitusjohtaja Juha Vanhaisen puhe.<\/strong><\/p>\n<p><strong>Pentti Perttulin muistoksi<\/strong><\/p>\n<p>Maanviljelysneuvos Pentti Perttuli oli pidetty ja arvostettu toimitusjohtaja L\u00e4nnen Tehtaissa sek\u00e4 sen edelt\u00e4jiss\u00e4 L\u00e4nsi-Suomen Sokeritehdas Oy:ss\u00e4 ja L\u00e4nnen Sokeri Oy:ss\u00e4. H\u00e4nen johdollaan maakuntien viljelij\u00f6iden yhteisest\u00e4 sokeritehtaasta rakennettiin vuosina 1951\u20131981 kansainv\u00e4linen ja menestyv\u00e4 teollisuuskonserni. Pentti Perttulin aikana k\u00e4ynnistetyt liiketoiminnat jatkavat menestyksekk\u00e4\u00e4sti edelleen joko nykyisess\u00e4 Apetit-konsernissa tai muissa merkitt\u00e4viss\u00e4 kotimaisissa ja kansainv\u00e4lisiss\u00e4 yrityksiss\u00e4.<\/p>\n<p>***<\/p>\n<p>Pentti Perttuli ymm\u00e4rsi vahvasti, mist\u00e4 ihmisten ja yritystoiminnan hyvinvointi syntyy. Ihmiset tulivat h\u00e4nelle ensin. Johtajana toimiessaan h\u00e4nell\u00e4 oli tapana tutustua v\u00e4hint\u00e4\u00e4n nimelt\u00e4 jokaiseen ty\u00f6ntekij\u00e4\u00e4ns\u00e4 ja heid\u00e4n perheenj\u00e4seniins\u00e4. Jos hyv\u00e4 mies saatiin perheinens\u00e4 asettumaan S\u00e4kyl\u00e4\u00e4n, oli kaikki voitava teht\u00e4v\u00e4 sen eteen, ett\u00e4 perhe voisi hyvin.<\/p>\n<p>Yhti\u00f6 huolehti ty\u00f6ntekij\u00f6idens\u00e4 asumisen tarpeista kauniin Pyh\u00e4j\u00e4rven rannalla. Perttulin johdolla hankittiin ja kaavoitettiin tehtaan l\u00e4heisyydest\u00e4 suuri maa-alue asuinrakentamiseen. H\u00e4n huolehti, ett\u00e4 perheill\u00e4 on oma talo, jos sellaisesta unelmoivat. Henkil\u00f6st\u00f6n oman rakennustoiminnan kannustaminen oli kaikkien edun mukaista. Arkkitehti teki tyyppipiirustukset taloista ja kuvat annettiin rakentajien k\u00e4ytt\u00f6\u00f6n.<\/p>\n<p>Yhti\u00f6 my\u00f6s tuki henkil\u00f6kunnan rakennushankkeita. Rakentajat ovat saaneet aravalainan lis\u00e4ksi yhti\u00f6n tukemana pankkilainoja, joiden korko oli ajan tasoon suhteutettuna matala. Tontti on huokea ja kunnallistekniikka valmiina sen rajalla. Rakentajat, nuoret perheet rakensivat taloja hartiapankilla. Omakotirakentamiseen kannustaminen oli oikea oivallus. Yhti\u00f6 sai nuorta, yritteli\u00e4st\u00e4 ja pystyv\u00e4\u00e4 v\u00e4ke\u00e4 joka juurtui paikkakunnalle. Kehittyi aivan ihmeellinen yhteenkuuluvuuden henki.<\/p>\n<p>****<\/p>\n<p>Perttuli halusi rakentaa S\u00e4kyl\u00e4\u00e4n kokonaisvaltaisesti hyv\u00e4n tehdasalueen. H\u00e4n huolehtikin alusta l\u00e4htien sen kokonaissuunnittelusta. Oli rakennettava teknisesti hyv\u00e4 ja taloudellisesti kannattava teollisuuslaitos. Tavoitteena yhdyskunta, jossa henkil\u00f6kunnan olisi hyv\u00e4 ty\u00f6skennell\u00e4 ja asua ja jota voisi ylpe\u00e4n\u00e4 esitell\u00e4 vieraille. Perttuli k\u00e4vi kes\u00e4lomallaan katsomassa mallia kymmenien teollisuuslaitosten ymp\u00e4rist\u00f6ratkaisuista. Parhaat opit tuotiin S\u00e4kyl\u00e4\u00e4n.<\/p>\n<p>Suunnittelussa my\u00f6s luonto oli l\u00e4hell\u00e4 toimitusjohtaja Perttulin syd\u00e4nt\u00e4. H\u00e4n suunnittelu yhti\u00f6n varastonhoitaja ja harrastajapuutarhuri Oiva Hulmin kanssa alueen istutukset. Rakennust\u00f6iden j\u00e4lkeen karuksi muuttunut maisema haluttiin kaunistaa niin pian kuin mahdollista. Vaikka perustetun sokeritehtaan rahatilanne oli tiukka, pidettiin ehdottomasti kiinni siit\u00e4, ett\u00e4 joka kev\u00e4t tehdas- ja asuinalueille sek\u00e4 teiden varsille istutettiin tietty m\u00e4\u00e4r\u00e4 lehtipuun taimia. Puita kaadettiin vain mist\u00e4 oli pakko, sill\u00e4 tehdasalueen maisema tiedettiin haavoittuvaiseksi. Kaiken kruunaa vuonna 1956 istutettu vehmas Maakunnantien lehmuskuja jossa on kaksi lehmusta jokaista L\u00e4nsi-Suomen Sokeritehtaan osakaskuntaa kohden.<\/p>\n<p>***<\/p>\n<p>Pentti Perttuli oli kokonaisuuksien n\u00e4kij\u00e4. H\u00e4n vaikutti heti yhti\u00f6n alkuvuosista l\u00e4htien siihen, ett\u00e4 sokeritehdas saataisiin Satakuntaan ja S\u00e4kyl\u00e4\u00e4n. H\u00e4n ymm\u00e4rsi kattavasti viljelij\u00f6iden, omistajien, poliitikkojen, rahoittajien ja asiakkaiden n\u00e4k\u00f6kulmia ja osasi yhdist\u00e4\u00e4 joskus ristiriitaisiakin n\u00e4kemyksi\u00e4 yhteiseksi hyv\u00e4ksi. H\u00e4n pyrki keskusteluun henkil\u00f6kohtaisesti aina kun tarpeen oli ja vaikutti ihmisiin hyvin tiedoin valmistautuneena. Agronomin koulutus ja ty\u00f6kokemus olivat monella tapaa hy\u00f6dyksi kun piti yhdist\u00e4\u00e4 viljelij\u00f6iden ja liiketoiminnan edut.<\/p>\n<p>Perttuli oli my\u00f6s rohkea ja n\u00e4kemyksellinen liiketoiminnan johtaja. Merkitt\u00e4v\u00e4 osa L\u00e4nnen Tehtaiden laajentumisista uusille liiketoiminta-alueille syntyi h\u00e4nen selke\u00e4st\u00e4 ideastaan tai p\u00e4\u00e4t\u00f6ksest\u00e4\u00e4n. H\u00e4n ei kuitenkaan koskaan yritt\u00e4nyt rakentaa maailma valmiiksi yksin\u00e4\u00e4n vaan luotti ryhm\u00e4ty\u00f6n voimaan ja vastuun jakamiseen.<\/p>\n<p>H\u00e4n kuunteli ja arvioi ideoita, asetti ty\u00f6ryhm\u00e4n tai vastuuhenkil\u00f6n selvitt\u00e4m\u00e4\u00e4n lis\u00e4\u00e4 mielenkiintoisesta liiketoiminnasta ja kun aika oli kyps\u00e4, pyysi yhteenvedon ja ehdotuksen koko johtokunnan arvioitavaksi. Asioihin perehdyttiin huolella ja laaja-alaisesti. Kun tietoa oli tarpeeksi, oli p\u00e4\u00e4t\u00f6sten ja toiminnan vuoro. Yhteis\u00f6n etu tuli aina yksil\u00f6n edun edelle.<\/p>\n<p>N\u00e4in syntyi useita onnistuneita laajentumishankkeita konepajaliiketoimintaan, pakaste- ja s\u00e4ilykevalmistukseen sek\u00e4 taimiteknologiaan.&nbsp; Yhti\u00f6 kasvoi, ty\u00f6llisti ja oli kannattava sijoitus suurelta osin paikallisille sijoittajille. Tehtaan taloudellinen vaikutus S\u00e4kyl\u00e4ss\u00e4 ja koko maakunnassa kasvoi merkitt\u00e4v\u00e4ksi ja on sit\u00e4 t\u00e4n\u00e4kin p\u00e4iv\u00e4n\u00e4.<\/p>\n<p>***<\/p>\n<p>Suurin ja merkitt\u00e4vin Pentti Perttulin perinn\u00f6st\u00e4 yhti\u00f6mme n\u00e4k\u00f6kulmasta on niin kutsuttu L\u00e4nnen Henki. Vaikka pian on kulunut seitsem\u00e4nkymment\u00e4 vuotta tehtaan perustamisesta, on henki edelleen l\u00e4sn\u00e4 t\u00e4\u00e4ll\u00e4 S\u00e4kyl\u00e4ss\u00e4.<\/p>\n<p>Aikalaiset ovat kertoneet, ett\u00e4 L\u00e4nnen Henki oli erityisesti ensimm\u00e4isten toimintavuosien perint\u00f6\u00e4. Kaikki auttoivat toinen toisiaan, koska jokainen tunsi, ett\u00e4 yrityksen onnistuminen riippuu jokaisen ty\u00f6panoksesta. Jos naapurilla oli vaikeuksia, h\u00e4nen avukseen mentiin, koska yhteinen hyv\u00e4 oli kysymyksess\u00e4. Oltiin uudisraivaajia. Opiskeltiin j\u00e4lleenrakennuksen aikana aivan uusiin ammatteihin.<\/p>\n<p>Kun onnistuttiin, vahvistui my\u00f6s usko siihen, ett\u00e4 koko yritys voi onnistua ja ett\u00e4 siit\u00e4 syntyy pysyv\u00e4 ty\u00f6paikka. T\u00e4m\u00e4 varmuus antoi useimmille rohkeutta ryhty\u00e4 oman kodin rakentamiseen ja perheen perustamiseen.&nbsp; Pentti Perttulin tiedet\u00e4\u00e4n kertoneen, ett\u00e4 t\u00e4m\u00e4 kaikki oli mahdollista siksi, ett\u00e4 yhti\u00f6 sai heti alun alkaen hengelt\u00e4\u00e4n hyv\u00e4\u00e4 ja asiallista v\u00e4ke\u00e4.<\/p>\n<p>***<br \/>\nPentti Perttulin vaikutus nykyiseen Apetitiin on korvaamaton ja sit\u00e4 on mahdotonta tavoittaa lyhyeen yhteenvetoon. H\u00e4nen el\u00e4m\u00e4nty\u00f6ns\u00e4 tulokset n\u00e4kyv\u00e4t niin monin tavoin satakuntalaisessa el\u00e4m\u00e4ss\u00e4 ja suomalaisten ruokap\u00f6ydiss\u00e4, joissa sy\u00f6d\u00e4\u00e4n laadukasta ja hyv\u00e4lt\u00e4 maistuvaa Satakunnassa viljelty\u00e4 ja valmistettua kotimaista ruokaa. Sokeritehtaan tulo toi huomisen koko maakuntaan.<\/p>\n<p>L\u00e4nnen Tehtaat Oy:n vaakunakilven tunnuslause on Audere et Vincere, suomeksi Uskaltaa ja voittaa. Pentti Perttulin perint\u00f6 el\u00e4k\u00f6\u00f6n t\u00e4ss\u00e4 tunnuslauseessa.<\/p>\n<p>Yhti\u00f6mme ja henkil\u00f6kuntamme kunnioittaa sotiemme veteraanin, pitk\u00e4aikaisen toimitusjohtajamme Pentti Perttulin muistoa.<\/p>\n<p>S\u00e4kyl\u00e4ss\u00e4 8.6.2017<\/p>\n<p>Juha Vanhainen Toimitusjohtaja<\/p>\n<p>Apetit Oyj<br \/>\nRukaj\u00e4rven suunnan historiayhdistyksen puheenjohtaja Tenho Tikkasen puheen voi lukea <a href=\"http:\/\/www.rukajarvensuunnanhistoriayhdistys.fi\/rukajarvikeskus\/wp-content\/uploads\/2017\/06\/Tenho-Tikkanen-8-6-2017-Pentti-Perttuli-muistotilaqisuus.pdf\">T\u00c4\u00c4LT\u00c4<\/a>:<\/p>\n","protected":false},"excerpt":{"rendered":"<p>S\u00e4kyl\u00e4n kirkkoon kokoontunut saattov\u00e4ki, omaiset, yst\u00e4v\u00e4t sek\u00e4 yhteis\u00f6jen edustajat saattoivat maanviljelysneuvos Pentti Perttulin viimeiselle matkalle. Rukaj\u00e4rven suunnan veteraanien ja yhteis\u00f6jen seppeleen laskivat, Rukaj\u00e4rven veteraani Ilmari Koppinen, historiikkitoimikunnan j\u00e4senet Martti Soikkeli, <a class=\"more-link\" href=\"http:\/\/www.rukajarvensuunnanhistoriayhdistys.fi\/rukajarvikeskus\/tapahtumat\/sakylan-kirkko-tayttyi-saattelemaan-pentti-perttulia-viimeiselle-matkalle\/\">Lue lis\u00e4\u00e4&#8230;<span class=\"screen-reader-text\">S\u00e4kyl\u00e4 8.6.2017. Kirkko t\u00e4yttyi Pentti Perttulia saattamaan viimeiselle matkalle<\/span><span class=\"meta-nav\">\u2192<\/span><\/a><\/p>\n","protected":false},"author":4,"featured_media":0,"comment_status":"closed","ping_status":"open","sticky":false,"template":"","format":"standard","meta":{"ngg_post_thumbnail":0,"_jetpack_newsletter_access":"","_jetpack_dont_email_post_to_subs":false,"_jetpack_newsletter_tier_id":0,"_jetpack_memberships_contains_paywalled_content":false,"_jetpack_memberships_contains_paid_content":false,"footnotes":""},"categories":[26,32,15],"tags":[],"class_list":["post-2959","post","type-post","status-publish","format-standard","hentry","category-ajankohtaista","category-historiayhdistys","category-tapahtumat"],"jetpack_featured_media_url":"","jetpack_sharing_enabled":true,"jetpack_shortlink":"https:\/\/wp.me\/p72N2f-LJ","_links":{"self":[{"href":"http:\/\/www.rukajarvensuunnanhistoriayhdistys.fi\/rukajarvikeskus\/wp-json\/wp\/v2\/posts\/2959","targetHints":{"allow":["GET"]}}],"collection":[{"href":"http:\/\/www.rukajarvensuunnanhistoriayhdistys.fi\/rukajarvikeskus\/wp-json\/wp\/v2\/posts"}],"about":[{"href":"http:\/\/www.rukajarvensuunnanhistoriayhdistys.fi\/rukajarvikeskus\/wp-json\/wp\/v2\/types\/post"}],"author":[{"embeddable":true,"href":"http:\/\/www.rukajarvensuunnanhistoriayhdistys.fi\/rukajarvikeskus\/wp-json\/wp\/v2\/users\/4"}],"replies":[{"embeddable":true,"href":"http:\/\/www.rukajarvensuunnanhistoriayhdistys.fi\/rukajarvikeskus\/wp-json\/wp\/v2\/comments?post=2959"}],"version-history":[{"count":5,"href":"http:\/\/www.rukajarvensuunnanhistoriayhdistys.fi\/rukajarvikeskus\/wp-json\/wp\/v2\/posts\/2959\/revisions"}],"predecessor-version":[{"id":2995,"href":"http:\/\/www.rukajarvensuunnanhistoriayhdistys.fi\/rukajarvikeskus\/wp-json\/wp\/v2\/posts\/2959\/revisions\/2995"}],"wp:attachment":[{"href":"http:\/\/www.rukajarvensuunnanhistoriayhdistys.fi\/rukajarvikeskus\/wp-json\/wp\/v2\/media?parent=2959"}],"wp:term":[{"taxonomy":"category","embeddable":true,"href":"http:\/\/www.rukajarvensuunnanhistoriayhdistys.fi\/rukajarvikeskus\/wp-json\/wp\/v2\/categories?post=2959"},{"taxonomy":"post_tag","embeddable":true,"href":"http:\/\/www.rukajarvensuunnanhistoriayhdistys.fi\/rukajarvikeskus\/wp-json\/wp\/v2\/tags?post=2959"}],"curies":[{"name":"wp","href":"https:\/\/api.w.org\/{rel}","templated":true}]}}