{"id":3330,"date":"2017-12-05T09:00:20","date_gmt":"2017-12-05T06:00:20","guid":{"rendered":"http:\/\/www.rukajarvensuunnanhistoriayhdistys.fi\/rukajarvikeskus\/?p=3330"},"modified":"2017-12-05T00:12:12","modified_gmt":"2017-12-04T21:12:12","slug":"tenho-tikkanen-5-12-2017-suomen-itsenaisyystie-on-todellinen-sankaritarina","status":"publish","type":"post","link":"http:\/\/www.rukajarvensuunnanhistoriayhdistys.fi\/rukajarvikeskus\/tapahtumat\/tenho-tikkanen-5-12-2017-suomen-itsenaisyystie-on-todellinen-sankaritarina\/","title":{"rendered":"Tenho Tikkanen 5.12.2017: Suomen itsen\u00e4isyystie on todellinen SANKARITARINA."},"content":{"rendered":"<div class=\"fcbkbttn_buttons_block\" id=\"fcbkbttn_left\"><div class=\"fcbkbttn_like \"><fb:like href=\"http:\/\/www.rukajarvensuunnanhistoriayhdistys.fi\/rukajarvikeskus\/tapahtumat\/tenho-tikkanen-5-12-2017-suomen-itsenaisyystie-on-todellinen-sankaritarina\/\" action=\"like\" colorscheme=\"light\" layout=\"button_count\"  size=\"small\"><\/fb:like><\/div><\/div><p>Savon ammatti- ja aikuisopisto ja Yl\u00e4-Savon ammattiopisto<\/p>\n<p>Iisalmen Sankarniemen hautausmaa, 5.12.2017 klo 9.00<\/p>\n<figure id=\"attachment_1676\" aria-describedby=\"caption-attachment-1676\" style=\"width: 1754px\" class=\"wp-caption alignnone\"><a href=\"http:\/\/www.rukajarvensuunnanhistoriayhdistys.fi\/rukajarvikeskus\/wp-content\/uploads\/2014\/12\/Sankariniemi.jpg\"><img loading=\"lazy\" decoding=\"async\" class=\"size-full wp-image-1676\" src=\"http:\/\/www.rukajarvensuunnanhistoriayhdistys.fi\/rukajarvikeskus\/wp-content\/uploads\/2014\/12\/Sankariniemi.jpg\" alt=\"\" width=\"1754\" height=\"1240\" srcset=\"http:\/\/www.rukajarvensuunnanhistoriayhdistys.fi\/rukajarvikeskus\/wp-content\/uploads\/2014\/12\/Sankariniemi.jpg 1754w, http:\/\/www.rukajarvensuunnanhistoriayhdistys.fi\/rukajarvikeskus\/wp-content\/uploads\/2014\/12\/Sankariniemi-300x212.jpg 300w, http:\/\/www.rukajarvensuunnanhistoriayhdistys.fi\/rukajarvikeskus\/wp-content\/uploads\/2014\/12\/Sankariniemi-1024x723.jpg 1024w\" sizes=\"auto, (max-width: 1754px) 100vw, 1754px\" \/><\/a><figcaption id=\"caption-attachment-1676\" class=\"wp-caption-text\">Oppilaitten kynttil\u00e4t sytytettiin Talvi &#8211; ja Jatkosodassa kaatuneitten v. 1939 &#8211; 1945 muistomerkille. Sen on suunnitellut arkkitehti Hannu Puurunen. Muistomerkit sijaitsevat kauniilla paikalla aivan Paloisvirran rannalla.<\/figcaption><\/figure>\n<p><a href=\"http:\/\/www.rukajarvensuunnanhistoriayhdistys.fi\/rukajarvikeskus\/wp-content\/uploads\/2016\/12\/WP_20161202_08_55_12_Pro.jpg\"><img loading=\"lazy\" decoding=\"async\" class=\"alignnone size-full wp-image-2573\" src=\"http:\/\/www.rukajarvensuunnanhistoriayhdistys.fi\/rukajarvikeskus\/wp-content\/uploads\/2016\/12\/WP_20161202_08_55_12_Pro.jpg\" alt=\"\" width=\"3072\" height=\"1728\"><\/a><\/p>\n<p>Rukaj\u00e4rven suunnan historiayhdistys ry:n puheenjohtaja Tenho Tikkanen puhe<\/p>\n<p><strong>Arvoisat nuoret, hyv\u00e4t opettajat.<\/strong><\/p>\n<p>T\u00e4ll\u00e4 historiallisella paikalla Iisalmen Sankarniemell\u00e4, viime sodissa kaatuneitten vainajien muistomerkin juurella, voimme t\u00e4n\u00e4 vuonna juhlia maamme Itsen\u00e4isyyden 100-vuotisp\u00e4iv\u00e4\u00e4.<\/p>\n<p>Kuluvana vuonna olemme paneutuneet kansakuntana suurin joukoin syv\u00e4llisesti maamme historiaan. Suomen itsen\u00e4isyystie on todellinen SANKARITARINA. Kuitenkin tapahtumat, jotka edelsiv\u00e4t maamme itsen\u00e4isyytt\u00e4, tahtovat monesti unohtua.<\/p>\n<p>Meit\u00e4 edelt\u00e4v\u00e4t sukupolvet ovat uutteroineet, tehneet ty\u00f6t\u00e4 kansamme hyvinvoinnin eteen. Viime sodat ja sotakorvausten maksu ovat tuoreessa muistissa. N\u00e4m\u00e4 olivat suurin kansakuntamme yhten\u00e4isyytt\u00e4 ja itsen\u00e4isyytt\u00e4 lujittava tekij\u00e4.<\/p>\n<p>Itsen\u00e4isyytemme perusta luotiin 1800-luvun lopulla. Suomen markan k\u00e4ytt\u00f6\u00f6notto 1860, (markan is\u00e4 J.V. Snellman 12.5.1806 &#8211; 4.7.1881), samoin kuin suomenkielisen sanomalehdist\u00f6n, koululaitoksen ja nuorisoliikkeen perustaminen olivat t\u00e4ll\u00f6in merkitt\u00e4vi\u00e4 tekij\u00f6it\u00e4. T\u00e4ss\u00e4 Yl\u00e4-Savon talonpoikaisv\u00e4est\u00f6 oli suomalaisen kansallisuusaatteen k\u00e4rjess\u00e4. Kiuruvedelt\u00e4 &#8211; syrj\u00e4pit\u00e4j\u00e4st\u00e4 kotoisin olevat veljekset, professori Paavo Tikkanen (2.3.1823-7.3.1873) ja h\u00e4nen veljens\u00e4, valtiop\u00e4iv\u00e4mies Heikki Tikkanen (17.2.1829-20.5.1915) olivat perustamassa ensimm\u00e4ist\u00e4 suomenkielist\u00e4 sanomalehte\u00e4. Talonpoikainen sivistyneist\u00f6 oli alullepanemassa maamme itsen\u00e4istymist\u00e4 rauhanomaisin keinoin. Muistaa sopii, ett\u00e4 itsen\u00e4isyytemme alkumetreill\u00e4 t\u00e4\u00e4ll\u00e4 Yl\u00e4-Savossa ristiriidat yhteiskunnassa olivat maamme v\u00e4h\u00e4isimm\u00e4t. Viime sodassa kotiseutumme miehet, jotka olivat p\u00e4\u00e4osin talonpoikia, olivat puolustusvoimiemme vahvinta k\u00e4rke\u00e4 ja he taistelivat joukoissa, jotka ainoana yksikk\u00f6n\u00e4 s\u00e4ilyttiv\u00e4t hy\u00f6kk\u00e4ysvaiheessa saavutetut asemat sodan loppuun saakka koko Mustalta merelt\u00e4 J\u00e4\u00e4merelle ulottuvalla rintamaosuudella.<\/p>\n<p>Itsen\u00e4isyyteen liittyy keskeisen\u00e4 tekij\u00e4n\u00e4 sananvapaus, oma lains\u00e4\u00e4d\u00e4nt\u00f6valta ja mm.&nbsp; omat puolustusvoimat, joita meid\u00e4n tulee edelleen kehitt\u00e4\u00e4.<\/p>\n<p>Me emme saa unohtaa maamme itsen\u00e4isyyden hyv\u00e4ksi ty\u00f6t\u00e4 tehneit\u00e4 kulttuurivaikuttajia, nuorisoseuraliikkeen ja koulutusj\u00e4rjestelm\u00e4mme luojia, kuten kansalliskirjailijoitamme Aleksis Kive\u00e4, Juhani Ahoa, Eino Leinoa, Minna Canthia ja heid\u00e4n edelt\u00e4ji\u00e4\u00e4n, Johan Ludvig Runebergia sek\u00e4 Elias L\u00f6nnrothia samoin kuin J.V. Snellmania ja Jean Sibeliusta.&nbsp; Heid\u00e4n lis\u00e4kseen tarvittiin monia muita ty\u00f6ss\u00e4 maamme hyv\u00e4ksi jo ennen varsinaista itsen\u00e4isyysjulistusta. Kulttuurihenkil\u00f6iden ty\u00f6 loi vahvat yhteydet ulkovaltoihin, koska kulttuuri levi\u00e4 yli rajojen. Kulttuuri ei tunnista valtion rajoja &#8211; ja sen kautta tieto levi\u00e4, vaikkei se palvelisi vallanpit\u00e4jien tavoitteita.<\/p>\n<p>Tiedotusv\u00e4lineill\u00e4 on yhteiskunnassa suuri vastuu. Niiden ei tule kiinnitt\u00e4\u00e4 huomiota ep\u00e4olennaiseen, kun kysymyksess\u00e4 on valtakunnan yhteinen etu.<\/p>\n<p>Kuluvana vuonna olen kuullut k\u00e4ytetyn maamme itsen\u00e4isyydest\u00e4 useita hyvi\u00e4 puheenvuoroja, joista muutama esimerkki. Nuoren irakilaisen tyt\u00f6n kirjoitus, jota lainaan: &#8221;Muistan iltoja, jolloin itkin ja rukoilin, ett\u00e4 meillekin tulisi samanlainen vapaus kuin Suomessa. N\u00e4iden surujen vuoksi lapsuuteni oli raskas. Ihminen ei ikin\u00e4 ole kiitollinen siit\u00e4, mit\u00e4 h\u00e4nell\u00e4 on. Vasta menetetty\u00e4\u00e4n jotain, tajuaa sen arvon&#8230;<\/p>\n<p>H\u00e4n jatkoi: Monet suomalaiset ovat tukeneet meit\u00e4 t\u00e4m\u00e4n matkan aikana. Suomi antoi meille turvan, jota oma kotimaani ei pystynyt antamaan. Olen kiitollinen, koska Suomi on ollut minulle niin hyv\u00e4, ett\u00e4 joskus unohdan, ett\u00e4 t\u00e4m\u00e4 ei ole synnyinmaani. <em>Shabnam Momeni (12 luokkalainen). Todella koskettavaa puhetta nuorelta ihmiselt\u00e4.<\/em><\/p>\n<p>Toinen esimerkkini on t\u00e4tini tytt\u00e4ren Anu Estakari-Vanhatalon viimeisess\u00e4 Sotainvalidi-lehdess\u00e4 julkaistu haastattelu. Siin\u00e4 h\u00e4n pit\u00e4\u00e4 k\u00e4dess\u00e4\u00e4n is\u00e4ns\u00e4 puujalkaa ja kertoo is\u00e4ns\u00e4 sotakokemuksista. Suomalaisia haavoittui viime sodissa kaikkiaan n. 200.000 sotilasta ja noin puolelle vamma j\u00e4i pysyv\u00e4ksi. Kaatuneita oli yli 100.000. Monien viimep\u00e4ivin\u00e4 julkaistujen tutkimusten mukaan useat sotilaat saivat pysyv\u00e4n vamman, mill\u00e4 oli suuri vaikutus heid\u00e4n l\u00e4hipiiriins\u00e4.<\/p>\n<p>Rukaj\u00e4rven suunnan historiayhdistyksen perustajaj\u00e4senen Ermei Kannisen muistoseminaarissa entinen puolustusvoimain komentaja, sotiemme veteraani, kenraali Jaakko Valtanen totesi mm: &#8221;El\u00e4m\u00e4nty\u00f6mme j\u00e4lki\u00e4 ei kenenk\u00e4\u00e4n tarvitse siivota!&#8221;<\/p>\n<p>Olen esitt\u00e4nyt Jaakko Valtaselle syd\u00e4melliset kiitokset h\u00e4nen ja koko h\u00e4nen sukupolvensa uhrautuvasta ty\u00f6st\u00e4 maamme hyv\u00e4ksi. Jokaisen tulee toimia samoin kuin arvostetun puolustusvoimien komentajan.<\/p>\n<p>Itsen\u00e4isyyteen kuuluu keskeisesti sananvapaus, mik\u00e4 on tarkoitettu k\u00e4ytett\u00e4v\u00e4ksi yhteiseksi hyv\u00e4ksi. Viisaus ei asu yhdess\u00e4 paikassa, joten ennen p\u00e4\u00e4t\u00f6ksi\u00e4 tarvitaan vapaata keskustelua. Yhteiskunnassa on vaara sortua tilanteeseen, josta yst\u00e4v\u00e4ni Timo Ristim\u00e4ki varoittaa Otollinen Aika-lehden kirjoituksessaan: &#8221;Kun kaikki ajattelevat kuin johtaja, ei monikaan ajattele&#8230;&#8221;.<\/p>\n<p>Hyv\u00e4t nuoret. Olkaa rohkeita ja oma-aloitteisia teht\u00e4viss\u00e4nne. Tulevaisuuden uskoa on. Vaikka m\u00e4\u00e4r\u00e4rahat ovat v\u00e4hiss\u00e4, oikealla asenteella ja hyv\u00e4ll\u00e4 tahdolla sek\u00e4 koulutuksella voidaan korvata m\u00e4\u00e4r\u00e4rahojen puuttuminen. T\u00e4st\u00e4 esimerkkin\u00e4 voin mainita 96-vuotiaan \u00e4itini hoitopaikassaan saaman hyv\u00e4n huolenpidon, johon my\u00f6s liki 102-vuotias veteraani-is\u00e4ni on hyvin tyytyv\u00e4inen.<\/p>\n<p>Maamme ei olisi saavuttanut itsen\u00e4isyytt\u00e4\u00e4n, ellei eri tahoilla olisi ollut voimakkaita vaikuttajia, lahjakkaita ja tahdoltaan vilpitt\u00f6mi\u00e4 kansalaisia. Aina on l\u00f6ytynyt henkil\u00f6it\u00e4, joilla on ollut tuo suvaitsevan aatteellisen johtajan jumalainen lahja: hengen hehkuva nuoruus ja peruskallion luja, hetkeksik\u00e4\u00e4n horjahtamaton usko hyv\u00e4n, siis yhteisen hyv\u00e4n lopulliseen voittoon.<\/p>\n<p>P\u00e4\u00e4t\u00e4n puheeni Suomen suurmiehen Puolustusvoimain Ylip\u00e4\u00e4llik\u00f6n 22.9.1944 antaman p\u00e4iv\u00e4k\u00e4skyn viimeisen kappaleen sanoin: &#8221;Tietoisina siit\u00e4, ett\u00e4 olette t\u00e4ytt\u00e4neet velvollisuutenne, palaatte Te v\u00e4hitellen kotiinne rauhan ty\u00f6saroille. Olen vakuuttunut, ett\u00e4 tartutte n\u00e4ihin toimiinne samalla tarmolla, antaumuksella ja itsekurilla, jonka olen oppinut Teiss\u00e4 tuntemaan sotapolullanne ja jota Teiss\u00e4 aina olen ihaillut. Vakaa pyrkimyksemme olkoon rauhan toimin kohottaa maamme uuteen koko kansaamme kohdistuvaan kukoistukseen vilpitt\u00f6miss\u00e4 ja yst\u00e4v\u00e4llisiss\u00e4 suhteissa naapurimaihimme.<\/p>\n<p>Jumala Suomea suojelkoon!&nbsp; Suomen Marsalkka Mannerheim.<\/p>\n<p>Hyv\u00e4t juhlavieraat&nbsp; toivotan Teille onnea opinnoissanne ja tulevassa ty\u00f6ss\u00e4nne yhteisen is\u00e4nmaamme hyv\u00e4ksi ja toivotan luottavaista ja tulevaisuudenuskoista asennetta satavuotiaan is\u00e4nmaamme rakennusty\u00f6ss\u00e4.<\/p>\n","protected":false},"excerpt":{"rendered":"<p>Savon ammatti- ja aikuisopisto ja Yl\u00e4-Savon ammattiopisto Iisalmen Sankarniemen hautausmaa, 5.12.2017 klo 9.00 Rukaj\u00e4rven suunnan historiayhdistys ry:n puheenjohtaja Tenho Tikkanen puhe Arvoisat nuoret, hyv\u00e4t opettajat. T\u00e4ll\u00e4 historiallisella paikalla Iisalmen Sankarniemell\u00e4, <a class=\"more-link\" href=\"http:\/\/www.rukajarvensuunnanhistoriayhdistys.fi\/rukajarvikeskus\/tapahtumat\/tenho-tikkanen-5-12-2017-suomen-itsenaisyystie-on-todellinen-sankaritarina\/\">Lue lis\u00e4\u00e4&#8230;<span class=\"screen-reader-text\">Tenho Tikkanen 5.12.2017: Suomen itsen\u00e4isyystie on todellinen SANKARITARINA.<\/span><span class=\"meta-nav\">\u2192<\/span><\/a><\/p>\n","protected":false},"author":4,"featured_media":0,"comment_status":"closed","ping_status":"open","sticky":false,"template":"","format":"standard","meta":{"ngg_post_thumbnail":0,"_jetpack_newsletter_access":"","_jetpack_dont_email_post_to_subs":false,"_jetpack_newsletter_tier_id":0,"_jetpack_memberships_contains_paywalled_content":false,"_jetpack_memberships_contains_paid_content":false,"footnotes":""},"categories":[26,32,15],"tags":[],"class_list":["post-3330","post","type-post","status-publish","format-standard","hentry","category-ajankohtaista","category-historiayhdistys","category-tapahtumat"],"jetpack_featured_media_url":"","jetpack_sharing_enabled":true,"jetpack_shortlink":"https:\/\/wp.me\/p72N2f-RI","_links":{"self":[{"href":"http:\/\/www.rukajarvensuunnanhistoriayhdistys.fi\/rukajarvikeskus\/wp-json\/wp\/v2\/posts\/3330","targetHints":{"allow":["GET"]}}],"collection":[{"href":"http:\/\/www.rukajarvensuunnanhistoriayhdistys.fi\/rukajarvikeskus\/wp-json\/wp\/v2\/posts"}],"about":[{"href":"http:\/\/www.rukajarvensuunnanhistoriayhdistys.fi\/rukajarvikeskus\/wp-json\/wp\/v2\/types\/post"}],"author":[{"embeddable":true,"href":"http:\/\/www.rukajarvensuunnanhistoriayhdistys.fi\/rukajarvikeskus\/wp-json\/wp\/v2\/users\/4"}],"replies":[{"embeddable":true,"href":"http:\/\/www.rukajarvensuunnanhistoriayhdistys.fi\/rukajarvikeskus\/wp-json\/wp\/v2\/comments?post=3330"}],"version-history":[{"count":3,"href":"http:\/\/www.rukajarvensuunnanhistoriayhdistys.fi\/rukajarvikeskus\/wp-json\/wp\/v2\/posts\/3330\/revisions"}],"predecessor-version":[{"id":3333,"href":"http:\/\/www.rukajarvensuunnanhistoriayhdistys.fi\/rukajarvikeskus\/wp-json\/wp\/v2\/posts\/3330\/revisions\/3333"}],"wp:attachment":[{"href":"http:\/\/www.rukajarvensuunnanhistoriayhdistys.fi\/rukajarvikeskus\/wp-json\/wp\/v2\/media?parent=3330"}],"wp:term":[{"taxonomy":"category","embeddable":true,"href":"http:\/\/www.rukajarvensuunnanhistoriayhdistys.fi\/rukajarvikeskus\/wp-json\/wp\/v2\/categories?post=3330"},{"taxonomy":"post_tag","embeddable":true,"href":"http:\/\/www.rukajarvensuunnanhistoriayhdistys.fi\/rukajarvikeskus\/wp-json\/wp\/v2\/tags?post=3330"}],"curies":[{"name":"wp","href":"https:\/\/api.w.org\/{rel}","templated":true}]}}