{"id":3334,"date":"2017-12-08T11:46:03","date_gmt":"2017-12-08T08:46:03","guid":{"rendered":"http:\/\/www.rukajarvensuunnanhistoriayhdistys.fi\/rukajarvikeskus\/?p=3334"},"modified":"2017-12-08T13:26:12","modified_gmt":"2017-12-08T10:26:12","slug":"rukajarven-suunta-esilla-itsenaisyyspaivana","status":"publish","type":"post","link":"http:\/\/www.rukajarvensuunnanhistoriayhdistys.fi\/rukajarvikeskus\/tapahtumat\/rukajarven-suunta-esilla-itsenaisyyspaivana\/","title":{"rendered":"Rukaj\u00e4rven suunta esill\u00e4 itsen\u00e4isyysp\u00e4iv\u00e4n\u00e4."},"content":{"rendered":"<div class=\"fcbkbttn_buttons_block\" id=\"fcbkbttn_left\"><div class=\"fcbkbttn_like \"><fb:like href=\"http:\/\/www.rukajarvensuunnanhistoriayhdistys.fi\/rukajarvikeskus\/tapahtumat\/rukajarven-suunta-esilla-itsenaisyyspaivana\/\" action=\"like\" colorscheme=\"light\" layout=\"button_count\"  size=\"small\"><\/fb:like><\/div><\/div><p>&nbsp;<\/p>\n<p>Itsen\u00e4isyysp\u00e4iv\u00e4n juhlat olivat menestystarina kaikkialla koko maapallolla. Linnanjuhlat t\u00e4n\u00e4kin vuonna ker\u00e4si enn\u00e4tysyleis\u00f6n 2,78 milj. katsojaa.<\/p>\n<p>Runsaasta juhlatarjonnasta huolimatta riitti v\u00e4ke\u00e4 my\u00f6s Rukaj\u00e4rven suunnan tilaisuuksiin.<\/p>\n<p>Itsen\u00e4isyysp\u00e4iv\u00e4n Tasavallan presidentin kutsuille oli kutsuttu t\u00e4n\u00e4 vuonna Rukaj\u00e4rven suunnan veteraaneista ainakin Veli Merentie sek\u00e4 Viljo Rantonen, joka ei p\u00e4\u00e4ssyt osallistumaan juhliin.<\/p>\n<p>Seuraavassa muutamia valokuvia Suomen 100-vuotisp\u00e4iv\u00e4n tapahtumista, joissa yhdistyksemme oli mukana.<\/p>\n<p>Kiitos kaikille talkoolaisille &#8211; yhdess\u00e4 tehden jatkamme ty\u00f6t\u00e4 yhteisen is\u00e4nmaan hyv\u00e4ksi.<\/p>\n<p>Tulkaa mukaan viel\u00e4 sek\u00e4 Iisalmen 8.12. ett\u00e4 Lieksan 9.12. ja 12.12. tilaisuuksiin, joista on lis\u00e4tietoa n\u00e4ill\u00e4 nettisivuillamme.<\/p>\n<p><strong>Hyv\u00e4n Joulun toivotuksin.<\/strong><\/p>\n<figure id=\"attachment_3338\" aria-describedby=\"caption-attachment-3338\" style=\"width: 1440px\" class=\"wp-caption alignnone\"><a href=\"http:\/\/www.rukajarvensuunnanhistoriayhdistys.fi\/rukajarvikeskus\/wp-content\/uploads\/2017\/12\/Raapanan-hauta-6-12-2017-Maria-Kolari.jpg\"><img loading=\"lazy\" decoding=\"async\" class=\"size-full wp-image-3338\" src=\"http:\/\/www.rukajarvensuunnanhistoriayhdistys.fi\/rukajarvikeskus\/wp-content\/uploads\/2017\/12\/Raapanan-hauta-6-12-2017-Maria-Kolari.jpg\" alt=\"\" width=\"1440\" height=\"810\" srcset=\"http:\/\/www.rukajarvensuunnanhistoriayhdistys.fi\/rukajarvikeskus\/wp-content\/uploads\/2017\/12\/Raapanan-hauta-6-12-2017-Maria-Kolari.jpg 1440w, http:\/\/www.rukajarvensuunnanhistoriayhdistys.fi\/rukajarvikeskus\/wp-content\/uploads\/2017\/12\/Raapanan-hauta-6-12-2017-Maria-Kolari-300x169.jpg 300w, http:\/\/www.rukajarvensuunnanhistoriayhdistys.fi\/rukajarvikeskus\/wp-content\/uploads\/2017\/12\/Raapanan-hauta-6-12-2017-Maria-Kolari-768x432.jpg 768w, http:\/\/www.rukajarvensuunnanhistoriayhdistys.fi\/rukajarvikeskus\/wp-content\/uploads\/2017\/12\/Raapanan-hauta-6-12-2017-Maria-Kolari-1024x576.jpg 1024w\" sizes=\"auto, (max-width: 1440px) 100vw, 1440px\" \/><\/a><figcaption id=\"caption-attachment-3338\" class=\"wp-caption-text\">Kuva Rukaj\u00e4rven suunnan komentajan haudalta 6.12.2017. Kuva Maria Kolari<\/figcaption><\/figure>\n<figure id=\"attachment_3336\" aria-describedby=\"caption-attachment-3336\" style=\"width: 1632px\" class=\"wp-caption alignnone\"><a href=\"http:\/\/www.rukajarvensuunnanhistoriayhdistys.fi\/rukajarvikeskus\/wp-content\/uploads\/2017\/12\/Lipun-nosto-pieness\u00e4-lumisateessa-5-12-2017-klo-18.jpg\"><img loading=\"lazy\" decoding=\"async\" class=\"size-full wp-image-3336\" src=\"http:\/\/www.rukajarvensuunnanhistoriayhdistys.fi\/rukajarvikeskus\/wp-content\/uploads\/2017\/12\/Lipun-nosto-pieness\u00e4-lumisateessa-5-12-2017-klo-18.jpg\" alt=\"\" width=\"1632\" height=\"918\" srcset=\"http:\/\/www.rukajarvensuunnanhistoriayhdistys.fi\/rukajarvikeskus\/wp-content\/uploads\/2017\/12\/Lipun-nosto-pieness\u00e4-lumisateessa-5-12-2017-klo-18.jpg 1632w, http:\/\/www.rukajarvensuunnanhistoriayhdistys.fi\/rukajarvikeskus\/wp-content\/uploads\/2017\/12\/Lipun-nosto-pieness\u00e4-lumisateessa-5-12-2017-klo-18-300x169.jpg 300w, http:\/\/www.rukajarvensuunnanhistoriayhdistys.fi\/rukajarvikeskus\/wp-content\/uploads\/2017\/12\/Lipun-nosto-pieness\u00e4-lumisateessa-5-12-2017-klo-18-768x432.jpg 768w, http:\/\/www.rukajarvensuunnanhistoriayhdistys.fi\/rukajarvikeskus\/wp-content\/uploads\/2017\/12\/Lipun-nosto-pieness\u00e4-lumisateessa-5-12-2017-klo-18-1024x576.jpg 1024w\" sizes=\"auto, (max-width: 1632px) 100vw, 1632px\" \/><\/a><figcaption id=\"caption-attachment-3336\" class=\"wp-caption-text\">Rukaj\u00e4rven perinnett\u00e4 vaali my\u00f6s veteraani Tauno Tikkanen (s.10.3.1916) Suomen lipun nostolla m\u00e4\u00e4r\u00e4aikana kuten niin monta kertaa ennen<strong>kin<\/strong>. Yksi vanhimmista lipunnostajista.<\/figcaption><\/figure>\n<figure id=\"attachment_3335\" aria-describedby=\"caption-attachment-3335\" style=\"width: 918px\" class=\"wp-caption alignnone\"><a href=\"http:\/\/www.rukajarvensuunnanhistoriayhdistys.fi\/rukajarvikeskus\/wp-content\/uploads\/2017\/12\/Kuopin-itsen\u00e4isyysp\u00e4iv\u00e4n-juhlaparaatissa-RSHY-n-lippu.jpg\"><img loading=\"lazy\" decoding=\"async\" class=\"size-full wp-image-3335\" src=\"http:\/\/www.rukajarvensuunnanhistoriayhdistys.fi\/rukajarvikeskus\/wp-content\/uploads\/2017\/12\/Kuopin-itsen\u00e4isyysp\u00e4iv\u00e4n-juhlaparaatissa-RSHY-n-lippu.jpg\" alt=\"\" width=\"918\" height=\"1632\" srcset=\"http:\/\/www.rukajarvensuunnanhistoriayhdistys.fi\/rukajarvikeskus\/wp-content\/uploads\/2017\/12\/Kuopin-itsen\u00e4isyysp\u00e4iv\u00e4n-juhlaparaatissa-RSHY-n-lippu.jpg 918w, http:\/\/www.rukajarvensuunnanhistoriayhdistys.fi\/rukajarvikeskus\/wp-content\/uploads\/2017\/12\/Kuopin-itsen\u00e4isyysp\u00e4iv\u00e4n-juhlaparaatissa-RSHY-n-lippu-300x533.jpg 300w, http:\/\/www.rukajarvensuunnanhistoriayhdistys.fi\/rukajarvikeskus\/wp-content\/uploads\/2017\/12\/Kuopin-itsen\u00e4isyysp\u00e4iv\u00e4n-juhlaparaatissa-RSHY-n-lippu-169x300.jpg 169w, http:\/\/www.rukajarvensuunnanhistoriayhdistys.fi\/rukajarvikeskus\/wp-content\/uploads\/2017\/12\/Kuopin-itsen\u00e4isyysp\u00e4iv\u00e4n-juhlaparaatissa-RSHY-n-lippu-768x1365.jpg 768w, http:\/\/www.rukajarvensuunnanhistoriayhdistys.fi\/rukajarvikeskus\/wp-content\/uploads\/2017\/12\/Kuopin-itsen\u00e4isyysp\u00e4iv\u00e4n-juhlaparaatissa-RSHY-n-lippu-576x1024.jpg 576w\" sizes=\"auto, (max-width: 918px) 100vw, 918px\" \/><\/a><figcaption id=\"caption-attachment-3335\" class=\"wp-caption-text\">Kuopiossa j\u00e4rjestetyss\u00e4&nbsp; paraatissa oli mukana my\u00f6s Rukaj\u00e4rven suunnan historiayhdistyksen lippu, jota kantoi Jari K\u00e4rkk\u00e4inen, edess\u00e4 keskell\u00e4. Kuva Antti Haapalainen.<\/figcaption><\/figure>\n<figure id=\"attachment_3340\" aria-describedby=\"caption-attachment-3340\" style=\"width: 1088px\" class=\"wp-caption alignnone\"><a href=\"http:\/\/www.rukajarvensuunnanhistoriayhdistys.fi\/rukajarvikeskus\/wp-content\/uploads\/2017\/12\/Sankarihauta-Kuopio-kunniavartio.jpg\"><img loading=\"lazy\" decoding=\"async\" class=\"size-full wp-image-3340\" src=\"http:\/\/www.rukajarvensuunnanhistoriayhdistys.fi\/rukajarvikeskus\/wp-content\/uploads\/2017\/12\/Sankarihauta-Kuopio-kunniavartio.jpg\" alt=\"\" width=\"1088\" height=\"767\" srcset=\"http:\/\/www.rukajarvensuunnanhistoriayhdistys.fi\/rukajarvikeskus\/wp-content\/uploads\/2017\/12\/Sankarihauta-Kuopio-kunniavartio.jpg 1088w, http:\/\/www.rukajarvensuunnanhistoriayhdistys.fi\/rukajarvikeskus\/wp-content\/uploads\/2017\/12\/Sankarihauta-Kuopio-kunniavartio-300x211.jpg 300w, http:\/\/www.rukajarvensuunnanhistoriayhdistys.fi\/rukajarvikeskus\/wp-content\/uploads\/2017\/12\/Sankarihauta-Kuopio-kunniavartio-768x541.jpg 768w, http:\/\/www.rukajarvensuunnanhistoriayhdistys.fi\/rukajarvikeskus\/wp-content\/uploads\/2017\/12\/Sankarihauta-Kuopio-kunniavartio-1024x722.jpg 1024w\" sizes=\"auto, (max-width: 1088px) 100vw, 1088px\" \/><\/a><figcaption id=\"caption-attachment-3340\" class=\"wp-caption-text\">Sankarihaudalla Kuopiossa oli kaikilla 605 haudalla kunniavartio.<\/figcaption><\/figure>\n<figure id=\"attachment_3341\" aria-describedby=\"caption-attachment-3341\" style=\"width: 1632px\" class=\"wp-caption alignnone\"><a href=\"http:\/\/www.rukajarvensuunnanhistoriayhdistys.fi\/rukajarvikeskus\/wp-content\/uploads\/2017\/12\/Sankariniemell\u00e4-5-12-2017.jpg\"><img loading=\"lazy\" decoding=\"async\" class=\"size-full wp-image-3341\" src=\"http:\/\/www.rukajarvensuunnanhistoriayhdistys.fi\/rukajarvikeskus\/wp-content\/uploads\/2017\/12\/Sankariniemell\u00e4-5-12-2017.jpg\" alt=\"\" width=\"1632\" height=\"918\" srcset=\"http:\/\/www.rukajarvensuunnanhistoriayhdistys.fi\/rukajarvikeskus\/wp-content\/uploads\/2017\/12\/Sankariniemell\u00e4-5-12-2017.jpg 1632w, http:\/\/www.rukajarvensuunnanhistoriayhdistys.fi\/rukajarvikeskus\/wp-content\/uploads\/2017\/12\/Sankariniemell\u00e4-5-12-2017-300x169.jpg 300w, http:\/\/www.rukajarvensuunnanhistoriayhdistys.fi\/rukajarvikeskus\/wp-content\/uploads\/2017\/12\/Sankariniemell\u00e4-5-12-2017-768x432.jpg 768w, http:\/\/www.rukajarvensuunnanhistoriayhdistys.fi\/rukajarvikeskus\/wp-content\/uploads\/2017\/12\/Sankariniemell\u00e4-5-12-2017-1024x576.jpg 1024w\" sizes=\"auto, (max-width: 1632px) 100vw, 1632px\" \/><\/a><figcaption id=\"caption-attachment-3341\" class=\"wp-caption-text\">\u2014Iisalmen Sankarniemen sotien muistomerkill\u00e4 j\u00e4rjestiv\u00e4t Savon ammatti- ja aikuisopisto ja Yl\u00e4-Savon ammattiopisto juhlan, johon osallistui liki 500 nuorta. Seppeleen laskivat Jessica Makkonen ja Santtu Eskelinen.<\/figcaption><\/figure>\n<figure id=\"attachment_3343\" aria-describedby=\"caption-attachment-3343\" style=\"width: 1632px\" class=\"wp-caption alignnone\"><a href=\"http:\/\/www.rukajarvensuunnanhistoriayhdistys.fi\/rukajarvikeskus\/wp-content\/uploads\/2017\/12\/Itsen\u00e4isyysp\u00e4iv\u00e4kahvit-6-12-2017-leikattua.jpg\"><img loading=\"lazy\" decoding=\"async\" class=\"size-full wp-image-3343\" src=\"http:\/\/www.rukajarvensuunnanhistoriayhdistys.fi\/rukajarvikeskus\/wp-content\/uploads\/2017\/12\/Itsen\u00e4isyysp\u00e4iv\u00e4kahvit-6-12-2017-leikattua.jpg\" alt=\"\" width=\"1632\" height=\"918\" srcset=\"http:\/\/www.rukajarvensuunnanhistoriayhdistys.fi\/rukajarvikeskus\/wp-content\/uploads\/2017\/12\/Itsen\u00e4isyysp\u00e4iv\u00e4kahvit-6-12-2017-leikattua.jpg 1632w, http:\/\/www.rukajarvensuunnanhistoriayhdistys.fi\/rukajarvikeskus\/wp-content\/uploads\/2017\/12\/Itsen\u00e4isyysp\u00e4iv\u00e4kahvit-6-12-2017-leikattua-300x169.jpg 300w, http:\/\/www.rukajarvensuunnanhistoriayhdistys.fi\/rukajarvikeskus\/wp-content\/uploads\/2017\/12\/Itsen\u00e4isyysp\u00e4iv\u00e4kahvit-6-12-2017-leikattua-768x432.jpg 768w, http:\/\/www.rukajarvensuunnanhistoriayhdistys.fi\/rukajarvikeskus\/wp-content\/uploads\/2017\/12\/Itsen\u00e4isyysp\u00e4iv\u00e4kahvit-6-12-2017-leikattua-1024x576.jpg 1024w\" sizes=\"auto, (max-width: 1632px) 100vw, 1632px\" \/><\/a><figcaption id=\"caption-attachment-3343\" class=\"wp-caption-text\">Veteraani Tauno Tikkanen juhlisti 100-vuotisitsen\u00e4isyysp\u00e4iv\u00e4\u00e4 nauttien jumalanpalveluksen j\u00e4lkeen kahvit leikatun konjakin kanssa. Samaa juomaa tarjottiin rintamalla maamme kunnioitetun Ylip\u00e4\u00e4llik\u00f6n 75-vuotisp\u00e4iv\u00e4n\u00e4.<\/figcaption><\/figure>\n<figure id=\"attachment_3339\" aria-describedby=\"caption-attachment-3339\" style=\"width: 1632px\" class=\"wp-caption alignnone\"><a href=\"http:\/\/www.rukajarvensuunnanhistoriayhdistys.fi\/rukajarvikeskus\/wp-content\/uploads\/2017\/12\/Rukaj\u00e4rven-perinnepolku-Kiuruvesi.jpg\"><img loading=\"lazy\" decoding=\"async\" class=\"size-full wp-image-3339\" src=\"http:\/\/www.rukajarvensuunnanhistoriayhdistys.fi\/rukajarvikeskus\/wp-content\/uploads\/2017\/12\/Rukaj\u00e4rven-perinnepolku-Kiuruvesi.jpg\" alt=\"\" width=\"1632\" height=\"918\" srcset=\"http:\/\/www.rukajarvensuunnanhistoriayhdistys.fi\/rukajarvikeskus\/wp-content\/uploads\/2017\/12\/Rukaj\u00e4rven-perinnepolku-Kiuruvesi.jpg 1632w, http:\/\/www.rukajarvensuunnanhistoriayhdistys.fi\/rukajarvikeskus\/wp-content\/uploads\/2017\/12\/Rukaj\u00e4rven-perinnepolku-Kiuruvesi-300x169.jpg 300w, http:\/\/www.rukajarvensuunnanhistoriayhdistys.fi\/rukajarvikeskus\/wp-content\/uploads\/2017\/12\/Rukaj\u00e4rven-perinnepolku-Kiuruvesi-768x432.jpg 768w, http:\/\/www.rukajarvensuunnanhistoriayhdistys.fi\/rukajarvikeskus\/wp-content\/uploads\/2017\/12\/Rukaj\u00e4rven-perinnepolku-Kiuruvesi-1024x576.jpg 1024w\" sizes=\"auto, (max-width: 1632px) 100vw, 1632px\" \/><\/a><figcaption id=\"caption-attachment-3339\" class=\"wp-caption-text\">Kiuruvedell\u00e4 Suomen lippu nostettiin my\u00f6s Rukaj\u00e4rven perinnepolun salkoon ja perinnepolku valaistiin l\u00e4pi y\u00f6n kynttil\u00f6in.<\/figcaption><\/figure>\n<figure id=\"attachment_3344\" aria-describedby=\"caption-attachment-3344\" style=\"width: 3264px\" class=\"wp-caption alignnone\"><a href=\"http:\/\/www.rukajarvensuunnanhistoriayhdistys.fi\/rukajarvikeskus\/wp-content\/uploads\/2017\/12\/Juha-Huttuselle-Suomi-100-mitalli.jpg\"><img loading=\"lazy\" decoding=\"async\" class=\"size-full wp-image-3344\" src=\"http:\/\/www.rukajarvensuunnanhistoriayhdistys.fi\/rukajarvikeskus\/wp-content\/uploads\/2017\/12\/Juha-Huttuselle-Suomi-100-mitalli.jpg\" alt=\"\" width=\"3264\" height=\"1836\"><\/a><figcaption id=\"caption-attachment-3344\" class=\"wp-caption-text\">Iisalmen Rukaj\u00e4rvi-keskuksessa n\u00e4htiin upea SuomenSalpa dokumenttielokuva. Rukaj\u00e4rven suunnan historiayhdistys luovutti Suomi 100-mitalin Juha Huttuselle kiitokseksi ja muistoksi Suomen 100-vuotisjuhlan\u00e4yt\u00f6ksen j\u00e4rjest\u00e4misest\u00e4.<\/figcaption><\/figure>\n<figure id=\"attachment_3342\" aria-describedby=\"caption-attachment-3342\" style=\"width: 1632px\" class=\"wp-caption alignnone\"><a href=\"http:\/\/www.rukajarvensuunnanhistoriayhdistys.fi\/rukajarvikeskus\/wp-content\/uploads\/2017\/12\/Sepolle-Kiitos-k\u00e4ynnist\u00e4-6-12-2017.jpg\"><img loading=\"lazy\" decoding=\"async\" class=\"size-full wp-image-3342\" src=\"http:\/\/www.rukajarvensuunnanhistoriayhdistys.fi\/rukajarvikeskus\/wp-content\/uploads\/2017\/12\/Sepolle-Kiitos-k\u00e4ynnist\u00e4-6-12-2017.jpg\" alt=\"\" width=\"1632\" height=\"918\" srcset=\"http:\/\/www.rukajarvensuunnanhistoriayhdistys.fi\/rukajarvikeskus\/wp-content\/uploads\/2017\/12\/Sepolle-Kiitos-k\u00e4ynnist\u00e4-6-12-2017.jpg 1632w, http:\/\/www.rukajarvensuunnanhistoriayhdistys.fi\/rukajarvikeskus\/wp-content\/uploads\/2017\/12\/Sepolle-Kiitos-k\u00e4ynnist\u00e4-6-12-2017-300x169.jpg 300w, http:\/\/www.rukajarvensuunnanhistoriayhdistys.fi\/rukajarvikeskus\/wp-content\/uploads\/2017\/12\/Sepolle-Kiitos-k\u00e4ynnist\u00e4-6-12-2017-768x432.jpg 768w, http:\/\/www.rukajarvensuunnanhistoriayhdistys.fi\/rukajarvikeskus\/wp-content\/uploads\/2017\/12\/Sepolle-Kiitos-k\u00e4ynnist\u00e4-6-12-2017-1024x576.jpg 1024w\" sizes=\"auto, (max-width: 1632px) 100vw, 1632px\" \/><\/a><figcaption id=\"caption-attachment-3342\" class=\"wp-caption-text\">Veteraanin kiitos Seppo Kettuselle Kiuruveden Rukaj\u00e4rven perinnepolun itsen\u00e4isyysp\u00e4iv\u00e4juhlan j\u00e4rjestelyist\u00e4, siihen kuuluivat perinteiset r\u00e4isk\u00e4leet mansikkahillon kera.<\/figcaption><\/figure>\n<figure id=\"attachment_3337\" aria-describedby=\"caption-attachment-3337\" style=\"width: 720px\" class=\"wp-caption alignnone\"><a href=\"http:\/\/www.rukajarvensuunnanhistoriayhdistys.fi\/rukajarvikeskus\/wp-content\/uploads\/2017\/12\/Nuoren-Nicon-juhlaa-uutta-lunta.jpg\"><img loading=\"lazy\" decoding=\"async\" class=\"size-full wp-image-3337\" src=\"http:\/\/www.rukajarvensuunnanhistoriayhdistys.fi\/rukajarvikeskus\/wp-content\/uploads\/2017\/12\/Nuoren-Nicon-juhlaa-uutta-lunta.jpg\" alt=\"\" width=\"720\" height=\"1280\" srcset=\"http:\/\/www.rukajarvensuunnanhistoriayhdistys.fi\/rukajarvikeskus\/wp-content\/uploads\/2017\/12\/Nuoren-Nicon-juhlaa-uutta-lunta.jpg 720w, http:\/\/www.rukajarvensuunnanhistoriayhdistys.fi\/rukajarvikeskus\/wp-content\/uploads\/2017\/12\/Nuoren-Nicon-juhlaa-uutta-lunta-300x533.jpg 300w, http:\/\/www.rukajarvensuunnanhistoriayhdistys.fi\/rukajarvikeskus\/wp-content\/uploads\/2017\/12\/Nuoren-Nicon-juhlaa-uutta-lunta-169x300.jpg 169w, http:\/\/www.rukajarvensuunnanhistoriayhdistys.fi\/rukajarvikeskus\/wp-content\/uploads\/2017\/12\/Nuoren-Nicon-juhlaa-uutta-lunta-576x1024.jpg 576w\" sizes=\"auto, (max-width: 720px) 100vw, 720px\" \/><\/a><figcaption id=\"caption-attachment-3337\" class=\"wp-caption-text\">Suomen 100-vuotisjuhlien nuorimmat osallistujat nauttivat Suomen kauniista luonnosta ja ensilumesta. Nuoren Nicon juhlaa ja uutta lunta.<\/figcaption><\/figure>\n<p><strong>Kuopion itsen\u00e4isyysp\u00e4iv\u00e4n paraatista Youtubessa:<\/strong><\/p>\n<p><a href=\"https:\/\/www.youtube.com\/watch?v=lmtLG86U4Fo\">https:\/\/www.youtube.com\/watch?v=lmtLG86U4Fo<\/a><\/p>\n<p><span class=\"embed-youtube\" style=\"text-align:center; display: block;\"><iframe loading=\"lazy\" class=\"youtube-player\" width=\"530\" height=\"299\" src=\"https:\/\/www.youtube.com\/embed\/gn1BMM5tZHA?version=3&#038;rel=1&#038;showsearch=0&#038;showinfo=1&#038;iv_load_policy=1&#038;fs=1&#038;hl=fi&#038;autohide=2&#038;wmode=transparent\" allowfullscreen=\"true\" style=\"border:0;\" sandbox=\"allow-scripts allow-same-origin allow-popups allow-presentation allow-popups-to-escape-sandbox\"><\/iframe><\/span><\/p>\n<p><span class=\"embed-youtube\" style=\"text-align:center; display: block;\"><iframe loading=\"lazy\" class=\"youtube-player\" width=\"530\" height=\"299\" src=\"https:\/\/www.youtube.com\/embed\/1WExYkPafCU?version=3&#038;rel=1&#038;showsearch=0&#038;showinfo=1&#038;iv_load_policy=1&#038;fs=1&#038;hl=fi&#038;autohide=2&#038;wmode=transparent\" allowfullscreen=\"true\" style=\"border:0;\" sandbox=\"allow-scripts allow-same-origin allow-popups allow-presentation allow-popups-to-escape-sandbox\"><\/iframe><\/span><\/p>\n<p><span class=\"embed-youtube\" style=\"text-align:center; display: block;\"><iframe loading=\"lazy\" class=\"youtube-player\" width=\"530\" height=\"299\" src=\"https:\/\/www.youtube.com\/embed\/nQTrzWZcCxE?version=3&#038;rel=1&#038;showsearch=0&#038;showinfo=1&#038;iv_load_policy=1&#038;fs=1&#038;hl=fi&#038;autohide=2&#038;wmode=transparent\" allowfullscreen=\"true\" style=\"border:0;\" sandbox=\"allow-scripts allow-same-origin allow-popups allow-presentation allow-popups-to-escape-sandbox\"><\/iframe><\/span><\/p>\n","protected":false},"excerpt":{"rendered":"<p>&nbsp; Itsen\u00e4isyysp\u00e4iv\u00e4n juhlat olivat menestystarina kaikkialla koko maapallolla. Linnanjuhlat t\u00e4n\u00e4kin vuonna ker\u00e4si enn\u00e4tysyleis\u00f6n 2,78 milj. katsojaa. Runsaasta juhlatarjonnasta huolimatta riitti v\u00e4ke\u00e4 my\u00f6s Rukaj\u00e4rven suunnan tilaisuuksiin. Itsen\u00e4isyysp\u00e4iv\u00e4n Tasavallan presidentin kutsuille oli <a class=\"more-link\" href=\"http:\/\/www.rukajarvensuunnanhistoriayhdistys.fi\/rukajarvikeskus\/tapahtumat\/rukajarven-suunta-esilla-itsenaisyyspaivana\/\">Lue lis\u00e4\u00e4&#8230;<span class=\"screen-reader-text\">Rukaj\u00e4rven suunta esill\u00e4 itsen\u00e4isyysp\u00e4iv\u00e4n\u00e4.<\/span><span class=\"meta-nav\">\u2192<\/span><\/a><\/p>\n","protected":false},"author":4,"featured_media":0,"comment_status":"closed","ping_status":"open","sticky":false,"template":"","format":"standard","meta":{"ngg_post_thumbnail":0,"_jetpack_newsletter_access":"","_jetpack_dont_email_post_to_subs":false,"_jetpack_newsletter_tier_id":0,"_jetpack_memberships_contains_paywalled_content":false,"_jetpack_memberships_contains_paid_content":false,"footnotes":""},"categories":[26,32,15],"tags":[],"class_list":["post-3334","post","type-post","status-publish","format-standard","hentry","category-ajankohtaista","category-historiayhdistys","category-tapahtumat"],"jetpack_featured_media_url":"","jetpack_sharing_enabled":true,"jetpack_shortlink":"https:\/\/wp.me\/p72N2f-RM","_links":{"self":[{"href":"http:\/\/www.rukajarvensuunnanhistoriayhdistys.fi\/rukajarvikeskus\/wp-json\/wp\/v2\/posts\/3334","targetHints":{"allow":["GET"]}}],"collection":[{"href":"http:\/\/www.rukajarvensuunnanhistoriayhdistys.fi\/rukajarvikeskus\/wp-json\/wp\/v2\/posts"}],"about":[{"href":"http:\/\/www.rukajarvensuunnanhistoriayhdistys.fi\/rukajarvikeskus\/wp-json\/wp\/v2\/types\/post"}],"author":[{"embeddable":true,"href":"http:\/\/www.rukajarvensuunnanhistoriayhdistys.fi\/rukajarvikeskus\/wp-json\/wp\/v2\/users\/4"}],"replies":[{"embeddable":true,"href":"http:\/\/www.rukajarvensuunnanhistoriayhdistys.fi\/rukajarvikeskus\/wp-json\/wp\/v2\/comments?post=3334"}],"version-history":[{"count":5,"href":"http:\/\/www.rukajarvensuunnanhistoriayhdistys.fi\/rukajarvikeskus\/wp-json\/wp\/v2\/posts\/3334\/revisions"}],"predecessor-version":[{"id":3349,"href":"http:\/\/www.rukajarvensuunnanhistoriayhdistys.fi\/rukajarvikeskus\/wp-json\/wp\/v2\/posts\/3334\/revisions\/3349"}],"wp:attachment":[{"href":"http:\/\/www.rukajarvensuunnanhistoriayhdistys.fi\/rukajarvikeskus\/wp-json\/wp\/v2\/media?parent=3334"}],"wp:term":[{"taxonomy":"category","embeddable":true,"href":"http:\/\/www.rukajarvensuunnanhistoriayhdistys.fi\/rukajarvikeskus\/wp-json\/wp\/v2\/categories?post=3334"},{"taxonomy":"post_tag","embeddable":true,"href":"http:\/\/www.rukajarvensuunnanhistoriayhdistys.fi\/rukajarvikeskus\/wp-json\/wp\/v2\/tags?post=3334"}],"curies":[{"name":"wp","href":"https:\/\/api.w.org\/{rel}","templated":true}]}}