{"id":3352,"date":"2017-12-17T19:13:25","date_gmt":"2017-12-17T16:13:25","guid":{"rendered":"http:\/\/www.rukajarvensuunnanhistoriayhdistys.fi\/rukajarvikeskus\/?p=3352"},"modified":"2017-12-19T23:33:55","modified_gmt":"2017-12-19T20:33:55","slug":"parhaat-onnittelumme-olavi-tiittaselle-tyota-rukajarven-suunnan-sotahistoriatyon-hyvaksi","status":"publish","type":"post","link":"http:\/\/www.rukajarvensuunnanhistoriayhdistys.fi\/rukajarvikeskus\/ajankohtaista\/parhaat-onnittelumme-olavi-tiittaselle-tyota-rukajarven-suunnan-sotahistoriatyon-hyvaksi\/","title":{"rendered":"Parhaat onnittelumme Olavi Tiittaselle: Ty\u00f6t\u00e4 Rukaj\u00e4rven suunnan sotahistoriaty\u00f6n hyv\u00e4ksi."},"content":{"rendered":"<div class=\"fcbkbttn_buttons_block\" id=\"fcbkbttn_left\"><div class=\"fcbkbttn_like \"><fb:like href=\"http:\/\/www.rukajarvensuunnanhistoriayhdistys.fi\/rukajarvikeskus\/ajankohtaista\/parhaat-onnittelumme-olavi-tiittaselle-tyota-rukajarven-suunnan-sotahistoriatyon-hyvaksi\/\" action=\"like\" colorscheme=\"light\" layout=\"button_count\"  size=\"small\"><\/fb:like><\/div><\/div><div id=\"page\" class=\"hfeed site\">\n<div id=\"main\" class=\"clearfix\">\n<div id=\"primary\" class=\"content-area\">\n<div id=\"content\" role=\"main\">\n<article id=\"post-12044\" class=\"post-12044 post type-post status-publish format-standard hentry category-ajankohtaista category-rukajarvi-keskus category-toiminta\">\n<div class=\"entry-content\">\n<p>Parhaat onnittelemme Olavi Tiittaselle h\u00e4nen 95-vuotisp\u00e4iv\u00e4n\u00e4\u00e4n 17.12.2017.<\/p>\n<p>Olavin 95-vuotissyntym\u00e4p\u00e4iv\u00e4t vietettiin jo 16.12.2017&nbsp; Kuopiossa h\u00e4nen poikansa Ilkan kotona perhepiiriss\u00e4.<\/p>\n<p>Olavi Tiittanen on yhdistyksemme perustajaj\u00e4sen ja h\u00e4n toimi yhdistyksemme hallituksen varapuheenjohtajana vuosina 2015 \u2013 2016 v\u00e4lisen ajan. N\u00e4in\u00e4 vuosina tehtiin yhdistyksess\u00e4mme&nbsp; merkitt\u00e4vi\u00e4 p\u00e4\u00e4t\u00f6ksi\u00e4, kuten mm. Lieksan Rukaj\u00e4rvi-keskuksen hankkiminen omaksi tilaksi, \u00c4n\u00e4k\u00e4isen Salpaetuaseman kunnostamista koskeva p\u00e4\u00e4t\u00f6s. Olavi on edustanut yhdistyst\u00e4mme useissa tapahtumissa.<\/p>\n<p>Esit\u00e4mme Olavi Tiittaselle parhaat kiitoksemme yhdistyksemme ja Rukaj\u00e4rven suunnan sotahistoriaty\u00f6n hyv\u00e4ksi tekem\u00e4st\u00e4 ty\u00f6st\u00e4.<\/p>\n<figure id=\"attachment_2596\" aria-describedby=\"caption-attachment-2596\" style=\"width: 3072px\" class=\"wp-caption alignnone\"><a href=\"http:\/\/www.rukajarvensuunnanhistoriayhdistys.fi\/rukajarvikeskus\/wp-content\/uploads\/2016\/12\/WP_20161215_16_34_58_Pro-Olavi-Tiittanen.jpg\"><img loading=\"lazy\" decoding=\"async\" class=\"size-full wp-image-2596\" src=\"http:\/\/www.rukajarvensuunnanhistoriayhdistys.fi\/rukajarvikeskus\/wp-content\/uploads\/2016\/12\/WP_20161215_16_34_58_Pro-Olavi-Tiittanen.jpg\" alt=\"\" width=\"3072\" height=\"1728\"><\/a><figcaption id=\"caption-attachment-2596\" class=\"wp-caption-text\">Yhdistyksemme varapuheenjohtaja sotaveteraani Olavi Tiittanen 94 vuotta 17.12.2016.<\/figcaption><\/figure>\n<figure id=\"attachment_2918\" aria-describedby=\"caption-attachment-2918\" style=\"width: 3072px\" class=\"wp-caption alignnone\"><a href=\"http:\/\/www.rukajarvensuunnanhistoriayhdistys.fi\/rukajarvikeskus\/wp-content\/uploads\/2017\/05\/WP_20170523_15_53_10_Pro.jpg\"><img loading=\"lazy\" decoding=\"async\" class=\"size-full wp-image-2918\" src=\"http:\/\/www.rukajarvensuunnanhistoriayhdistys.fi\/rukajarvikeskus\/wp-content\/uploads\/2017\/05\/WP_20170523_15_53_10_Pro.jpg\" alt=\"\" width=\"3072\" height=\"1728\"><\/a><figcaption id=\"caption-attachment-2918\" class=\"wp-caption-text\">\u00c4n\u00e4k\u00e4inen 23.5.2017. Talkoomiesten joukkoon liittyi my\u00f6s yksi veteraani. Yhdistyksemme entinen hallituksen varapuheenjohtaja Olavi Tiittanen. H\u00e4nen lausuntonsa l\u00e4mmittiv\u00e4t talkoomiehi\u00e4 (20 kpl).<\/figcaption><\/figure>\n<figure id=\"attachment_2556\" aria-describedby=\"caption-attachment-2556\" style=\"width: 5619px\" class=\"wp-caption alignnone\"><a href=\"http:\/\/www.rukajarvensuunnanhistoriayhdistys.fi\/rukajarvikeskus\/wp-content\/uploads\/2016\/12\/052Talvisotapaiva.jpg\"><img loading=\"lazy\" decoding=\"async\" class=\"size-full wp-image-2556\" src=\"http:\/\/www.rukajarvensuunnanhistoriayhdistys.fi\/rukajarvikeskus\/wp-content\/uploads\/2016\/12\/052Talvisotapaiva.jpg\" alt=\"\" width=\"5619\" height=\"3651\"><\/a><figcaption id=\"caption-attachment-2556\" class=\"wp-caption-text\">Jukolan motti -pirtin tilaisuuteen 30.11.2016 osallistunut ainut veteraani Olavi Tiittanen (94 v.) muisteli 72 vuoden takaista Jukolan motissa vietetty\u00e4 aselevon j\u00e4lkeist\u00e4 aikaa.<\/figcaption><\/figure>\n<figure id=\"attachment_2493\" aria-describedby=\"caption-attachment-2493\" style=\"width: 1772px\" class=\"wp-caption alignnone\"><a href=\"http:\/\/www.rukajarvensuunnanhistoriayhdistys.fi\/rukajarvikeskus\/wp-content\/uploads\/2016\/11\/DSC_9810-RSHY.jpg\"><img loading=\"lazy\" decoding=\"async\" class=\"size-full wp-image-2493\" src=\"http:\/\/www.rukajarvensuunnanhistoriayhdistys.fi\/rukajarvikeskus\/wp-content\/uploads\/2016\/11\/DSC_9810-RSHY.jpg\" alt=\"\" width=\"1772\" height=\"1181\" srcset=\"http:\/\/www.rukajarvensuunnanhistoriayhdistys.fi\/rukajarvikeskus\/wp-content\/uploads\/2016\/11\/DSC_9810-RSHY.jpg 1772w, http:\/\/www.rukajarvensuunnanhistoriayhdistys.fi\/rukajarvikeskus\/wp-content\/uploads\/2016\/11\/DSC_9810-RSHY-300x200.jpg 300w, http:\/\/www.rukajarvensuunnanhistoriayhdistys.fi\/rukajarvikeskus\/wp-content\/uploads\/2016\/11\/DSC_9810-RSHY-768x512.jpg 768w, http:\/\/www.rukajarvensuunnanhistoriayhdistys.fi\/rukajarvikeskus\/wp-content\/uploads\/2016\/11\/DSC_9810-RSHY-1024x682.jpg 1024w\" sizes=\"auto, (max-width: 1772px) 100vw, 1772px\" \/><\/a><figcaption id=\"caption-attachment-2493\" class=\"wp-caption-text\">Veteraaniveljen Erkki Kaikkosen hautajaiset Joensuussa 22.11.2016. Rukaj\u00e4rven suunnan historiayhdistyksen seppeleen laskivat Olavi Tiittanen, Tenho Tikkanen, Hannu Kauppinen ja Seppo R\u00e4ih\u00e4. Kuva Kalevi Lohiranta.<\/figcaption><\/figure>\n<figure id=\"attachment_2491\" aria-describedby=\"caption-attachment-2491\" style=\"width: 5376px\" class=\"wp-caption alignnone\"><a href=\"http:\/\/www.rukajarvensuunnanhistoriayhdistys.fi\/rukajarvikeskus\/wp-content\/uploads\/2016\/11\/WP_20161112_16_45_03_Pro__highres-Paavo-Salmensuu.jpg\"><img loading=\"lazy\" decoding=\"async\" class=\"size-full wp-image-2491\" src=\"http:\/\/www.rukajarvensuunnanhistoriayhdistys.fi\/rukajarvikeskus\/wp-content\/uploads\/2016\/11\/WP_20161112_16_45_03_Pro__highres-Paavo-Salmensuu.jpg\" alt=\"\" width=\"5376\" height=\"3024\"><\/a><figcaption id=\"caption-attachment-2491\" class=\"wp-caption-text\">Veteraaniveli Paavo Salmensuu 90 vuotta Joensuu 22.11.2016. Kuvassa Aimo Kettunen, Paavo Salmensuu puolinsonsa kanssa, Olavi L\u00f6s\u00f6nen, Olavi Tiittanen, Hannu Kauppinen ja Seppo R\u00e4ih\u00e4. Kuva Tenho Tikkanen.<\/figcaption><\/figure>\n<figure id=\"attachment_2134\" aria-describedby=\"caption-attachment-2134\" style=\"width: 4353px\" class=\"wp-caption alignnone\"><a href=\"http:\/\/www.rukajarvensuunnanhistoriayhdistys.fi\/rukajarvikeskus\/wp-content\/uploads\/2016\/03\/A-POP-100-vuotta-Pentti-Perttuli-13-3-2016-hallitus.jpg\"><img loading=\"lazy\" decoding=\"async\" class=\"size-full wp-image-2134\" src=\"http:\/\/www.rukajarvensuunnanhistoriayhdistys.fi\/rukajarvikeskus\/wp-content\/uploads\/2016\/03\/A-POP-100-vuotta-Pentti-Perttuli-13-3-2016-hallitus.jpg\" alt=\"\" width=\"4353\" height=\"3080\" srcset=\"http:\/\/www.rukajarvensuunnanhistoriayhdistys.fi\/rukajarvikeskus\/wp-content\/uploads\/2016\/03\/A-POP-100-vuotta-Pentti-Perttuli-13-3-2016-hallitus.jpg 4353w, http:\/\/www.rukajarvensuunnanhistoriayhdistys.fi\/rukajarvikeskus\/wp-content\/uploads\/2016\/03\/A-POP-100-vuotta-Pentti-Perttuli-13-3-2016-hallitus-300x212.jpg 300w, http:\/\/www.rukajarvensuunnanhistoriayhdistys.fi\/rukajarvikeskus\/wp-content\/uploads\/2016\/03\/A-POP-100-vuotta-Pentti-Perttuli-13-3-2016-hallitus-768x543.jpg 768w, http:\/\/www.rukajarvensuunnanhistoriayhdistys.fi\/rukajarvikeskus\/wp-content\/uploads\/2016\/03\/A-POP-100-vuotta-Pentti-Perttuli-13-3-2016-hallitus-1024x725.jpg 1024w\" sizes=\"auto, (max-width: 4353px) 100vw, 4353px\" \/><\/a><figcaption id=\"caption-attachment-2134\" class=\"wp-caption-text\">Veteraaqniveli Pentti Perttuli 100 vuotta 13.3.2016. Rukaj\u00e4rven suunnan historiayhdistys ry:n hallitus, onnitteli perustajaj\u00e4sent\u00e4\u00e4n ja luovutti h\u00e4nelle 100-vuotisp\u00e4iv\u00e4n kunniaksi julkaistun kirjan Raappanan ritari, Pentti Perttuli Rukaj\u00e4rven suunnan taisteluissa. Pentti Perttuli ja Olavi Tiittanen, takana Jari K\u00e4rkk\u00e4inen, Tenho Tikkanen, Antero Huttunen, Tauno Oksanen, Seppo R\u00e4ih\u00e4 ja Aila Elo.<\/figcaption><\/figure>\n<figure id=\"attachment_2042\" aria-describedby=\"caption-attachment-2042\" style=\"width: 5474px\" class=\"wp-caption alignnone\"><a href=\"http:\/\/www.rukajarvensuunnanhistoriayhdistys.fi\/rukajarvikeskus\/wp-content\/uploads\/2015\/12\/ErmeiKanninen_05.jpg\"><img loading=\"lazy\" decoding=\"async\" class=\"size-full wp-image-2042\" src=\"http:\/\/www.rukajarvensuunnanhistoriayhdistys.fi\/rukajarvikeskus\/wp-content\/uploads\/2015\/12\/ErmeiKanninen_05.jpg\" alt=\"\" width=\"5474\" height=\"3650\" srcset=\"http:\/\/www.rukajarvensuunnanhistoriayhdistys.fi\/rukajarvikeskus\/wp-content\/uploads\/2015\/12\/ErmeiKanninen_05.jpg 5474w, http:\/\/www.rukajarvensuunnanhistoriayhdistys.fi\/rukajarvikeskus\/wp-content\/uploads\/2015\/12\/ErmeiKanninen_05-300x200.jpg 300w, http:\/\/www.rukajarvensuunnanhistoriayhdistys.fi\/rukajarvikeskus\/wp-content\/uploads\/2015\/12\/ErmeiKanninen_05-768x512.jpg 768w, http:\/\/www.rukajarvensuunnanhistoriayhdistys.fi\/rukajarvikeskus\/wp-content\/uploads\/2015\/12\/ErmeiKanninen_05-1024x683.jpg 1024w\" sizes=\"auto, (max-width: 5474px) 100vw, 5474px\" \/><\/a><figcaption id=\"caption-attachment-2042\" class=\"wp-caption-text\">Veteraanit ja veteraanij\u00e4rjest\u00f6t hyv\u00e4stelev\u00e4t. Kenraaliluutnantti Ermei Kannisen siunaustilaisuus Temppeliaukion kirkko 8.12.2015. Olavi Tiittanen, Finn-G\u00f6ran Wennstr\u00f6m ja Erkki Merikallio.<\/figcaption><\/figure>\n<figure id=\"attachment_2012\" aria-describedby=\"caption-attachment-2012\" style=\"width: 4864px\" class=\"wp-caption alignnone\"><a href=\"http:\/\/www.rukajarvensuunnanhistoriayhdistys.fi\/rukajarvikeskus\/wp-content\/uploads\/2015\/11\/4-EK-S1090152-2.jpg\"><img loading=\"lazy\" decoding=\"async\" class=\"size-full wp-image-2012\" src=\"http:\/\/www.rukajarvensuunnanhistoriayhdistys.fi\/rukajarvikeskus\/wp-content\/uploads\/2015\/11\/4-EK-S1090152-2.jpg\" alt=\"\" width=\"4864\" height=\"2736\" srcset=\"http:\/\/www.rukajarvensuunnanhistoriayhdistys.fi\/rukajarvikeskus\/wp-content\/uploads\/2015\/11\/4-EK-S1090152-2.jpg 4864w, http:\/\/www.rukajarvensuunnanhistoriayhdistys.fi\/rukajarvikeskus\/wp-content\/uploads\/2015\/11\/4-EK-S1090152-2-300x169.jpg 300w, http:\/\/www.rukajarvensuunnanhistoriayhdistys.fi\/rukajarvikeskus\/wp-content\/uploads\/2015\/11\/4-EK-S1090152-2-1024x576.jpg 1024w\" sizes=\"auto, (max-width: 4864px) 100vw, 4864px\" \/><\/a><figcaption id=\"caption-attachment-2012\" class=\"wp-caption-text\">Rukaj\u00e4rven luutnantti kirjan julkistamistilaisuudessa 19.10.2012 Marskin Majalla olivat mukana veteraanit Heikki A. Reenp\u00e4\u00e4, Olavi Tiittanen, Ilmari Koppinen sek\u00e4 puolustusvoimain entinen komentaja Jaakko Valtanen. Samalla tilaisuus oli my\u00f6s Olavi Tiittasen 90-vuotissyntym\u00e4p\u00e4iv\u00e4.<\/figcaption><\/figure>\n<figure id=\"attachment_1326\" aria-describedby=\"caption-attachment-1326\" style=\"width: 1754px\" class=\"wp-caption alignnone\"><a href=\"http:\/\/www.rukajarvensuunnanhistoriayhdistys.fi\/rukajarvikeskus\/wp-content\/uploads\/2014\/05\/Heikki-Turunen-ja-Olavi-Tiittanen.jpg\"><img loading=\"lazy\" decoding=\"async\" class=\"size-full wp-image-1326\" src=\"http:\/\/www.rukajarvensuunnanhistoriayhdistys.fi\/rukajarvikeskus\/wp-content\/uploads\/2014\/05\/Heikki-Turunen-ja-Olavi-Tiittanen.jpg\" alt=\"\" width=\"1754\" height=\"1240\" srcset=\"http:\/\/www.rukajarvensuunnanhistoriayhdistys.fi\/rukajarvikeskus\/wp-content\/uploads\/2014\/05\/Heikki-Turunen-ja-Olavi-Tiittanen.jpg 1754w, http:\/\/www.rukajarvensuunnanhistoriayhdistys.fi\/rukajarvikeskus\/wp-content\/uploads\/2014\/05\/Heikki-Turunen-ja-Olavi-Tiittanen-300x212.jpg 300w, http:\/\/www.rukajarvensuunnanhistoriayhdistys.fi\/rukajarvikeskus\/wp-content\/uploads\/2014\/05\/Heikki-Turunen-ja-Olavi-Tiittanen-1024x723.jpg 1024w\" sizes=\"auto, (max-width: 1754px) 100vw, 1754px\" \/><\/a><figcaption id=\"caption-attachment-1326\" class=\"wp-caption-text\">Veteraani Olavi Tiittanen ja kirjailija Heikki Turunen seuraavat Juuassa Poikolan yl\u00e4asteen oppilaitten uutterointia mottitalkoissa 23.5.2014. Julkaisemme oppilaitten kuvia vasta sitten kun siihen on saatu heid\u00e4n lupansa.<\/figcaption><\/figure>\n<figure id=\"attachment_1186\" aria-describedby=\"caption-attachment-1186\" style=\"width: 4864px\" class=\"wp-caption alignnone\"><a href=\"http:\/\/www.rukajarvensuunnanhistoriayhdistys.fi\/rukajarvikeskus\/wp-content\/uploads\/2014\/03\/S4460104.jpg\"><img loading=\"lazy\" decoding=\"async\" class=\"size-full wp-image-1186\" src=\"http:\/\/www.rukajarvensuunnanhistoriayhdistys.fi\/rukajarvikeskus\/wp-content\/uploads\/2014\/03\/S4460104.jpg\" alt=\"\" width=\"4864\" height=\"2736\" srcset=\"http:\/\/www.rukajarvensuunnanhistoriayhdistys.fi\/rukajarvikeskus\/wp-content\/uploads\/2014\/03\/S4460104.jpg 4864w, http:\/\/www.rukajarvensuunnanhistoriayhdistys.fi\/rukajarvikeskus\/wp-content\/uploads\/2014\/03\/S4460104-300x168.jpg 300w, http:\/\/www.rukajarvensuunnanhistoriayhdistys.fi\/rukajarvikeskus\/wp-content\/uploads\/2014\/03\/S4460104-1024x576.jpg 1024w\" sizes=\"auto, (max-width: 4864px) 100vw, 4864px\" \/><\/a><figcaption id=\"caption-attachment-1186\" class=\"wp-caption-text\">Iisalmen Rukaj\u00e4rvi-keskuksen vihkiminen 13.3.2014. Vihkimisen suoritti Olavi Tiittanen, joka oli Rukaj\u00e4rvell\u00e4 9.\/JR 10:ss\u00e4. H\u00e4n toimi ennen el\u00e4kkeelle siistymist\u00e4\u00e4n Juuan kunnanjohtajana.<\/figcaption><\/figure>\n<figure id=\"attachment_732\" aria-describedby=\"caption-attachment-732\" style=\"width: 4592px\" class=\"wp-caption alignnone\"><a href=\"http:\/\/www.rukajarvensuunnanhistoriayhdistys.fi\/rukajarvikeskus\/wp-content\/uploads\/2013\/09\/DSC06051-Veteraanit-Ristij\u00e4rvi.jpg\"><img loading=\"lazy\" decoding=\"async\" class=\"size-full wp-image-732\" src=\"http:\/\/www.rukajarvensuunnanhistoriayhdistys.fi\/rukajarvikeskus\/wp-content\/uploads\/2013\/09\/DSC06051-Veteraanit-Ristij\u00e4rvi.jpg\" alt=\"\" width=\"4592\" height=\"3056\" srcset=\"http:\/\/www.rukajarvensuunnanhistoriayhdistys.fi\/rukajarvikeskus\/wp-content\/uploads\/2013\/09\/DSC06051-Veteraanit-Ristij\u00e4rvi.jpg 4592w, http:\/\/www.rukajarvensuunnanhistoriayhdistys.fi\/rukajarvikeskus\/wp-content\/uploads\/2013\/09\/DSC06051-Veteraanit-Ristij\u00e4rvi-300x199.jpg 300w, http:\/\/www.rukajarvensuunnanhistoriayhdistys.fi\/rukajarvikeskus\/wp-content\/uploads\/2013\/09\/DSC06051-Veteraanit-Ristij\u00e4rvi-1024x681.jpg 1024w\" sizes=\"auto, (max-width: 4592px) 100vw, 4592px\" \/><\/a><figcaption id=\"caption-attachment-732\" class=\"wp-caption-text\">Ilmari Jokelainen 90 vuotta 20.9.2013. Juhlat pidettiin Ristij\u00e4rven pirtiss\u00e4, mik\u00e4 on Ristij\u00e4rven seurakunnan kanttori Raitalan entinen virka-asunto. Veteraanit talon juhlap\u00f6yd\u00e4n \u00e4\u00e4rell\u00e4, istumassa 90-vuotisp\u00e4iv\u00e4\u00e4ns\u00e4 viett\u00e4v\u00e4 Ilmari Jokelainen ja h\u00e4nen puolisonsa Rauha Ristij\u00e4rvelt\u00e4 sek\u00e4 Maunu Kankaanp\u00e4\u00e4, Vantaa. Takana Olavi Tiittanen, Juuka ja Tauno Tikkanen, Kiuruvesi.<\/figcaption><\/figure>\n<figure id=\"attachment_609\" aria-describedby=\"caption-attachment-609\" style=\"width: 1280px\" class=\"wp-caption alignnone\"><a href=\"http:\/\/www.rukajarvensuunnanhistoriayhdistys.fi\/rukajarvikeskus\/wp-content\/uploads\/2013\/09\/DSC09021-Tiittanen.jpg\"><img loading=\"lazy\" decoding=\"async\" class=\"size-full wp-image-609\" src=\"http:\/\/www.rukajarvensuunnanhistoriayhdistys.fi\/rukajarvikeskus\/wp-content\/uploads\/2013\/09\/DSC09021-Tiittanen.jpg\" alt=\"\" width=\"1280\" height=\"960\" srcset=\"http:\/\/www.rukajarvensuunnanhistoriayhdistys.fi\/rukajarvikeskus\/wp-content\/uploads\/2013\/09\/DSC09021-Tiittanen.jpg 1280w, http:\/\/www.rukajarvensuunnanhistoriayhdistys.fi\/rukajarvikeskus\/wp-content\/uploads\/2013\/09\/DSC09021-Tiittanen-300x225.jpg 300w, http:\/\/www.rukajarvensuunnanhistoriayhdistys.fi\/rukajarvikeskus\/wp-content\/uploads\/2013\/09\/DSC09021-Tiittanen-1024x768.jpg 1024w\" sizes=\"auto, (max-width: 1280px) 100vw, 1280px\" \/><\/a><figcaption id=\"caption-attachment-609\" class=\"wp-caption-text\">Iisalmen kansainv\u00e4linen Rukaj\u00e4rvi-seminaari 31.8.2011. Veteraani Olavi Tiittanen k\u00e4ytti vaikuttavan veteraanipuheen Iisalmen seminaarissa. Kuva Leevi Kuokkanen.<\/figcaption><\/figure>\n<figure id=\"attachment_521\" aria-describedby=\"caption-attachment-521\" style=\"width: 4864px\" class=\"wp-caption alignnone\"><a href=\"http:\/\/www.rukajarvensuunnanhistoriayhdistys.fi\/rukajarvikeskus\/wp-content\/uploads\/2013\/08\/S2150091.jpg\"><img loading=\"lazy\" decoding=\"async\" class=\"size-full wp-image-521\" src=\"http:\/\/www.rukajarvensuunnanhistoriayhdistys.fi\/rukajarvikeskus\/wp-content\/uploads\/2013\/08\/S2150091.jpg\" alt=\"\" width=\"4864\" height=\"2736\" srcset=\"http:\/\/www.rukajarvensuunnanhistoriayhdistys.fi\/rukajarvikeskus\/wp-content\/uploads\/2013\/08\/S2150091.jpg 4864w, http:\/\/www.rukajarvensuunnanhistoriayhdistys.fi\/rukajarvikeskus\/wp-content\/uploads\/2013\/08\/S2150091-300x168.jpg 300w, http:\/\/www.rukajarvensuunnanhistoriayhdistys.fi\/rukajarvikeskus\/wp-content\/uploads\/2013\/08\/S2150091-1024x576.jpg 1024w\" sizes=\"auto, (max-width: 4864px) 100vw, 4864px\" \/><\/a><figcaption id=\"caption-attachment-521\" class=\"wp-caption-text\">Paavo Salmensuu osallistui Lieksan Rukaj\u00e4rvi-keskuksen avajaisiin 2.7.2013. Vasemmalta mm. veteraanit Aulis Lintunen, Jaakko Valtanen, Ermei Kanninen, Paavo Salmensuu, Olvi Tiittanen ja Kalle Sutinen.<\/figcaption><\/figure>\n<figure id=\"attachment_346\" aria-describedby=\"caption-attachment-346\" style=\"width: 1211px\" class=\"wp-caption alignnone\"><a href=\"http:\/\/www.rukajarvensuunnanhistoriayhdistys.fi\/rukajarvikeskus\/wp-content\/uploads\/2013\/07\/Olavi-Tiianen-puhuu.jpg\"><img loading=\"lazy\" decoding=\"async\" class=\"size-full wp-image-346\" src=\"http:\/\/www.rukajarvensuunnanhistoriayhdistys.fi\/rukajarvikeskus\/wp-content\/uploads\/2013\/07\/Olavi-Tiianen-puhuu.jpg\" alt=\"\" width=\"1211\" height=\"1980\" srcset=\"http:\/\/www.rukajarvensuunnanhistoriayhdistys.fi\/rukajarvikeskus\/wp-content\/uploads\/2013\/07\/Olavi-Tiianen-puhuu.jpg 1211w, http:\/\/www.rukajarvensuunnanhistoriayhdistys.fi\/rukajarvikeskus\/wp-content\/uploads\/2013\/07\/Olavi-Tiianen-puhuu-183x300.jpg 183w, http:\/\/www.rukajarvensuunnanhistoriayhdistys.fi\/rukajarvikeskus\/wp-content\/uploads\/2013\/07\/Olavi-Tiianen-puhuu-626x1024.jpg 626w\" sizes=\"auto, (max-width: 1211px) 100vw, 1211px\" \/><\/a><figcaption id=\"caption-attachment-346\" class=\"wp-caption-text\">Lieksan Rukaj\u00e4rvi-keskus 1.7.2013. Rukaj\u00e4rven veteraanin puhe Olavi Tiittanen. Kuva Ari Komulainen.<\/figcaption><\/figure>\n<p>&nbsp;<\/p>\n<\/div>\n<\/article>\n<\/div>\n<\/div>\n<\/div>\n<\/div>\n","protected":false},"excerpt":{"rendered":"<p>Parhaat onnittelemme Olavi Tiittaselle h\u00e4nen 95-vuotisp\u00e4iv\u00e4n\u00e4\u00e4n 17.12.2017. Olavin 95-vuotissyntym\u00e4p\u00e4iv\u00e4t vietettiin jo 16.12.2017&nbsp; Kuopiossa h\u00e4nen poikansa Ilkan kotona perhepiiriss\u00e4. Olavi Tiittanen on yhdistyksemme perustajaj\u00e4sen ja h\u00e4n toimi yhdistyksemme hallituksen varapuheenjohtajana vuosina <a class=\"more-link\" href=\"http:\/\/www.rukajarvensuunnanhistoriayhdistys.fi\/rukajarvikeskus\/ajankohtaista\/parhaat-onnittelumme-olavi-tiittaselle-tyota-rukajarven-suunnan-sotahistoriatyon-hyvaksi\/\">Lue lis\u00e4\u00e4&#8230;<span class=\"screen-reader-text\">Parhaat onnittelumme Olavi Tiittaselle: Ty\u00f6t\u00e4 Rukaj\u00e4rven suunnan sotahistoriaty\u00f6n hyv\u00e4ksi.<\/span><span class=\"meta-nav\">\u2192<\/span><\/a><\/p>\n","protected":false},"author":4,"featured_media":0,"comment_status":"closed","ping_status":"open","sticky":false,"template":"","format":"standard","meta":{"ngg_post_thumbnail":0,"_jetpack_newsletter_access":"","_jetpack_dont_email_post_to_subs":false,"_jetpack_newsletter_tier_id":0,"_jetpack_memberships_contains_paywalled_content":false,"_jetpack_memberships_contains_paid_content":false,"footnotes":""},"categories":[26,32],"tags":[],"class_list":["post-3352","post","type-post","status-publish","format-standard","hentry","category-ajankohtaista","category-historiayhdistys"],"jetpack_featured_media_url":"","jetpack_sharing_enabled":true,"jetpack_shortlink":"https:\/\/wp.me\/p72N2f-S4","_links":{"self":[{"href":"http:\/\/www.rukajarvensuunnanhistoriayhdistys.fi\/rukajarvikeskus\/wp-json\/wp\/v2\/posts\/3352","targetHints":{"allow":["GET"]}}],"collection":[{"href":"http:\/\/www.rukajarvensuunnanhistoriayhdistys.fi\/rukajarvikeskus\/wp-json\/wp\/v2\/posts"}],"about":[{"href":"http:\/\/www.rukajarvensuunnanhistoriayhdistys.fi\/rukajarvikeskus\/wp-json\/wp\/v2\/types\/post"}],"author":[{"embeddable":true,"href":"http:\/\/www.rukajarvensuunnanhistoriayhdistys.fi\/rukajarvikeskus\/wp-json\/wp\/v2\/users\/4"}],"replies":[{"embeddable":true,"href":"http:\/\/www.rukajarvensuunnanhistoriayhdistys.fi\/rukajarvikeskus\/wp-json\/wp\/v2\/comments?post=3352"}],"version-history":[{"count":2,"href":"http:\/\/www.rukajarvensuunnanhistoriayhdistys.fi\/rukajarvikeskus\/wp-json\/wp\/v2\/posts\/3352\/revisions"}],"predecessor-version":[{"id":3355,"href":"http:\/\/www.rukajarvensuunnanhistoriayhdistys.fi\/rukajarvikeskus\/wp-json\/wp\/v2\/posts\/3352\/revisions\/3355"}],"wp:attachment":[{"href":"http:\/\/www.rukajarvensuunnanhistoriayhdistys.fi\/rukajarvikeskus\/wp-json\/wp\/v2\/media?parent=3352"}],"wp:term":[{"taxonomy":"category","embeddable":true,"href":"http:\/\/www.rukajarvensuunnanhistoriayhdistys.fi\/rukajarvikeskus\/wp-json\/wp\/v2\/categories?post=3352"},{"taxonomy":"post_tag","embeddable":true,"href":"http:\/\/www.rukajarvensuunnanhistoriayhdistys.fi\/rukajarvikeskus\/wp-json\/wp\/v2\/tags?post=3352"}],"curies":[{"name":"wp","href":"https:\/\/api.w.org\/{rel}","templated":true}]}}