{"id":3373,"date":"2017-12-30T01:31:39","date_gmt":"2017-12-29T22:31:39","guid":{"rendered":"http:\/\/www.rukajarvensuunnanhistoriayhdistys.fi\/rukajarvikeskus\/?p=3373"},"modified":"2017-12-31T01:50:09","modified_gmt":"2017-12-30T22:50:09","slug":"raine-narvan-multimedialuento-jatkosodan-suurimmasta-partioretkesta-vihollisen-selustaan-saa-jatkoa","status":"publish","type":"post","link":"http:\/\/www.rukajarvensuunnanhistoriayhdistys.fi\/rukajarvikeskus\/ajankohtaista\/raine-narvan-multimedialuento-jatkosodan-suurimmasta-partioretkesta-vihollisen-selustaan-saa-jatkoa\/","title":{"rendered":"Raine Narvan multimedialuento Jatkosodan suurimmasta partioretkest\u00e4 vihollisen selustaan saa jatkoa"},"content":{"rendered":"<div class=\"fcbkbttn_buttons_block\" id=\"fcbkbttn_left\"><div class=\"fcbkbttn_like \"><fb:like href=\"http:\/\/www.rukajarvensuunnanhistoriayhdistys.fi\/rukajarvikeskus\/ajankohtaista\/raine-narvan-multimedialuento-jatkosodan-suurimmasta-partioretkesta-vihollisen-selustaan-saa-jatkoa\/\" action=\"like\" colorscheme=\"light\" layout=\"button_count\"  size=\"small\"><\/fb:like><\/div><\/div><p><strong>9.1.2018 klo 19.00<\/strong> Puolustusvoimien Palvelukeskuksen Tuusulan toimipisteess\u00e4, Osoite: Rantatie 66, Tuusula. J\u00e4rjest\u00e4j\u00e4n\u00e4 on Uudenmaan Reservil\u00e4iset ry \/ toiminnanjohtaja Kari Halonen.<\/p>\n<p><strong>20.2.2018 klo 13.3<\/strong>0 Matinkyl\u00e4 \/ Monitoimitalo, Matinraitti 17, 02230 Espoo. Tilaisuuden j\u00e4rjest\u00e4\u00e4 Matinkyl\u00e4n Kokoomuksen seniorit\/Seppo Peltonen.<\/p>\n<figure id=\"attachment_2640\" aria-describedby=\"caption-attachment-2640\" style=\"width: 1024px\" class=\"wp-caption alignnone\"><a href=\"http:\/\/www.rukajarvensuunnanhistoriayhdistys.fi\/rukajarvikeskus\/wp-content\/uploads\/2017\/01\/Raine-Narva-2-1024x741.jpg\"><img loading=\"lazy\" decoding=\"async\" class=\"size-full wp-image-2640\" src=\"http:\/\/www.rukajarvensuunnanhistoriayhdistys.fi\/rukajarvikeskus\/wp-content\/uploads\/2017\/01\/Raine-Narva-2-1024x741.jpg\" alt=\"\" width=\"1024\" height=\"741\" srcset=\"http:\/\/www.rukajarvensuunnanhistoriayhdistys.fi\/rukajarvikeskus\/wp-content\/uploads\/2017\/01\/Raine-Narva-2-1024x741.jpg 1024w, http:\/\/www.rukajarvensuunnanhistoriayhdistys.fi\/rukajarvikeskus\/wp-content\/uploads\/2017\/01\/Raine-Narva-2-1024x741-300x217.jpg 300w, http:\/\/www.rukajarvensuunnanhistoriayhdistys.fi\/rukajarvikeskus\/wp-content\/uploads\/2017\/01\/Raine-Narva-2-1024x741-768x556.jpg 768w\" sizes=\"auto, (max-width: 1024px) 100vw, 1024px\" \/><\/a><figcaption id=\"caption-attachment-2640\" class=\"wp-caption-text\">Paleltuneita ja v\u00e4syneit\u00e4 miehi\u00e4 palaa S\u00e4rkij\u00e4rvelle 23.1.1942.<\/figcaption><\/figure>\n<p>Rukaj\u00e4rvell\u00e4 taistellut 14. Divisioona sai 8.1.1942 P\u00e4\u00e4majasta k\u00e4skyn koota yli tuhannen miehen taisteluosasto Muurmannin radalle teht\u00e4v\u00e4\u00e4 iskua varten. Divisioonan komentaja kenraali Raappana m\u00e4\u00e4r\u00e4si osaston komentajaksi majuri Arnold Majewskin. Osaston lopullinen vahvuus huolto mukaan lukien oli 1924 miest\u00e4 ja 268 hevosta. Matkaa Rukaj\u00e4rvelt\u00e4 Maj Gubaan on edestakaisin noin 300 km, josta 150 km vihollisen puolella.<\/p>\n<p>Suomi 100-vuosi meni hienosti esitelm\u00e4n merkeiss\u00e4, joissa yhteens\u00e4 k\u00e4vi katsojia n. 1700. Kaiken kaikkiaan Raine Narvan esitelmi\u00e4 on pidetty 40 kertaa ja sen on n\u00e4hnyt n. 3.600 henkil\u00f6\u00e4.&nbsp;<\/p>\n","protected":false},"excerpt":{"rendered":"<p>9.1.2018 klo 19.00 Puolustusvoimien Palvelukeskuksen Tuusulan toimipisteess\u00e4, Osoite: Rantatie 66, Tuusula. J\u00e4rjest\u00e4j\u00e4n\u00e4 on Uudenmaan Reservil\u00e4iset ry \/ toiminnanjohtaja Kari Halonen. 20.2.2018 klo 13.30 Matinkyl\u00e4 \/ Monitoimitalo, Matinraitti 17, 02230 Espoo. <a class=\"more-link\" href=\"http:\/\/www.rukajarvensuunnanhistoriayhdistys.fi\/rukajarvikeskus\/ajankohtaista\/raine-narvan-multimedialuento-jatkosodan-suurimmasta-partioretkesta-vihollisen-selustaan-saa-jatkoa\/\">Lue lis\u00e4\u00e4&#8230;<span class=\"screen-reader-text\">Raine Narvan multimedialuento Jatkosodan suurimmasta partioretkest\u00e4 vihollisen selustaan saa jatkoa<\/span><span class=\"meta-nav\">\u2192<\/span><\/a><\/p>\n","protected":false},"author":4,"featured_media":0,"comment_status":"closed","ping_status":"open","sticky":false,"template":"","format":"standard","meta":{"ngg_post_thumbnail":0,"_jetpack_newsletter_access":"","_jetpack_dont_email_post_to_subs":false,"_jetpack_newsletter_tier_id":0,"_jetpack_memberships_contains_paywalled_content":false,"_jetpack_memberships_contains_paid_content":false,"footnotes":""},"categories":[26,31],"tags":[],"class_list":["post-3373","post","type-post","status-publish","format-standard","hentry","category-ajankohtaista","category-esitelmat"],"jetpack_featured_media_url":"","jetpack_sharing_enabled":true,"jetpack_shortlink":"https:\/\/wp.me\/p72N2f-Sp","_links":{"self":[{"href":"http:\/\/www.rukajarvensuunnanhistoriayhdistys.fi\/rukajarvikeskus\/wp-json\/wp\/v2\/posts\/3373","targetHints":{"allow":["GET"]}}],"collection":[{"href":"http:\/\/www.rukajarvensuunnanhistoriayhdistys.fi\/rukajarvikeskus\/wp-json\/wp\/v2\/posts"}],"about":[{"href":"http:\/\/www.rukajarvensuunnanhistoriayhdistys.fi\/rukajarvikeskus\/wp-json\/wp\/v2\/types\/post"}],"author":[{"embeddable":true,"href":"http:\/\/www.rukajarvensuunnanhistoriayhdistys.fi\/rukajarvikeskus\/wp-json\/wp\/v2\/users\/4"}],"replies":[{"embeddable":true,"href":"http:\/\/www.rukajarvensuunnanhistoriayhdistys.fi\/rukajarvikeskus\/wp-json\/wp\/v2\/comments?post=3373"}],"version-history":[{"count":1,"href":"http:\/\/www.rukajarvensuunnanhistoriayhdistys.fi\/rukajarvikeskus\/wp-json\/wp\/v2\/posts\/3373\/revisions"}],"predecessor-version":[{"id":3374,"href":"http:\/\/www.rukajarvensuunnanhistoriayhdistys.fi\/rukajarvikeskus\/wp-json\/wp\/v2\/posts\/3373\/revisions\/3374"}],"wp:attachment":[{"href":"http:\/\/www.rukajarvensuunnanhistoriayhdistys.fi\/rukajarvikeskus\/wp-json\/wp\/v2\/media?parent=3373"}],"wp:term":[{"taxonomy":"category","embeddable":true,"href":"http:\/\/www.rukajarvensuunnanhistoriayhdistys.fi\/rukajarvikeskus\/wp-json\/wp\/v2\/categories?post=3373"},{"taxonomy":"post_tag","embeddable":true,"href":"http:\/\/www.rukajarvensuunnanhistoriayhdistys.fi\/rukajarvikeskus\/wp-json\/wp\/v2\/tags?post=3373"}],"curies":[{"name":"wp","href":"https:\/\/api.w.org\/{rel}","templated":true}]}}