{"id":3475,"date":"2018-03-11T13:30:13","date_gmt":"2018-03-11T10:30:13","guid":{"rendered":"http:\/\/www.rukajarvensuunnanhistoriayhdistys.fi\/rukajarvikeskus\/?p=3475"},"modified":"2018-03-10T01:01:08","modified_gmt":"2018-03-09T22:01:08","slug":"tauno-oksanen-seminaariesitelma-11-3-2018-iisalmen-rukajarvi-keskus","status":"publish","type":"post","link":"http:\/\/www.rukajarvensuunnanhistoriayhdistys.fi\/rukajarvikeskus\/ajankohtaista\/tauno-oksanen-seminaariesitelma-11-3-2018-iisalmen-rukajarvi-keskus\/","title":{"rendered":"Tauno Oksanen seminaariesitelm\u00e4 11.3.2018 &#8211; Iisalmen Rukaj\u00e4rvi-keskus"},"content":{"rendered":"<div class=\"fcbkbttn_buttons_block\" id=\"fcbkbttn_left\"><div class=\"fcbkbttn_like \"><fb:like href=\"http:\/\/www.rukajarvensuunnanhistoriayhdistys.fi\/rukajarvikeskus\/ajankohtaista\/tauno-oksanen-seminaariesitelma-11-3-2018-iisalmen-rukajarvi-keskus\/\" action=\"like\" colorscheme=\"light\" layout=\"button_count\"  size=\"small\"><\/fb:like><\/div><\/div><p>Seminaariesitelm\u00e4 Iisalmen Rukaj\u00e4rvikeskuksessa 11.3.2018<\/p>\n<figure id=\"attachment_2749\" aria-describedby=\"caption-attachment-2749\" style=\"width: 4592px\" class=\"wp-caption alignnone\"><a href=\"http:\/\/www.rukajarvensuunnanhistoriayhdistys.fi\/rukajarvikeskus\/wp-content\/uploads\/2017\/03\/DSC04078-Oksanen-Tauno.jpg\"><img loading=\"lazy\" decoding=\"async\" class=\"size-full wp-image-2749\" src=\"http:\/\/www.rukajarvensuunnanhistoriayhdistys.fi\/rukajarvikeskus\/wp-content\/uploads\/2017\/03\/DSC04078-Oksanen-Tauno.jpg\" alt=\"\" width=\"4592\" height=\"3056\"><\/a><figcaption id=\"caption-attachment-2749\" class=\"wp-caption-text\">Sotahistorioitsija, rajakapteeni Tauno Oksanen on my\u00f6s Pentti Perttulin pitk\u00e4aikainen l\u00e4heinen yst\u00e4v\u00e4.<\/figcaption><\/figure>\n<p>Rajakapteeni Tauno Oksanen<\/p>\n<p><strong>JATKOSODAN RUKAJ\u00c4RVEN SUUNNAN ETULINJAN KENTT\u00c4VARTIOIDEN KENTT\u00c4VARTIOPUOLUSTUSJ\u00c4RJESTELM\u00c4<\/strong><\/p>\n<p><strong>\u201dSe oli varsinkin korpea kokemattomille nuorille miehille hyyt\u00e4v\u00e4n er\u00e4maan keskell\u00e4 loukko, jossa apuvoimia voitiin odottaa vasta tuntien kuluttua ja siihen asti oli pakko taistella jopa viimeiseen hengenvetoon saakka\u201d.<\/strong><\/p>\n<p>T\u00e4m\u00e4n seminaarin aihe oli Pentti Perttulille kaikkein t\u00e4rkein sotamuisto. Kentt\u00e4vartioita oli monenlaisia ja eri tarkoituksia varten, mutta juuri etulinjan kentt\u00e4vartio vaativuutensa takia oli Perttulin mieliaihe. Perttuli oli todellinen \u201dMister Kentt\u00e4vartio\u201d ja h\u00e4n on tuonut kentt\u00e4vartio-k\u00e4sitteen tutuksi Suomen kansalle lukuisilla kirjoituksillaan ja esitelmill\u00e4\u00e4n. H\u00e4n otti jo 1990-luvun alusta l\u00e4htien Lieksassa k\u00e4ydess\u00e4\u00e4n usein puheeksi Rukaj\u00e4rven suunnan kentt\u00e4vartiot. H\u00e4n oli perustellusti sit\u00e4 mielt\u00e4, ett\u00e4 juuri etulinjan kentt\u00e4vartiopuolustusj\u00e4rjestelm\u00e4 Rukaj\u00e4rven suunnalla oli tehokkain ja parhaiten j\u00e4rjestetty it\u00e4rintaman er\u00e4maalohkoilla. Siksi se olisi tuotava suomalaisten tietoisuuteen erityisell\u00e4 dokumenttijulkaisulla ja muilla tavoilla. H\u00e4n velvoitti minut kirjoittamaan asiasta ja se toteutui teoksena \u201dArmoton er\u00e4maa\u201d.<\/p>\n<p>Esitelm\u00e4n kokonaisuudessaan voi lukea <a href=\"http:\/\/www.rukajarvensuunnanhistoriayhdistys.fi\/rukajarvikeskus\/wp-content\/uploads\/2018\/03\/Seminaariesitelm\u00e4-Iisalmen-Rukaj\u00e4rvikeskuksessa-Tauno-Oksanen-11-3-2018.pdf\"><strong>T\u00c4\u00c4LT\u00c4<\/strong><\/a>:<\/p>\n","protected":false},"excerpt":{"rendered":"<p>Seminaariesitelm\u00e4 Iisalmen Rukaj\u00e4rvikeskuksessa 11.3.2018 Rajakapteeni Tauno Oksanen JATKOSODAN RUKAJ\u00c4RVEN SUUNNAN ETULINJAN KENTT\u00c4VARTIOIDEN KENTT\u00c4VARTIOPUOLUSTUSJ\u00c4RJESTELM\u00c4 \u201dSe oli varsinkin korpea kokemattomille nuorille miehille hyyt\u00e4v\u00e4n er\u00e4maan keskell\u00e4 loukko, jossa apuvoimia voitiin odottaa vasta tuntien <a class=\"more-link\" href=\"http:\/\/www.rukajarvensuunnanhistoriayhdistys.fi\/rukajarvikeskus\/ajankohtaista\/tauno-oksanen-seminaariesitelma-11-3-2018-iisalmen-rukajarvi-keskus\/\">Lue lis\u00e4\u00e4&#8230;<span class=\"screen-reader-text\">Tauno Oksanen seminaariesitelm\u00e4 11.3.2018 &#8211; Iisalmen Rukaj\u00e4rvi-keskus<\/span><span class=\"meta-nav\">\u2192<\/span><\/a><\/p>\n","protected":false},"author":4,"featured_media":0,"comment_status":"closed","ping_status":"open","sticky":false,"template":"","format":"standard","meta":{"ngg_post_thumbnail":0,"_jetpack_newsletter_access":"","_jetpack_dont_email_post_to_subs":false,"_jetpack_newsletter_tier_id":0,"_jetpack_memberships_contains_paywalled_content":false,"_jetpack_memberships_contains_paid_content":false,"footnotes":""},"categories":[26,31,32],"tags":[],"class_list":["post-3475","post","type-post","status-publish","format-standard","hentry","category-ajankohtaista","category-esitelmat","category-historiayhdistys"],"jetpack_featured_media_url":"","jetpack_sharing_enabled":true,"jetpack_shortlink":"https:\/\/wp.me\/p72N2f-U3","_links":{"self":[{"href":"http:\/\/www.rukajarvensuunnanhistoriayhdistys.fi\/rukajarvikeskus\/wp-json\/wp\/v2\/posts\/3475","targetHints":{"allow":["GET"]}}],"collection":[{"href":"http:\/\/www.rukajarvensuunnanhistoriayhdistys.fi\/rukajarvikeskus\/wp-json\/wp\/v2\/posts"}],"about":[{"href":"http:\/\/www.rukajarvensuunnanhistoriayhdistys.fi\/rukajarvikeskus\/wp-json\/wp\/v2\/types\/post"}],"author":[{"embeddable":true,"href":"http:\/\/www.rukajarvensuunnanhistoriayhdistys.fi\/rukajarvikeskus\/wp-json\/wp\/v2\/users\/4"}],"replies":[{"embeddable":true,"href":"http:\/\/www.rukajarvensuunnanhistoriayhdistys.fi\/rukajarvikeskus\/wp-json\/wp\/v2\/comments?post=3475"}],"version-history":[{"count":1,"href":"http:\/\/www.rukajarvensuunnanhistoriayhdistys.fi\/rukajarvikeskus\/wp-json\/wp\/v2\/posts\/3475\/revisions"}],"predecessor-version":[{"id":3477,"href":"http:\/\/www.rukajarvensuunnanhistoriayhdistys.fi\/rukajarvikeskus\/wp-json\/wp\/v2\/posts\/3475\/revisions\/3477"}],"wp:attachment":[{"href":"http:\/\/www.rukajarvensuunnanhistoriayhdistys.fi\/rukajarvikeskus\/wp-json\/wp\/v2\/media?parent=3475"}],"wp:term":[{"taxonomy":"category","embeddable":true,"href":"http:\/\/www.rukajarvensuunnanhistoriayhdistys.fi\/rukajarvikeskus\/wp-json\/wp\/v2\/categories?post=3475"},{"taxonomy":"post_tag","embeddable":true,"href":"http:\/\/www.rukajarvensuunnanhistoriayhdistys.fi\/rukajarvikeskus\/wp-json\/wp\/v2\/tags?post=3475"}],"curies":[{"name":"wp","href":"https:\/\/api.w.org\/{rel}","templated":true}]}}