{"id":3482,"date":"2018-03-11T13:35:22","date_gmt":"2018-03-11T10:35:22","guid":{"rendered":"http:\/\/www.rukajarvensuunnanhistoriayhdistys.fi\/rukajarvikeskus\/?p=3482"},"modified":"2018-03-10T21:58:52","modified_gmt":"2018-03-10T18:58:52","slug":"jari-karkkaisen-luento-joen-kenttavartiota-koskevat-selvitykset","status":"publish","type":"post","link":"http:\/\/www.rukajarvensuunnanhistoriayhdistys.fi\/rukajarvikeskus\/ajankohtaista\/jari-karkkaisen-luento-joen-kenttavartiota-koskevat-selvitykset\/","title":{"rendered":"Jari K\u00e4rkk\u00e4isen luento Joen kentt\u00e4vartiota koskevat selvitykset."},"content":{"rendered":"<div class=\"fcbkbttn_buttons_block\" id=\"fcbkbttn_left\"><div class=\"fcbkbttn_like \"><fb:like href=\"http:\/\/www.rukajarvensuunnanhistoriayhdistys.fi\/rukajarvikeskus\/ajankohtaista\/jari-karkkaisen-luento-joen-kenttavartiota-koskevat-selvitykset\/\" action=\"like\" colorscheme=\"light\" layout=\"button_count\"  size=\"small\"><\/fb:like><\/div><\/div><p>Jari K\u00e4rkk\u00e4inen on kartoittanut kentt\u00e4vartio \u201dJoen\u201d j\u00e4ljell\u00e4 olevat rakenteet ja laatinut pohjakartan alueelta. H\u00e4nen PoverPoint-esityksess\u00e4 k\u00e4yd\u00e4\u00e4n l\u00e4pi miten ty\u00f6 tehtiin ja miten saatu kuva eroaa aikaisemmasta tiedosta. K\u00e4rkk\u00e4isen esitys kokonaisuudessaan kest\u00e4\u00e4 n. puolituntia, mik\u00e4 on videokuvattu ja se on j\u00e4lkik\u00e4teen n\u00e4ht\u00e4viss\u00e4 Rukaj\u00e4rvi-keskuksissa.<\/p>\n<p>K\u00e4rkk\u00e4isen pelkk\u00e4 PowerPoint-esitys on n\u00e4ht\u00e4viss\u00e4 jo nyt&nbsp;&nbsp;<strong><a href=\"http:\/\/www.rukajarvensuunnanhistoriayhdistys.fi\/rukajarvikeskus\/wp-content\/uploads\/2018\/03\/Kentt\u00e4vartio-JOKI-ESITYS-11-3-2018.pdf\">T\u00c4\u00c4LT\u00c4<\/a><\/strong>:<\/p>\n<figure id=\"attachment_2306\" aria-describedby=\"caption-attachment-2306\" style=\"width: 3072px\" class=\"wp-caption alignnone\"><a href=\"http:\/\/www.rukajarvensuunnanhistoriayhdistys.fi\/rukajarvikeskus\/wp-content\/uploads\/2016\/08\/WP_20160811_13_59_45_Pro.jpg\"><img loading=\"lazy\" decoding=\"async\" class=\"size-full wp-image-2306\" src=\"http:\/\/www.rukajarvensuunnanhistoriayhdistys.fi\/rukajarvikeskus\/wp-content\/uploads\/2016\/08\/WP_20160811_13_59_45_Pro.jpg\" alt=\"\" width=\"3072\" height=\"1728\" srcset=\"http:\/\/www.rukajarvensuunnanhistoriayhdistys.fi\/rukajarvikeskus\/wp-content\/uploads\/2016\/08\/WP_20160811_13_59_45_Pro.jpg 3072w, http:\/\/www.rukajarvensuunnanhistoriayhdistys.fi\/rukajarvikeskus\/wp-content\/uploads\/2016\/08\/WP_20160811_13_59_45_Pro-300x169.jpg 300w, http:\/\/www.rukajarvensuunnanhistoriayhdistys.fi\/rukajarvikeskus\/wp-content\/uploads\/2016\/08\/WP_20160811_13_59_45_Pro-768x432.jpg 768w, http:\/\/www.rukajarvensuunnanhistoriayhdistys.fi\/rukajarvikeskus\/wp-content\/uploads\/2016\/08\/WP_20160811_13_59_45_Pro-1024x576.jpg 1024w\" sizes=\"auto, (max-width: 3072px) 100vw, 3072px\" \/><\/a><figcaption id=\"caption-attachment-2306\" class=\"wp-caption-text\">Tutkimusmatkailijat Reijo Pulkkinen, Inna ja Jari K\u00e4rkk\u00e4inen sek\u00e4 Pavel Kozlovskij. Jari K\u00e4rkk\u00e4isell\u00e4 on erityisen laajat yhteydet Rukaj\u00e4rven alueella toimiviin kulttuurihenkil\u00f6ihin, museojohtajiin sek\u00e4 sotahistoriaharrastajiin.&nbsp;<\/figcaption><\/figure>\n<p>Kannattaa lukea Joen kentt\u00e4vartioselvitykset juttu <a href=\"http:\/\/www.rukajarvensuunnanhistoriayhdistys.fi\/historiayhdistys\/seppo-hannisen-kaatumispaikka-varmistui\/\"><strong>T\u00c4\u00c4LT\u00c41<\/strong><\/a> ja <a href=\"http:\/\/www.rukajarvensuunnanhistoriayhdistys.fi\/historiayhdistys\/joen-kenttavartion-aineiston-keraystyo-jatkuu-taistelusta-74-vuotta\/\"><strong>T\u00c4\u00c4LT\u00c42<\/strong><\/a> sek\u00e4 <a href=\"http:\/\/www.rukajarvensuunnanhistoriayhdistys.fi\/historiayhdistys\/tietoa-joen-kenttavartion-taisteluista-etsitaan\/\"><strong>T\u00c4\u00c4LT\u00c43<\/strong><\/a>:<\/p>\n<figure id=\"attachment_2261\" aria-describedby=\"caption-attachment-2261\" style=\"width: 6000px\" class=\"wp-caption alignnone\"><a href=\"http:\/\/www.rukajarvensuunnanhistoriayhdistys.fi\/rukajarvikeskus\/wp-content\/uploads\/2016\/07\/Rannikko-Pertti.jpg\"><img loading=\"lazy\" decoding=\"async\" class=\"size-full wp-image-2261\" src=\"http:\/\/www.rukajarvensuunnanhistoriayhdistys.fi\/rukajarvikeskus\/wp-content\/uploads\/2016\/07\/Rannikko-Pertti.jpg\" alt=\"\" width=\"6000\" height=\"4000\" srcset=\"http:\/\/www.rukajarvensuunnanhistoriayhdistys.fi\/rukajarvikeskus\/wp-content\/uploads\/2016\/07\/Rannikko-Pertti.jpg 6000w, http:\/\/www.rukajarvensuunnanhistoriayhdistys.fi\/rukajarvikeskus\/wp-content\/uploads\/2016\/07\/Rannikko-Pertti-300x200.jpg 300w, http:\/\/www.rukajarvensuunnanhistoriayhdistys.fi\/rukajarvikeskus\/wp-content\/uploads\/2016\/07\/Rannikko-Pertti-768x512.jpg 768w, http:\/\/www.rukajarvensuunnanhistoriayhdistys.fi\/rukajarvikeskus\/wp-content\/uploads\/2016\/07\/Rannikko-Pertti-1024x683.jpg 1024w\" sizes=\"auto, (max-width: 6000px) 100vw, 6000px\" \/><\/a><figcaption id=\"caption-attachment-2261\" class=\"wp-caption-text\">Repola Seuran toimintaa esitteli puheenjohtaja Pertti Rannikko.&nbsp;&#8221;Rukaj\u00e4rven yst\u00e4vien&#8221; vierailu Suomessa 3.7.2016 (<a href=\"http:\/\/www.rukajarvensuunnanhistoriayhdistys.fi\/historiayhdistys\/rukajarven-ystavien-vierailu-onnistui-saakin-suosi\/\"><strong>T\u00c4\u00c4LT\u00c4<\/strong><\/a>):<\/figcaption><\/figure>\n","protected":false},"excerpt":{"rendered":"<p>Jari K\u00e4rkk\u00e4inen on kartoittanut kentt\u00e4vartio \u201dJoen\u201d j\u00e4ljell\u00e4 olevat rakenteet ja laatinut pohjakartan alueelta. H\u00e4nen PoverPoint-esityksess\u00e4 k\u00e4yd\u00e4\u00e4n l\u00e4pi miten ty\u00f6 tehtiin ja miten saatu kuva eroaa aikaisemmasta tiedosta. K\u00e4rkk\u00e4isen esitys kokonaisuudessaan <a class=\"more-link\" href=\"http:\/\/www.rukajarvensuunnanhistoriayhdistys.fi\/rukajarvikeskus\/ajankohtaista\/jari-karkkaisen-luento-joen-kenttavartiota-koskevat-selvitykset\/\">Lue lis\u00e4\u00e4&#8230;<span class=\"screen-reader-text\">Jari K\u00e4rkk\u00e4isen luento Joen kentt\u00e4vartiota koskevat selvitykset.<\/span><span class=\"meta-nav\">\u2192<\/span><\/a><\/p>\n","protected":false},"author":4,"featured_media":0,"comment_status":"closed","ping_status":"open","sticky":false,"template":"","format":"standard","meta":{"ngg_post_thumbnail":0,"_jetpack_newsletter_access":"","_jetpack_dont_email_post_to_subs":false,"_jetpack_newsletter_tier_id":0,"_jetpack_memberships_contains_paywalled_content":false,"_jetpack_memberships_contains_paid_content":false,"footnotes":""},"categories":[26,31,32],"tags":[],"class_list":["post-3482","post","type-post","status-publish","format-standard","hentry","category-ajankohtaista","category-esitelmat","category-historiayhdistys"],"jetpack_featured_media_url":"","jetpack_sharing_enabled":true,"jetpack_shortlink":"https:\/\/wp.me\/p72N2f-Ua","_links":{"self":[{"href":"http:\/\/www.rukajarvensuunnanhistoriayhdistys.fi\/rukajarvikeskus\/wp-json\/wp\/v2\/posts\/3482","targetHints":{"allow":["GET"]}}],"collection":[{"href":"http:\/\/www.rukajarvensuunnanhistoriayhdistys.fi\/rukajarvikeskus\/wp-json\/wp\/v2\/posts"}],"about":[{"href":"http:\/\/www.rukajarvensuunnanhistoriayhdistys.fi\/rukajarvikeskus\/wp-json\/wp\/v2\/types\/post"}],"author":[{"embeddable":true,"href":"http:\/\/www.rukajarvensuunnanhistoriayhdistys.fi\/rukajarvikeskus\/wp-json\/wp\/v2\/users\/4"}],"replies":[{"embeddable":true,"href":"http:\/\/www.rukajarvensuunnanhistoriayhdistys.fi\/rukajarvikeskus\/wp-json\/wp\/v2\/comments?post=3482"}],"version-history":[{"count":6,"href":"http:\/\/www.rukajarvensuunnanhistoriayhdistys.fi\/rukajarvikeskus\/wp-json\/wp\/v2\/posts\/3482\/revisions"}],"predecessor-version":[{"id":3494,"href":"http:\/\/www.rukajarvensuunnanhistoriayhdistys.fi\/rukajarvikeskus\/wp-json\/wp\/v2\/posts\/3482\/revisions\/3494"}],"wp:attachment":[{"href":"http:\/\/www.rukajarvensuunnanhistoriayhdistys.fi\/rukajarvikeskus\/wp-json\/wp\/v2\/media?parent=3482"}],"wp:term":[{"taxonomy":"category","embeddable":true,"href":"http:\/\/www.rukajarvensuunnanhistoriayhdistys.fi\/rukajarvikeskus\/wp-json\/wp\/v2\/categories?post=3482"},{"taxonomy":"post_tag","embeddable":true,"href":"http:\/\/www.rukajarvensuunnanhistoriayhdistys.fi\/rukajarvikeskus\/wp-json\/wp\/v2\/tags?post=3482"}],"curies":[{"name":"wp","href":"https:\/\/api.w.org\/{rel}","templated":true}]}}