{"id":3485,"date":"2018-03-11T12:00:30","date_gmt":"2018-03-11T09:00:30","guid":{"rendered":"http:\/\/www.rukajarvensuunnanhistoriayhdistys.fi\/rukajarvikeskus\/?p=3485"},"modified":"2018-03-10T15:36:17","modified_gmt":"2018-03-10T12:36:17","slug":"tenho-tikkanen-raappanan-ritarin-pentti-perttulin-jotos-muistoseminaarin-avauksessa-11-3-2018","status":"publish","type":"post","link":"http:\/\/www.rukajarvensuunnanhistoriayhdistys.fi\/rukajarvikeskus\/tapahtumat\/tenho-tikkanen-raappanan-ritarin-pentti-perttulin-jotos-muistoseminaarin-avauksessa-11-3-2018\/","title":{"rendered":"Tenho Tikkanen Raappanan Ritarin Pentti Perttulin Jotos -muistoseminaarin avauksessa 11.3.2018"},"content":{"rendered":"<div class=\"fcbkbttn_buttons_block\" id=\"fcbkbttn_left\"><div class=\"fcbkbttn_like \"><fb:like href=\"http:\/\/www.rukajarvensuunnanhistoriayhdistys.fi\/rukajarvikeskus\/tapahtumat\/tenho-tikkanen-raappanan-ritarin-pentti-perttulin-jotos-muistoseminaarin-avauksessa-11-3-2018\/\" action=\"like\" colorscheme=\"light\" layout=\"button_count\"  size=\"small\"><\/fb:like><\/div><\/div><p>Rukaj\u00e4rven suunnan historiayhdistys ry<\/p>\n<p>Pentti Perttulin Jotos -seminaari, Iisalmen Rukaj\u00e4rvi-keskus 11.3.2018:<\/p>\n<figure id=\"attachment_3080\" aria-describedby=\"caption-attachment-3080\" style=\"width: 247px\" class=\"wp-caption alignnone\"><a href=\"http:\/\/www.rukajarvensuunnanhistoriayhdistys.fi\/rukajarvikeskus\/wp-content\/uploads\/2017\/08\/Postimerkki-Pentti-Perttuli-2017-2.jpg\"><img loading=\"lazy\" decoding=\"async\" class=\"size-full wp-image-3080\" src=\"http:\/\/www.rukajarvensuunnanhistoriayhdistys.fi\/rukajarvikeskus\/wp-content\/uploads\/2017\/08\/Postimerkki-Pentti-Perttuli-2017-2.jpg\" alt=\"\" width=\"247\" height=\"299\"><\/a><figcaption id=\"caption-attachment-3080\" class=\"wp-caption-text\">Pentti Perttulin omakuvapostiperkki<\/figcaption><\/figure>\n<p>Tenho Tikkanen: Seminaarin avaus<\/p>\n<p>Arvoisat veteraanit, hyv\u00e4 seminaariyleis\u00f6. Tervetuloa t\u00e4h\u00e4n tilaisuuteen<\/p>\n<p>Koska t\u00e4m\u00e4 tilaisuus on ensimm\u00e4inen Pentti Perttulin nime\u00e4 kantava muistoseminaari, viet\u00e4mme hiljaisen hetken Rukaj\u00e4rven veteraani Pentti Perttulin muistolle.<\/p>\n<p>Rukaj\u00e4rven veteraani Pentti Perttuli t\u00e4ytt\u00e4isi ylihuomenna, Talvisodan p\u00e4\u00e4ttymisen 78-vuotisp\u00e4iv\u00e4n\u00e4 eli 13.3.2018, per\u00e4ti 102 vuotta.&nbsp; Pentti Perttuli kuoli 23.5.2017. Hetki, jolloin saimme tiedon Rukaj\u00e4rven perinnety\u00f6n mestarin kuolemasta, j\u00e4\u00e4 mieliimme pysyv\u00e4sti.<\/p>\n<p>Pentti Perttuli oli nimetty vuonna 2004 Lieksan Rajakillan toimesta vuoden rajahenkil\u00f6ksi. H\u00e4n saapui vastaanottamaan huomionosoitusta ja samalla h\u00e4n halusi Lieksan matkallaan vierailla my\u00f6s Kivipuron rajavartioasemalla. Mainittakoon, ett\u00e4 h\u00e4net oli jo 1972 nimetty tuon rajavartioaseman kummiksi ja vuonna 1977 Rajavartiolaitos oli nimennyt h\u00e4net kunniarajaj\u00e4\u00e4k\u00e4riksi. Kivipurolle h\u00e4n meni Lieksan Rajakillan silloisen puheenjohtajan, rajakapteeni Tauno Oksasen kanssa. Matkan aikana Perttuli oli todennut, ett\u00e4 t\u00e4m\u00e4 ainoa Rukaj\u00e4rven suunnan joukkojen sodanaikainen huoltotie tulisi nimet\u00e4 Rukaj\u00e4rven tieksi. Kuultuani Perttulin mielipiteen ehdotin aloitteen tekemist\u00e4 Rukaj\u00e4rven tien nime\u00e4miseksi. Nime\u00e4minen tapahtui 2.11.2011 Jukolan Motissa pidetyss\u00e4 kansalaisjuhlassa. Itsell\u00e4ni oli tuossa vaiheessa mieless\u00e4 hieman toisen sis\u00e4lt\u00f6inen Rukaj\u00e4rven tiet\u00e4 koskeva ehdotus, mik\u00e4 oli tullut ajankohtaiseksi siit\u00e4 syyst\u00e4, ett\u00e4 pystytimme tuolloin kaikkiaan 14 opastetta nykyisen Rukaj\u00e4rven tien varrelle ja my\u00f6s valtakunnan rajalle Lieksan ja Kuhmon alueella.<\/p>\n<p>Edell\u00e4 esitt\u00e4m\u00e4ni on taustaa sille, mit\u00e4 kerron seuraavaksi. Palaan kev\u00e4\u00e4n 2017 tapahtumiin Rukaj\u00e4rven tiell\u00e4. Yhdistyksemme oli valmistautumassa Rukaj\u00e4rven tien \u00c4n\u00e4k\u00e4isen kohteen Salpaetuaseman kunnostustalkoisiin. Ajelin aamulla pakettiautollani Rukaj\u00e4rven tiet\u00e4 my\u00f6ten talkoopaikalle ja olin juuri saapumassa Pankaj\u00e4rvelle paikkaan, mihin Pentti Perttuli tuli joukkoineen 27.6.1941 juuri ennen Jatkosodan alkamista. Pentti Perttulin poika Tapio soitti minulle kertoen is\u00e4n nukkuneen pois aamuvarhaisella. H\u00e4tk\u00e4hdytt\u00e4v\u00e4 tieto pys\u00e4ytti ajankulun ja autolla ajon toviksi. Puhuin puhelun loppuun Pankaj\u00e4rven koulun kohdalla. Koulun, jossa Perttulin joukko-osaston Kev.Os 2:n esikunta majoittui v. 1941. Miten ihmeess\u00e4 tieto Perttulin kuolemasta saavutti yhdistyksemme talkoomiehet Rukaj\u00e4rven tiell\u00e4 juuri, kun he olivat aloittamassa maamme ainoan auktorisoidun Jatkosodan taistelutien, Rukaj\u00e4rven tien \u00c4n\u00e4k\u00e4isen kohteen kunnostamista ja miten tuo soitto tuli juuri siihen paikkaan, miss\u00e4 Pentti Perttuli valmistautui 76 vuotta aikaisemmin vastaanottamaan sodanaikaisia vaativia teht\u00e4vi\u00e4. Totean, ett\u00e4 my\u00f6s is\u00e4ni oli tuossa samassa joukko-osastossa. (Lue uutinen hiljainen hetki Rukaj\u00e4rven tiell\u00e4 Pentti Perttulin muistolle <a href=\"http:\/\/www.rukajarvensuunnanhistoriayhdistys.fi\/historiayhdistys\/yhdistyksemme-perustajajasen-rukajarven-veteraani-pentti-perttuli-poissa\/\">T\u00c4\u00c4LT\u00c4<\/a>\ud83d\ude42<\/p>\n<figure id=\"attachment_2907\" aria-describedby=\"caption-attachment-2907\" style=\"width: 3072px\" class=\"wp-caption alignnone\"><a href=\"http:\/\/www.rukajarvensuunnanhistoriayhdistys.fi\/rukajarvikeskus\/wp-content\/uploads\/2017\/05\/WP_20170523_10_14_58_Pro-Hiljainen-hetki-Perttuli.jpg\"><img loading=\"lazy\" decoding=\"async\" class=\"size-full wp-image-2907\" src=\"http:\/\/www.rukajarvensuunnanhistoriayhdistys.fi\/rukajarvikeskus\/wp-content\/uploads\/2017\/05\/WP_20170523_10_14_58_Pro-Hiljainen-hetki-Perttuli.jpg\" alt=\"\" width=\"3072\" height=\"1728\"><\/a><figcaption id=\"caption-attachment-2907\" class=\"wp-caption-text\">Rukaj\u00e4rven tien \u00c4n\u00e4k\u00e4isen talkooporukka: Hiljainen hetki Pentti Perttulin muistolle. Kuva Tenho Tikkanen.<\/figcaption><\/figure>\n<p>Meist\u00e4 varmaan kaikilla on Pentti Perttulista muistissa henkil\u00f6kohtaisia muistoja. Muistissamme on h\u00e4nen kanssaan k\u00e4ymi\u00e4mme keskusteluja. Mieliimme palautuvat h\u00e4nen perusteelliset esitelm\u00e4ns\u00e4 eri tilaisuuksissa ja silmiimme piirtyy h\u00e4nen laatimansa partiokertomukset ja sotap\u00e4iv\u00e4kirjat, joita h\u00e4n oli kuvittanut v\u00e4ripiirroksin. H\u00e4nen laatimansa sotap\u00e4iv\u00e4kirjat ja muistiinpanot ovat todellisia taideteoksia. Yhteisiss\u00e4 tapaamisissa huokui h\u00e4nest\u00e4 hienostunut k\u00e4yt\u00f6s, sielun sivistys. Siit\u00e4 k\u00e4yt\u00f6ksest\u00e4 oli tipotiess\u00e4\u00e4n kerskailu, kieroilu ja v\u00e4\u00e4rinpeluu, mitk\u00e4 edelt\u00e4v\u00e4t vakavia ihmisten v\u00e4lisi\u00e4 selkkauksia. Perttuli ymm\u00e4rsi, ett\u00e4 meill\u00e4 pit\u00e4\u00e4 olla oikea tieto sodista. Keskustelimme t\u00e4st\u00e4 aihepiirist\u00e4, siis sotahistoriatiedon ker\u00e4ysty\u00f6st\u00e4 h\u00e4nen kanssaan. Perttulilla oli hyvin selke\u00e4 n\u00e4kemys siit\u00e4, ett\u00e4 sodat ihmisten ja valtakuntien v\u00e4lill\u00e4 pit\u00e4\u00e4 voida v\u00e4ltt\u00e4\u00e4.<\/p>\n<p>Sodassa Perttuli haavoittui useita kertoja s\u00e4ilytt\u00e4en kuitenkin henkens\u00e4. Terveytens\u00e4 puolesta h\u00e4n joutui kuitenkin todelliseen vaaraan sodan j\u00e4lkeen perinnety\u00f6ss\u00e4, miss\u00e4 h\u00e4n joutui ik\u00e4v\u00e4sti kohdelluksi toisin ajattelevien taholta. Itse h\u00e4n oli suoraselk\u00e4inen mies, jota kunnioittivat kaikki alaiset, niin sodassa kuin siviiliss\u00e4. On suuri kunnia ja etuoikeus, kun on saanut tuntea t\u00e4llaisen suoraselk\u00e4isen johtajan ja esikuvan.<\/p>\n<p>T\u00e4m\u00e4 Pentti Perttulin nime\u00e4 kantava seminaari on jo toinen. Viime vuonna valitsimme aiheeksi: &#8221;Pentti Perttuli er\u00e4maasodan johtajana ja &#8221;Rukaj\u00e4rven tie -elokuvan taisteluissa.&#8221; Nyt aiheeksi olemme valinneet er\u00e4maasotaan keskeisimmin liittyv\u00e4t yleiset teemat eli &#8221;Kentt\u00e4vartiot ja niihin liittyv\u00e4t taistelut&#8221;, joista Pentti Perttuli puhui eniten&#8221;.<\/p>\n<p>Yhdistyksemme on tehnyt paljon ty\u00f6t\u00e4 veteraanien sotahistoriatietojen kokoamiseksi. Pentti Perttuli oli t\u00e4m\u00e4n alan uranuurtaja ja ellei h\u00e4n olisi toiminnassaan nostanut esille er\u00e4maasodan olemusta esitelmiss\u00e4\u00e4n ja k\u00e4yt\u00e4nn\u00f6n ty\u00f6ss\u00e4\u00e4n, tuskinpa &#8221;Kentt\u00e4vartiopuolustusj\u00e4rjestelm\u00e4st\u00e4&#8221; ja er\u00e4maasodasta puhuttaisiin yht\u00e4 perusteellisesti. T\u00e4t\u00e4 kuvannee sekin, ett\u00e4 toimiessaan Suomen Marsalkka Mannerheimin Majan hallituksessa ja yhdistyksen perinnetoimikunnassa, h\u00e4nen aloitteestaan ja toimestaan perustettiin Lopella sijaitsevan Marskin Majan yhteyteen Kentt\u00e4vartiomuseo Sisu jo vuonna 1992. Arvokkaimmalle paikalle, mihin sen voi ajatella sijoitettavaksi. Minulla oli tilaisuus tutustua perusteellisesti tuohon museoon muutama vuosi sitten, kun teht\u00e4v\u00e4kseni annettiin museon valokuvan\u00e4yttelyn entis\u00f6iminen.<\/p>\n<p><strong>Miksi Pentti Perttuli &#8211; Perttulin Jotos -seminaari j\u00e4rjestet\u00e4\u00e4n? <\/strong>Monestakin syyst\u00e4. Pentti Perttulia voidaan pit\u00e4\u00e4 sotahistoriatietojen ker\u00e4yksen ja s\u00e4ilytt\u00e4misen hyv\u00e4ksi tehdyn ty\u00f6n ylivoimaisena ykk\u00f6sen\u00e4 maassamme. H\u00e4n oli Rukaj\u00e4rven suunnan historiikkitoimikunnan j\u00e4sen ja h\u00e4n on historiikkitoimikunnan ty\u00f6t\u00e4 jatkavan yhdistyksemme perustajaj\u00e4sen.<\/p>\n<p>Tulevana vuonna keskitymme Pentti Perttulin sotien j\u00e4lkeiseen perinnety\u00f6h\u00f6n. H\u00e4n vertasi ty\u00f6t\u00e4\u00e4n vuosisatoja sitten vallinneeseen toimintatapaan, jolloin sotajoukkojen mukana kulki taidemaalareita tallentaen taistelukuvauksia maalauksiinsa. T\u00e4ten kuvaukset <strong>tallentuivat<\/strong> my\u00f6hemmille sukupolville. Maassamme k\u00e4ydyist\u00e4 sodista t\u00e4llaisia kuvauksia on kovin v\u00e4h\u00e4n. Niist\u00e4 voidaan mainita esimerkkin\u00e4 V\u00e4nrikki Stoolin tarinat. Koska aikaisemmin perinnetieto tapahtumista s\u00e4ilyi kovin heikosti, Perttulin mielest\u00e4 oli erityisen tarpeellista ker\u00e4t\u00e4 ja tallentaa sotakokemukset ihmisilta, jotka ovat ne omakohtaisesti kokeneet.<\/p>\n<p>Me muistamme Pentti Perttulin perusteelliset luennot j\u00e4rjest\u00e4miss\u00e4mme luentotilaisuuksissa. Viimeisen kerran h\u00e4n osallistui Lappaj\u00e4rvell\u00e4 v. 2012 j\u00e4rjestettyyn tilaisuuteemme. Siell\u00e4 h\u00e4nen kanssaan p\u00e4\u00e4tettiin Raappanan nyrkki Kevytosasto 2:n joukko-osastohistoriateoksen kirjoittamisty\u00f6h\u00f6n ryhtymisest\u00e4. Teos syntyikin pikavauhtia ja se julkaistiin 4.9.2014 Kiuruvedell\u00e4 pidetyss\u00e4 kansalaisjuhlassa, mink\u00e4 j\u00e4lkeen ajoimme h\u00f6yryjunalla Lieksan Kansalaisjuhlaan 70 vuotta Jatkosodan p\u00e4\u00e4ttymisest\u00e4.<\/p>\n<p>Vuosikokouksessaan 30.9.2015 Rukaj\u00e4rven suunnan historiayhdistys p\u00e4\u00e4tti seuraavaa:<\/p>\n<p><em>Rukaj\u00e4rven suunnan historiayhdistys tulee j\u00e4rjest\u00e4m\u00e4\u00e4n suunnan komentajan kenraali E.J. Raappanan (2.6.), kenraali Ermei Kannisen (19.10.) ja maanviljelysneuvos Pentti Perttulin (13.3.) syntym\u00e4p\u00e4ivien l\u00e4heisyydess\u00e4 seminaarityyppisen tilaisuuden vuorovuosin Iisalmen ja Lieksan Rukaj\u00e4rvi-keskuksissa.<\/em><\/p>\n<p>Perttulin Jotos-seminaari olikin vuosikokouksen p\u00e4\u00e4tt\u00e4mist\u00e4 tapahtumista ensimm\u00e4inen, mink\u00e4 vuoksi halusimme juhlistaa t\u00e4t\u00e4kin tilaisuutta mahdollisuudella aloittaa juhlaseminaari Rukaj\u00e4rven menulla. Kiit\u00e4mme keitti\u00f6henkil\u00f6kuntaa maittavasta ruuasta. T\u00e4\u00e4ll\u00e4 osataan valmistaa Rukaj\u00e4rvi-menu. Kiitos my\u00f6s viel\u00e4 t\u00e4ss\u00e4 yhteydess\u00e4 viimevuotisesta kattauksesta &#8221;Marskin p\u00f6yd\u00e4ss\u00e4.&#8221;<\/p>\n<p>Seuraavaksi luovutan puheenvuoron Antti Haapalaiselle. H\u00e4n ja aisapari Reijo Pulkkinen ovat tehneet valtavan ty\u00f6n ja selvitt\u00e4neet l\u00e4hes koko kentt\u00e4vartiolinjan Rukaj\u00e4rven suunnalla. Kuulemme siit\u00e4 uunituoreen selvityksen &#8211; roppakaupalla uutta tietoa.<\/p>\n<p>sek\u00e4 esitelm\u00e4t:<\/p>\n<p>&#8211; &#8221;Matka Rukaj\u00e4rven suunnan kentt\u00e4vartioihin Historia &#8211; Nykyaika&#8221; on kattava selvitys er\u00e4maasodan kentt\u00e4vartioista. Esitelm\u00e4 perustuu kuopiolaisen <strong>Antti Haapalaisen<\/strong> ja iisalmelaisen <strong>Reijo Pulkkisen<\/strong> mittavaan selvitysty\u00f6h\u00f6n. Kannattaa tutustua Antin ja Reijon tekemiin tutkimuksiin <a href=\"http:\/\/www.rukajarvensuunnanhistoriayhdistys.fi\/historiayhdistys\/rukajarven-rintaman-kenttavartiotutkimukset\/\"><strong>T\u00c4\u00c4LT\u00c4<\/strong><\/a>:<\/p>\n<figure id=\"attachment_2921\" aria-describedby=\"caption-attachment-2921\" style=\"width: 3528px\" class=\"wp-caption alignnone\"><a href=\"http:\/\/www.rukajarvensuunnanhistoriayhdistys.fi\/rukajarvikeskus\/wp-content\/uploads\/2017\/05\/Antti-ja-Reijo-2.jpg\"><img loading=\"lazy\" decoding=\"async\" class=\"size-full wp-image-2921\" src=\"http:\/\/www.rukajarvensuunnanhistoriayhdistys.fi\/rukajarvikeskus\/wp-content\/uploads\/2017\/05\/Antti-ja-Reijo-2.jpg\" alt=\"\" width=\"3528\" height=\"2616\"><\/a><figcaption id=\"caption-attachment-2921\" class=\"wp-caption-text\">Antti Haapalainen ja Reijo Pulkkinen Ontaj\u00e4rvell\u00e4 valmiina korpivaellukselle<\/figcaption><\/figure>\n<p>&#8211; Sotahistorioitsija Tauno Oksanen luento: Taisteluista kentt\u00e4vartioissa ja Jari K\u00e4rkk\u00e4isen luento keskittyy Joen kentt\u00e4vartiota koskeviin tutkimuksiin.<\/p>\n<figure id=\"attachment_2763\" aria-describedby=\"caption-attachment-2763\" style=\"width: 2843px\" class=\"wp-caption alignnone\"><a href=\"http:\/\/www.rukajarvensuunnanhistoriayhdistys.fi\/rukajarvikeskus\/wp-content\/uploads\/2017\/03\/001_Tauno-Oksanen-2.jpg\"><img loading=\"lazy\" decoding=\"async\" class=\"size-full wp-image-2763\" src=\"http:\/\/www.rukajarvensuunnanhistoriayhdistys.fi\/rukajarvikeskus\/wp-content\/uploads\/2017\/03\/001_Tauno-Oksanen-2.jpg\" alt=\"\" width=\"2843\" height=\"2146\"><\/a><figcaption id=\"caption-attachment-2763\" class=\"wp-caption-text\">Rajakapteeni Tauno Oksanen Vuoden 2016 Rajahenkil\u00f6.<\/figcaption><\/figure>\n<figure id=\"attachment_2265\" aria-describedby=\"caption-attachment-2265\" style=\"width: 6000px\" class=\"wp-caption alignnone\"><a href=\"http:\/\/www.rukajarvensuunnanhistoriayhdistys.fi\/rukajarvikeskus\/wp-content\/uploads\/2016\/07\/V\u00e4snsk\u00e4-Kyllikki-Rukaj\u00e4rven-yst\u00e4v\u00e4t.jpg\"><img loading=\"lazy\" decoding=\"async\" class=\"size-full wp-image-2265\" src=\"http:\/\/www.rukajarvensuunnanhistoriayhdistys.fi\/rukajarvikeskus\/wp-content\/uploads\/2016\/07\/V\u00e4snsk\u00e4-Kyllikki-Rukaj\u00e4rven-yst\u00e4v\u00e4t.jpg\" alt=\"\" width=\"6000\" height=\"4000\" srcset=\"http:\/\/www.rukajarvensuunnanhistoriayhdistys.fi\/rukajarvikeskus\/wp-content\/uploads\/2016\/07\/V\u00e4snsk\u00e4-Kyllikki-Rukaj\u00e4rven-yst\u00e4v\u00e4t.jpg 6000w, http:\/\/www.rukajarvensuunnanhistoriayhdistys.fi\/rukajarvikeskus\/wp-content\/uploads\/2016\/07\/V\u00e4snsk\u00e4-Kyllikki-Rukaj\u00e4rven-yst\u00e4v\u00e4t-300x200.jpg 300w, http:\/\/www.rukajarvensuunnanhistoriayhdistys.fi\/rukajarvikeskus\/wp-content\/uploads\/2016\/07\/V\u00e4snsk\u00e4-Kyllikki-Rukaj\u00e4rven-yst\u00e4v\u00e4t-768x512.jpg 768w, http:\/\/www.rukajarvensuunnanhistoriayhdistys.fi\/rukajarvikeskus\/wp-content\/uploads\/2016\/07\/V\u00e4snsk\u00e4-Kyllikki-Rukaj\u00e4rven-yst\u00e4v\u00e4t-1024x683.jpg 1024w\" sizes=\"auto, (max-width: 6000px) 100vw, 6000px\" \/><\/a><figcaption id=\"caption-attachment-2265\" class=\"wp-caption-text\">&#8221;Rukaj\u00e4rven yst\u00e4vien&#8221; vierailu Suomessa 3.7.2016 (<a href=\"http:\/\/www.rukajarvensuunnanhistoriayhdistys.fi\/historiayhdistys\/rukajarven-ystavien-vierailu-onnistui-saakin-suosi\/\"><strong>T\u00c4\u00c4LT\u00c4<\/strong><\/a>): Rukaj\u00e4rven suunnan historiayhdistyksen ja Rukaj\u00e4rvi-keskuksen toimintaa esitteli Jari K\u00e4rkk\u00e4inen. Lieksan kirjastotoimenjohtaja Lea Tserni-Puittinen esitteli Lieksan kirjaston toimintaa.&nbsp;<\/figcaption><\/figure>\n","protected":false},"excerpt":{"rendered":"<p>Rukaj\u00e4rven suunnan historiayhdistys ry Pentti Perttulin Jotos -seminaari, Iisalmen Rukaj\u00e4rvi-keskus 11.3.2018: Tenho Tikkanen: Seminaarin avaus Arvoisat veteraanit, hyv\u00e4 seminaariyleis\u00f6. Tervetuloa t\u00e4h\u00e4n tilaisuuteen Koska t\u00e4m\u00e4 tilaisuus on ensimm\u00e4inen Pentti Perttulin nime\u00e4 <a class=\"more-link\" href=\"http:\/\/www.rukajarvensuunnanhistoriayhdistys.fi\/rukajarvikeskus\/tapahtumat\/tenho-tikkanen-raappanan-ritarin-pentti-perttulin-jotos-muistoseminaarin-avauksessa-11-3-2018\/\">Lue lis\u00e4\u00e4&#8230;<span class=\"screen-reader-text\">Tenho Tikkanen Raappanan Ritarin Pentti Perttulin Jotos -muistoseminaarin avauksessa 11.3.2018<\/span><span class=\"meta-nav\">\u2192<\/span><\/a><\/p>\n","protected":false},"author":4,"featured_media":0,"comment_status":"closed","ping_status":"open","sticky":false,"template":"","format":"standard","meta":{"ngg_post_thumbnail":0,"_jetpack_newsletter_access":"","_jetpack_dont_email_post_to_subs":false,"_jetpack_newsletter_tier_id":0,"_jetpack_memberships_contains_paywalled_content":false,"_jetpack_memberships_contains_paid_content":false,"footnotes":""},"categories":[26,31,32,15],"tags":[],"class_list":["post-3485","post","type-post","status-publish","format-standard","hentry","category-ajankohtaista","category-esitelmat","category-historiayhdistys","category-tapahtumat"],"jetpack_featured_media_url":"","jetpack_sharing_enabled":true,"jetpack_shortlink":"https:\/\/wp.me\/p72N2f-Ud","_links":{"self":[{"href":"http:\/\/www.rukajarvensuunnanhistoriayhdistys.fi\/rukajarvikeskus\/wp-json\/wp\/v2\/posts\/3485","targetHints":{"allow":["GET"]}}],"collection":[{"href":"http:\/\/www.rukajarvensuunnanhistoriayhdistys.fi\/rukajarvikeskus\/wp-json\/wp\/v2\/posts"}],"about":[{"href":"http:\/\/www.rukajarvensuunnanhistoriayhdistys.fi\/rukajarvikeskus\/wp-json\/wp\/v2\/types\/post"}],"author":[{"embeddable":true,"href":"http:\/\/www.rukajarvensuunnanhistoriayhdistys.fi\/rukajarvikeskus\/wp-json\/wp\/v2\/users\/4"}],"replies":[{"embeddable":true,"href":"http:\/\/www.rukajarvensuunnanhistoriayhdistys.fi\/rukajarvikeskus\/wp-json\/wp\/v2\/comments?post=3485"}],"version-history":[{"count":3,"href":"http:\/\/www.rukajarvensuunnanhistoriayhdistys.fi\/rukajarvikeskus\/wp-json\/wp\/v2\/posts\/3485\/revisions"}],"predecessor-version":[{"id":3488,"href":"http:\/\/www.rukajarvensuunnanhistoriayhdistys.fi\/rukajarvikeskus\/wp-json\/wp\/v2\/posts\/3485\/revisions\/3488"}],"wp:attachment":[{"href":"http:\/\/www.rukajarvensuunnanhistoriayhdistys.fi\/rukajarvikeskus\/wp-json\/wp\/v2\/media?parent=3485"}],"wp:term":[{"taxonomy":"category","embeddable":true,"href":"http:\/\/www.rukajarvensuunnanhistoriayhdistys.fi\/rukajarvikeskus\/wp-json\/wp\/v2\/categories?post=3485"},{"taxonomy":"post_tag","embeddable":true,"href":"http:\/\/www.rukajarvensuunnanhistoriayhdistys.fi\/rukajarvikeskus\/wp-json\/wp\/v2\/tags?post=3485"}],"curies":[{"name":"wp","href":"https:\/\/api.w.org\/{rel}","templated":true}]}}