{"id":3503,"date":"2018-03-14T00:43:24","date_gmt":"2018-03-13T21:43:24","guid":{"rendered":"http:\/\/www.rukajarvensuunnanhistoriayhdistys.fi\/rukajarvikeskus\/?p=3503"},"modified":"2018-03-14T12:33:42","modified_gmt":"2018-03-14T09:33:42","slug":"perttulin-jotos-seminaari-kokosi-tayden-salin-iisalmen-rukajarvi-keskukseen","status":"publish","type":"post","link":"http:\/\/www.rukajarvensuunnanhistoriayhdistys.fi\/rukajarvikeskus\/tapahtumat\/perttulin-jotos-seminaari-kokosi-tayden-salin-iisalmen-rukajarvi-keskukseen\/","title":{"rendered":"Perttulin Jotos -seminaari kokosi t\u00e4yden salin Iisalmen Rukaj\u00e4rvi-keskukseen"},"content":{"rendered":"<div class=\"fcbkbttn_buttons_block\" id=\"fcbkbttn_left\"><div class=\"fcbkbttn_like \"><fb:like href=\"http:\/\/www.rukajarvensuunnanhistoriayhdistys.fi\/rukajarvikeskus\/tapahtumat\/perttulin-jotos-seminaari-kokosi-tayden-salin-iisalmen-rukajarvi-keskukseen\/\" action=\"like\" colorscheme=\"light\" layout=\"button_count\"  size=\"small\"><\/fb:like><\/div><\/div><p>Kaukaisimmat kuulijat tulivat Espoosta, Keravalta, Oulusta, Kalajoelta ja Ylivieskasta saakka.<\/p>\n<p>Seminaarissa kuultiin kattava luentopaketti Pentti Perttulille kovin l\u00e4heisest\u00e4 ja t\u00e4rke\u00e4st\u00e4 Er\u00e4maasotaan keskeisesti liittyv\u00e4st\u00e4 Kentt\u00e4vartiopuolustusj\u00e4rjestelm\u00e4st\u00e4 Rukaj\u00e4rven suunnalta.<\/p>\n<figure id=\"attachment_3507\" aria-describedby=\"caption-attachment-3507\" style=\"width: 1632px\" class=\"wp-caption alignnone\"><a href=\"http:\/\/www.rukajarvensuunnanhistoriayhdistys.fi\/rukajarvikeskus\/wp-content\/uploads\/2018\/03\/Perttulin-Jotos-11-3-2018-2.jpg\"><img loading=\"lazy\" decoding=\"async\" class=\"size-full wp-image-3507\" src=\"http:\/\/www.rukajarvensuunnanhistoriayhdistys.fi\/rukajarvikeskus\/wp-content\/uploads\/2018\/03\/Perttulin-Jotos-11-3-2018-2.jpg\" alt=\"\" width=\"1632\" height=\"918\" srcset=\"http:\/\/www.rukajarvensuunnanhistoriayhdistys.fi\/rukajarvikeskus\/wp-content\/uploads\/2018\/03\/Perttulin-Jotos-11-3-2018-2.jpg 1632w, http:\/\/www.rukajarvensuunnanhistoriayhdistys.fi\/rukajarvikeskus\/wp-content\/uploads\/2018\/03\/Perttulin-Jotos-11-3-2018-2-300x169.jpg 300w, http:\/\/www.rukajarvensuunnanhistoriayhdistys.fi\/rukajarvikeskus\/wp-content\/uploads\/2018\/03\/Perttulin-Jotos-11-3-2018-2-768x432.jpg 768w, http:\/\/www.rukajarvensuunnanhistoriayhdistys.fi\/rukajarvikeskus\/wp-content\/uploads\/2018\/03\/Perttulin-Jotos-11-3-2018-2-1024x576.jpg 1024w\" sizes=\"auto, (max-width: 1632px) 100vw, 1632px\" \/><\/a><figcaption id=\"caption-attachment-3507\" class=\"wp-caption-text\">Yleis\u00f6 kokoontumassa saliin ennen seminaaritilaisuuden alkamista. Etualalla Antti Haapalainen, jonka yhdess\u00e4 Reijo Pulkkisen kanssa tekemiin selvityksiin luento perustui. Selin Jari K\u00e4rkk\u00e4inen.<\/figcaption><\/figure>\n<p><a href=\"http:\/\/www.rukajarvensuunnanhistoriayhdistys.fi\/rukajarvikeskus\/wp-content\/uploads\/2018\/03\/Perttulin-Jotos-11-3-2018-1.jpg\"><img loading=\"lazy\" decoding=\"async\" class=\"alignnone size-full wp-image-3506\" src=\"http:\/\/www.rukajarvensuunnanhistoriayhdistys.fi\/rukajarvikeskus\/wp-content\/uploads\/2018\/03\/Perttulin-Jotos-11-3-2018-1.jpg\" alt=\"\" width=\"1632\" height=\"918\" srcset=\"http:\/\/www.rukajarvensuunnanhistoriayhdistys.fi\/rukajarvikeskus\/wp-content\/uploads\/2018\/03\/Perttulin-Jotos-11-3-2018-1.jpg 1632w, http:\/\/www.rukajarvensuunnanhistoriayhdistys.fi\/rukajarvikeskus\/wp-content\/uploads\/2018\/03\/Perttulin-Jotos-11-3-2018-1-300x169.jpg 300w, http:\/\/www.rukajarvensuunnanhistoriayhdistys.fi\/rukajarvikeskus\/wp-content\/uploads\/2018\/03\/Perttulin-Jotos-11-3-2018-1-768x432.jpg 768w, http:\/\/www.rukajarvensuunnanhistoriayhdistys.fi\/rukajarvikeskus\/wp-content\/uploads\/2018\/03\/Perttulin-Jotos-11-3-2018-1-1024x576.jpg 1024w\" sizes=\"auto, (max-width: 1632px) 100vw, 1632px\" \/><\/a><\/p>\n<p>&#8211; &#8221;Matka Rukaj\u00e4rven suunnan kentt\u00e4vartioihin Historia &#8211; Nykyaika&#8221; on kattava selvitys er\u00e4maasodan kentt\u00e4vartioista. Esitelm\u00e4 perustuu kuopiolaisen Antti Haapalaisen ja iisalmelaisen Reijo Pulkkisen mittavaan selvitysty\u00f6h\u00f6n.<\/p>\n<p>&#8211; Sotahistorioitsija Tauno Oksanen luento: Taisteluista kentt\u00e4vartioissa ja Jari K\u00e4rkk\u00e4isen luento keskittyi Joen kentt\u00e4vartiota koskeviin tutkimuksiin.<\/p>\n<p>T\u00e4n\u00e4\u00e4n vietet\u00e4\u00e4n Talvisodan p\u00e4\u00e4ttymisen 78-vuotisp\u00e4iv\u00e4\u00e4. Saimme Olle Wickstr\u00f6milt\u00e4 h\u00e4nen is\u00e4ns\u00e4 sota-ajalta per\u00e4isin olevat muistiinpanot tuolta p\u00e4iv\u00e4lt\u00e4. P\u00e4iv\u00e4lt\u00e4 mik\u00e4 sattuu olemaan my\u00f6s kunnioitetun yhdistykemme perustajaj\u00e4senen Pentti Perttulin (13.3.1916 &#8211; 23.5.2017) syntym\u00e4p\u00e4iv\u00e4.<\/p>\n<figure id=\"attachment_3504\" aria-describedby=\"caption-attachment-3504\" style=\"width: 1632px\" class=\"wp-caption alignnone\"><a href=\"http:\/\/www.rukajarvensuunnanhistoriayhdistys.fi\/rukajarvikeskus\/wp-content\/uploads\/2018\/03\/Perttulin-Jotos-11-3-2018-Jukka-ja-Sinikka-Kurikkala-3.jpg\"><img loading=\"lazy\" decoding=\"async\" class=\"size-full wp-image-3504\" src=\"http:\/\/www.rukajarvensuunnanhistoriayhdistys.fi\/rukajarvikeskus\/wp-content\/uploads\/2018\/03\/Perttulin-Jotos-11-3-2018-Jukka-ja-Sinikka-Kurikkala-3.jpg\" alt=\"\" width=\"1632\" height=\"918\" srcset=\"http:\/\/www.rukajarvensuunnanhistoriayhdistys.fi\/rukajarvikeskus\/wp-content\/uploads\/2018\/03\/Perttulin-Jotos-11-3-2018-Jukka-ja-Sinikka-Kurikkala-3.jpg 1632w, http:\/\/www.rukajarvensuunnanhistoriayhdistys.fi\/rukajarvikeskus\/wp-content\/uploads\/2018\/03\/Perttulin-Jotos-11-3-2018-Jukka-ja-Sinikka-Kurikkala-3-300x169.jpg 300w, http:\/\/www.rukajarvensuunnanhistoriayhdistys.fi\/rukajarvikeskus\/wp-content\/uploads\/2018\/03\/Perttulin-Jotos-11-3-2018-Jukka-ja-Sinikka-Kurikkala-3-768x432.jpg 768w, http:\/\/www.rukajarvensuunnanhistoriayhdistys.fi\/rukajarvikeskus\/wp-content\/uploads\/2018\/03\/Perttulin-Jotos-11-3-2018-Jukka-ja-Sinikka-Kurikkala-3-1024x576.jpg 1024w\" sizes=\"auto, (max-width: 1632px) 100vw, 1632px\" \/><\/a><figcaption id=\"caption-attachment-3504\" class=\"wp-caption-text\">Yhdistyksemme sai lahjana Arnold ja Helga Majewskin h\u00e4\u00e4lahjakaluston. Nyt j\u00e4lkik\u00e4teen olemme saaneet tiedon siit\u00e4, ett\u00e4 kyseisen kaluston oli rintamalla valmistanut ammattiveneentekij\u00e4 Lauri Kurikkala, joka oli kotoisin Kalajoelta. Lauri Kurikkalan poika Jukka ja h\u00e4nen puolisonsa Sinikka olivat tulleet tutustumaan t\u00e4h\u00e4n arvokalustoon.<\/figcaption><\/figure>\n<figure id=\"attachment_3505\" aria-describedby=\"caption-attachment-3505\" style=\"width: 1632px\" class=\"wp-caption alignnone\"><a href=\"http:\/\/www.rukajarvensuunnanhistoriayhdistys.fi\/rukajarvikeskus\/wp-content\/uploads\/2018\/03\/Perttulin-Jotos-11-3-2018-Jukka-Kurikkala.jpg\"><img loading=\"lazy\" decoding=\"async\" class=\"size-full wp-image-3505\" src=\"http:\/\/www.rukajarvensuunnanhistoriayhdistys.fi\/rukajarvikeskus\/wp-content\/uploads\/2018\/03\/Perttulin-Jotos-11-3-2018-Jukka-Kurikkala.jpg\" alt=\"\" width=\"1632\" height=\"918\" srcset=\"http:\/\/www.rukajarvensuunnanhistoriayhdistys.fi\/rukajarvikeskus\/wp-content\/uploads\/2018\/03\/Perttulin-Jotos-11-3-2018-Jukka-Kurikkala.jpg 1632w, http:\/\/www.rukajarvensuunnanhistoriayhdistys.fi\/rukajarvikeskus\/wp-content\/uploads\/2018\/03\/Perttulin-Jotos-11-3-2018-Jukka-Kurikkala-300x169.jpg 300w, http:\/\/www.rukajarvensuunnanhistoriayhdistys.fi\/rukajarvikeskus\/wp-content\/uploads\/2018\/03\/Perttulin-Jotos-11-3-2018-Jukka-Kurikkala-768x432.jpg 768w, http:\/\/www.rukajarvensuunnanhistoriayhdistys.fi\/rukajarvikeskus\/wp-content\/uploads\/2018\/03\/Perttulin-Jotos-11-3-2018-Jukka-Kurikkala-1024x576.jpg 1024w\" sizes=\"auto, (max-width: 1632px) 100vw, 1632px\" \/><\/a><figcaption id=\"caption-attachment-3505\" class=\"wp-caption-text\">Jukka Kurikkalan is\u00e4 Lauri on tehnyt t\u00e4m\u00e4n esimiehens\u00e4 Majewskin h\u00e4\u00e4lahjakaluston. Lauri Kurikkala toimi Majewskin erityisteht\u00e4viss\u00e4 l\u00e4hettin\u00e4.<\/figcaption><\/figure>\n<figure id=\"attachment_3508\" aria-describedby=\"caption-attachment-3508\" style=\"width: 1632px\" class=\"wp-caption alignnone\"><a href=\"http:\/\/www.rukajarvensuunnanhistoriayhdistys.fi\/rukajarvikeskus\/wp-content\/uploads\/2018\/03\/image1-2.jpg\"><img loading=\"lazy\" decoding=\"async\" class=\"size-full wp-image-3508\" src=\"http:\/\/www.rukajarvensuunnanhistoriayhdistys.fi\/rukajarvikeskus\/wp-content\/uploads\/2018\/03\/image1-2.jpg\" alt=\"\" width=\"1632\" height=\"1224\" srcset=\"http:\/\/www.rukajarvensuunnanhistoriayhdistys.fi\/rukajarvikeskus\/wp-content\/uploads\/2018\/03\/image1-2.jpg 1632w, http:\/\/www.rukajarvensuunnanhistoriayhdistys.fi\/rukajarvikeskus\/wp-content\/uploads\/2018\/03\/image1-2-300x225.jpg 300w, http:\/\/www.rukajarvensuunnanhistoriayhdistys.fi\/rukajarvikeskus\/wp-content\/uploads\/2018\/03\/image1-2-768x576.jpg 768w, http:\/\/www.rukajarvensuunnanhistoriayhdistys.fi\/rukajarvikeskus\/wp-content\/uploads\/2018\/03\/image1-2-1024x768.jpg 1024w\" sizes=\"auto, (max-width: 1632px) 100vw, 1632px\" \/><\/a><figcaption id=\"caption-attachment-3508\" class=\"wp-caption-text\">Olle Wickstr\u00f6m toimitti is\u00e4ns\u00e4 muistiinpanot 78 vuoden takaa, jotka h\u00e4n oli kirjoittanut 13.3.1940 tasan 78 vuotta sitten. Jatkosodan t\u00e4m\u00e4 Juuan apteekkarin poika toimi Rukaj\u00e4rvell\u00e4. Jatkosodan j\u00e4lkeen h\u00e4n ty\u00f6skenteli is\u00e4ns\u00e4 apteekissa farmaseuttina.<\/figcaption><\/figure>\n<p><a href=\"http:\/\/www.rukajarvensuunnanhistoriayhdistys.fi\/rukajarvikeskus\/wp-content\/uploads\/2018\/03\/Joro-Matti-25-11-1918-18-2-1940.jpg\"><img loading=\"lazy\" decoding=\"async\" class=\"alignnone size-full wp-image-3510\" src=\"http:\/\/www.rukajarvensuunnanhistoriayhdistys.fi\/rukajarvikeskus\/wp-content\/uploads\/2018\/03\/Joro-Matti-25-11-1918-18-2-1940.jpg\" alt=\"\" width=\"628\" height=\"568\" srcset=\"http:\/\/www.rukajarvensuunnanhistoriayhdistys.fi\/rukajarvikeskus\/wp-content\/uploads\/2018\/03\/Joro-Matti-25-11-1918-18-2-1940.jpg 628w, http:\/\/www.rukajarvensuunnanhistoriayhdistys.fi\/rukajarvikeskus\/wp-content\/uploads\/2018\/03\/Joro-Matti-25-11-1918-18-2-1940-300x271.jpg 300w\" sizes=\"auto, (max-width: 628px) 100vw, 628px\" \/><\/a><\/p>\n<figure id=\"attachment_3509\" aria-describedby=\"caption-attachment-3509\" style=\"width: 1632px\" class=\"wp-caption alignnone\"><a href=\"http:\/\/www.rukajarvensuunnanhistoriayhdistys.fi\/rukajarvikeskus\/wp-content\/uploads\/2018\/03\/image2-2.jpg\"><img loading=\"lazy\" decoding=\"async\" class=\"size-full wp-image-3509\" src=\"http:\/\/www.rukajarvensuunnanhistoriayhdistys.fi\/rukajarvikeskus\/wp-content\/uploads\/2018\/03\/image2-2.jpg\" alt=\"\" width=\"1632\" height=\"1224\" srcset=\"http:\/\/www.rukajarvensuunnanhistoriayhdistys.fi\/rukajarvikeskus\/wp-content\/uploads\/2018\/03\/image2-2.jpg 1632w, http:\/\/www.rukajarvensuunnanhistoriayhdistys.fi\/rukajarvikeskus\/wp-content\/uploads\/2018\/03\/image2-2-300x225.jpg 300w, http:\/\/www.rukajarvensuunnanhistoriayhdistys.fi\/rukajarvikeskus\/wp-content\/uploads\/2018\/03\/image2-2-768x576.jpg 768w, http:\/\/www.rukajarvensuunnanhistoriayhdistys.fi\/rukajarvikeskus\/wp-content\/uploads\/2018\/03\/image2-2-1024x768.jpg 1024w\" sizes=\"auto, (max-width: 1632px) 100vw, 1632px\" \/><\/a><figcaption id=\"caption-attachment-3509\" class=\"wp-caption-text\">Talvisota on p\u00e4\u00e4ttynyt &#8211; Finis.<\/figcaption><\/figure>\n","protected":false},"excerpt":{"rendered":"<p>Kaukaisimmat kuulijat tulivat Espoosta, Keravalta, Oulusta, Kalajoelta ja Ylivieskasta saakka. Seminaarissa kuultiin kattava luentopaketti Pentti Perttulille kovin l\u00e4heisest\u00e4 ja t\u00e4rke\u00e4st\u00e4 Er\u00e4maasotaan keskeisesti liittyv\u00e4st\u00e4 Kentt\u00e4vartiopuolustusj\u00e4rjestelm\u00e4st\u00e4 Rukaj\u00e4rven suunnalta. &#8211; &#8221;Matka Rukaj\u00e4rven suunnan <a class=\"more-link\" href=\"http:\/\/www.rukajarvensuunnanhistoriayhdistys.fi\/rukajarvikeskus\/tapahtumat\/perttulin-jotos-seminaari-kokosi-tayden-salin-iisalmen-rukajarvi-keskukseen\/\">Lue lis\u00e4\u00e4&#8230;<span class=\"screen-reader-text\">Perttulin Jotos -seminaari kokosi t\u00e4yden salin Iisalmen Rukaj\u00e4rvi-keskukseen<\/span><span class=\"meta-nav\">\u2192<\/span><\/a><\/p>\n","protected":false},"author":4,"featured_media":0,"comment_status":"closed","ping_status":"open","sticky":false,"template":"","format":"standard","meta":{"ngg_post_thumbnail":0,"_jetpack_newsletter_access":"","_jetpack_dont_email_post_to_subs":false,"_jetpack_newsletter_tier_id":0,"_jetpack_memberships_contains_paywalled_content":false,"_jetpack_memberships_contains_paid_content":false,"footnotes":""},"categories":[26,32,15],"tags":[],"class_list":["post-3503","post","type-post","status-publish","format-standard","hentry","category-ajankohtaista","category-historiayhdistys","category-tapahtumat"],"jetpack_featured_media_url":"","jetpack_sharing_enabled":true,"jetpack_shortlink":"https:\/\/wp.me\/p72N2f-Uv","_links":{"self":[{"href":"http:\/\/www.rukajarvensuunnanhistoriayhdistys.fi\/rukajarvikeskus\/wp-json\/wp\/v2\/posts\/3503","targetHints":{"allow":["GET"]}}],"collection":[{"href":"http:\/\/www.rukajarvensuunnanhistoriayhdistys.fi\/rukajarvikeskus\/wp-json\/wp\/v2\/posts"}],"about":[{"href":"http:\/\/www.rukajarvensuunnanhistoriayhdistys.fi\/rukajarvikeskus\/wp-json\/wp\/v2\/types\/post"}],"author":[{"embeddable":true,"href":"http:\/\/www.rukajarvensuunnanhistoriayhdistys.fi\/rukajarvikeskus\/wp-json\/wp\/v2\/users\/4"}],"replies":[{"embeddable":true,"href":"http:\/\/www.rukajarvensuunnanhistoriayhdistys.fi\/rukajarvikeskus\/wp-json\/wp\/v2\/comments?post=3503"}],"version-history":[{"count":4,"href":"http:\/\/www.rukajarvensuunnanhistoriayhdistys.fi\/rukajarvikeskus\/wp-json\/wp\/v2\/posts\/3503\/revisions"}],"predecessor-version":[{"id":3514,"href":"http:\/\/www.rukajarvensuunnanhistoriayhdistys.fi\/rukajarvikeskus\/wp-json\/wp\/v2\/posts\/3503\/revisions\/3514"}],"wp:attachment":[{"href":"http:\/\/www.rukajarvensuunnanhistoriayhdistys.fi\/rukajarvikeskus\/wp-json\/wp\/v2\/media?parent=3503"}],"wp:term":[{"taxonomy":"category","embeddable":true,"href":"http:\/\/www.rukajarvensuunnanhistoriayhdistys.fi\/rukajarvikeskus\/wp-json\/wp\/v2\/categories?post=3503"},{"taxonomy":"post_tag","embeddable":true,"href":"http:\/\/www.rukajarvensuunnanhistoriayhdistys.fi\/rukajarvikeskus\/wp-json\/wp\/v2\/tags?post=3503"}],"curies":[{"name":"wp","href":"https:\/\/api.w.org\/{rel}","templated":true}]}}