{"id":3530,"date":"2018-03-22T16:45:02","date_gmt":"2018-03-22T13:45:02","guid":{"rendered":"http:\/\/www.rukajarvensuunnanhistoriayhdistys.fi\/rukajarvikeskus\/?p=3530"},"modified":"2018-03-22T16:45:42","modified_gmt":"2018-03-22T13:45:42","slug":"antti-hamalaisen-luentorukajarvi-eilen-ja-tanaan-28-3-2018-tuusulassa","status":"publish","type":"post","link":"http:\/\/www.rukajarvensuunnanhistoriayhdistys.fi\/rukajarvikeskus\/ajankohtaista\/antti-hamalaisen-luentorukajarvi-eilen-ja-tanaan-28-3-2018-tuusulassa\/","title":{"rendered":"Antti H\u00e4m\u00e4l\u00e4isen luento&#8221;Rukaj\u00e4rvi eilen ja t\u00e4n\u00e4\u00e4n&#8221; 28.3.2018 Tuusulassa"},"content":{"rendered":"<div class=\"fcbkbttn_buttons_block\" id=\"fcbkbttn_left\"><div class=\"fcbkbttn_like \"><fb:like href=\"http:\/\/www.rukajarvensuunnanhistoriayhdistys.fi\/rukajarvikeskus\/ajankohtaista\/antti-hamalaisen-luentorukajarvi-eilen-ja-tanaan-28-3-2018-tuusulassa\/\" action=\"like\" colorscheme=\"light\" layout=\"button_count\"  size=\"small\"><\/fb:like><\/div><\/div><p>Tuusulan Reserviupseerikerhon kev\u00e4tkokouksen yhteydess\u00e4 pit\u00e4\u00e4 res.ltn. Antti H\u00e4m\u00e4l\u00e4inen esitelm\u00e4n aiheesta&#8221;Rukaj\u00e4rvi eilen ja t\u00e4n\u00e4\u00e4n.&#8221;<\/p>\n<p>Luento pidet\u00e4\u00e4n 28.3.2018 klo 19.00 Tuusulassa Taistelukoululla PV:n Palvelukeskuksessa luokka KIoivikko. os. Rantatie 74, Tuusula.<\/p>\n<figure id=\"attachment_3531\" aria-describedby=\"caption-attachment-3531\" style=\"width: 886px\" class=\"wp-caption alignnone\"><a href=\"http:\/\/www.rukajarvensuunnanhistoriayhdistys.fi\/rukajarvikeskus\/wp-content\/uploads\/2018\/03\/image003.jpg\"><img loading=\"lazy\" decoding=\"async\" class=\"size-full wp-image-3531\" src=\"http:\/\/www.rukajarvensuunnanhistoriayhdistys.fi\/rukajarvikeskus\/wp-content\/uploads\/2018\/03\/image003.jpg\" alt=\"\" width=\"886\" height=\"522\" srcset=\"http:\/\/www.rukajarvensuunnanhistoriayhdistys.fi\/rukajarvikeskus\/wp-content\/uploads\/2018\/03\/image003.jpg 886w, http:\/\/www.rukajarvensuunnanhistoriayhdistys.fi\/rukajarvikeskus\/wp-content\/uploads\/2018\/03\/image003-300x177.jpg 300w, http:\/\/www.rukajarvensuunnanhistoriayhdistys.fi\/rukajarvikeskus\/wp-content\/uploads\/2018\/03\/image003-768x452.jpg 768w\" sizes=\"auto, (max-width: 886px) 100vw, 886px\" \/><\/a><figcaption id=\"caption-attachment-3531\" class=\"wp-caption-text\">Virtain kapeikko 12.8.1941.<\/figcaption><\/figure>\n<figure id=\"attachment_3261\" aria-describedby=\"caption-attachment-3261\" style=\"width: 2048px\" class=\"wp-caption alignnone\"><a href=\"http:\/\/www.rukajarvensuunnanhistoriayhdistys.fi\/rukajarvikeskus\/wp-content\/uploads\/2017\/08\/\u00c4n\u00e4k\u00e4inen-taulut-2017.jpg\"><img loading=\"lazy\" decoding=\"async\" class=\"size-full wp-image-3261\" src=\"http:\/\/www.rukajarvensuunnanhistoriayhdistys.fi\/rukajarvikeskus\/wp-content\/uploads\/2017\/08\/\u00c4n\u00e4k\u00e4inen-taulut-2017.jpg\" alt=\"\" width=\"2048\" height=\"1536\" srcset=\"http:\/\/www.rukajarvensuunnanhistoriayhdistys.fi\/rukajarvikeskus\/wp-content\/uploads\/2017\/08\/\u00c4n\u00e4k\u00e4inen-taulut-2017.jpg 2048w, http:\/\/www.rukajarvensuunnanhistoriayhdistys.fi\/rukajarvikeskus\/wp-content\/uploads\/2017\/08\/\u00c4n\u00e4k\u00e4inen-taulut-2017-300x225.jpg 300w, http:\/\/www.rukajarvensuunnanhistoriayhdistys.fi\/rukajarvikeskus\/wp-content\/uploads\/2017\/08\/\u00c4n\u00e4k\u00e4inen-taulut-2017-768x576.jpg 768w, http:\/\/www.rukajarvensuunnanhistoriayhdistys.fi\/rukajarvikeskus\/wp-content\/uploads\/2017\/08\/\u00c4n\u00e4k\u00e4inen-taulut-2017-1024x768.jpg 1024w\" sizes=\"auto, (max-width: 2048px) 100vw, 2048px\" \/><\/a><figcaption id=\"caption-attachment-3261\" class=\"wp-caption-text\">Tenho Liimatta asensi \u00c4n\u00e4k\u00e4isen kohteen taulut. Vasemmalla on lueteltu talkoomiesten nimet (54). Taisteluhauta valmistui 31.5.2017 ja se on valmistettu kelopuuj\u00e4ljitelm\u00e4betonielementeist\u00e4.<\/figcaption><\/figure>\n<figure id=\"attachment_3038\" aria-describedby=\"caption-attachment-3038\" style=\"width: 3840px\" class=\"wp-caption alignnone\"><a href=\"http:\/\/www.rukajarvensuunnanhistoriayhdistys.fi\/rukajarvikeskus\/wp-content\/uploads\/2017\/07\/TVL90331-2.jpg\"><img loading=\"lazy\" decoding=\"async\" class=\"size-full wp-image-3038\" src=\"http:\/\/www.rukajarvensuunnanhistoriayhdistys.fi\/rukajarvikeskus\/wp-content\/uploads\/2017\/07\/TVL90331-2.jpg\" alt=\"\" width=\"3840\" height=\"2560\"><\/a><figcaption id=\"caption-attachment-3038\" class=\"wp-caption-text\">\u00c4n\u00e4k\u00e4inen, juuri valmistunutta taisteluhautaa. Kuva Tenho Liimatta.<\/figcaption><\/figure>\n<figure id=\"attachment_3036\" aria-describedby=\"caption-attachment-3036\" style=\"width: 4592px\" class=\"wp-caption alignnone\"><a href=\"http:\/\/www.rukajarvensuunnanhistoriayhdistys.fi\/rukajarvikeskus\/wp-content\/uploads\/2017\/07\/DSC00960-Jukolan-motti-pirtti.jpg\"><img loading=\"lazy\" decoding=\"async\" class=\"size-full wp-image-3036\" src=\"http:\/\/www.rukajarvensuunnanhistoriayhdistys.fi\/rukajarvikeskus\/wp-content\/uploads\/2017\/07\/DSC00960-Jukolan-motti-pirtti.jpg\" alt=\"\" width=\"4592\" height=\"3056\"><\/a><figcaption id=\"caption-attachment-3036\" class=\"wp-caption-text\">Jukolan motti -pirtti valmistui 30.11.2014 on yksi Lieksan Rukaj\u00e4rven tien suosituimpia k\u00e4yntikohteita.<\/figcaption><\/figure>\n<p>Antti H\u00e4m\u00e4l\u00e4isen yhteystieto: puh. 040-560 3693, sp. antti.j.hamalainen@kolumbus.fi<\/p>\n","protected":false},"excerpt":{"rendered":"<p>Tuusulan Reserviupseerikerhon kev\u00e4tkokouksen yhteydess\u00e4 pit\u00e4\u00e4 res.ltn. Antti H\u00e4m\u00e4l\u00e4inen esitelm\u00e4n aiheesta&#8221;Rukaj\u00e4rvi eilen ja t\u00e4n\u00e4\u00e4n.&#8221; Luento pidet\u00e4\u00e4n 28.3.2018 klo 19.00 Tuusulassa Taistelukoululla PV:n Palvelukeskuksessa luokka KIoivikko. os. Rantatie 74, Tuusula. Antti H\u00e4m\u00e4l\u00e4isen <a class=\"more-link\" href=\"http:\/\/www.rukajarvensuunnanhistoriayhdistys.fi\/rukajarvikeskus\/ajankohtaista\/antti-hamalaisen-luentorukajarvi-eilen-ja-tanaan-28-3-2018-tuusulassa\/\">Lue lis\u00e4\u00e4&#8230;<span class=\"screen-reader-text\">Antti H\u00e4m\u00e4l\u00e4isen luento&#8221;Rukaj\u00e4rvi eilen ja t\u00e4n\u00e4\u00e4n&#8221; 28.3.2018 Tuusulassa<\/span><span class=\"meta-nav\">\u2192<\/span><\/a><\/p>\n","protected":false},"author":4,"featured_media":0,"comment_status":"closed","ping_status":"open","sticky":false,"template":"","format":"standard","meta":{"ngg_post_thumbnail":0,"_jetpack_newsletter_access":"","_jetpack_dont_email_post_to_subs":false,"_jetpack_newsletter_tier_id":0,"_jetpack_memberships_contains_paywalled_content":false,"_jetpack_memberships_contains_paid_content":false,"footnotes":""},"categories":[26,31,32],"tags":[],"class_list":["post-3530","post","type-post","status-publish","format-standard","hentry","category-ajankohtaista","category-esitelmat","category-historiayhdistys"],"jetpack_featured_media_url":"","jetpack_sharing_enabled":true,"jetpack_shortlink":"https:\/\/wp.me\/p72N2f-UW","_links":{"self":[{"href":"http:\/\/www.rukajarvensuunnanhistoriayhdistys.fi\/rukajarvikeskus\/wp-json\/wp\/v2\/posts\/3530","targetHints":{"allow":["GET"]}}],"collection":[{"href":"http:\/\/www.rukajarvensuunnanhistoriayhdistys.fi\/rukajarvikeskus\/wp-json\/wp\/v2\/posts"}],"about":[{"href":"http:\/\/www.rukajarvensuunnanhistoriayhdistys.fi\/rukajarvikeskus\/wp-json\/wp\/v2\/types\/post"}],"author":[{"embeddable":true,"href":"http:\/\/www.rukajarvensuunnanhistoriayhdistys.fi\/rukajarvikeskus\/wp-json\/wp\/v2\/users\/4"}],"replies":[{"embeddable":true,"href":"http:\/\/www.rukajarvensuunnanhistoriayhdistys.fi\/rukajarvikeskus\/wp-json\/wp\/v2\/comments?post=3530"}],"version-history":[{"count":1,"href":"http:\/\/www.rukajarvensuunnanhistoriayhdistys.fi\/rukajarvikeskus\/wp-json\/wp\/v2\/posts\/3530\/revisions"}],"predecessor-version":[{"id":3532,"href":"http:\/\/www.rukajarvensuunnanhistoriayhdistys.fi\/rukajarvikeskus\/wp-json\/wp\/v2\/posts\/3530\/revisions\/3532"}],"wp:attachment":[{"href":"http:\/\/www.rukajarvensuunnanhistoriayhdistys.fi\/rukajarvikeskus\/wp-json\/wp\/v2\/media?parent=3530"}],"wp:term":[{"taxonomy":"category","embeddable":true,"href":"http:\/\/www.rukajarvensuunnanhistoriayhdistys.fi\/rukajarvikeskus\/wp-json\/wp\/v2\/categories?post=3530"},{"taxonomy":"post_tag","embeddable":true,"href":"http:\/\/www.rukajarvensuunnanhistoriayhdistys.fi\/rukajarvikeskus\/wp-json\/wp\/v2\/tags?post=3530"}],"curies":[{"name":"wp","href":"https:\/\/api.w.org\/{rel}","templated":true}]}}