{"id":3533,"date":"2018-03-22T23:18:58","date_gmt":"2018-03-22T20:18:58","guid":{"rendered":"http:\/\/www.rukajarvensuunnanhistoriayhdistys.fi\/rukajarvikeskus\/?p=3533"},"modified":"2018-03-22T23:21:21","modified_gmt":"2018-03-22T20:21:21","slug":"kaunis-rukajarven-tie-olipa-kesa-taikka-talvi","status":"publish","type":"post","link":"http:\/\/www.rukajarvensuunnanhistoriayhdistys.fi\/rukajarvikeskus\/ajankohtaista\/kaunis-rukajarven-tie-olipa-kesa-taikka-talvi\/","title":{"rendered":"Kaunis Rukaj\u00e4rven tie &#8211; olipa kes\u00e4 taikka talvi"},"content":{"rendered":"<div class=\"fcbkbttn_buttons_block\" id=\"fcbkbttn_left\"><div class=\"fcbkbttn_like \"><fb:like href=\"http:\/\/www.rukajarvensuunnanhistoriayhdistys.fi\/rukajarvikeskus\/ajankohtaista\/kaunis-rukajarven-tie-olipa-kesa-taikka-talvi\/\" action=\"like\" colorscheme=\"light\" layout=\"button_count\"  size=\"small\"><\/fb:like><\/div><\/div><p><strong>Kuvat sen kertovat<\/strong><\/p>\n<p>On kiitoksen aika. Rukaj\u00e4rven tiell\u00e4 k\u00e4y vierailijoita my\u00f6s talvella. Paikat ovat avoinna ja n\u00e4ht\u00e4v\u00e4\u00e4 riitt\u00e4\u00e4. Jukolan Motti -pirtti rakennettiin 2014. <strong>Kiitos talkooporukoille ja Anaika Woodille<\/strong>, joka lahjoitti mm. Motti -pirtin katon kannatinliimapalkit ja sein\u00e4hirret saimme kohtuuhintaan. T\u00e4n\u00e4 talvena sit\u00e4 lujuutta tarvitaan. Ei ole tarpeen jokaisena p\u00e4iv\u00e4n\u00e4 k\u00e4yd\u00e4 katolta lumia pudottelemassa. Kiitos lumenauraajalle, joka pit\u00e4\u00e4 tien Motti -pirtille aurattuna.<\/p>\n<figure id=\"attachment_3535\" aria-describedby=\"caption-attachment-3535\" style=\"width: 3840px\" class=\"wp-caption alignnone\"><a href=\"http:\/\/www.rukajarvensuunnanhistoriayhdistys.fi\/rukajarvikeskus\/wp-content\/uploads\/2018\/03\/A-1-Jukolan-Motti-pirtti-Liimatta_VL90688-2.jpg\"><img loading=\"lazy\" decoding=\"async\" class=\"size-full wp-image-3535\" src=\"http:\/\/www.rukajarvensuunnanhistoriayhdistys.fi\/rukajarvikeskus\/wp-content\/uploads\/2018\/03\/A-1-Jukolan-Motti-pirtti-Liimatta_VL90688-2.jpg\" alt=\"\" width=\"3840\" height=\"2560\"><\/a><figcaption id=\"caption-attachment-3535\" class=\"wp-caption-text\">Jukolan Motti -pirtti, mik\u00e4 on vapaasti matkailijoitten k\u00e4ytett\u00e4viss\u00e4. Kuva 21.3.2018 Tenho Liimatta.&nbsp;<\/figcaption><\/figure>\n<figure id=\"attachment_3036\" aria-describedby=\"caption-attachment-3036\" style=\"width: 4592px\" class=\"wp-caption alignnone\"><a href=\"http:\/\/www.rukajarvensuunnanhistoriayhdistys.fi\/rukajarvikeskus\/wp-content\/uploads\/2017\/07\/DSC00960-Jukolan-motti-pirtti.jpg\"><img loading=\"lazy\" decoding=\"async\" class=\"size-full wp-image-3036\" src=\"http:\/\/www.rukajarvensuunnanhistoriayhdistys.fi\/rukajarvikeskus\/wp-content\/uploads\/2017\/07\/DSC00960-Jukolan-motti-pirtti.jpg\" alt=\"\" width=\"4592\" height=\"3056\"><\/a><figcaption id=\"caption-attachment-3036\" class=\"wp-caption-text\">Jukolan motti -pirtti (valmistui 30.11.2014) on yksi Lieksan Rukaj\u00e4rven tien suosituimpia kohteita.<\/figcaption><\/figure>\n<p>Muistan hyvin vuoden 2014 kes\u00e4n, jolloin huutelin apua. <strong>Anaika Woodin johtaja Markku Torvinen<\/strong> totesi minulle, ett\u00e4 &#8221;mit\u00e4 hittoa te leikitte tulitikuilla. Tehk\u00e4\u00e4 rakennus kest\u00e4vist\u00e4 puista, tehk\u00e4\u00e4 liimapalkeista&#8221;. Se on turvallisuustekij\u00e4. Markku valvoi rakennusty\u00f6t\u00e4. Sit\u00e4, ett\u00e4 Rukaj\u00e4rven tien matkailijat ovat turvassa raskaan lumipeitteenkin aikana. Suuret kiitoksemme Markulle. Kaveria ei j\u00e4tet\u00e4. Markun is\u00e4n &#8221;Laistonsuon&#8221; taistelun kokemusten j\u00e4lkeen my\u00f6s h\u00e4n tiet\u00e4\u00e4 kirjaimellisesti, mit\u00e4 tarkoittaa &#8221;Kaveria ei j\u00e4tet\u00e4&#8221;. Poika on tullut is\u00e4\u00e4ns\u00e4.<\/p>\n<p>Rukaj\u00e4rven tiest\u00e4 puhuttaessa muistan sinibaretti-j\u00e4senemme kirjailija <strong>Esko Heikkisen<\/strong> kertomuksen h\u00e4nen matkakirjastaan &#8221;Tuokiokuvia Rukaj\u00e4rven tielt\u00e4 Rangooniin&#8221;. Siin\u00e4 h\u00e4n kertoo Rukaj\u00e4rven tie-elokuvan ensi-ilta-n\u00e4yt\u00f6ksen j\u00e4lkeen v. 1999 tekem\u00e4st\u00e4\u00e4n matkata Rukaj\u00e4rven tielle. Todella koskettava kertomus. Esko oli laskenut kire\u00e4ss\u00e4 pakkasessa siniset iirikset hangelle \u00c4n\u00e4k\u00e4isen Talvisodan taisteluitten muistomerkill\u00e4. Nyt tuolla paikalla on upea \u00c4n\u00e4k\u00e4isen Salpaetuasema kunnostettuna. Se on tehty kelopuuj\u00e4ljitelm\u00e4betonielementeist\u00e4. Kohde on her\u00e4tt\u00e4nyt suurta mielenkiintoa my\u00f6s sotahistoriamatkailijoitten keskuudessa.<\/p>\n<figure id=\"attachment_3038\" aria-describedby=\"caption-attachment-3038\" style=\"width: 3840px\" class=\"wp-caption alignnone\"><a href=\"http:\/\/www.rukajarvensuunnanhistoriayhdistys.fi\/rukajarvikeskus\/wp-content\/uploads\/2017\/07\/TVL90331-2.jpg\"><img loading=\"lazy\" decoding=\"async\" class=\"size-full wp-image-3038\" src=\"http:\/\/www.rukajarvensuunnanhistoriayhdistys.fi\/rukajarvikeskus\/wp-content\/uploads\/2017\/07\/TVL90331-2.jpg\" alt=\"\" width=\"3840\" height=\"2560\"><\/a><figcaption id=\"caption-attachment-3038\" class=\"wp-caption-text\">\u00c4n\u00e4k\u00e4inen, juuri valmistunutta taisteluhautaa. Kalusteet valmisti Mauri K\u00e4rkk\u00e4inen. Kuva Tenho Liimatta.<\/figcaption><\/figure>\n<figure id=\"attachment_3537\" aria-describedby=\"caption-attachment-3537\" style=\"width: 3840px\" class=\"wp-caption alignnone\"><a href=\"http:\/\/www.rukajarvensuunnanhistoriayhdistys.fi\/rukajarvikeskus\/wp-content\/uploads\/2018\/03\/B-1_VL90699-\u00c4n\u00e4k\u00e4inen-Liimatta.jpg\"><img loading=\"lazy\" decoding=\"async\" class=\"size-full wp-image-3537\" src=\"http:\/\/www.rukajarvensuunnanhistoriayhdistys.fi\/rukajarvikeskus\/wp-content\/uploads\/2018\/03\/B-1_VL90699-\u00c4n\u00e4k\u00e4inen-Liimatta.jpg\" alt=\"\" width=\"3840\" height=\"2560\"><\/a><figcaption id=\"caption-attachment-3537\" class=\"wp-caption-text\">\u00c4n\u00e4k\u00e4inen Salpaetuasema 21.3.2018. Tenho Liimatta.<\/figcaption><\/figure>\n<figure id=\"attachment_3538\" aria-describedby=\"caption-attachment-3538\" style=\"width: 3840px\" class=\"wp-caption alignnone\"><a href=\"http:\/\/www.rukajarvensuunnanhistoriayhdistys.fi\/rukajarvikeskus\/wp-content\/uploads\/2018\/03\/B-2-_VL90706.jpg\"><img loading=\"lazy\" decoding=\"async\" class=\"size-full wp-image-3538\" src=\"http:\/\/www.rukajarvensuunnanhistoriayhdistys.fi\/rukajarvikeskus\/wp-content\/uploads\/2018\/03\/B-2-_VL90706.jpg\" alt=\"\" width=\"3840\" height=\"2560\"><\/a><figcaption id=\"caption-attachment-3538\" class=\"wp-caption-text\">\u00c4n\u00e4k\u00e4inen Salpaetuasema 21.3.2018. Tenho Liimatta.<\/figcaption><\/figure>\n<figure id=\"attachment_3534\" aria-describedby=\"caption-attachment-3534\" style=\"width: 3840px\" class=\"wp-caption alignnone\"><a href=\"http:\/\/www.rukajarvensuunnanhistoriayhdistys.fi\/rukajarvikeskus\/wp-content\/uploads\/2018\/03\/B-3-_VL90707-Panssariestekivet-\u00c4n\u00e4k\u00e4inen.jpg\"><img loading=\"lazy\" decoding=\"async\" class=\"size-full wp-image-3534\" src=\"http:\/\/www.rukajarvensuunnanhistoriayhdistys.fi\/rukajarvikeskus\/wp-content\/uploads\/2018\/03\/B-3-_VL90707-Panssariestekivet-\u00c4n\u00e4k\u00e4inen.jpg\" alt=\"\" width=\"3840\" height=\"2560\"><\/a><figcaption id=\"caption-attachment-3534\" class=\"wp-caption-text\">\u00c4n\u00e4k\u00e4inen panssariestekivet peittyv\u00e4t n. metrin vahvuisen lumen alle. Kuva Tenho Liimatta 21.3.2018.<\/figcaption><\/figure>\n<p><strong>Kiitos kaimalle Tenho Liimatalle<\/strong>, joka pit\u00e4\u00e4 yhdistyksen kuvavarastoa ajan tasalla.<\/p>\n<p>Mileeni nousevat monet Rukaj\u00e4rven miesten kokemukset, erityisesti t\u00e4n\u00e4\u00e4n, jolloin tulee kuluneeksi 75 vuotta siit\u00e4 kun Rukaj\u00e4rven miehet palasivat vihollisen selustaan suuntautuneelta Jelj\u00e4rven partioretkelt\u00e4. Suorastaan liikuttava on edesmenneen Paavo Lonkilan (11.1.1923-22.9.2017) kertomus aseveljiens\u00e4 kaatumisesta heid\u00e4n paluumatkallaan, kun n\u00e4m\u00e4 miehet t\u00f6rm\u00e4siv\u00e4t vihollisen v\u00e4ijytykseen Ontaj\u00e4rven rannassa j\u00e4\u00e4lle laskeutuessaan. Pekka Tiilikainen tiedusteli Paavolta Oslon olympialaisten voittoisan hiihdon j\u00e4lkeen, ett\u00e4 t\u00e4m\u00e4 voittohiihto oli varmaan kultamitalimiehen el\u00e4m\u00e4n kovin hiihto. Siihen Paavo Lonkilan kerrotaan vastanneen, ett\u00e4 el\u00e4m\u00e4ni kovin hiihto tapahtui Rukaj\u00e4rvell\u00e4 Ontaj\u00e4rven j\u00e4\u00e4ll\u00e4 1943, jossa oli kysymys eloonj\u00e4\u00e4misest\u00e4.<\/p>\n<p><strong>Kes\u00e4\u00e4 odotellessa<\/strong><\/p>\n<p>Odotamme mielenkiinnolla tulevaa kes\u00e4\u00e4 ja Lieksan matkailukohteitten t\u00e4yttymist\u00e4. Jos kansakunta pystyisi luomaan Talvisodan hengen &#8211; Kaveria ei j\u00e4tet\u00e4, silloin&nbsp; yhdess\u00e4 suosisimme kaikessa suomalaista kotimaanmatkailua. Se luo ty\u00f6paikkoja. Mm. Lieksan seudulla on tarjolla n\u00e4ht\u00e4vyyksi\u00e4, Koli, Pielisen ylitt\u00e4v\u00e4 Suomen kaunein sis\u00e4vesireitti, maamme upeimmat ja laajimmat er\u00e4maakoskimelontareitit, Ruunaan kosket, Karhunpolut, maamme edustavin ulkomuseo, Pielisen museo ja laaja monikerroksinen sotahistoria. Rukaj\u00e4rven tie ja sen kohteet sek\u00e4 Rukaj\u00e4rvi-keskus, niihin kannattaa ehdottomasti tutustua vaikka joka vuosi. Tulevana kes\u00e4n\u00e4kin keskuksessa on paljon uutta ja ennenn\u00e4kem\u00e4t\u00f6nt\u00e4. Yhten\u00e4 esimerkkin\u00e4 legendaarisen everstiluutnantti Arnold Majewskin h\u00e4\u00e4lahjakalusto ja Majewskin muu aineisto.<\/p>\n<p>Lieksan kulttuuritarjonta tulevana kes\u00e4n\u00e4 ei j\u00e4t\u00e4 ket\u00e4\u00e4n kylm\u00e4ksi. <strong>Jussi Makkosen<\/strong> johdolla p\u00e4\u00e4see syv\u00e4lle kansalliss\u00e4velt\u00e4j\u00e4mme Sibeliuksen sielunmaisemaan. Voit kulkea Pielist\u00e4 pitkin nyt kunnostetulle Monolan aitalle, minne Sibeliukset suuntasivat v. 1892 h\u00e4\u00e4matkansa. Monola gaalaviikolla (30.6.-8.7.2018) on tarjolla Sibeliusta ja hein\u00e4kuun lopulla avautuu Vaskiviikko (21.7.-29.7.2018). Talvella voi kokea Lieksan kansallismaiseman my\u00f6s suksin. Er\u00e4maareitit, Karhunpolut sek\u00e4 Suomun ja Kolin kansallispuistot ovat mahtava kokemus perhekunnille.<\/p>\n<p>Kaikki n\u00e4m\u00e4 ovat tarjolla liki kivenheiton p\u00e4\u00e4ss\u00e4 Via Karelia tien varrella: Ilomantsi, Joensuu, Nurmes, Kuhmo sek\u00e4 Raatteen tie. Yhden reitin varrella on tarjolla runsaasti unohtumattomia kokemuksia. Kiertomatkan voi suunnitella etuk\u00e4teen esimerkiksi Via Karelia tien ja viitostien kohteitten mukaisesti. Viitostien varrella on tosi paljon n\u00e4ht\u00e4v\u00e4\u00e4, sielt\u00e4 mainitsen vain Iisalmen sotahistoriakohteet Koljonvirran ja yhdistyksemme Iisalmen Rukaj\u00e4rvi-keskuksen P\u00e4\u00e4majakaupunki Mikkelin, joista erikoisesti P\u00e4\u00e4majamuseon ja Viestikeskus Lokin.<\/p>\n<figure id=\"attachment_3104\" aria-describedby=\"caption-attachment-3104\" style=\"width: 3072px\" class=\"wp-caption alignnone\"><a href=\"http:\/\/www.rukajarvensuunnanhistoriayhdistys.fi\/rukajarvikeskus\/wp-content\/uploads\/2017\/08\/WP_20170722_12_27_08_Pro.jpg\"><img loading=\"lazy\" decoding=\"async\" class=\"size-full wp-image-3104\" src=\"http:\/\/www.rukajarvensuunnanhistoriayhdistys.fi\/rukajarvikeskus\/wp-content\/uploads\/2017\/08\/WP_20170722_12_27_08_Pro.jpg\" alt=\"\" width=\"3072\" height=\"1728\"><\/a><figcaption id=\"caption-attachment-3104\" class=\"wp-caption-text\">Rukaj\u00e4rven tie alkaa Lieksan rautatieasemalta. Rajalle on matkaa 44 km ja Rukaj\u00e4rvelle 230 km. Rukaj\u00e4rven tie nimettiin k\u00e4ytt\u00f6\u00f6n 2.7.2011 Jukolan motissa pidetyss\u00e4 kansalaisjuhlassa. Nyt sinne on rakennettiin Jukolan motti -pirtti, joka avattiin 30.11.2014.&nbsp;Rukaj\u00e4rvi-keskuksessa esill\u00e4 laaja viestin\u00e4yttely ja mm. toimiva sodanaikainen radioasema.<\/figcaption><\/figure>\n<figure id=\"attachment_3282\" aria-describedby=\"caption-attachment-3282\" style=\"width: 1599px\" class=\"wp-caption alignnone\"><a href=\"http:\/\/www.rukajarvensuunnanhistoriayhdistys.fi\/rukajarvikeskus\/wp-content\/uploads\/2017\/11\/image3-2.jpg\"><img loading=\"lazy\" decoding=\"async\" class=\"size-full wp-image-3282\" src=\"http:\/\/www.rukajarvensuunnanhistoriayhdistys.fi\/rukajarvikeskus\/wp-content\/uploads\/2017\/11\/image3-2.jpg\" alt=\"\" width=\"1599\" height=\"899\" srcset=\"http:\/\/www.rukajarvensuunnanhistoriayhdistys.fi\/rukajarvikeskus\/wp-content\/uploads\/2017\/11\/image3-2.jpg 1599w, http:\/\/www.rukajarvensuunnanhistoriayhdistys.fi\/rukajarvikeskus\/wp-content\/uploads\/2017\/11\/image3-2-300x169.jpg 300w, http:\/\/www.rukajarvensuunnanhistoriayhdistys.fi\/rukajarvikeskus\/wp-content\/uploads\/2017\/11\/image3-2-768x432.jpg 768w, http:\/\/www.rukajarvensuunnanhistoriayhdistys.fi\/rukajarvikeskus\/wp-content\/uploads\/2017\/11\/image3-2-1024x576.jpg 1024w\" sizes=\"auto, (max-width: 1599px) 100vw, 1599px\" \/><\/a><figcaption id=\"caption-attachment-3282\" class=\"wp-caption-text\">Helga ja Arnolda Majewskin h\u00e4\u00e4lahjakalusto esill\u00e4 Rukaj\u00e4rvi-keskuksissa muun aineiston kanssa.<\/figcaption><\/figure>\n<figure id=\"attachment_3075\" aria-describedby=\"caption-attachment-3075\" style=\"width: 3072px\" class=\"wp-caption alignnone\"><a href=\"http:\/\/www.rukajarvensuunnanhistoriayhdistys.fi\/rukajarvikeskus\/wp-content\/uploads\/2017\/08\/WP_20170817_16_10_47_Pro.jpg\"><img loading=\"lazy\" decoding=\"async\" class=\"size-full wp-image-3075\" src=\"http:\/\/www.rukajarvensuunnanhistoriayhdistys.fi\/rukajarvikeskus\/wp-content\/uploads\/2017\/08\/WP_20170817_16_10_47_Pro.jpg\" alt=\"\" width=\"3072\" height=\"1728\"><\/a><figcaption id=\"caption-attachment-3075\" class=\"wp-caption-text\">Iisalmen Rukaj\u00e4rvi-keskus toimii Savonkatu 24.<\/figcaption><\/figure>\n<p>Haastamme suomalaiset tekem\u00e4\u00e4n tulevan kes\u00e4n matkat ulkomaiden sijasta kotimaahan <strong>&#8221;Kaveria ei j\u00e4tet\u00e4 Talvisodan hengess\u00e4&#8221;<\/strong> periaatteen mukaisesti. Sanoista tekoihin, hiilijalanj\u00e4lkikin tykk\u00e4\u00e4 kotimaan matkailusta.<\/p>\n<p>Tenho Tikkanen puheenjohtaja<\/p>\n<p>Rukaj\u00e4rven tien kohteita voi selata RSHYry:n HeiJoe.com &#8221;Rukaj\u00e4rven tie reittipisteitten avulla sek\u00e4 seuraavista GoogleMaps.linkeist\u00e4:<\/p>\n<p>HeiJoe Rukaj\u00e4rven tie matkailuopasj\u00e4rjestelm\u00e4n ohje l\u00f6ytyy <a href=\"http:\/\/www.rukajarvensuunnanhistoriayhdistys.fi\/historiayhdistys\/10044\/\"><strong>T\u00c4\u00c4LT\u00c4<\/strong><\/a>:&nbsp;<\/p>\n<p>\u00c4n\u00e4k\u00e4inen <a href=\"https:\/\/www.google.fi\/maps\/@63.5688144,30.09838,3a,75y,293.44h,108.84t\/data=!3m6!1e1!3m4!1sp42DSFNtDGXXN17KcOe91g!2e0!7i13312!8i6656\"><strong>T\u00c4\u00c4LT\u00c4<\/strong><\/a>:<\/p>\n<p>Jukolan Motti <a href=\"https:\/\/www.google.fi\/maps\/@63.56448,30.0770093,3a,75y,139.25h,97.93t\/data=!3m6!1e1!3m4!1sOX6ByzeMtsu8yet08rZFwQ!2e0!7i13312!8i6656\"><strong>T\u00c4\u00c4LT\u00c4<\/strong><\/a>:<\/p>\n<p>Puuruun linja <a href=\"https:\/\/www.google.fi\/maps\/@63.5369419,30.0306966,3a,75y,176.83h,86.34t\/data=!3m6!1e1!3m4!1sH9fdKX8r3M7cE9tfOWSf1Q!2e0!7i13312!8i6656\"><strong>T\u00c4\u00c4LT\u00c4<\/strong><\/a>:<\/p>\n<p>Kraateri <a href=\"https:\/\/www.google.fi\/maps\/@63.5367151,30.0248791,3a,75y,20.9h,112.52t\/data=!3m6!1e1!3m4!1spZCAZVf9vqijO4KCGUtIcA!2e0!7i13312!8i6656\"><strong>T\u00c4\u00c4LT\u00c4<\/strong><\/a>:<\/p>\n<p>Nurmij\u00e4rvi <a href=\"https:\/\/www.google.fi\/maps\/@63.5294902,29.9954879,3a,75y,39.43h,97.19t\/data=!3m6!1e1!3m4!1sMorX2KDDJIBgEne6LNylXQ!2e0!7i13312!8i6656\"><strong>T\u00c4\u00c4LT\u00c4<\/strong><\/a>:<\/p>\n<p>HattuSelkonen muistomerkki <a href=\"https:\/\/www.google.fi\/maps\/@63.5936993,30.1382231,3a,75y,335.66h,88.5t\/data=!3m6!1e1!3m4!1sno8GxnXlFv0wUNulpZoW1Q!2e0!7i13312!8i6656\"><strong>T\u00c4\u00c4LT\u00c4<\/strong><\/a>:<\/p>\n<p>Louhikkom\u00e4en muistomerkki <a href=\"https:\/\/www.google.fi\/maps\/@63.6039161,30.1709493,3a,75y,172.37h,76.75t\/data=!3m6!1e1!3m4!1sudQZM6fuiagMZzSqbeX3Fw!2e0!7i13312!8i6656\"><strong>T\u00c4\u00c4LT\u00c4<\/strong><\/a>:<\/p>\n<p>Kivipuro <a href=\"https:\/\/www.google.fi\/maps\/@63.6140699,30.2104991,3a,75y,227.38h,77.16t\/data=!3m6!1e1!3m4!1s5R2FnV5w_i1AO8ra0nXGrA!2e0!7i13312!8i6656\"><strong>T\u00c4\u00c4LT\u00c4<\/strong><\/a>:<\/p>\n","protected":false},"excerpt":{"rendered":"<p>Kuvat sen kertovat On kiitoksen aika. Rukaj\u00e4rven tiell\u00e4 k\u00e4y vierailijoita my\u00f6s talvella. Paikat ovat avoinna ja n\u00e4ht\u00e4v\u00e4\u00e4 riitt\u00e4\u00e4. Jukolan Motti -pirtti rakennettiin 2014. Kiitos talkooporukoille ja Anaika Woodille, joka lahjoitti <a class=\"more-link\" href=\"http:\/\/www.rukajarvensuunnanhistoriayhdistys.fi\/rukajarvikeskus\/ajankohtaista\/kaunis-rukajarven-tie-olipa-kesa-taikka-talvi\/\">Lue lis\u00e4\u00e4&#8230;<span class=\"screen-reader-text\">Kaunis Rukaj\u00e4rven tie &#8211; olipa kes\u00e4 taikka talvi<\/span><span class=\"meta-nav\">\u2192<\/span><\/a><\/p>\n","protected":false},"author":4,"featured_media":0,"comment_status":"closed","ping_status":"open","sticky":false,"template":"","format":"standard","meta":{"ngg_post_thumbnail":0,"_jetpack_newsletter_access":"","_jetpack_dont_email_post_to_subs":false,"_jetpack_newsletter_tier_id":0,"_jetpack_memberships_contains_paywalled_content":false,"_jetpack_memberships_contains_paid_content":false,"footnotes":""},"categories":[26,32],"tags":[],"class_list":["post-3533","post","type-post","status-publish","format-standard","hentry","category-ajankohtaista","category-historiayhdistys"],"jetpack_featured_media_url":"","jetpack_sharing_enabled":true,"jetpack_shortlink":"https:\/\/wp.me\/p72N2f-UZ","_links":{"self":[{"href":"http:\/\/www.rukajarvensuunnanhistoriayhdistys.fi\/rukajarvikeskus\/wp-json\/wp\/v2\/posts\/3533","targetHints":{"allow":["GET"]}}],"collection":[{"href":"http:\/\/www.rukajarvensuunnanhistoriayhdistys.fi\/rukajarvikeskus\/wp-json\/wp\/v2\/posts"}],"about":[{"href":"http:\/\/www.rukajarvensuunnanhistoriayhdistys.fi\/rukajarvikeskus\/wp-json\/wp\/v2\/types\/post"}],"author":[{"embeddable":true,"href":"http:\/\/www.rukajarvensuunnanhistoriayhdistys.fi\/rukajarvikeskus\/wp-json\/wp\/v2\/users\/4"}],"replies":[{"embeddable":true,"href":"http:\/\/www.rukajarvensuunnanhistoriayhdistys.fi\/rukajarvikeskus\/wp-json\/wp\/v2\/comments?post=3533"}],"version-history":[{"count":4,"href":"http:\/\/www.rukajarvensuunnanhistoriayhdistys.fi\/rukajarvikeskus\/wp-json\/wp\/v2\/posts\/3533\/revisions"}],"predecessor-version":[{"id":3542,"href":"http:\/\/www.rukajarvensuunnanhistoriayhdistys.fi\/rukajarvikeskus\/wp-json\/wp\/v2\/posts\/3533\/revisions\/3542"}],"wp:attachment":[{"href":"http:\/\/www.rukajarvensuunnanhistoriayhdistys.fi\/rukajarvikeskus\/wp-json\/wp\/v2\/media?parent=3533"}],"wp:term":[{"taxonomy":"category","embeddable":true,"href":"http:\/\/www.rukajarvensuunnanhistoriayhdistys.fi\/rukajarvikeskus\/wp-json\/wp\/v2\/categories?post=3533"},{"taxonomy":"post_tag","embeddable":true,"href":"http:\/\/www.rukajarvensuunnanhistoriayhdistys.fi\/rukajarvikeskus\/wp-json\/wp\/v2\/tags?post=3533"}],"curies":[{"name":"wp","href":"https:\/\/api.w.org\/{rel}","templated":true}]}}