{"id":3551,"date":"2018-04-04T09:42:59","date_gmt":"2018-04-04T06:42:59","guid":{"rendered":"http:\/\/www.rukajarvensuunnanhistoriayhdistys.fi\/rukajarvikeskus\/?p=3551"},"modified":"2018-04-04T09:46:14","modified_gmt":"2018-04-04T06:46:14","slug":"raine-narva-multimedialuento-jatkosodan-suurimmasta-partioretkesta-vihollisen-selustaan-nyt-kausalassa-10-4-2018","status":"publish","type":"post","link":"http:\/\/www.rukajarvensuunnanhistoriayhdistys.fi\/rukajarvikeskus\/ajankohtaista\/raine-narva-multimedialuento-jatkosodan-suurimmasta-partioretkesta-vihollisen-selustaan-nyt-kausalassa-10-4-2018\/","title":{"rendered":"Raine Narva multimedialuento Jatkosodan suurimmasta partioretkest\u00e4 vihollisen selustaan nyt Kausalassa 10.4.2018"},"content":{"rendered":"<div class=\"fcbkbttn_buttons_block\" id=\"fcbkbttn_left\"><div class=\"fcbkbttn_like \"><fb:like href=\"http:\/\/www.rukajarvensuunnanhistoriayhdistys.fi\/rukajarvikeskus\/ajankohtaista\/raine-narva-multimedialuento-jatkosodan-suurimmasta-partioretkesta-vihollisen-selustaan-nyt-kausalassa-10-4-2018\/\" action=\"like\" colorscheme=\"light\" layout=\"button_count\"  size=\"small\"><\/fb:like><\/div><\/div><p><strong>10.4..2018 klo 13.00 <\/strong>&nbsp;Kausalan Seurakuntakeskuksessa, os. Eerolantie 1.<\/p>\n<figure id=\"attachment_2640\" aria-describedby=\"caption-attachment-2640\" style=\"width: 1024px\" class=\"wp-caption alignnone\"><a href=\"http:\/\/www.rukajarvensuunnanhistoriayhdistys.fi\/rukajarvikeskus\/wp-content\/uploads\/2017\/01\/Raine-Narva-2-1024x741.jpg\"><img loading=\"lazy\" decoding=\"async\" class=\"size-full wp-image-2640\" src=\"http:\/\/www.rukajarvensuunnanhistoriayhdistys.fi\/rukajarvikeskus\/wp-content\/uploads\/2017\/01\/Raine-Narva-2-1024x741.jpg\" alt=\"\" width=\"1024\" height=\"741\" srcset=\"http:\/\/www.rukajarvensuunnanhistoriayhdistys.fi\/rukajarvikeskus\/wp-content\/uploads\/2017\/01\/Raine-Narva-2-1024x741.jpg 1024w, http:\/\/www.rukajarvensuunnanhistoriayhdistys.fi\/rukajarvikeskus\/wp-content\/uploads\/2017\/01\/Raine-Narva-2-1024x741-300x217.jpg 300w, http:\/\/www.rukajarvensuunnanhistoriayhdistys.fi\/rukajarvikeskus\/wp-content\/uploads\/2017\/01\/Raine-Narva-2-1024x741-768x556.jpg 768w\" sizes=\"auto, (max-width: 1024px) 100vw, 1024px\" \/><\/a><figcaption id=\"caption-attachment-2640\" class=\"wp-caption-text\">Paleltuneita ja v\u00e4syneit\u00e4 miehi\u00e4 palaa S\u00e4rkij\u00e4rvelle 23.1.1942.<\/figcaption><\/figure>\n<figure id=\"attachment_3087\" aria-describedby=\"caption-attachment-3087\" style=\"width: 3072px\" class=\"wp-caption alignnone\"><a href=\"http:\/\/www.rukajarvensuunnanhistoriayhdistys.fi\/rukajarvikeskus\/wp-content\/uploads\/2017\/08\/WP_20170722_12_20_36_Pro-Raine-Narva.jpg\"><img loading=\"lazy\" decoding=\"async\" class=\"size-full wp-image-3087\" src=\"http:\/\/www.rukajarvensuunnanhistoriayhdistys.fi\/rukajarvikeskus\/wp-content\/uploads\/2017\/08\/WP_20170722_12_20_36_Pro-Raine-Narva.jpg\" alt=\"\" width=\"3072\" height=\"1728\"><\/a><figcaption id=\"caption-attachment-3087\" class=\"wp-caption-text\">Raine Narvan esitelm\u00e4 t\u00e4ytti Lieksan Rukaj\u00e4rvi-keskuksen, jonka h\u00e4n piti Keskuksen uusituissa tiloissa 22.7.2017.<\/figcaption><\/figure>\n<figure id=\"attachment_2675\" aria-describedby=\"caption-attachment-2675\" style=\"width: 4592px\" class=\"wp-caption alignnone\"><a href=\"http:\/\/www.rukajarvensuunnanhistoriayhdistys.fi\/rukajarvikeskus\/wp-content\/uploads\/2017\/01\/P\u00e4\u00e4majamuseo-22-1-2017.jpg\"><img loading=\"lazy\" decoding=\"async\" class=\"size-full wp-image-2675\" src=\"http:\/\/www.rukajarvensuunnanhistoriayhdistys.fi\/rukajarvikeskus\/wp-content\/uploads\/2017\/01\/P\u00e4\u00e4majamuseo-22-1-2017.jpg\" alt=\"\" width=\"4592\" height=\"3056\"><\/a><figcaption id=\"caption-attachment-2675\" class=\"wp-caption-text\">Narvan esitelm\u00e4 kuultiin my\u00f6s Mikkeliss\u00e4. P\u00e4\u00e4majatalon juhlasali oli tupaten t\u00e4ynn\u00e4 yleis\u00f6\u00e4, joka saattoi todistaa t\u00e4m\u00e4n historiallisen hetken, jolloin Muurmannin radan partioretkelle osallistuneen TK-upseerin poika Raine Narva toi is\u00e4ns\u00e4 tarkalleen 75 vuotta sitten ottamat valokuvat ja piti partioretke\u00e4 koskevan mielenkiintoisen kaksituntisen esitelm\u00e4n.<\/figcaption><\/figure>\n<figure id=\"attachment_3113\" aria-describedby=\"caption-attachment-3113\" style=\"width: 4996px\" class=\"wp-caption alignnone\"><a href=\"http:\/\/www.rukajarvensuunnanhistoriayhdistys.fi\/rukajarvikeskus\/wp-content\/uploads\/2017\/08\/115308-Majewski.jpg\"><img loading=\"lazy\" decoding=\"async\" class=\"size-full wp-image-3113\" src=\"http:\/\/www.rukajarvensuunnanhistoriayhdistys.fi\/rukajarvikeskus\/wp-content\/uploads\/2017\/08\/115308-Majewski.jpg\" alt=\"\" width=\"4996\" height=\"3281\"><\/a><figcaption id=\"caption-attachment-3113\" class=\"wp-caption-text\">Partioretke\u00e4 johti &#8221;Legendaarinen Majewski, joka kaatui my\u00f6hemmin 10.10.1942 Peukaloniemen saistelussa. Komentaja everstiluutnantti Majewski tarkastamassa taistelun j\u00e4lki\u00e4. (20-30 m t\u00e4st\u00e4 paikasta eteenp\u00e4in kaatui everstiluutnantti Majewski viereeni tarkka-ampujan luodista. Kuvateksti Ilmari Laukkonen). Majewski otti KTR 18:sta tulehjohtaja Veikko Lukkariselta kiikarin ja nosti p\u00e4\u00e4t\u00e4\u00e4 taisteluhaudan vallin reunan yli. Samassa tarkka-ampujan luoti osui komentajan leuan k\u00e4rkeen. Kaatumisesta kertoo my\u00f6s paikalle saapunut l\u00e4\u00e4kint\u00e4mies Maunu Turunen, haastattelu kastottavissa Sotaveteraaniliiton Facebook-sivulta&nbsp;<strong>T\u00c4\u00c4LT\u00c4<\/strong>;<\/figcaption><\/figure>\n<p>Rukaj\u00e4rvell\u00e4 taistellut 14. Divisioona sai 8.1.1942 p\u00e4\u00e4majasta k\u00e4skyn koota yli tuhannen miehen taisteluosasto Muurmannin radalle teht\u00e4v\u00e4\u00e4 iskua varten. Divisioonan komentaja kenraali Raappana m\u00e4\u00e4r\u00e4si osaston komentajaksi majuri Arnold Majewskin. Osasto Majewskin lopullinen vahvuus huolto mukaan lukien oli 1924 miest\u00e4 ja 268 hevosta. Matkaa Rukaj\u00e4rvelt\u00e4 Maj Gubaan on edestakaisin noin 300 km, josta 150 km vihollisen puolella.<\/p>\n<p>Suomi100-vuosi meni hienosti esitelm\u00e4n merkeiss\u00e4: 20 esitelm\u00e4\u00e4, joissa yhteens\u00e4 k\u00e4vi katsojia n.1700. Kaiken kaikkiaan Raine Narvan esitelmi\u00e4 on pidetty 44 kertaa ja esityst\u00e4 on ollut katsomassa t\u00e4h\u00e4n saakka n. 4.000 kuulijaa.<\/p>\n<p>Vapaa p\u00e4\u00e4sy<\/p>\n","protected":false},"excerpt":{"rendered":"<p>10.4..2018 klo 13.00 &nbsp;Kausalan Seurakuntakeskuksessa, os. Eerolantie 1. Rukaj\u00e4rvell\u00e4 taistellut 14. Divisioona sai 8.1.1942 p\u00e4\u00e4majasta k\u00e4skyn koota yli tuhannen miehen taisteluosasto Muurmannin radalle teht\u00e4v\u00e4\u00e4 iskua varten. Divisioonan komentaja kenraali Raappana <a class=\"more-link\" href=\"http:\/\/www.rukajarvensuunnanhistoriayhdistys.fi\/rukajarvikeskus\/ajankohtaista\/raine-narva-multimedialuento-jatkosodan-suurimmasta-partioretkesta-vihollisen-selustaan-nyt-kausalassa-10-4-2018\/\">Lue lis\u00e4\u00e4&#8230;<span class=\"screen-reader-text\">Raine Narva multimedialuento Jatkosodan suurimmasta partioretkest\u00e4 vihollisen selustaan nyt Kausalassa 10.4.2018<\/span><span class=\"meta-nav\">\u2192<\/span><\/a><\/p>\n","protected":false},"author":4,"featured_media":0,"comment_status":"closed","ping_status":"open","sticky":false,"template":"","format":"standard","meta":{"ngg_post_thumbnail":0,"_jetpack_newsletter_access":"","_jetpack_dont_email_post_to_subs":false,"_jetpack_newsletter_tier_id":0,"_jetpack_memberships_contains_paywalled_content":false,"_jetpack_memberships_contains_paid_content":false,"footnotes":""},"categories":[26,31,32],"tags":[],"class_list":["post-3551","post","type-post","status-publish","format-standard","hentry","category-ajankohtaista","category-esitelmat","category-historiayhdistys"],"jetpack_featured_media_url":"","jetpack_sharing_enabled":true,"jetpack_shortlink":"https:\/\/wp.me\/p72N2f-Vh","_links":{"self":[{"href":"http:\/\/www.rukajarvensuunnanhistoriayhdistys.fi\/rukajarvikeskus\/wp-json\/wp\/v2\/posts\/3551","targetHints":{"allow":["GET"]}}],"collection":[{"href":"http:\/\/www.rukajarvensuunnanhistoriayhdistys.fi\/rukajarvikeskus\/wp-json\/wp\/v2\/posts"}],"about":[{"href":"http:\/\/www.rukajarvensuunnanhistoriayhdistys.fi\/rukajarvikeskus\/wp-json\/wp\/v2\/types\/post"}],"author":[{"embeddable":true,"href":"http:\/\/www.rukajarvensuunnanhistoriayhdistys.fi\/rukajarvikeskus\/wp-json\/wp\/v2\/users\/4"}],"replies":[{"embeddable":true,"href":"http:\/\/www.rukajarvensuunnanhistoriayhdistys.fi\/rukajarvikeskus\/wp-json\/wp\/v2\/comments?post=3551"}],"version-history":[{"count":4,"href":"http:\/\/www.rukajarvensuunnanhistoriayhdistys.fi\/rukajarvikeskus\/wp-json\/wp\/v2\/posts\/3551\/revisions"}],"predecessor-version":[{"id":3555,"href":"http:\/\/www.rukajarvensuunnanhistoriayhdistys.fi\/rukajarvikeskus\/wp-json\/wp\/v2\/posts\/3551\/revisions\/3555"}],"wp:attachment":[{"href":"http:\/\/www.rukajarvensuunnanhistoriayhdistys.fi\/rukajarvikeskus\/wp-json\/wp\/v2\/media?parent=3551"}],"wp:term":[{"taxonomy":"category","embeddable":true,"href":"http:\/\/www.rukajarvensuunnanhistoriayhdistys.fi\/rukajarvikeskus\/wp-json\/wp\/v2\/categories?post=3551"},{"taxonomy":"post_tag","embeddable":true,"href":"http:\/\/www.rukajarvensuunnanhistoriayhdistys.fi\/rukajarvikeskus\/wp-json\/wp\/v2\/tags?post=3551"}],"curies":[{"name":"wp","href":"https:\/\/api.w.org\/{rel}","templated":true}]}}