{"id":3559,"date":"2018-04-15T13:45:03","date_gmt":"2018-04-15T10:45:03","guid":{"rendered":"http:\/\/www.rukajarvensuunnanhistoriayhdistys.fi\/rukajarvikeskus\/?p=3559"},"modified":"2018-04-15T13:45:03","modified_gmt":"2018-04-15T10:45:03","slug":"kaakkois-suomen-viestikilta-parhaat-onnittelumme-tanaan-syntymapaivananne","status":"publish","type":"post","link":"http:\/\/www.rukajarvensuunnanhistoriayhdistys.fi\/rukajarvikeskus\/ajankohtaista\/kaakkois-suomen-viestikilta-parhaat-onnittelumme-tanaan-syntymapaivananne\/","title":{"rendered":"Kaakkois-Suomen Viestikilta \u00a0Parhaat onnittelumme t\u00e4n\u00e4\u00e4n syntym\u00e4p\u00e4iv\u00e4n\u00e4nne"},"content":{"rendered":"<div class=\"fcbkbttn_buttons_block\" id=\"fcbkbttn_left\"><div class=\"fcbkbttn_like \"><fb:like href=\"http:\/\/www.rukajarvensuunnanhistoriayhdistys.fi\/rukajarvikeskus\/ajankohtaista\/kaakkois-suomen-viestikilta-parhaat-onnittelumme-tanaan-syntymapaivananne\/\" action=\"like\" colorscheme=\"light\" layout=\"button_count\"  size=\"small\"><\/fb:like><\/div><\/div><p>Onnittelut t\u00e4n\u00e4\u00e4n syntym\u00e4p\u00e4ivi\u00e4\u00e4n viett\u00e4v\u00e4lle yhdistykselle.<\/p>\n<p>Onnittelumme ja kiitoksemme my\u00f6s puheenjohtaja Tapio Teittiselle ja Martti Susitaipaleelle kaikesta avustamme. Ikimuistoisia tapahtumia yhteisty\u00f6ss\u00e4:<\/p>\n<p>&#8211; Muurmannin radan partioretken esitelm\u00e4tilaisuus, Raine Narva Mikkeliss\u00e4 22.1. 2017, jolloin Jatkosodan suurimmasta partioretkest\u00e4 tuli kulunee 75 vuotta <strong>(<a href=\"http:\/\/www.rukajarvensuunnanhistoriayhdistys.fi\/historiayhdistys\/mikkelin-paamajatalon-22-1-2017-unohtumaton-iltapaiva-muurmannin-radan-retkesta-75-vuotta\/\">T\u00c4\u00c4LT\u00c4<\/a>):<\/strong><\/p>\n<p>&#8211; Itsen\u00e4isyyden juhlajunan, Ukko-Pekka matkan j\u00e4rjestelyist\u00e4&nbsp; 1.-2.6.2017 <strong>(<a href=\"http:\/\/www.rukajarvensuunnanhistoriayhdistys.fi\/historiayhdistys\/lieksan-tapahtuman-riesana-ranta-ja-lumisade\/\">T\u00c4\u00c4LT\u00c4<\/a>):<\/strong><\/p>\n<figure id=\"attachment_3560\" aria-describedby=\"caption-attachment-3560\" style=\"width: 1280px\" class=\"wp-caption alignnone\"><a href=\"http:\/\/www.rukajarvensuunnanhistoriayhdistys.fi\/rukajarvikeskus\/wp-content\/uploads\/2018\/04\/Ukko-Pekka-1009.jpg\"><img loading=\"lazy\" decoding=\"async\" class=\"size-full wp-image-3560\" src=\"http:\/\/www.rukajarvensuunnanhistoriayhdistys.fi\/rukajarvikeskus\/wp-content\/uploads\/2018\/04\/Ukko-Pekka-1009.jpg\" alt=\"\" width=\"1280\" height=\"720\" srcset=\"http:\/\/www.rukajarvensuunnanhistoriayhdistys.fi\/rukajarvikeskus\/wp-content\/uploads\/2018\/04\/Ukko-Pekka-1009.jpg 1280w, http:\/\/www.rukajarvensuunnanhistoriayhdistys.fi\/rukajarvikeskus\/wp-content\/uploads\/2018\/04\/Ukko-Pekka-1009-300x169.jpg 300w, http:\/\/www.rukajarvensuunnanhistoriayhdistys.fi\/rukajarvikeskus\/wp-content\/uploads\/2018\/04\/Ukko-Pekka-1009-768x432.jpg 768w, http:\/\/www.rukajarvensuunnanhistoriayhdistys.fi\/rukajarvikeskus\/wp-content\/uploads\/2018\/04\/Ukko-Pekka-1009-1024x576.jpg 1024w\" sizes=\"auto, (max-width: 1280px) 100vw, 1280px\" \/><\/a><figcaption id=\"caption-attachment-3560\" class=\"wp-caption-text\">Suomen itsen\u00e4isyyden juhlajuna 2017 ajoi Mikkelist\u00e4 Lieksan 2.6.2017 juhlaan.<\/figcaption><\/figure>\n<p>&#8211; Viestin\u00e4yttelyn kokoamisesta Lieksan Rukaj\u00e4rvi-keskukseen ja Viestisotaa Rukaj\u00e4rvell\u00e4 joukko-osasto teoksen kirjoittamisesta 2017<strong> (<a href=\"http:\/\/www.rukajarvensuunnanhistoriayhdistys.fi\/historiayhdistys\/14-divisioonan-viestitoiminnasta-jatkosodan-aikana-kertova-kirja-viestisotaa-rukajarvella-julkaistu\/\">T\u00c4\u00c4LT\u00c4<\/a>):<\/strong><\/p>\n<figure id=\"attachment_2988\" aria-describedby=\"caption-attachment-2988\" style=\"width: 3072px\" class=\"wp-caption alignnone\"><a href=\"http:\/\/www.rukajarvensuunnanhistoriayhdistys.fi\/rukajarvikeskus\/wp-content\/uploads\/2017\/06\/WP_20170530_18_57_40_Pro.jpg\"><img loading=\"lazy\" decoding=\"async\" class=\"size-full wp-image-2988\" src=\"http:\/\/www.rukajarvensuunnanhistoriayhdistys.fi\/rukajarvikeskus\/wp-content\/uploads\/2017\/06\/WP_20170530_18_57_40_Pro.jpg\" alt=\"\" width=\"3072\" height=\"1728\"><\/a><figcaption id=\"caption-attachment-2988\" class=\"wp-caption-text\">Tapio Teittinen kokeili rakentamaansa puhelimen toimintaa.<\/figcaption><\/figure>\n<div id=\"page\" class=\"hfeed site\">\n<div id=\"main\" class=\"clearfix\">\n<div id=\"primary\" class=\"content-area\">\n<div id=\"content\" role=\"main\">\n<article id=\"post-12295\" class=\"post-12295 post type-post status-publish format-standard hentry category-toiminta\">&nbsp;<\/p>\n<div class=\"entry-content\">\n<figure id=\"attachment_2991\" aria-describedby=\"caption-attachment-2991\" style=\"width: 5376px\" class=\"wp-caption alignnone\"><a href=\"http:\/\/www.rukajarvensuunnanhistoriayhdistys.fi\/rukajarvikeskus\/wp-content\/uploads\/2017\/06\/WP_20170530_18_57_28_Pro__highres.jpg\"><img loading=\"lazy\" decoding=\"async\" class=\"size-full wp-image-2991\" src=\"http:\/\/www.rukajarvensuunnanhistoriayhdistys.fi\/rukajarvikeskus\/wp-content\/uploads\/2017\/06\/WP_20170530_18_57_28_Pro__highres.jpg\" alt=\"\" width=\"5376\" height=\"3024\"><\/a><figcaption id=\"caption-attachment-2991\" class=\"wp-caption-text\">Kesken kiireisen ty\u00f6n. K\u00e4ynniss\u00e4 koesoitto Martti Susitaival<\/figcaption><\/figure>\n<p>Siin\u00e4p\u00e4 on sellainen yhdistys ja parivaljakko, joihin yhteinen Is\u00e4nmaa voi luottaa.<\/p>\n<\/div>\n<\/article>\n<\/div>\n<\/div>\n<\/div>\n<\/div>\n<p>KIITOS kaikesta ja muustakin.<\/p>\n<p>Suurella kunnioituksella<\/p>\n<p>Rukaj\u00e4rven suunnan historiayhdistys ry.<\/p>\n<p>Kaakkois-Suomen Viestikilta ry:n nettisivuille p\u00e4\u00e4sette <a href=\"http:\/\/www.kaakkois-suomenviestikilta.fi\/index.html\"><strong>T\u00c4\u00c4LT\u00c4<\/strong><\/a>:<\/p>\n","protected":false},"excerpt":{"rendered":"<p>Onnittelut t\u00e4n\u00e4\u00e4n syntym\u00e4p\u00e4ivi\u00e4\u00e4n viett\u00e4v\u00e4lle yhdistykselle. Onnittelumme ja kiitoksemme my\u00f6s puheenjohtaja Tapio Teittiselle ja Martti Susitaipaleelle kaikesta avustamme. Ikimuistoisia tapahtumia yhteisty\u00f6ss\u00e4: &#8211; Muurmannin radan partioretken esitelm\u00e4tilaisuus, Raine Narva Mikkeliss\u00e4 22.1. 2017, <a class=\"more-link\" href=\"http:\/\/www.rukajarvensuunnanhistoriayhdistys.fi\/rukajarvikeskus\/ajankohtaista\/kaakkois-suomen-viestikilta-parhaat-onnittelumme-tanaan-syntymapaivananne\/\">Lue lis\u00e4\u00e4&#8230;<span class=\"screen-reader-text\">Kaakkois-Suomen Viestikilta \u00a0Parhaat onnittelumme t\u00e4n\u00e4\u00e4n syntym\u00e4p\u00e4iv\u00e4n\u00e4nne<\/span><span class=\"meta-nav\">\u2192<\/span><\/a><\/p>\n","protected":false},"author":4,"featured_media":0,"comment_status":"closed","ping_status":"open","sticky":false,"template":"","format":"standard","meta":{"ngg_post_thumbnail":0,"_jetpack_newsletter_access":"","_jetpack_dont_email_post_to_subs":false,"_jetpack_newsletter_tier_id":0,"_jetpack_memberships_contains_paywalled_content":false,"_jetpack_memberships_contains_paid_content":false,"footnotes":""},"categories":[26,32],"tags":[],"class_list":["post-3559","post","type-post","status-publish","format-standard","hentry","category-ajankohtaista","category-historiayhdistys"],"jetpack_featured_media_url":"","jetpack_sharing_enabled":true,"jetpack_shortlink":"https:\/\/wp.me\/p72N2f-Vp","_links":{"self":[{"href":"http:\/\/www.rukajarvensuunnanhistoriayhdistys.fi\/rukajarvikeskus\/wp-json\/wp\/v2\/posts\/3559","targetHints":{"allow":["GET"]}}],"collection":[{"href":"http:\/\/www.rukajarvensuunnanhistoriayhdistys.fi\/rukajarvikeskus\/wp-json\/wp\/v2\/posts"}],"about":[{"href":"http:\/\/www.rukajarvensuunnanhistoriayhdistys.fi\/rukajarvikeskus\/wp-json\/wp\/v2\/types\/post"}],"author":[{"embeddable":true,"href":"http:\/\/www.rukajarvensuunnanhistoriayhdistys.fi\/rukajarvikeskus\/wp-json\/wp\/v2\/users\/4"}],"replies":[{"embeddable":true,"href":"http:\/\/www.rukajarvensuunnanhistoriayhdistys.fi\/rukajarvikeskus\/wp-json\/wp\/v2\/comments?post=3559"}],"version-history":[{"count":1,"href":"http:\/\/www.rukajarvensuunnanhistoriayhdistys.fi\/rukajarvikeskus\/wp-json\/wp\/v2\/posts\/3559\/revisions"}],"predecessor-version":[{"id":3561,"href":"http:\/\/www.rukajarvensuunnanhistoriayhdistys.fi\/rukajarvikeskus\/wp-json\/wp\/v2\/posts\/3559\/revisions\/3561"}],"wp:attachment":[{"href":"http:\/\/www.rukajarvensuunnanhistoriayhdistys.fi\/rukajarvikeskus\/wp-json\/wp\/v2\/media?parent=3559"}],"wp:term":[{"taxonomy":"category","embeddable":true,"href":"http:\/\/www.rukajarvensuunnanhistoriayhdistys.fi\/rukajarvikeskus\/wp-json\/wp\/v2\/categories?post=3559"},{"taxonomy":"post_tag","embeddable":true,"href":"http:\/\/www.rukajarvensuunnanhistoriayhdistys.fi\/rukajarvikeskus\/wp-json\/wp\/v2\/tags?post=3559"}],"curies":[{"name":"wp","href":"https:\/\/api.w.org\/{rel}","templated":true}]}}