{"id":3577,"date":"2018-04-25T12:59:21","date_gmt":"2018-04-25T09:59:21","guid":{"rendered":"http:\/\/www.rukajarvensuunnanhistoriayhdistys.fi\/rukajarvikeskus\/?p=3577"},"modified":"2018-04-25T12:59:21","modified_gmt":"2018-04-25T09:59:21","slug":"eino-syrjaniemi-tayttaa-tanaan-100-vuotta-paljon-onnea","status":"publish","type":"post","link":"http:\/\/www.rukajarvensuunnanhistoriayhdistys.fi\/rukajarvikeskus\/ajankohtaista\/eino-syrjaniemi-tayttaa-tanaan-100-vuotta-paljon-onnea\/","title":{"rendered":"Eino Syrj\u00e4niemi t\u00e4ytt\u00e4\u00e4 t\u00e4n\u00e4\u00e4n 100 vuotta \u2013 paljon onnea."},"content":{"rendered":"<div class=\"fcbkbttn_buttons_block\" id=\"fcbkbttn_left\"><div class=\"fcbkbttn_like \"><fb:like href=\"http:\/\/www.rukajarvensuunnanhistoriayhdistys.fi\/rukajarvikeskus\/ajankohtaista\/eino-syrjaniemi-tayttaa-tanaan-100-vuotta-paljon-onnea\/\" action=\"like\" colorscheme=\"light\" layout=\"button_count\"  size=\"small\"><\/fb:like><\/div><\/div><div id=\"page\" class=\"hfeed site\">\n<div id=\"main\" class=\"clearfix\">\n<div id=\"primary\" class=\"content-area\">\n<div id=\"content\" role=\"main\">\n<article id=\"post-12342\" class=\"post-12342 post type-post status-publish format-standard hentry category-ajankohtaista category-rukajarvi-keskus category-yleinen\">\n<div class=\"entry-content\">\n<p><strong>Tosi taisteluihin osallistunut ei ihannoi sotimista, vaan osaa asettaa arvot paikalleen. Is\u00e4nmaan etu on ensin.<\/strong><\/p>\n<figure id=\"attachment_3579\" aria-describedby=\"caption-attachment-3579\" style=\"width: 3680px\" class=\"wp-caption alignnone\"><a href=\"http:\/\/www.rukajarvensuunnanhistoriayhdistys.fi\/rukajarvikeskus\/wp-content\/uploads\/2018\/04\/DSC03763.jpg\"><img loading=\"lazy\" decoding=\"async\" class=\"size-full wp-image-3579\" src=\"http:\/\/www.rukajarvensuunnanhistoriayhdistys.fi\/rukajarvikeskus\/wp-content\/uploads\/2018\/04\/DSC03763.jpg\" alt=\"\" width=\"3680\" height=\"2070\"><\/a><figcaption id=\"caption-attachment-3579\" class=\"wp-caption-text\">Eino Syrj\u00e4niemi t\u00e4n\u00e4\u00e4n 100 vuotta. Varsinaiset juhlat lauantaina 28.4.2018. Kuva Iisalmen Rukaj\u00e4rvi-keskuksessa 14.1.2017.<\/figcaption><\/figure>\n<p>Talvi- ja Jatkosodan veteraani&nbsp; Eino Syrj\u00e4niemi syntyi 25.4.1918. H\u00e4n asuu yksin omakotitalossa Haapaj\u00e4rvell\u00e4, l\u00e4mmitt\u00e4\u00e4 taloa hakkaamillaan puilla. Eino Syrj\u00e4niemi on k\u00e4tev\u00e4 k\u00e4sist\u00e4\u00e4n ja h\u00e4n on itse tehnyt kodin huonekalut.<\/p>\n<p>Humoristisen ja itseoppineen kanttori-urkurin laulu sujuu hienosti, nykyisin en\u00e4\u00e4 yst\u00e4vien iloksi.<\/p>\n<figure id=\"attachment_3578\" aria-describedby=\"caption-attachment-3578\" style=\"width: 768px\" class=\"wp-caption alignnone\"><a href=\"http:\/\/www.rukajarvensuunnanhistoriayhdistys.fi\/rukajarvikeskus\/wp-content\/uploads\/2018\/04\/Eino-Syrj\u00e4niemi-kuva-tytt\u00e4ren-ottama.jpg\"><img loading=\"lazy\" decoding=\"async\" class=\"size-full wp-image-3578\" src=\"http:\/\/www.rukajarvensuunnanhistoriayhdistys.fi\/rukajarvikeskus\/wp-content\/uploads\/2018\/04\/Eino-Syrj\u00e4niemi-kuva-tytt\u00e4ren-ottama.jpg\" alt=\"\" width=\"768\" height=\"1024\" srcset=\"http:\/\/www.rukajarvensuunnanhistoriayhdistys.fi\/rukajarvikeskus\/wp-content\/uploads\/2018\/04\/Eino-Syrj\u00e4niemi-kuva-tytt\u00e4ren-ottama.jpg 768w, http:\/\/www.rukajarvensuunnanhistoriayhdistys.fi\/rukajarvikeskus\/wp-content\/uploads\/2018\/04\/Eino-Syrj\u00e4niemi-kuva-tytt\u00e4ren-ottama-300x400.jpg 300w, http:\/\/www.rukajarvensuunnanhistoriayhdistys.fi\/rukajarvikeskus\/wp-content\/uploads\/2018\/04\/Eino-Syrj\u00e4niemi-kuva-tytt\u00e4ren-ottama-225x300.jpg 225w\" sizes=\"auto, (max-width: 768px) 100vw, 768px\" \/><\/a><figcaption id=\"caption-attachment-3578\" class=\"wp-caption-text\">Itseoppineen kanttori-urkurin Eino Syrj\u00e4niemen kotona on edelleen k\u00e4yt\u00f6ss\u00e4 piano ja urut.&nbsp; Veteraani juhlii 100-vuotissyntym\u00e4p\u00e4iv\u00e4\u00e4ns\u00e4 Haapaj\u00e4rvell\u00e4 28.5.2018. Kuva Katri Syrj\u00e4niemi.<\/figcaption><\/figure>\n<\/div>\n<\/article>\n<\/div>\n<\/div>\n<\/div>\n<\/div>\n<p><strong>&nbsp;<\/strong>Einon vaimo kuoli 7 vuotta sitten. Lapsia on seitsem\u00e4n, jotka pit\u00e4v\u00e4t huolta veteraanista. Haapaj\u00e4rven kanttorina toimiva tyt\u00e4r asuu l\u00e4hinn\u00e4.<\/p>\n<p>Sotilasura alkoi Mikkeliss\u00e4 1939 ja parin kuukauden j\u00e4lkeen h\u00e4net siirrettiin rintamalle konepistoolimieheksi 3.\/Erp 10 joukkoihin, taisteluihin Aittojoelle ja Kivij\u00e4rvelle. Talvisodan j\u00e4lkeen jatkui varusmiespalvelus ja Jatkosodassa h\u00e4n taisteli 2.\/RjP 6:n joukoissa Rukaj\u00e4rven suunnalla.<\/p>\n<p>Syrj\u00e4niemi osallistui v. 1942 tammikuussa Mai Guban partioretkelle tulipalopakkasessa. Retkelle osallistui 1924 miest\u00e4 ja 268 hevosta. Sodan lopulla h\u00e4n osallistui Jatkosodan viimeiseksi j\u00e4\u00e4neisiin taisteluihin Suomen ja neuvostoarmeijan v\u00e4lill\u00e4<\/p>\n<p>&#8211; Sotien aikana en nukkunut yht\u00e4\u00e4n t\u00e4ytt\u00e4 y\u00f6t\u00e4 ja nyt voin nukkua vaikkapa p\u00e4iv\u00e4ll\u00e4, hyvinvointi nykysuomessa tuntuu sota-ajan kokeneesta veteraanista tosi ylelliselt\u00e4.<\/p>\n<p>&#8211; Monet asiat ovat painuneet mieleeni. Ensimm\u00e4inen vartiovuoron j\u00e4lkeen etulinjan kentt\u00e4vartioon tuotiin ruokaa ja kolme kappaletta Klubi 77 tupakkaa. Ruokailun j\u00e4lkeen sytytin tupakan ja yritin vet\u00e4ist\u00e4 siit\u00e4 savuja, mutta se maistui niin pahalle, ett\u00e4 en ole sen koommin tupakkaan koskenut. Sota-aikana vaihdoin p\u00e4ivitt\u00e4isen tupakka-annoksen kotiruokaan, sit\u00e4 oli aseveljill\u00e4 aina tarjolla.<\/p>\n<p>&#8211; Veteraanien kunnioitus on ajan my\u00f6t\u00e4 kohentunut ja omalla kohdallanikin arkeani tuetaan monin tavoin. Ajan l\u00e4himatkoja osin s\u00e4hk\u00f6k\u00e4ytt\u00f6isell\u00e4 kolmipy\u00f6r\u00e4isell\u00e4 ajopelill\u00e4.<\/p>\n<p>&#8211; Tosi taisteluihin osallistunut ei ihannoi sotimista, vaan osaa asettaa arvot paikalleen. Is\u00e4nmaan etu on ensin, mutta rauha luo perustan kansalaisten hyvinvoinnille. Tietoisuus aselevon solmimisesta toi suuren helpotuksentunteen, p\u00e4\u00e4tt\u00e4\u00e4 veteraani syntym\u00e4p\u00e4iv\u00e4n keskustelumme.<\/p>\n<p>Onnitellessamme Eino Syrj\u00e4nieme\u00e4 h\u00e4nen 100-vuotisp\u00e4iv\u00e4n\u00e4\u00e4n kiit\u00e4mme samalla haastattelusta, mink\u00e4 h\u00e4n antoi meille Iisalmen Rukaj\u00e4rvi-keskuksessa 14.1.2017. Tuona p\u00e4iv\u00e4n\u00e4 oli kulunut 75 vuotta Murmannin radan partioretkelle l\u00e4hd\u00f6st\u00e4. Syrj\u00e4niemi osallistui t\u00e4lle retkelle RajaJP 6:n sotilaana.<\/p>\n<figure id=\"attachment_2654\" aria-describedby=\"caption-attachment-2654\" style=\"width: 4592px\" class=\"wp-caption alignnone\"><a href=\"http:\/\/www.rukajarvensuunnanhistoriayhdistys.fi\/rukajarvikeskus\/wp-content\/uploads\/2017\/01\/DSC03962-Syrj\u00e4niemi-Eino.jpg\"><img loading=\"lazy\" decoding=\"async\" class=\"size-full wp-image-2654\" src=\"http:\/\/www.rukajarvensuunnanhistoriayhdistys.fi\/rukajarvikeskus\/wp-content\/uploads\/2017\/01\/DSC03962-Syrj\u00e4niemi-Eino.jpg\" alt=\"\" width=\"4592\" height=\"3056\"><\/a><figcaption id=\"caption-attachment-2654\" class=\"wp-caption-text\">Eino Syrj\u00e4niemen pojat Veikko ja Niilo toivat is\u00e4ns\u00e4 Rukaj\u00e4rvi-keskukseen jo pari tuntia aiemmin, jolloin h\u00e4n antoi yli tunnin videohaastattelunsa. Haastattelu on liitetty Rukaj\u00e4rven suunnan historiayhdistyksen digiarkistoon.<\/figcaption><\/figure>\n<figure id=\"attachment_2655\" aria-describedby=\"caption-attachment-2655\" style=\"width: 4592px\" class=\"wp-caption alignnone\"><a href=\"http:\/\/www.rukajarvensuunnanhistoriayhdistys.fi\/rukajarvikeskus\/wp-content\/uploads\/2017\/01\/DSC03965-Syrj\u00e4niemi.jpg\"><img loading=\"lazy\" decoding=\"async\" class=\"size-full wp-image-2655\" src=\"http:\/\/www.rukajarvensuunnanhistoriayhdistys.fi\/rukajarvikeskus\/wp-content\/uploads\/2017\/01\/DSC03965-Syrj\u00e4niemi.jpg\" alt=\"\" width=\"4592\" height=\"3056\"><\/a><figcaption id=\"caption-attachment-2655\" class=\"wp-caption-text\">Esitelm\u00f6itsij\u00e4 Raine Narva ja pian 99-vuotias vire\u00e4 sotaveteraani Eino Syrj\u00e4niemi. Syrj\u00e4niemi osallistui Muurmannin radan partioretkelle ja kertoi n\u00e4hneens\u00e4 omin silmin l\u00e4\u00e4kint\u00e4miesten &#8221;celsiusmittarista&#8221; pakkaslukeman -43 astetta. L\u00e4\u00e4kint\u00e4mies oli kertonut pakkasen laskeneen per\u00e4ti -50 asteeseen.<\/figcaption><\/figure>\n<p>Iisalmen Rukaj\u00e4rvi-keskuksen 14.1.2017 tapahtumaan voi tutustua <a href=\"http:\/\/www.rukajarvensuunnanhistoriayhdistys.fi\/historiayhdistys\/iisalmen-rukajarvi-keskus-tayttyi-jatkosodan-suurimmasta-muurmannin-radan-partioretkesta-kulunut-75-vuotta\/\"><strong>T\u00c4\u00c4LT\u00c4<\/strong><\/a>:<\/p>\n","protected":false},"excerpt":{"rendered":"<p>Tosi taisteluihin osallistunut ei ihannoi sotimista, vaan osaa asettaa arvot paikalleen. Is\u00e4nmaan etu on ensin. Talvi- ja Jatkosodan veteraani&nbsp; Eino Syrj\u00e4niemi syntyi 25.4.1918. H\u00e4n asuu yksin omakotitalossa Haapaj\u00e4rvell\u00e4, l\u00e4mmitt\u00e4\u00e4 taloa <a class=\"more-link\" href=\"http:\/\/www.rukajarvensuunnanhistoriayhdistys.fi\/rukajarvikeskus\/ajankohtaista\/eino-syrjaniemi-tayttaa-tanaan-100-vuotta-paljon-onnea\/\">Lue lis\u00e4\u00e4&#8230;<span class=\"screen-reader-text\">Eino Syrj\u00e4niemi t\u00e4ytt\u00e4\u00e4 t\u00e4n\u00e4\u00e4n 100 vuotta \u2013 paljon onnea.<\/span><span class=\"meta-nav\">\u2192<\/span><\/a><\/p>\n","protected":false},"author":4,"featured_media":0,"comment_status":"closed","ping_status":"open","sticky":false,"template":"","format":"standard","meta":{"ngg_post_thumbnail":0,"_jetpack_newsletter_access":"","_jetpack_dont_email_post_to_subs":false,"_jetpack_newsletter_tier_id":0,"_jetpack_memberships_contains_paywalled_content":false,"_jetpack_memberships_contains_paid_content":false,"footnotes":""},"categories":[26,32],"tags":[],"class_list":["post-3577","post","type-post","status-publish","format-standard","hentry","category-ajankohtaista","category-historiayhdistys"],"jetpack_featured_media_url":"","jetpack_sharing_enabled":true,"jetpack_shortlink":"https:\/\/wp.me\/p72N2f-VH","_links":{"self":[{"href":"http:\/\/www.rukajarvensuunnanhistoriayhdistys.fi\/rukajarvikeskus\/wp-json\/wp\/v2\/posts\/3577","targetHints":{"allow":["GET"]}}],"collection":[{"href":"http:\/\/www.rukajarvensuunnanhistoriayhdistys.fi\/rukajarvikeskus\/wp-json\/wp\/v2\/posts"}],"about":[{"href":"http:\/\/www.rukajarvensuunnanhistoriayhdistys.fi\/rukajarvikeskus\/wp-json\/wp\/v2\/types\/post"}],"author":[{"embeddable":true,"href":"http:\/\/www.rukajarvensuunnanhistoriayhdistys.fi\/rukajarvikeskus\/wp-json\/wp\/v2\/users\/4"}],"replies":[{"embeddable":true,"href":"http:\/\/www.rukajarvensuunnanhistoriayhdistys.fi\/rukajarvikeskus\/wp-json\/wp\/v2\/comments?post=3577"}],"version-history":[{"count":1,"href":"http:\/\/www.rukajarvensuunnanhistoriayhdistys.fi\/rukajarvikeskus\/wp-json\/wp\/v2\/posts\/3577\/revisions"}],"predecessor-version":[{"id":3580,"href":"http:\/\/www.rukajarvensuunnanhistoriayhdistys.fi\/rukajarvikeskus\/wp-json\/wp\/v2\/posts\/3577\/revisions\/3580"}],"wp:attachment":[{"href":"http:\/\/www.rukajarvensuunnanhistoriayhdistys.fi\/rukajarvikeskus\/wp-json\/wp\/v2\/media?parent=3577"}],"wp:term":[{"taxonomy":"category","embeddable":true,"href":"http:\/\/www.rukajarvensuunnanhistoriayhdistys.fi\/rukajarvikeskus\/wp-json\/wp\/v2\/categories?post=3577"},{"taxonomy":"post_tag","embeddable":true,"href":"http:\/\/www.rukajarvensuunnanhistoriayhdistys.fi\/rukajarvikeskus\/wp-json\/wp\/v2\/tags?post=3577"}],"curies":[{"name":"wp","href":"https:\/\/api.w.org\/{rel}","templated":true}]}}