{"id":3587,"date":"2018-04-27T07:01:46","date_gmt":"2018-04-27T04:01:46","guid":{"rendered":"http:\/\/www.rukajarvensuunnanhistoriayhdistys.fi\/rukajarvikeskus\/?p=3587"},"modified":"2018-04-27T18:47:02","modified_gmt":"2018-04-27T15:47:02","slug":"32-kansallinen-veteraanipaiva-kiuruvedella-alkaa-seppeleen-laskulla-sankarihaudoille","status":"publish","type":"post","link":"http:\/\/www.rukajarvensuunnanhistoriayhdistys.fi\/rukajarvikeskus\/ajankohtaista\/32-kansallinen-veteraanipaiva-kiuruvedella-alkaa-seppeleen-laskulla-sankarihaudoille\/","title":{"rendered":"32. Kansallinen veteraanip\u00e4iv\u00e4 Kiuruvedell\u00e4 alkaa seppeleen laskulla sankarihaudoille"},"content":{"rendered":"<div class=\"fcbkbttn_buttons_block\" id=\"fcbkbttn_left\"><div class=\"fcbkbttn_like \"><fb:like href=\"http:\/\/www.rukajarvensuunnanhistoriayhdistys.fi\/rukajarvikeskus\/ajankohtaista\/32-kansallinen-veteraanipaiva-kiuruvedella-alkaa-seppeleen-laskulla-sankarihaudoille\/\" action=\"like\" colorscheme=\"light\" layout=\"button_count\"  size=\"small\"><\/fb:like><\/div><\/div><p>Kansallisena veteraanip\u00e4iv\u00e4n\u00e4 julkistetaan veteraanijuhlassa Kiuruveden veteraanien matrikkeli ja historia heid\u00e4n sotatiest\u00e4\u00e4n.<\/p>\n<p>Kiuruveden veteraanij\u00e4rjest\u00f6t p\u00e4\u00e4ttiv\u00e4t syksyll\u00e4 2015 koota veteraaneista matrikkelin ja muisteluksia ja historiaa sotatiest\u00e4. Veteraanisukupolvi on pian poissa, samalla veteraanij\u00e4rjest\u00f6jen toiminta lakkaa. Nyt on aika koota tiedot yksiin kansiin. Ty\u00f6 oli odotettu ty\u00f6l\u00e4\u00e4mpi.&nbsp; Aika on tehnyt teht\u00e4v\u00e4ns\u00e4. Ilman yli 50 eri kylilt\u00e4 olevien tietojen ker\u00e4\u00e4jien antaumuksellista ty\u00f6t\u00e4 matrikkeli olisi j\u00e4\u00e4nyt vajavaiseksi. Kirjan toimittaja Esko Kaikkonen suoritti tarkistukset kansallisarkistossa.<\/p>\n<p>Kirjassa on noin 3000 veteraanin ja Lotan tiedot. T\u00e4st\u00e4 joukosta kaatui l\u00e4hes 500. Suurin osa heist\u00e4 on haudattu Kiuruveden sankarihautaan.<\/p>\n<p>Kirjaan koottiin veteraanisukupolven muisteluksia. T\u00e4m\u00e4n litteroinnin teki Matti Saastamoinen. Samoin kirjassa on katsaukset joukkojen historiaan, joissa kiuruvetisi\u00e4 palveli sota-aikana. Matrikkelitoimikunta toivoo kirjan antavan n\u00e4k\u00f6kulmaa sodansukupolven uhrautuvaan ty\u00f6h\u00f6n. Samalla se on osa Rukaj\u00e4rven suunnan historiaa<\/p>\n<p>Kiuruveden kansallisen veteraanip\u00e4iv\u00e4n juhla ja samalla kirjan julkistamistilaisuus pidet\u00e4\u00e4n Kiuruveden kulttuurikeskuksella klo 9.30. T\u00e4t\u00e4 ennen on seppeleenlaskutilaisuus sankarihaudalla klo 9.00.<\/p>\n<figure id=\"attachment_3602\" aria-describedby=\"caption-attachment-3602\" style=\"width: 3072px\" class=\"wp-caption alignnone\"><a href=\"http:\/\/www.rukajarvensuunnanhistoriayhdistys.fi\/rukajarvikeskus\/wp-content\/uploads\/2018\/04\/WP_20180427_09_00_52_Pro-Seppele.jpg\"><img loading=\"lazy\" decoding=\"async\" class=\"size-full wp-image-3602\" src=\"http:\/\/www.rukajarvensuunnanhistoriayhdistys.fi\/rukajarvikeskus\/wp-content\/uploads\/2018\/04\/WP_20180427_09_00_52_Pro-Seppele.jpg\" alt=\"\" width=\"3072\" height=\"1728\"><\/a><figcaption id=\"caption-attachment-3602\" class=\"wp-caption-text\">Kiuruvedell\u00e4 seppeleen laskivat Sotainvalidien puheenjohtaja sek\u00e4 RSHYry:n hallituksen j\u00e4sen Seppo R\u00e4ih\u00e4, Rintamaveteraanien puheenjohtaja Seppo Niskanen sek\u00e4 Kiuruveden kaupunginhallituksen puheenjohtaja Mira Kokkonen.<\/figcaption><\/figure>\n<figure id=\"attachment_3600\" aria-describedby=\"caption-attachment-3600\" style=\"width: 3072px\" class=\"wp-caption alignnone\"><a href=\"http:\/\/www.rukajarvensuunnanhistoriayhdistys.fi\/rukajarvikeskus\/wp-content\/uploads\/2018\/04\/WP_20180427_09_08_37_Pro-Lonkila.jpg\"><img loading=\"lazy\" decoding=\"async\" class=\"size-full wp-image-3600\" src=\"http:\/\/www.rukajarvensuunnanhistoriayhdistys.fi\/rukajarvikeskus\/wp-content\/uploads\/2018\/04\/WP_20180427_09_08_37_Pro-Lonkila.jpg\" alt=\"\" width=\"3072\" height=\"1728\"><\/a><figcaption id=\"caption-attachment-3600\" class=\"wp-caption-text\">Rukaj\u00e4rven veteraani, olympiavoittaja Paavo Lonkilan ja Rukaj\u00e4rvell\u00e4 lottateht\u00e4viss\u00e4 toimineen Helvi Lonkilan haudalle sytytettiin hautakynttil\u00e4t. Kiitos Kaija R\u00e4ih\u00e4n ja Rauno Pikikarainen.<\/figcaption><\/figure>\n<figure id=\"attachment_3601\" aria-describedby=\"caption-attachment-3601\" style=\"width: 3072px\" class=\"wp-caption alignnone\"><a href=\"http:\/\/www.rukajarvensuunnanhistoriayhdistys.fi\/rukajarvikeskus\/wp-content\/uploads\/2018\/04\/WP_20180427_07_16_18_Pro-Kivivaara.jpg\"><img loading=\"lazy\" decoding=\"async\" class=\"size-full wp-image-3601\" src=\"http:\/\/www.rukajarvensuunnanhistoriayhdistys.fi\/rukajarvikeskus\/wp-content\/uploads\/2018\/04\/WP_20180427_07_16_18_Pro-Kivivaara.jpg\" alt=\"\" width=\"3072\" height=\"1728\"><\/a><figcaption id=\"caption-attachment-3601\" class=\"wp-caption-text\">My\u00f6s Kiuruvedell\u00e4 Rukaj\u00e4rven perinnepolulla nostettiin lippu salkoon veteraanip\u00e4iv\u00e4n kunniaksi.<\/figcaption><\/figure>\n<p><a href=\"http:\/\/www.rukajarvensuunnanhistoriayhdistys.fi\/rukajarvikeskus\/wp-content\/uploads\/2018\/04\/Kiuruveden-veteraanimatrikkeli-kansi.jpg\"><img loading=\"lazy\" decoding=\"async\" class=\"alignnone size-full wp-image-3599\" src=\"http:\/\/www.rukajarvensuunnanhistoriayhdistys.fi\/rukajarvikeskus\/wp-content\/uploads\/2018\/04\/Kiuruveden-veteraanimatrikkeli-kansi.jpg\" alt=\"\" width=\"4104\" height=\"5816\"><\/a><\/p>\n<p>Kirjan voi hankkia veteraanitoimistosta ja Kiuruvesi-lehden toimistosta.<\/p>\n<p>Kirjaa koskeva ennakkotieto julkaistiin 25.4.2018 Kiuruvesi-lehdess\u00e4<\/p>\n<p><a href=\"http:\/\/www.rukajarvensuunnanhistoriayhdistys.fi\/rukajarvikeskus\/wp-content\/uploads\/2018\/04\/Kiuruveden-veteraanimatrikkeli-valmis_Page_1.jpg\"><img loading=\"lazy\" decoding=\"async\" class=\"alignnone size-full wp-image-3589\" src=\"http:\/\/www.rukajarvensuunnanhistoriayhdistys.fi\/rukajarvikeskus\/wp-content\/uploads\/2018\/04\/Kiuruveden-veteraanimatrikkeli-valmis_Page_1.jpg\" alt=\"\" width=\"1206\" height=\"1100\" srcset=\"http:\/\/www.rukajarvensuunnanhistoriayhdistys.fi\/rukajarvikeskus\/wp-content\/uploads\/2018\/04\/Kiuruveden-veteraanimatrikkeli-valmis_Page_1.jpg 1206w, http:\/\/www.rukajarvensuunnanhistoriayhdistys.fi\/rukajarvikeskus\/wp-content\/uploads\/2018\/04\/Kiuruveden-veteraanimatrikkeli-valmis_Page_1-300x274.jpg 300w, http:\/\/www.rukajarvensuunnanhistoriayhdistys.fi\/rukajarvikeskus\/wp-content\/uploads\/2018\/04\/Kiuruveden-veteraanimatrikkeli-valmis_Page_1-768x700.jpg 768w, http:\/\/www.rukajarvensuunnanhistoriayhdistys.fi\/rukajarvikeskus\/wp-content\/uploads\/2018\/04\/Kiuruveden-veteraanimatrikkeli-valmis_Page_1-1024x934.jpg 1024w\" sizes=\"auto, (max-width: 1206px) 100vw, 1206px\" \/><\/a><\/p>\n<p><a href=\"http:\/\/www.rukajarvensuunnanhistoriayhdistys.fi\/rukajarvikeskus\/wp-content\/uploads\/2018\/04\/Kiuruveden-veteraanimatrikkeli-valmis_Page_2.jpg\"><img loading=\"lazy\" decoding=\"async\" class=\"alignnone size-full wp-image-3588\" src=\"http:\/\/www.rukajarvensuunnanhistoriayhdistys.fi\/rukajarvikeskus\/wp-content\/uploads\/2018\/04\/Kiuruveden-veteraanimatrikkeli-valmis_Page_2.jpg\" alt=\"\" width=\"1240\" height=\"1440\" srcset=\"http:\/\/www.rukajarvensuunnanhistoriayhdistys.fi\/rukajarvikeskus\/wp-content\/uploads\/2018\/04\/Kiuruveden-veteraanimatrikkeli-valmis_Page_2.jpg 1240w, http:\/\/www.rukajarvensuunnanhistoriayhdistys.fi\/rukajarvikeskus\/wp-content\/uploads\/2018\/04\/Kiuruveden-veteraanimatrikkeli-valmis_Page_2-300x348.jpg 300w, http:\/\/www.rukajarvensuunnanhistoriayhdistys.fi\/rukajarvikeskus\/wp-content\/uploads\/2018\/04\/Kiuruveden-veteraanimatrikkeli-valmis_Page_2-258x300.jpg 258w, http:\/\/www.rukajarvensuunnanhistoriayhdistys.fi\/rukajarvikeskus\/wp-content\/uploads\/2018\/04\/Kiuruveden-veteraanimatrikkeli-valmis_Page_2-768x892.jpg 768w, http:\/\/www.rukajarvensuunnanhistoriayhdistys.fi\/rukajarvikeskus\/wp-content\/uploads\/2018\/04\/Kiuruveden-veteraanimatrikkeli-valmis_Page_2-882x1024.jpg 882w\" sizes=\"auto, (max-width: 1240px) 100vw, 1240px\" \/><\/a><\/p>\n<p>Kiuruvesi-lehden uutinen on julkaistu lehden luvalla.<\/p>\n","protected":false},"excerpt":{"rendered":"<p>Kansallisena veteraanip\u00e4iv\u00e4n\u00e4 julkistetaan veteraanijuhlassa Kiuruveden veteraanien matrikkeli ja historia heid\u00e4n sotatiest\u00e4\u00e4n. Kiuruveden veteraanij\u00e4rjest\u00f6t p\u00e4\u00e4ttiv\u00e4t syksyll\u00e4 2015 koota veteraaneista matrikkelin ja muisteluksia ja historiaa sotatiest\u00e4. Veteraanisukupolvi on pian poissa, samalla veteraanij\u00e4rjest\u00f6jen <a class=\"more-link\" href=\"http:\/\/www.rukajarvensuunnanhistoriayhdistys.fi\/rukajarvikeskus\/ajankohtaista\/32-kansallinen-veteraanipaiva-kiuruvedella-alkaa-seppeleen-laskulla-sankarihaudoille\/\">Lue lis\u00e4\u00e4&#8230;<span class=\"screen-reader-text\">32. Kansallinen veteraanip\u00e4iv\u00e4 Kiuruvedell\u00e4 alkaa seppeleen laskulla sankarihaudoille<\/span><span class=\"meta-nav\">\u2192<\/span><\/a><\/p>\n","protected":false},"author":4,"featured_media":0,"comment_status":"closed","ping_status":"open","sticky":false,"template":"","format":"standard","meta":{"ngg_post_thumbnail":0,"_jetpack_newsletter_access":"","_jetpack_dont_email_post_to_subs":false,"_jetpack_newsletter_tier_id":0,"_jetpack_memberships_contains_paywalled_content":false,"_jetpack_memberships_contains_paid_content":false,"footnotes":""},"categories":[26],"tags":[],"class_list":["post-3587","post","type-post","status-publish","format-standard","hentry","category-ajankohtaista"],"jetpack_featured_media_url":"","jetpack_sharing_enabled":true,"jetpack_shortlink":"https:\/\/wp.me\/p72N2f-VR","_links":{"self":[{"href":"http:\/\/www.rukajarvensuunnanhistoriayhdistys.fi\/rukajarvikeskus\/wp-json\/wp\/v2\/posts\/3587","targetHints":{"allow":["GET"]}}],"collection":[{"href":"http:\/\/www.rukajarvensuunnanhistoriayhdistys.fi\/rukajarvikeskus\/wp-json\/wp\/v2\/posts"}],"about":[{"href":"http:\/\/www.rukajarvensuunnanhistoriayhdistys.fi\/rukajarvikeskus\/wp-json\/wp\/v2\/types\/post"}],"author":[{"embeddable":true,"href":"http:\/\/www.rukajarvensuunnanhistoriayhdistys.fi\/rukajarvikeskus\/wp-json\/wp\/v2\/users\/4"}],"replies":[{"embeddable":true,"href":"http:\/\/www.rukajarvensuunnanhistoriayhdistys.fi\/rukajarvikeskus\/wp-json\/wp\/v2\/comments?post=3587"}],"version-history":[{"count":5,"href":"http:\/\/www.rukajarvensuunnanhistoriayhdistys.fi\/rukajarvikeskus\/wp-json\/wp\/v2\/posts\/3587\/revisions"}],"predecessor-version":[{"id":3604,"href":"http:\/\/www.rukajarvensuunnanhistoriayhdistys.fi\/rukajarvikeskus\/wp-json\/wp\/v2\/posts\/3587\/revisions\/3604"}],"wp:attachment":[{"href":"http:\/\/www.rukajarvensuunnanhistoriayhdistys.fi\/rukajarvikeskus\/wp-json\/wp\/v2\/media?parent=3587"}],"wp:term":[{"taxonomy":"category","embeddable":true,"href":"http:\/\/www.rukajarvensuunnanhistoriayhdistys.fi\/rukajarvikeskus\/wp-json\/wp\/v2\/categories?post=3587"},{"taxonomy":"post_tag","embeddable":true,"href":"http:\/\/www.rukajarvensuunnanhistoriayhdistys.fi\/rukajarvikeskus\/wp-json\/wp\/v2\/tags?post=3587"}],"curies":[{"name":"wp","href":"https:\/\/api.w.org\/{rel}","templated":true}]}}