{"id":3594,"date":"2018-04-27T10:00:58","date_gmt":"2018-04-27T07:00:58","guid":{"rendered":"http:\/\/www.rukajarvensuunnanhistoriayhdistys.fi\/rukajarvikeskus\/?p=3594"},"modified":"2018-04-27T01:07:47","modified_gmt":"2018-04-26T22:07:47","slug":"yhteistyossa-kv-asko-ensimmaisena-kansallisen-veteraanipaivan-kunniaksi","status":"publish","type":"post","link":"http:\/\/www.rukajarvensuunnanhistoriayhdistys.fi\/rukajarvikeskus\/ajankohtaista\/yhteistyossa-kv-asko-ensimmaisena-kansallisen-veteraanipaivan-kunniaksi\/","title":{"rendered":"Yhteisty\u00f6ss\u00e4 KV Asko ensimm\u00e4isen\u00e4 &#8211; Kansallisen veteraanip\u00e4iv\u00e4n kunniaksi"},"content":{"rendered":"<div class=\"fcbkbttn_buttons_block\" id=\"fcbkbttn_left\"><div class=\"fcbkbttn_like \"><fb:like href=\"http:\/\/www.rukajarvensuunnanhistoriayhdistys.fi\/rukajarvikeskus\/ajankohtaista\/yhteistyossa-kv-asko-ensimmaisena-kansallisen-veteraanipaivan-kunniaksi\/\" action=\"like\" colorscheme=\"light\" layout=\"button_count\"  size=\"small\"><\/fb:like><\/div><\/div><p>Suomen Sotahistoriallisen Seuran (SSHS) ja Rukaj\u00e4rven suunnan historiayhdistyksen (RSHY) 14.4.2018 sovittu yhteisty\u00f6 sotahistoriallisissa kohteissa k\u00e4ynnistyi &#8211; ensimm\u00e4isen\u00e4 kentt\u00e4vartio &#8221;Asko&#8221;. Kohteeseen voi tutustua <a href=\"http:\/\/www.sotahistoriallisetkohteet.fi\/app\/sights\/view\/-\/id\/1511\/country\/9\/area\/115\"><strong>T\u00c4\u00c4LT\u00c4<\/strong><\/a>:<\/p>\n<p><a href=\"http:\/\/www.rukajarvensuunnanhistoriayhdistys.fi\/rukajarvikeskus\/wp-content\/uploads\/2018\/04\/Asko-7892.jpg\"><img loading=\"lazy\" decoding=\"async\" class=\"alignnone size-full wp-image-3595\" src=\"http:\/\/www.rukajarvensuunnanhistoriayhdistys.fi\/rukajarvikeskus\/wp-content\/uploads\/2018\/04\/Asko-7892.jpg\" alt=\"\" width=\"657\" height=\"577\" srcset=\"http:\/\/www.rukajarvensuunnanhistoriayhdistys.fi\/rukajarvikeskus\/wp-content\/uploads\/2018\/04\/Asko-7892.jpg 657w, http:\/\/www.rukajarvensuunnanhistoriayhdistys.fi\/rukajarvikeskus\/wp-content\/uploads\/2018\/04\/Asko-7892-300x263.jpg 300w\" sizes=\"auto, (max-width: 657px) 100vw, 657px\" \/><\/a><\/p>\n<p>Aiemmin kerroimme n\u00e4ill\u00e4 sivuilla yhteisty\u00f6n k\u00e4ynnistymisest\u00e4. Juttuun voi tutustua <a href=\"http:\/\/www.rukajarvensuunnanhistoriayhdistys.fi\/historiayhdistys\/suomen-sotahistoriallisen-seuran-sshs-edustajat-vierailivat-iisalmen-rukajarvi-keskuksessa-lauantaina-14-4-2018\/\"><strong>T\u00c4\u00c4LT\u00c4<\/strong><\/a>:<\/p>\n","protected":false},"excerpt":{"rendered":"<p>Suomen Sotahistoriallisen Seuran (SSHS) ja Rukaj\u00e4rven suunnan historiayhdistyksen (RSHY) 14.4.2018 sovittu yhteisty\u00f6 sotahistoriallisissa kohteissa k\u00e4ynnistyi &#8211; ensimm\u00e4isen\u00e4 kentt\u00e4vartio &#8221;Asko&#8221;. Kohteeseen voi tutustua T\u00c4\u00c4LT\u00c4: Aiemmin kerroimme n\u00e4ill\u00e4 sivuilla yhteisty\u00f6n k\u00e4ynnistymisest\u00e4. Juttuun <a class=\"more-link\" href=\"http:\/\/www.rukajarvensuunnanhistoriayhdistys.fi\/rukajarvikeskus\/ajankohtaista\/yhteistyossa-kv-asko-ensimmaisena-kansallisen-veteraanipaivan-kunniaksi\/\">Lue lis\u00e4\u00e4&#8230;<span class=\"screen-reader-text\">Yhteisty\u00f6ss\u00e4 KV Asko ensimm\u00e4isen\u00e4 &#8211; Kansallisen veteraanip\u00e4iv\u00e4n kunniaksi<\/span><span class=\"meta-nav\">\u2192<\/span><\/a><\/p>\n","protected":false},"author":4,"featured_media":0,"comment_status":"closed","ping_status":"open","sticky":false,"template":"","format":"standard","meta":{"ngg_post_thumbnail":0,"_jetpack_newsletter_access":"","_jetpack_dont_email_post_to_subs":false,"_jetpack_newsletter_tier_id":0,"_jetpack_memberships_contains_paywalled_content":false,"_jetpack_memberships_contains_paid_content":false,"footnotes":""},"categories":[26,32],"tags":[],"class_list":["post-3594","post","type-post","status-publish","format-standard","hentry","category-ajankohtaista","category-historiayhdistys"],"jetpack_featured_media_url":"","jetpack_sharing_enabled":true,"jetpack_shortlink":"https:\/\/wp.me\/p72N2f-VY","_links":{"self":[{"href":"http:\/\/www.rukajarvensuunnanhistoriayhdistys.fi\/rukajarvikeskus\/wp-json\/wp\/v2\/posts\/3594","targetHints":{"allow":["GET"]}}],"collection":[{"href":"http:\/\/www.rukajarvensuunnanhistoriayhdistys.fi\/rukajarvikeskus\/wp-json\/wp\/v2\/posts"}],"about":[{"href":"http:\/\/www.rukajarvensuunnanhistoriayhdistys.fi\/rukajarvikeskus\/wp-json\/wp\/v2\/types\/post"}],"author":[{"embeddable":true,"href":"http:\/\/www.rukajarvensuunnanhistoriayhdistys.fi\/rukajarvikeskus\/wp-json\/wp\/v2\/users\/4"}],"replies":[{"embeddable":true,"href":"http:\/\/www.rukajarvensuunnanhistoriayhdistys.fi\/rukajarvikeskus\/wp-json\/wp\/v2\/comments?post=3594"}],"version-history":[{"count":3,"href":"http:\/\/www.rukajarvensuunnanhistoriayhdistys.fi\/rukajarvikeskus\/wp-json\/wp\/v2\/posts\/3594\/revisions"}],"predecessor-version":[{"id":3598,"href":"http:\/\/www.rukajarvensuunnanhistoriayhdistys.fi\/rukajarvikeskus\/wp-json\/wp\/v2\/posts\/3594\/revisions\/3598"}],"wp:attachment":[{"href":"http:\/\/www.rukajarvensuunnanhistoriayhdistys.fi\/rukajarvikeskus\/wp-json\/wp\/v2\/media?parent=3594"}],"wp:term":[{"taxonomy":"category","embeddable":true,"href":"http:\/\/www.rukajarvensuunnanhistoriayhdistys.fi\/rukajarvikeskus\/wp-json\/wp\/v2\/categories?post=3594"},{"taxonomy":"post_tag","embeddable":true,"href":"http:\/\/www.rukajarvensuunnanhistoriayhdistys.fi\/rukajarvikeskus\/wp-json\/wp\/v2\/tags?post=3594"}],"curies":[{"name":"wp","href":"https:\/\/api.w.org\/{rel}","templated":true}]}}