{"id":3641,"date":"2018-05-19T13:04:07","date_gmt":"2018-05-19T10:04:07","guid":{"rendered":"http:\/\/www.rukajarvensuunnanhistoriayhdistys.fi\/rukajarvikeskus\/?p=3641"},"modified":"2018-05-20T18:50:36","modified_gmt":"2018-05-20T15:50:36","slug":"maunu-kankaanpaa-rohkea-ja-urhea-sotilas-osoittautui-myos-inhimilliseksi-ja-lamminhenkiseksi-ihmiseksi","status":"publish","type":"post","link":"http:\/\/www.rukajarvensuunnanhistoriayhdistys.fi\/rukajarvikeskus\/tapahtumat\/maunu-kankaanpaa-rohkea-ja-urhea-sotilas-osoittautui-myos-inhimilliseksi-ja-lamminhenkiseksi-ihmiseksi\/","title":{"rendered":"Maunu Kankaanp\u00e4\u00e4: Rohkea ja urhea sotilas osoittautui my\u00f6s inhimilliseksi\u00a0 ja l\u00e4mminhenkiseksi ihmiseksi."},"content":{"rendered":"<div class=\"fcbkbttn_buttons_block\" id=\"fcbkbttn_left\"><div class=\"fcbkbttn_like \"><fb:like href=\"http:\/\/www.rukajarvensuunnanhistoriayhdistys.fi\/rukajarvikeskus\/tapahtumat\/maunu-kankaanpaa-rohkea-ja-urhea-sotilas-osoittautui-myos-inhimilliseksi-ja-lamminhenkiseksi-ihmiseksi\/\" action=\"like\" colorscheme=\"light\" layout=\"button_count\"  size=\"small\"><\/fb:like><\/div><\/div><p><strong>Maunu Kankaanp\u00e4\u00e4n muistosanat esimiehens\u00e4 Seppo H\u00e4nnisen hautajaisissa 19.5.2018<\/strong><\/p>\n<figure id=\"attachment_3639\" aria-describedby=\"caption-attachment-3639\" style=\"width: 3530px\" class=\"wp-caption alignnone\"><a href=\"http:\/\/www.rukajarvensuunnanhistoriayhdistys.fi\/rukajarvikeskus\/wp-content\/uploads\/2018\/05\/156793.jpg\"><img loading=\"lazy\" decoding=\"async\" class=\"size-full wp-image-3639\" src=\"http:\/\/www.rukajarvensuunnanhistoriayhdistys.fi\/rukajarvikeskus\/wp-content\/uploads\/2018\/05\/156793.jpg\" alt=\"\" width=\"3530\" height=\"4961\"><\/a><figcaption id=\"caption-attachment-3639\" class=\"wp-caption-text\">Luutnantti Seppo H\u00e4nninen. (19.8.1921-16.8.1944). SA-kuva Tahkokoseken taisteluista 7.8.1944.<\/figcaption><\/figure>\n<figure id=\"attachment_3631\" aria-describedby=\"caption-attachment-3631\" style=\"width: 1240px\" class=\"wp-caption alignnone\"><a href=\"http:\/\/www.rukajarvensuunnanhistoriayhdistys.fi\/rukajarvikeskus\/wp-content\/uploads\/2018\/05\/Kankaanp\u00e4\u00e4-Maunu-2.jpg\"><img loading=\"lazy\" decoding=\"async\" class=\"size-full wp-image-3631\" src=\"http:\/\/www.rukajarvensuunnanhistoriayhdistys.fi\/rukajarvikeskus\/wp-content\/uploads\/2018\/05\/Kankaanp\u00e4\u00e4-Maunu-2.jpg\" alt=\"\" width=\"1240\" height=\"1754\" srcset=\"http:\/\/www.rukajarvensuunnanhistoriayhdistys.fi\/rukajarvikeskus\/wp-content\/uploads\/2018\/05\/Kankaanp\u00e4\u00e4-Maunu-2.jpg 1240w, http:\/\/www.rukajarvensuunnanhistoriayhdistys.fi\/rukajarvikeskus\/wp-content\/uploads\/2018\/05\/Kankaanp\u00e4\u00e4-Maunu-2-300x424.jpg 300w, http:\/\/www.rukajarvensuunnanhistoriayhdistys.fi\/rukajarvikeskus\/wp-content\/uploads\/2018\/05\/Kankaanp\u00e4\u00e4-Maunu-2-212x300.jpg 212w, http:\/\/www.rukajarvensuunnanhistoriayhdistys.fi\/rukajarvikeskus\/wp-content\/uploads\/2018\/05\/Kankaanp\u00e4\u00e4-Maunu-2-768x1086.jpg 768w, http:\/\/www.rukajarvensuunnanhistoriayhdistys.fi\/rukajarvikeskus\/wp-content\/uploads\/2018\/05\/Kankaanp\u00e4\u00e4-Maunu-2-724x1024.jpg 724w\" sizes=\"auto, (max-width: 1240px) 100vw, 1240px\" \/><\/a><figcaption id=\"caption-attachment-3631\" class=\"wp-caption-text\">Maunu Kankaanp\u00e4\u00e4 (s. 11.5.1923), &#8221;mutta meh\u00e4n olimme silloin nuoria.&#8221; Hattu j\u00e4i 1943 rintamalle, mutta mies s\u00e4ilyi hengiss\u00e4. Kunnallisneuvos Maunu Kankaanp\u00e4\u00e4 toimi Jatkosodan lopulla Seppo H\u00e4nnisen l\u00e4hettin\u00e4.<\/figcaption><\/figure>\n<p><strong>Arvoisat muistotilaisuuden osanottajat<\/strong><\/p>\n<p>Haluan t\u00e4ss\u00e4 muistopuheessani kertoa oman n\u00e4kemykseni esimiehest\u00e4ni luutn. Seppo H\u00e4nnisest\u00e4, jonka l\u00e4hettin\u00e4 olin n. puolen vuoden ajan aina h\u00e4nen kaatumiseensa 16.8. &#8211; 44 saakka. Kuitenkin on paikallaan kertoa my\u00f6s ajasta jolloin h\u00e4n ei ollut viel\u00e4 komppaniamme p\u00e4\u00e4llikk\u00f6, vaan toimi JR 10:n j\u00e4\u00e4k\u00e4rijoukkueen johtajana sen toimiessa Ontaj\u00e4rven suunnalla. Kirjailija Onni Palaste kertoo kirjassaan &#8221;Raappanan miehet&#8221;, ett\u00e4 vastik\u00e4\u00e4n RUK:sta p\u00e4\u00e4ssyt v\u00e4nrikki Seppo H\u00e4nninen m\u00e4\u00e4r\u00e4ttiin Ontaj\u00e4ven suunnalla toimivan JR 10:n j\u00e4\u00e4k\u00e4rijoukkueen johtajaksi. Ja ett\u00e4 &#8221;h\u00e4n oli pitk\u00e4n huiskea, komea, vaaleaverinen&#8221;. Palaste ei kuitenkaan kerro tarkkaa ajankohtaa milloin t\u00e4m\u00e4 tapahtui. J\u00e4\u00e4k\u00e4rijoukkueen teht\u00e4v\u00e4n\u00e4 oli mm. tehd\u00e4 partioretki\u00e4 vihollisen puolelle Ontaj\u00e4rve\u00e4. Hurjan rohkeutta vaativia niist\u00e4 useat n\u00e4ytt\u00e4v\u00e4t olleen. H\u00e4nnisen sankaritekoja siell\u00e4 oli sekin kun h\u00e4n Ontaj\u00e4rven j\u00e4\u00e4lle laskeutuneesta vihollisen koneesta otti kaksi vankia.<\/p>\n<p>9\/JR 10 p\u00e4\u00e4llik\u00f6ksi H\u00e4nninen nimitettiin minun k\u00e4sitykseni mukaan luutn. Niilo Korhosen j\u00e4lkeen. Ja H\u00e4nninen palasi Rukaj\u00e4rvelle kadettikoulun k\u00e4yneen\u00e4 sotilasarvoltaan luutnanttina.<\/p>\n<p>Koska tuo 16.8. -44 tapahtunut hy\u00f6kk\u00e4ys koitui Seppo H\u00e4nnisen osalta kohtalokkaaksi tunnetuin seurauksin, kerron sen mik\u00e4 omaan muistiini siit\u00e4 on j\u00e4\u00e4nyt. Erikoinen t\u00e4m\u00e4 hy\u00f6kk\u00e4ys oli senkin vuoksi, ett\u00e4 sen on todettu j\u00e4\u00e4neen viimeiseksi hy\u00f6kk\u00e4ykseksi Neuvostoarmeijan yksikk\u00f6\u00e4 vastaan. Erikoista siin\u00e4 oli sekin, ett\u00e4 se tapahtui vailla tykist\u00f6n tulitukea. Miltei avonainen maasto ja vihollisen ankara tulitus tekiv\u00e4t etenemisest\u00e4 eritt\u00e4in vaikean.<\/p>\n<p>Etenimme n. 70 metrin et\u00e4isyydelle vihollisen asemista. H\u00e4nninen ampui konepistoolillaan polvelta kun h\u00e4n \u00e4kki\u00e4 lyyhistyi maahan ilmeisesti konetuliaseen luodin tai kranaatin sirpaleen osuessa. Todenn\u00e4k\u00f6isesti h\u00e4n kuoli v\u00e4litt\u00f6m\u00e4sti. Pian t\u00e4m\u00e4n j\u00e4lkeen l\u00e4hettikaverini&nbsp; Ilmari Jokelainen huusi, ett\u00e4 h\u00e4neen sattui pahasti. Ry\u00f6min h\u00e4nen luokseen ja totesin, ett\u00e4 kranaatin sirpale oli leikannut h\u00e4nen oikean k\u00e4tens\u00e4 melkein poikki. Silt\u00e4 se n\u00e4ytti. Sirpaleen viiltoja oli muuallakin, p\u00e4\u00e4ss\u00e4kin. Kun tilanne oli havaittu joku joukkueen johtajista oli antanut per\u00e4\u00e4ntymisk\u00e4skyn. Emme me sit\u00e4 kuulleet. Mutta eih\u00e4n se olisi meid\u00e4n tilannetta voinut muuksi muuttaa. Enh\u00e4n voinut Ilmaria sinne j\u00e4tt\u00e4\u00e4. Sidoin k\u00e4den omilla ja Ilmarin sideharsoilla jotenkin sit\u00e4 kahdella oksan palalla lastoittaen. Ilman sit\u00e4 sen kanssa olisi ollut vaikeaa liikkua. Meist\u00e4 oikealla n. 50 metrin p\u00e4\u00e4ss\u00e4 ollut kersantti Tauno Tikkanen oli n\u00e4hnyt meid\u00e4t liikkumattomina ja luullut meid\u00e4n kaikkien kaatuneen. Onnistuimme kuitenkin monivaiheisen matkanteon j\u00e4lkeen l\u00f6yt\u00e4m\u00e4\u00e4n omat joukkomme. Silloin Ilmarilta meni taju. Poikki olin itsekin. Olimme olleet vaarassa joutua vangiksikin. Sit\u00e4 me emme itse havainneet. Luutn. Seppo H\u00e4nninen j\u00e4i taistelukent\u00e4lle, eik\u00e4 h\u00e4nt\u00e4 voitu sielt\u00e4 en\u00e4\u00e4 hakea. T\u00e4ss\u00e4 on todettava, ett\u00e4 Rukaj\u00e4rven suunnalla elokuussa -44 k\u00e4ydyt Tsirkka-Kemijoen hy\u00f6kk\u00e4ystaistelut olivat er\u00e4maa sotaa. Uuden teht\u00e4v\u00e4n vuoksi saatettiin nopeasti siirty\u00e4 paikasta toiseen.<\/p>\n<p>Kun tuosta taistelusta oli kulunut 72 vuotta l\u00f6ysi n\u00e4it\u00e4 taistelukent\u00e4lle j\u00e4\u00e4neiden kaatuneiden etsimist\u00e4 harrastanut paikallinen asukas Seppo H\u00e4nnisen. H\u00e4nen tilill\u00e4\u00e4n oli jo t\u00e4t\u00e4 ennen 20 taistelukent\u00e4lle j\u00e4\u00e4neen suomalaisen l\u00f6ytyminen.<\/p>\n<p>Rukaj\u00e4rven suunnan historiayhdistys, joka perustettiin v. 2009, on siit\u00e4 l\u00e4htien j\u00e4rjest\u00e4nyt sotaveteraaneille, mutta my\u00f6s muille asiasta kiinnostuneille tutustumismatkoja Rukaj\u00e4rven suunnan taistelupaikkoihin. Olin Juha poikani kanssa t\u00e4llaisella matkalla v. 2011. K\u00e4vimme my\u00f6s \u00e4sken kertomallani taistelupaikalla. Mutta eiv\u00e4t n\u00e4m\u00e4 matkat ole olleet yksinomaan taistelupaikkoihin tutustumista. Samalla matkalla joudutaan hyvinkin l\u00e4heiseen yhteisty\u00f6h\u00f6n paikallisten asukkaitten kanssa. Yksin majoituksen j\u00e4rjest\u00e4jin\u00e4 he ovat ratkaisevassa asemassa, koska yleisi\u00e4 majoitustiloja ei ole. Rouvas henkil\u00f6, jonka luona poikani kanssa olimme majoitettuna, piti meist\u00e4 eritt\u00e4in hyv\u00e4\u00e4 huolta. Kun useinkin voimia vaativalta tutustumisretkelt\u00e4 palattiin, niin aina l\u00e4mmin sauna odotti jo kylpij\u00f6it\u00e4\u00e4n. Meill\u00e4 oli tilaisuus tutustua heid\u00e4n kulttuuritaloonsa ja sit\u00e4 kautta heid\u00e4n kulttuuriharrastuksiin. Me voimme&nbsp; seurata heid\u00e4n ortodoksista jumalanpalvelusta. Pist\u00e4ydyimme my\u00f6s heid\u00e4n erikoisen kauniilla hautausmaallakin.<\/p>\n<p>Uskon, ett\u00e4 juuri tuo l\u00e4heinen yst\u00e4v\u00e4llinen yhteisty\u00f6 ja tapaamiset paikallisten asukkaitten kanssa ovat osaltaan luoneet edellytykset my\u00f6s sille, ett\u00e4 heille paikallisille on syntynyt halu auttaa l\u00f6yt\u00e4m\u00e4\u00e4n sodan aikana taistelukent\u00e4lle j\u00e4\u00e4neit\u00e4 suomalaisia kaatuneita. Ja n\u00e4in monien vuosikymmenten j\u00e4lkeenkin on voitu taistelukent\u00e4lle j\u00e4\u00e4nyt saattaa oman kotikuntansa sankarihautaan. Ihmeelliselt\u00e4 tuntuu, ett\u00e4 t\u00e4n\u00e4\u00e4n l\u00e4hes 74 vuotta sitten taistelukent\u00e4lle j\u00e4\u00e4nyt luutn. Seppo H\u00e4nninen on voitu saattaa oman kotikuntansa sankarihautaan.<\/p>\n<p>Seppo H\u00e4nninen oli sotilas, jos kukaan. Rohkea, ehk\u00e4 uhkarohkeakin. H\u00e4n johti taisteluja aina edest\u00e4. Jotkut ovat puhuneet, ett\u00e4 h\u00e4nen tavoitteenaan oli saada Mannerheimin risti. Kirjassaan &#8221;Raappanan miehet&#8221; Onni Palaste kertoo H\u00e4nnisen sanoneen ennen ensimm\u00e4iselle partioretkelleen l\u00e4ht\u00f6\u00e4, ett\u00e4&nbsp; &#8221;olen l\u00e4htenyt sotimaan sill\u00e4 mielell\u00e4, ett\u00e4 Mannerheim-risti on tavotteeni&#8221;. L\u00e4hettikaverini Ilmarin kanssa joskus siit\u00e4 j\u00e4lkeenp\u00e4in keskustellessa olemme olleet samaa mielt\u00e4, ett\u00e4 t\u00e4m\u00e4nsuuntaisia ajatuksia h\u00e4n joskus esitti. Onni Palaste kertoo kirjassaan &#8221;Raappanan miehet&#8221; monista partioreissuista, joissa H\u00e4nninen osoittaa kylm\u00e4verist\u00e4 rohkeuttaan, edeten useinkin joukkueen k\u00e4rjess\u00e4. Kenties n\u00e4m\u00e4 ja Tsirkka-Kemijoen hy\u00f6kk\u00e4ystaistelut elokuussa -44 olisivat olleet jo vahvat perusteet Mannerheim-ristin my\u00f6nt\u00e4miselle.<\/p>\n<p>Mutta rohkea ja urhea sotilas voi osoittautua my\u00f6s inhimilliseksi&nbsp; ja l\u00e4mminhenkiseksi ihmiseksi. Niinp\u00e4 en voi t\u00e4ss\u00e4 olla kertomatta sit\u00e4 yll\u00e4tyst\u00e4, jonka koin n. 50 vuotta sodan p\u00e4\u00e4ttymisest\u00e4. Olin tuolloin myym\u00e4ss\u00e4 pient\u00e4 kotim\u00f6kki\u00e4mme, joka jo monia vuosia oli ollut asumattomana. Se sijaitsi Lapuanjoen rannalla 300 neli\u00f6metrin suuruisella tontilla torpparilain nojalla itsen\u00e4iseksi m\u00e4kitupa-alueeksi erotettuna. Siin\u00e4 asuivat sodan aikana en\u00e4\u00e4 \u00e4itini ja kaksi sisartani. Kiipesin tikkaita viel\u00e4 ullakolle tarkistaakseni, ettei mit\u00e4\u00e4n oleellista olisi sinne j\u00e4\u00e4m\u00e4ss\u00e4. Silm\u00e4\u00e4ni pisti er\u00e4\u00e4ll\u00e4 hyllyll\u00e4 kirja. Se oli Maila Talvion romaani Y\u00f6lintu. Ja kun avasin kirjan oli sen v\u00e4liss\u00e4 joku kunniakirja&nbsp; ja ruudulliselle paperille kirjoitettu kirjelappu. Ja se kirjelappu on t\u00e4ss\u00e4 ja siin\u00e4 on seuraava teksti: L\u00e4h: Korp. Mauno Kankaanp\u00e4\u00e4, Vast:&nbsp; Rouva Maria Kankaanp\u00e4\u00e4, Sis. 6 ltk. tupakkaa&nbsp; &#8211; kirja, kunniakirja&nbsp; Majap.&nbsp; 16.7.44&nbsp; p\u00e4\u00e4ll. Luutn. S. H\u00e4nninen. Ja komppanian leima.<\/p>\n<p>Siin\u00e4 kuitenkin heti totesin, etten ollut t\u00e4t\u00e4 pakettia l\u00e4hett\u00e4nyt, vaan sen oli l\u00e4hett\u00e4nyt Seppo H\u00e4nninen. Olihan siin\u00e4 minut mainittu l\u00e4hett\u00e4j\u00e4ksi. T\u00e4m\u00e4n vuoksi kotiv\u00e4kik\u00e4\u00e4n ei koskaan siit\u00e4 kotiuduttuani minulle kertonut. Olin edellisen\u00e4 talvena pataljoonan hiihtomestaruuskilpailuissa. Tulin siin\u00e4 viidenneksi. Ja siit\u00e4 palkintona Maila Talvion romaani ja pataljoonan komentajan allekirjoittama kunniakirja. Mutta lis\u00e4ksi 6 ltk tupakkaa. Joka on sota-ajan el\u00e4nyt tiet\u00e4\u00e4 miten arvokas yksikin tupakka-aski&nbsp; silloin oli. H\u00e4nninen ei itse polttanut, joten h\u00e4nelle kertyi n\u00e4it\u00e4 muonatupakoita. Mietin siin\u00e4 miten h\u00e4n on voinut niiss\u00e4 sodan vaikeissa olosuhteissa toteuttaa t\u00e4llaisen paketin l\u00e4hett\u00e4misen ja tehd\u00e4 se niin, ett\u00e4 se A-4 kokoinen kunniakirjakin on s\u00e4ilynyt t\u00e4ysin vahingoittumattomana. Paketissa olevassa kirjelapussa on p\u00e4iv\u00e4ys 16.7.44 eli tasan kuukausi ennen h\u00e4nen kuolemaansa.<\/p>\n<p>Siin\u00e4 ihmetelless\u00e4ni palautui mieleeni er\u00e4s lyhyt keskustelu H\u00e4nnisen kanssa. H\u00e4n kysyi kerran minulta millaisesta kodista olet. Niinp\u00e4 siin\u00e4 muistaakseni kerroin juuri tuosta Lapuanjoen varrella olevasta pikku m\u00f6kist\u00e4mme, jossa aikamoinen lapsikatras on kasvatettu ja aika vaatimattomissa olosuhteissa. Itse olin nuorin . Minua&nbsp; vanhempi veljeni rintamalla Syv\u00e4rill\u00e4, jossa haavoittunut.<\/p>\n<p>T\u00e4ll\u00e4 yst\u00e4v\u00e4llisell\u00e4 ja paljon ajatuksia her\u00e4tt\u00e4v\u00e4ll\u00e4 teolla Seppo H\u00e4nninen tuli minulle jotenkin l\u00e4heisemm\u00e4ksi. Siksi halusin olla t\u00e4\u00e4ll\u00e4 t\u00e4n\u00e4\u00e4n kunnioittamassa&nbsp; h\u00e4nen muistoa, ei vain sotilaana vaan my\u00f6s el\u00e4m\u00e4\u00e4 ymm\u00e4rt\u00e4v\u00e4n\u00e4 ja ajattelevana ihmisen\u00e4.<\/p>\n<p><strong>Maunu Kankaanp\u00e4\u00e4<\/strong><\/p>\n","protected":false},"excerpt":{"rendered":"<p>Maunu Kankaanp\u00e4\u00e4n muistosanat esimiehens\u00e4 Seppo H\u00e4nnisen hautajaisissa 19.5.2018 Arvoisat muistotilaisuuden osanottajat Haluan t\u00e4ss\u00e4 muistopuheessani kertoa oman n\u00e4kemykseni esimiehest\u00e4ni luutn. Seppo H\u00e4nnisest\u00e4, jonka l\u00e4hettin\u00e4 olin n. puolen vuoden ajan aina h\u00e4nen <a class=\"more-link\" href=\"http:\/\/www.rukajarvensuunnanhistoriayhdistys.fi\/rukajarvikeskus\/tapahtumat\/maunu-kankaanpaa-rohkea-ja-urhea-sotilas-osoittautui-myos-inhimilliseksi-ja-lamminhenkiseksi-ihmiseksi\/\">Lue lis\u00e4\u00e4&#8230;<span class=\"screen-reader-text\">Maunu Kankaanp\u00e4\u00e4: Rohkea ja urhea sotilas osoittautui my\u00f6s inhimilliseksi\u00a0 ja l\u00e4mminhenkiseksi ihmiseksi.<\/span><span class=\"meta-nav\">\u2192<\/span><\/a><\/p>\n","protected":false},"author":4,"featured_media":0,"comment_status":"closed","ping_status":"open","sticky":false,"template":"","format":"standard","meta":{"ngg_post_thumbnail":0,"_jetpack_newsletter_access":"","_jetpack_dont_email_post_to_subs":false,"_jetpack_newsletter_tier_id":0,"_jetpack_memberships_contains_paywalled_content":false,"_jetpack_memberships_contains_paid_content":false,"footnotes":""},"categories":[26,32,15],"tags":[],"class_list":["post-3641","post","type-post","status-publish","format-standard","hentry","category-ajankohtaista","category-historiayhdistys","category-tapahtumat"],"jetpack_featured_media_url":"","jetpack_sharing_enabled":true,"jetpack_shortlink":"https:\/\/wp.me\/p72N2f-WJ","_links":{"self":[{"href":"http:\/\/www.rukajarvensuunnanhistoriayhdistys.fi\/rukajarvikeskus\/wp-json\/wp\/v2\/posts\/3641","targetHints":{"allow":["GET"]}}],"collection":[{"href":"http:\/\/www.rukajarvensuunnanhistoriayhdistys.fi\/rukajarvikeskus\/wp-json\/wp\/v2\/posts"}],"about":[{"href":"http:\/\/www.rukajarvensuunnanhistoriayhdistys.fi\/rukajarvikeskus\/wp-json\/wp\/v2\/types\/post"}],"author":[{"embeddable":true,"href":"http:\/\/www.rukajarvensuunnanhistoriayhdistys.fi\/rukajarvikeskus\/wp-json\/wp\/v2\/users\/4"}],"replies":[{"embeddable":true,"href":"http:\/\/www.rukajarvensuunnanhistoriayhdistys.fi\/rukajarvikeskus\/wp-json\/wp\/v2\/comments?post=3641"}],"version-history":[{"count":2,"href":"http:\/\/www.rukajarvensuunnanhistoriayhdistys.fi\/rukajarvikeskus\/wp-json\/wp\/v2\/posts\/3641\/revisions"}],"predecessor-version":[{"id":3681,"href":"http:\/\/www.rukajarvensuunnanhistoriayhdistys.fi\/rukajarvikeskus\/wp-json\/wp\/v2\/posts\/3641\/revisions\/3681"}],"wp:attachment":[{"href":"http:\/\/www.rukajarvensuunnanhistoriayhdistys.fi\/rukajarvikeskus\/wp-json\/wp\/v2\/media?parent=3641"}],"wp:term":[{"taxonomy":"category","embeddable":true,"href":"http:\/\/www.rukajarvensuunnanhistoriayhdistys.fi\/rukajarvikeskus\/wp-json\/wp\/v2\/categories?post=3641"},{"taxonomy":"post_tag","embeddable":true,"href":"http:\/\/www.rukajarvensuunnanhistoriayhdistys.fi\/rukajarvikeskus\/wp-json\/wp\/v2\/tags?post=3641"}],"curies":[{"name":"wp","href":"https:\/\/api.w.org\/{rel}","templated":true}]}}