{"id":3651,"date":"2018-05-20T18:05:39","date_gmt":"2018-05-20T15:05:39","guid":{"rendered":"http:\/\/www.rukajarvensuunnanhistoriayhdistys.fi\/rukajarvikeskus\/?p=3651"},"modified":"2018-05-30T07:37:19","modified_gmt":"2018-05-30T04:37:19","slug":"sankarivainaja-seppo-hanninen-siunattiin-kotikylan-sankarihautaan-sukevalla-19-5-2018","status":"publish","type":"post","link":"http:\/\/www.rukajarvensuunnanhistoriayhdistys.fi\/rukajarvikeskus\/tapahtumat\/sankarivainaja-seppo-hanninen-siunattiin-kotikylan-sankarihautaan-sukevalla-19-5-2018\/","title":{"rendered":"Sankarivainaja Seppo H\u00e4nninen siunattiin kotikyl\u00e4n sankarihautaan Sukevalla 19.5.2018"},"content":{"rendered":"<div class=\"fcbkbttn_buttons_block\" id=\"fcbkbttn_left\"><div class=\"fcbkbttn_like \"><fb:like href=\"http:\/\/www.rukajarvensuunnanhistoriayhdistys.fi\/rukajarvikeskus\/tapahtumat\/sankarivainaja-seppo-hanninen-siunattiin-kotikylan-sankarihautaan-sukevalla-19-5-2018\/\" action=\"like\" colorscheme=\"light\" layout=\"button_count\"  size=\"small\"><\/fb:like><\/div><\/div><p>Seppo H\u00e4nninen siunattiin haudan lepoon juhlallisin menoin. Siunauksen toimitti kentt\u00e4rovasti Penna Parviainen. Sukevan kirkkoon oli kokoontunut per\u00e4ti 130 saattovierasta ja Iisalmen Rukaj\u00e4rvi-keskuksessa pidettyyn muistotilaisuuteen 80.<\/p>\n<figure id=\"attachment_3652\" aria-describedby=\"caption-attachment-3652\" style=\"width: 1632px\" class=\"wp-caption alignnone\"><a href=\"http:\/\/www.rukajarvensuunnanhistoriayhdistys.fi\/rukajarvikeskus\/wp-content\/uploads\/2018\/05\/2-3-0-Penna-Parviainen-Siunaaminen-AK.jpg\"><img loading=\"lazy\" decoding=\"async\" class=\"size-full wp-image-3652\" src=\"http:\/\/www.rukajarvensuunnanhistoriayhdistys.fi\/rukajarvikeskus\/wp-content\/uploads\/2018\/05\/2-3-0-Penna-Parviainen-Siunaaminen-AK.jpg\" alt=\"\" width=\"1632\" height=\"916\" srcset=\"http:\/\/www.rukajarvensuunnanhistoriayhdistys.fi\/rukajarvikeskus\/wp-content\/uploads\/2018\/05\/2-3-0-Penna-Parviainen-Siunaaminen-AK.jpg 1632w, http:\/\/www.rukajarvensuunnanhistoriayhdistys.fi\/rukajarvikeskus\/wp-content\/uploads\/2018\/05\/2-3-0-Penna-Parviainen-Siunaaminen-AK-300x168.jpg 300w, http:\/\/www.rukajarvensuunnanhistoriayhdistys.fi\/rukajarvikeskus\/wp-content\/uploads\/2018\/05\/2-3-0-Penna-Parviainen-Siunaaminen-AK-768x431.jpg 768w, http:\/\/www.rukajarvensuunnanhistoriayhdistys.fi\/rukajarvikeskus\/wp-content\/uploads\/2018\/05\/2-3-0-Penna-Parviainen-Siunaaminen-AK-1024x575.jpg 1024w\" sizes=\"auto, (max-width: 1632px) 100vw, 1632px\" \/><\/a><figcaption id=\"caption-attachment-3652\" class=\"wp-caption-text\">Kentt\u00e4rovasti Penna Parviainen. Kuva Antti Koskinen.<\/figcaption><\/figure>\n<p>Siunaus- ja muistotilaisuuden j\u00e4rjestelyist\u00e4 huolehti Kainuun prikaati ja kentt\u00e4rovasti Penna Parviainen yhdess\u00e4 Rukaj\u00e4rven suunnan historiayhdistys ry:n kanssa. My\u00f6s Sonkaj\u00e4rven seurakunta osallistui siunaustilaisuuden j\u00e4rjestelyihin yhdess\u00e4 Maanpuolustuskoulutusyhdistyksen edustajien ja reservil\u00e4isten kanssa.<\/p>\n<p>Puheenjohtaja Tenho Tikkanen halusi viel\u00e4 erikseen j\u00e4lkeenp\u00e4inkin kiitt\u00e4\u00e4 kentt\u00e4rovasti Penna Parviaista todella korkeatasoisen ohjelman kokoamisesta ja aikatauluun perustuvat runsaan ohjelman sovitteluista. &#8221;Oli ilo j\u00e4lleen ty\u00f6skennell\u00e4 m\u00e4\u00e4r\u00e4tietoisen sotilaallisen ja sivistyneen sotilasjohtajan alaisuudessa&#8221;.<\/p>\n<p>Puheenjohtaja esitti omaisille kiitokset arvokkaasta lahjoituksesta, Seppo H\u00e4nnisen tuntolevyst\u00e4, mik\u00e4 asetetaan esille Iisalmen Rukaj\u00e4rvi-keskukseen kaikkien n\u00e4ht\u00e4ville. T\u00e4m\u00e4 kannustaa meit\u00e4 jatkamaan sotahistoriaty\u00f6t\u00e4 mik\u00e4 antaa kaikille monipuolista tietoa omaisille, suku- ja sotahistoriatietoa hakeville.<\/p>\n<p><strong>Puheenjohtaja esitti yhdistyksens\u00e4 puolesta kiitokset omaisille, Kainuun prikaatille hautajaisj\u00e4rjestelyist\u00e4 ja kiitokset kaikille muistotilaisuuteen osallistuneille sek\u00e4 my\u00f6s niille, jotka ovat kunnioittaneet sankarivainajaa omaisten toivomuksen mukaisesti ja ohjanneet kukkatervehdysten sijaan muistamiset yhdistyksemme pankkitilille.<\/strong><\/p>\n<p><strong>Kiit\u00e4mme: <\/strong>Sonkaj\u00e4rven kunta, Iisalmen kaupunki, Iisalmen Seudun Sotainvalidit ry, Vuohinki S\u00e4\u00e4ti\u00f6 sr, Sukevan Kivi Oy, Kensapuu Oy sek\u00e4 Radio Sandels heid\u00e4n antamastaan tuesta,<\/p>\n<p><strong>samaten seuraavia veteraaneja:&nbsp;<\/strong>Maunu Kankaanp\u00e4\u00e4 Vantaa, Ilmari Koppinen Salo, Olavi Tiittanen Juuka, Tauno Tikkanen Kiuruvesi, Mauno Turunen Espoo,<\/p>\n<p><strong>ja yksityisi\u00e4 henkil\u00f6it\u00e4: <\/strong>Juha Pekka Heiskanen, Seppo, Aila ja Pentti H\u00e4nninen, Ari Komulainen, Martti Antero Komulainen, Antti Koskinen, Teeme Koskinen, Sauli Kurikkala, Janne K\u00e4rkk\u00e4inen, Paavo Lepp\u00e4nen, Riitta ja Mikko Mustonen, Eero Puranen, Jukka Taskinen, Varpu ja Tenho Tikkanen, Kari Veps\u00e4l\u00e4inen, heid\u00e4n antamastaan tuesta. (Tieto 29.5.2018)<\/p>\n<p><strong>Rukaj\u00e4rvi-keskuksen henkil\u00f6kunnalle parhaat kiitoksemme maittavan perinneruuan valmistamisesta ja muistotilaisuuden j\u00e4rjestelyist\u00e4.<\/strong><\/p>\n<p>Kiit\u00e4n my\u00f6s Maanpuolustuskoulutusyhdistyksen edustajia (MPK) ja reservil\u00e4isi\u00e4, jotka huolehtivat vaativasta muistotilaisuuden sotilaallisen osan toteuttamisesta &nbsp;majuri Jari Mustosen johdolla.<\/p>\n<p><strong>Kunniavartio:<\/strong>&nbsp;Luukkonen Kari, H\u00e4m\u00e4l\u00e4inen Hannu, Jarmo Sepp\u00e4l\u00e4, Jari Styrman,<\/p>\n<p><strong>Arkun kantaminen:<\/strong> Jussi Tuovinen, sotilasmestari, Varpaisj\u00e4rvi.<\/p>\n<p><strong>Kunnialaukaukset:<\/strong> Jouko Koivunen, Matti Nissinen ja Kari Veps\u00e4l\u00e4inen<\/p>\n<p><strong>Lippuvartio:<\/strong> Kari Veps\u00e4l\u00e4inen, Matti Nissinen, Jouko Koivunen ja Mikko Laajalahti Hannu H\u00e4m\u00e4l\u00e4inen ja Jari Styrman.<\/p>\n<p><strong>Arkun tuominen kirkkoon:&nbsp;<\/strong>Kari Veps\u00e4l\u00e4inen, Matti Nissinen kantoi valtiolippua, Jouko Koivunen, Jussi Tuovinen kantoi arkkua.<\/p>\n<p><strong>Arkun laskivat hautaan:<\/strong> Jussi Tuovinen ja Kari Luukkonen.<\/p>\n<p>Seuraavassa julkaisemme Seppo H\u00e4nnisen siunaus- ja muistotilaisuuden valokuvia:<\/p>\n<figure id=\"attachment_3666\" aria-describedby=\"caption-attachment-3666\" style=\"width: 3072px\" class=\"wp-caption alignnone\"><a href=\"http:\/\/www.rukajarvensuunnanhistoriayhdistys.fi\/rukajarvikeskus\/wp-content\/uploads\/2018\/05\/0-0-Kunniavartio-sargofaki-Varusmieskuoro-AK.jpg\"><img loading=\"lazy\" decoding=\"async\" class=\"size-full wp-image-3666\" src=\"http:\/\/www.rukajarvensuunnanhistoriayhdistys.fi\/rukajarvikeskus\/wp-content\/uploads\/2018\/05\/0-0-Kunniavartio-sargofaki-Varusmieskuoro-AK.jpg\" alt=\"\" width=\"3072\" height=\"1728\"><\/a><figcaption id=\"caption-attachment-3666\" class=\"wp-caption-text\">Luukkonen Kari, H\u00e4m\u00e4l\u00e4inen Hannu, Jarmo Sepp\u00e4l\u00e4, Jari Styrman.<\/figcaption><\/figure>\n<figure id=\"attachment_3665\" aria-describedby=\"caption-attachment-3665\" style=\"width: 1632px\" class=\"wp-caption alignnone\"><a href=\"http:\/\/www.rukajarvensuunnanhistoriayhdistys.fi\/rukajarvikeskus\/wp-content\/uploads\/2018\/05\/0-0-1Saattov\u00e4ki-odottaa-AK.jpg\"><img loading=\"lazy\" decoding=\"async\" class=\"size-full wp-image-3665\" src=\"http:\/\/www.rukajarvensuunnanhistoriayhdistys.fi\/rukajarvikeskus\/wp-content\/uploads\/2018\/05\/0-0-1Saattov\u00e4ki-odottaa-AK.jpg\" alt=\"\" width=\"1632\" height=\"916\" srcset=\"http:\/\/www.rukajarvensuunnanhistoriayhdistys.fi\/rukajarvikeskus\/wp-content\/uploads\/2018\/05\/0-0-1Saattov\u00e4ki-odottaa-AK.jpg 1632w, http:\/\/www.rukajarvensuunnanhistoriayhdistys.fi\/rukajarvikeskus\/wp-content\/uploads\/2018\/05\/0-0-1Saattov\u00e4ki-odottaa-AK-300x168.jpg 300w, http:\/\/www.rukajarvensuunnanhistoriayhdistys.fi\/rukajarvikeskus\/wp-content\/uploads\/2018\/05\/0-0-1Saattov\u00e4ki-odottaa-AK-768x431.jpg 768w, http:\/\/www.rukajarvensuunnanhistoriayhdistys.fi\/rukajarvikeskus\/wp-content\/uploads\/2018\/05\/0-0-1Saattov\u00e4ki-odottaa-AK-1024x575.jpg 1024w\" sizes=\"auto, (max-width: 1632px) 100vw, 1632px\" \/><\/a><figcaption id=\"caption-attachment-3665\" class=\"wp-caption-text\">Seppo H\u00e4nnisen l\u00e4hetti kunnallisneuvos Maunu Kankaanp\u00e4\u00e4 saattoi esimiehens\u00e4 haudan lepoon. Kuva Antti Koskinen.<\/figcaption><\/figure>\n<figure id=\"attachment_3667\" aria-describedby=\"caption-attachment-3667\" style=\"width: 3072px\" class=\"wp-caption alignnone\"><a href=\"http:\/\/www.rukajarvensuunnanhistoriayhdistys.fi\/rukajarvikeskus\/wp-content\/uploads\/2018\/05\/0-1-Jussi-Tuovinen-sot-mest-TT.jpg\"><img loading=\"lazy\" decoding=\"async\" class=\"size-full wp-image-3667\" src=\"http:\/\/www.rukajarvensuunnanhistoriayhdistys.fi\/rukajarvikeskus\/wp-content\/uploads\/2018\/05\/0-1-Jussi-Tuovinen-sot-mest-TT.jpg\" alt=\"\" width=\"3072\" height=\"1728\"><\/a><figcaption id=\"caption-attachment-3667\" class=\"wp-caption-text\">Jussi Tuovinen, sotilasmestari, Varpaisj\u00e4rvi.<\/figcaption><\/figure>\n<figure id=\"attachment_3653\" aria-describedby=\"caption-attachment-3653\" style=\"width: 3072px\" class=\"wp-caption alignnone\"><a href=\"http:\/\/www.rukajarvensuunnanhistoriayhdistys.fi\/rukajarvikeskus\/wp-content\/uploads\/2018\/05\/1-1-Omaiset-Seppo-Pentti-Aila-H\u00e4nninen-TT.jpg\"><img loading=\"lazy\" decoding=\"async\" class=\"size-full wp-image-3653\" src=\"http:\/\/www.rukajarvensuunnanhistoriayhdistys.fi\/rukajarvikeskus\/wp-content\/uploads\/2018\/05\/1-1-Omaiset-Seppo-Pentti-Aila-H\u00e4nninen-TT.jpg\" alt=\"\" width=\"3072\" height=\"1728\"><\/a><figcaption id=\"caption-attachment-3653\" class=\"wp-caption-text\">Pentti, Aila ja Seppo H\u00e4nninen. Kuva TT.<\/figcaption><\/figure>\n<figure id=\"attachment_3669\" aria-describedby=\"caption-attachment-3669\" style=\"width: 1632px\" class=\"wp-caption alignnone\"><a href=\"http:\/\/www.rukajarvensuunnanhistoriayhdistys.fi\/rukajarvikeskus\/wp-content\/uploads\/2018\/05\/1-1-Omaiset-Seppo-Pentti-Aila-H\u00e4nninen-AK.jpg\"><img loading=\"lazy\" decoding=\"async\" class=\"size-full wp-image-3669\" src=\"http:\/\/www.rukajarvensuunnanhistoriayhdistys.fi\/rukajarvikeskus\/wp-content\/uploads\/2018\/05\/1-1-Omaiset-Seppo-Pentti-Aila-H\u00e4nninen-AK.jpg\" alt=\"\" width=\"1632\" height=\"916\" srcset=\"http:\/\/www.rukajarvensuunnanhistoriayhdistys.fi\/rukajarvikeskus\/wp-content\/uploads\/2018\/05\/1-1-Omaiset-Seppo-Pentti-Aila-H\u00e4nninen-AK.jpg 1632w, http:\/\/www.rukajarvensuunnanhistoriayhdistys.fi\/rukajarvikeskus\/wp-content\/uploads\/2018\/05\/1-1-Omaiset-Seppo-Pentti-Aila-H\u00e4nninen-AK-300x168.jpg 300w, http:\/\/www.rukajarvensuunnanhistoriayhdistys.fi\/rukajarvikeskus\/wp-content\/uploads\/2018\/05\/1-1-Omaiset-Seppo-Pentti-Aila-H\u00e4nninen-AK-768x431.jpg 768w, http:\/\/www.rukajarvensuunnanhistoriayhdistys.fi\/rukajarvikeskus\/wp-content\/uploads\/2018\/05\/1-1-Omaiset-Seppo-Pentti-Aila-H\u00e4nninen-AK-1024x575.jpg 1024w\" sizes=\"auto, (max-width: 1632px) 100vw, 1632px\" \/><\/a><figcaption id=\"caption-attachment-3669\" class=\"wp-caption-text\">Seppo H\u00e4nnisen omaiset: Pentti, Aila ja Seppo H\u00e4nninen. Kuva Antti Koskinen.<\/figcaption><\/figure>\n<figure id=\"attachment_3654\" aria-describedby=\"caption-attachment-3654\" style=\"width: 1632px\" class=\"wp-caption alignnone\"><a href=\"http:\/\/www.rukajarvensuunnanhistoriayhdistys.fi\/rukajarvikeskus\/wp-content\/uploads\/2018\/05\/1-3-KaiPR-Repo-Mika-Saastamoinen-AK.jpg\"><img loading=\"lazy\" decoding=\"async\" class=\"size-full wp-image-3654\" src=\"http:\/\/www.rukajarvensuunnanhistoriayhdistys.fi\/rukajarvikeskus\/wp-content\/uploads\/2018\/05\/1-3-KaiPR-Repo-Mika-Saastamoinen-AK.jpg\" alt=\"\" width=\"1632\" height=\"916\" srcset=\"http:\/\/www.rukajarvensuunnanhistoriayhdistys.fi\/rukajarvikeskus\/wp-content\/uploads\/2018\/05\/1-3-KaiPR-Repo-Mika-Saastamoinen-AK.jpg 1632w, http:\/\/www.rukajarvensuunnanhistoriayhdistys.fi\/rukajarvikeskus\/wp-content\/uploads\/2018\/05\/1-3-KaiPR-Repo-Mika-Saastamoinen-AK-300x168.jpg 300w, http:\/\/www.rukajarvensuunnanhistoriayhdistys.fi\/rukajarvikeskus\/wp-content\/uploads\/2018\/05\/1-3-KaiPR-Repo-Mika-Saastamoinen-AK-768x431.jpg 768w, http:\/\/www.rukajarvensuunnanhistoriayhdistys.fi\/rukajarvikeskus\/wp-content\/uploads\/2018\/05\/1-3-KaiPR-Repo-Mika-Saastamoinen-AK-1024x575.jpg 1024w\" sizes=\"auto, (max-width: 1632px) 100vw, 1632px\" \/><\/a><figcaption id=\"caption-attachment-3654\" class=\"wp-caption-text\">Puolustusvoimain ja Kainuun prikaatin seppeleen laskivat prikaatikenraali Tuomo Repo ja majuri Mika Saastamoinen. Kuva Antti Koskinen.<\/figcaption><\/figure>\n<figure id=\"attachment_3655\" aria-describedby=\"caption-attachment-3655\" style=\"width: 3072px\" class=\"wp-caption alignnone\"><a href=\"http:\/\/www.rukajarvensuunnanhistoriayhdistys.fi\/rukajarvikeskus\/wp-content\/uploads\/2018\/05\/1-3-Puolustusvoimat-Tuomo-Repo-Mika-Saastamoinen-TT.jpg\"><img loading=\"lazy\" decoding=\"async\" class=\"size-full wp-image-3655\" src=\"http:\/\/www.rukajarvensuunnanhistoriayhdistys.fi\/rukajarvikeskus\/wp-content\/uploads\/2018\/05\/1-3-Puolustusvoimat-Tuomo-Repo-Mika-Saastamoinen-TT.jpg\" alt=\"\" width=\"3072\" height=\"1728\"><\/a><figcaption id=\"caption-attachment-3655\" class=\"wp-caption-text\">Puolustusvoimain ja Kainuun prikaatin seppeleen laskivat prikaatikenraali Tuomo Repo ja majuri Mika Saastamoinen. Kuva TT.<\/figcaption><\/figure>\n<p>&nbsp;<\/p>\n<figure id=\"attachment_3656\" aria-describedby=\"caption-attachment-3656\" style=\"width: 3072px\" class=\"wp-caption alignnone\"><a href=\"http:\/\/www.rukajarvensuunnanhistoriayhdistys.fi\/rukajarvikeskus\/wp-content\/uploads\/2018\/05\/1-4-14-D-perinne-Karppinen-Tero-Kinnarinen-TT.jpg\"><img loading=\"lazy\" decoding=\"async\" class=\"size-full wp-image-3656\" src=\"http:\/\/www.rukajarvensuunnanhistoriayhdistys.fi\/rukajarvikeskus\/wp-content\/uploads\/2018\/05\/1-4-14-D-perinne-Karppinen-Tero-Kinnarinen-TT.jpg\" alt=\"\" width=\"3072\" height=\"1728\"><\/a><figcaption id=\"caption-attachment-3656\" class=\"wp-caption-text\">14. Divisioonan perinneyhdistys ry:n seppeleen laskivat hallituksen j\u00e4senet Tero Kinnarinen ja Timo Karppinen.<\/figcaption><\/figure>\n<figure id=\"attachment_3657\" aria-describedby=\"caption-attachment-3657\" style=\"width: 1632px\" class=\"wp-caption alignnone\"><a href=\"http:\/\/www.rukajarvensuunnanhistoriayhdistys.fi\/rukajarvikeskus\/wp-content\/uploads\/2018\/05\/1-5-Sinikka-K\u00e4rkk\u00e4inen-Risto-Vatanen-AK.jpg\"><img loading=\"lazy\" decoding=\"async\" class=\"size-full wp-image-3657\" src=\"http:\/\/www.rukajarvensuunnanhistoriayhdistys.fi\/rukajarvikeskus\/wp-content\/uploads\/2018\/05\/1-5-Sinikka-K\u00e4rkk\u00e4inen-Risto-Vatanen-AK.jpg\" alt=\"\" width=\"1632\" height=\"916\" srcset=\"http:\/\/www.rukajarvensuunnanhistoriayhdistys.fi\/rukajarvikeskus\/wp-content\/uploads\/2018\/05\/1-5-Sinikka-K\u00e4rkk\u00e4inen-Risto-Vatanen-AK.jpg 1632w, http:\/\/www.rukajarvensuunnanhistoriayhdistys.fi\/rukajarvikeskus\/wp-content\/uploads\/2018\/05\/1-5-Sinikka-K\u00e4rkk\u00e4inen-Risto-Vatanen-AK-300x168.jpg 300w, http:\/\/www.rukajarvensuunnanhistoriayhdistys.fi\/rukajarvikeskus\/wp-content\/uploads\/2018\/05\/1-5-Sinikka-K\u00e4rkk\u00e4inen-Risto-Vatanen-AK-768x431.jpg 768w, http:\/\/www.rukajarvensuunnanhistoriayhdistys.fi\/rukajarvikeskus\/wp-content\/uploads\/2018\/05\/1-5-Sinikka-K\u00e4rkk\u00e4inen-Risto-Vatanen-AK-1024x575.jpg 1024w\" sizes=\"auto, (max-width: 1632px) 100vw, 1632px\" \/><\/a><figcaption id=\"caption-attachment-3657\" class=\"wp-caption-text\">Sukevan sotaveteraanien seppeleen laskivat puheenjohtaja Risto Vatanen ja sihteeri Sinikka K\u00e4rkk\u00e4inen.<\/figcaption><\/figure>\n<figure id=\"attachment_3658\" aria-describedby=\"caption-attachment-3658\" style=\"width: 1632px\" class=\"wp-caption alignnone\"><a href=\"http:\/\/www.rukajarvensuunnanhistoriayhdistys.fi\/rukajarvikeskus\/wp-content\/uploads\/2018\/05\/1-6-RSHY-hallitus-AK.jpg\"><img loading=\"lazy\" decoding=\"async\" class=\"size-full wp-image-3658\" src=\"http:\/\/www.rukajarvensuunnanhistoriayhdistys.fi\/rukajarvikeskus\/wp-content\/uploads\/2018\/05\/1-6-RSHY-hallitus-AK.jpg\" alt=\"\" width=\"1632\" height=\"916\" srcset=\"http:\/\/www.rukajarvensuunnanhistoriayhdistys.fi\/rukajarvikeskus\/wp-content\/uploads\/2018\/05\/1-6-RSHY-hallitus-AK.jpg 1632w, http:\/\/www.rukajarvensuunnanhistoriayhdistys.fi\/rukajarvikeskus\/wp-content\/uploads\/2018\/05\/1-6-RSHY-hallitus-AK-300x168.jpg 300w, http:\/\/www.rukajarvensuunnanhistoriayhdistys.fi\/rukajarvikeskus\/wp-content\/uploads\/2018\/05\/1-6-RSHY-hallitus-AK-768x431.jpg 768w, http:\/\/www.rukajarvensuunnanhistoriayhdistys.fi\/rukajarvikeskus\/wp-content\/uploads\/2018\/05\/1-6-RSHY-hallitus-AK-1024x575.jpg 1024w\" sizes=\"auto, (max-width: 1632px) 100vw, 1632px\" \/><\/a><figcaption id=\"caption-attachment-3658\" class=\"wp-caption-text\">Rukaj\u00e4rven suunnan historiayhdistyksen seppeleen laskivat veteraani Maunu Kankaanp\u00e4\u00e4, hallituksen j\u00e4senet, Tenho Tikkanen, Seppo R\u00e4ih\u00e4, Jari K\u00e4rkk\u00e4inen ja Ossi Laine.<\/figcaption><\/figure>\n<figure id=\"attachment_3660\" aria-describedby=\"caption-attachment-3660\" style=\"width: 3072px\" class=\"wp-caption alignnone\"><a href=\"http:\/\/www.rukajarvensuunnanhistoriayhdistys.fi\/rukajarvikeskus\/wp-content\/uploads\/2018\/05\/2-3-0-Penna-Parviainen-TT.jpg\"><img loading=\"lazy\" decoding=\"async\" class=\"size-full wp-image-3660\" src=\"http:\/\/www.rukajarvensuunnanhistoriayhdistys.fi\/rukajarvikeskus\/wp-content\/uploads\/2018\/05\/2-3-0-Penna-Parviainen-TT.jpg\" alt=\"\" width=\"3072\" height=\"1728\"><\/a><figcaption id=\"caption-attachment-3660\" class=\"wp-caption-text\">Kentt\u00e4rovasti Penna Parviainen. Kuva Antti Koskinen.<\/figcaption><\/figure>\n<figure id=\"attachment_3661\" aria-describedby=\"caption-attachment-3661\" style=\"width: 1632px\" class=\"wp-caption alignnone\"><a href=\"http:\/\/www.rukajarvensuunnanhistoriayhdistys.fi\/rukajarvikeskus\/wp-content\/uploads\/2018\/05\/2-3-1Penna-Parviainen-Siunaaminen-AK.jpg\"><img loading=\"lazy\" decoding=\"async\" class=\"size-full wp-image-3661\" src=\"http:\/\/www.rukajarvensuunnanhistoriayhdistys.fi\/rukajarvikeskus\/wp-content\/uploads\/2018\/05\/2-3-1Penna-Parviainen-Siunaaminen-AK.jpg\" alt=\"\" width=\"1632\" height=\"916\" srcset=\"http:\/\/www.rukajarvensuunnanhistoriayhdistys.fi\/rukajarvikeskus\/wp-content\/uploads\/2018\/05\/2-3-1Penna-Parviainen-Siunaaminen-AK.jpg 1632w, http:\/\/www.rukajarvensuunnanhistoriayhdistys.fi\/rukajarvikeskus\/wp-content\/uploads\/2018\/05\/2-3-1Penna-Parviainen-Siunaaminen-AK-300x168.jpg 300w, http:\/\/www.rukajarvensuunnanhistoriayhdistys.fi\/rukajarvikeskus\/wp-content\/uploads\/2018\/05\/2-3-1Penna-Parviainen-Siunaaminen-AK-768x431.jpg 768w, http:\/\/www.rukajarvensuunnanhistoriayhdistys.fi\/rukajarvikeskus\/wp-content\/uploads\/2018\/05\/2-3-1Penna-Parviainen-Siunaaminen-AK-1024x575.jpg 1024w\" sizes=\"auto, (max-width: 1632px) 100vw, 1632px\" \/><\/a><figcaption id=\"caption-attachment-3661\" class=\"wp-caption-text\">Kentt\u00e4rovasti Penna Parviainen. Kuva Antti Koskinen.<\/figcaption><\/figure>\n<figure id=\"attachment_3662\" aria-describedby=\"caption-attachment-3662\" style=\"width: 1632px\" class=\"wp-caption alignnone\"><a href=\"http:\/\/www.rukajarvensuunnanhistoriayhdistys.fi\/rukajarvikeskus\/wp-content\/uploads\/2018\/05\/2-5-Jussi-Tuovinen-sotilasmestari-AK.jpg\"><img loading=\"lazy\" decoding=\"async\" class=\"size-full wp-image-3662\" src=\"http:\/\/www.rukajarvensuunnanhistoriayhdistys.fi\/rukajarvikeskus\/wp-content\/uploads\/2018\/05\/2-5-Jussi-Tuovinen-sotilasmestari-AK.jpg\" alt=\"\" width=\"1632\" height=\"916\" srcset=\"http:\/\/www.rukajarvensuunnanhistoriayhdistys.fi\/rukajarvikeskus\/wp-content\/uploads\/2018\/05\/2-5-Jussi-Tuovinen-sotilasmestari-AK.jpg 1632w, http:\/\/www.rukajarvensuunnanhistoriayhdistys.fi\/rukajarvikeskus\/wp-content\/uploads\/2018\/05\/2-5-Jussi-Tuovinen-sotilasmestari-AK-300x168.jpg 300w, http:\/\/www.rukajarvensuunnanhistoriayhdistys.fi\/rukajarvikeskus\/wp-content\/uploads\/2018\/05\/2-5-Jussi-Tuovinen-sotilasmestari-AK-768x431.jpg 768w, http:\/\/www.rukajarvensuunnanhistoriayhdistys.fi\/rukajarvikeskus\/wp-content\/uploads\/2018\/05\/2-5-Jussi-Tuovinen-sotilasmestari-AK-1024x575.jpg 1024w\" sizes=\"auto, (max-width: 1632px) 100vw, 1632px\" \/><\/a><figcaption id=\"caption-attachment-3662\" class=\"wp-caption-text\">Jussi Tuovinen, sotilasmestari, Varpaisj\u00e4rvi.<\/figcaption><\/figure>\n<figure id=\"attachment_3679\" aria-describedby=\"caption-attachment-3679\" style=\"width: 3072px\" class=\"wp-caption alignnone\"><a href=\"http:\/\/www.rukajarvensuunnanhistoriayhdistys.fi\/rukajarvikeskus\/wp-content\/uploads\/2018\/05\/3-1-Haudalla-Seppo-R\u00e4ih\u00e4.jpg\"><img loading=\"lazy\" decoding=\"async\" class=\"size-full wp-image-3679\" src=\"http:\/\/www.rukajarvensuunnanhistoriayhdistys.fi\/rukajarvikeskus\/wp-content\/uploads\/2018\/05\/3-1-Haudalla-Seppo-R\u00e4ih\u00e4.jpg\" alt=\"\" width=\"3072\" height=\"1728\"><\/a><figcaption id=\"caption-attachment-3679\" class=\"wp-caption-text\">Rukaj\u00e4rven suunnan historiayhdistyksen seppele Seppo H\u00e4nnisen sankarihaudalla. Seppo-R\u00e4ih\u00e4, Maunu Kankaanp\u00e4\u00e4, puheenjohtaja Sukevan sotaveteraanien sihteeri Sinikka K\u00e4rkk\u00e4inen ja puheenjohtaja Risto Vatanen. Kuva TT.<\/figcaption><\/figure>\n<figure id=\"attachment_3678\" aria-describedby=\"caption-attachment-3678\" style=\"width: 1728px\" class=\"wp-caption alignnone\"><a href=\"http:\/\/www.rukajarvensuunnanhistoriayhdistys.fi\/rukajarvikeskus\/wp-content\/uploads\/2018\/05\/3-0-Omaiset-haudalla-TT.jpg\"><img loading=\"lazy\" decoding=\"async\" class=\"size-full wp-image-3678\" src=\"http:\/\/www.rukajarvensuunnanhistoriayhdistys.fi\/rukajarvikeskus\/wp-content\/uploads\/2018\/05\/3-0-Omaiset-haudalla-TT.jpg\" alt=\"\" width=\"1728\" height=\"3072\"><\/a><figcaption id=\"caption-attachment-3678\" class=\"wp-caption-text\">Omaiset Seppo H\u00e4nnisen haudalla, Seppo, Pentti ja Aila H\u00e4nninen. Kuva TT.<\/figcaption><\/figure>\n<figure id=\"attachment_3677\" aria-describedby=\"caption-attachment-3677\" style=\"width: 1728px\" class=\"wp-caption alignnone\"><a href=\"http:\/\/www.rukajarvensuunnanhistoriayhdistys.fi\/rukajarvikeskus\/wp-content\/uploads\/2018\/05\/3-0-Maunu-Kankaanp\u00e4\u00e4-Seppo-H\u00e4nnisen-haudalla-TT.jpg\"><img loading=\"lazy\" decoding=\"async\" class=\"size-full wp-image-3677\" src=\"http:\/\/www.rukajarvensuunnanhistoriayhdistys.fi\/rukajarvikeskus\/wp-content\/uploads\/2018\/05\/3-0-Maunu-Kankaanp\u00e4\u00e4-Seppo-H\u00e4nnisen-haudalla-TT.jpg\" alt=\"\" width=\"1728\" height=\"3072\"><\/a><figcaption id=\"caption-attachment-3677\" class=\"wp-caption-text\">L\u00e4hetti Maunu Kankaanp\u00e4\u00e4 Seppo H\u00e4nnisen haudalla .<\/figcaption><\/figure>\n<p>&nbsp;<\/p>\n<div id=\"page\" class=\"hfeed site\">\n<div id=\"main\" class=\"clearfix\">\n<div id=\"primary\" class=\"content-area\">\n<div id=\"content\" role=\"main\">\n<article id=\"post-12435\" class=\"post-12435 post type-post status-publish format-standard hentry category-ajankohtaista category-rukajarvi-keskus-iisalmi category-toiminta\">\n<div class=\"entry-content\">\n<p><strong>Seppo H\u00e4nninen: Tervetulotoivotus Iisalmen Rukaj\u00e4rvi-keskus 19.5.2018<\/strong><\/p>\n<\/div>\n<\/article>\n<\/div>\n<\/div>\n<\/div>\n<\/div>\n<p>Seppo H\u00e4nninen puhe 19.5.2018<\/p>\n<p>&nbsp;<\/p>\n<figure id=\"attachment_3672\" aria-describedby=\"caption-attachment-3672\" style=\"width: 3072px\" class=\"wp-caption alignnone\"><a href=\"http:\/\/www.rukajarvensuunnanhistoriayhdistys.fi\/rukajarvikeskus\/wp-content\/uploads\/2018\/05\/4-1-Seppo-H\u00e4nnisen-muistopuhe-TT.jpg\"><img loading=\"lazy\" decoding=\"async\" class=\"size-full wp-image-3672\" src=\"http:\/\/www.rukajarvensuunnanhistoriayhdistys.fi\/rukajarvikeskus\/wp-content\/uploads\/2018\/05\/4-1-Seppo-H\u00e4nnisen-muistopuhe-TT.jpg\" alt=\"\" width=\"3072\" height=\"1728\"><\/a><figcaption id=\"caption-attachment-3672\" class=\"wp-caption-text\">Sankarivainajan suvun edustajan Seppo H\u00e4nnisen toivotti saattov\u00e4en tervetulleeksi . Kuva TT.<\/figcaption><\/figure>\n<p>Arvoisat veteraanit, arvoisa kenraali, hyv\u00e4 saattov\u00e4ki<\/p>\n<p>Sankarivainaja Seppo H\u00e4nnisen omaisten puolesta toivotan Teid\u00e4t kaikki tervetulleiksi t\u00e4h\u00e4n muistotilaisuuteen.<\/p>\n<p>Esit\u00e4n parhaat kiitoksemme kaikille hautajaisj\u00e4rjestelyihin osallistuneille tahoille. Kiit\u00e4n Suomen Sotavainajien muiston vaalimisyhdistys ry:t\u00e4 sek\u00e4 Rukaj\u00e4rven suunnan historiayhdistys ry:t\u00e4 sen tekem\u00e4st\u00e4 sotahistoriaty\u00f6st\u00e4, mik\u00e4 on mahdollistanut &nbsp;kent\u00e4lle j\u00e4\u00e4neen sukulaisemme, luutnantti Seppo H\u00e4nnisen maallisten j\u00e4\u00e4nn\u00f6sten toimittamisen h\u00e4nen kotiseurakuntansa sankarihautaan.<\/p>\n<p>Olemme suuresti kiitollisia my\u00f6s siit\u00e4, ett\u00e4 muistotilaisuus j\u00e4rjestet\u00e4\u00e4n Rukaj\u00e4rven suunnan sotahistoriaty\u00f6n keskuksessa, Iisalmen Rukaj\u00e4rvi-keskuksessa.<\/p>\n<p>Muistotilaisuuden k\u00e4yt\u00e4nn\u00f6n j\u00e4rjestelyist\u00e4 t\u00e4\u00e4ll\u00e4 vastaa Kainuun Prikaati yhdess\u00e4 Rukaj\u00e4rven suunnan historiayhdistys ry:n kanssa.<\/p>\n<p>Esit\u00e4n sukumme puolesta viel\u00e4 syd\u00e4melliset kiitoksemme.<\/p>\n<p>*******<\/p>\n<figure id=\"attachment_3673\" aria-describedby=\"caption-attachment-3673\" style=\"width: 3072px\" class=\"wp-caption alignnone\"><a href=\"http:\/\/www.rukajarvensuunnanhistoriayhdistys.fi\/rukajarvikeskus\/wp-content\/uploads\/2018\/05\/4-2-Maunu-Kankaanp\u00e4\u00e4-muistosanet-19-5-2018-H\u00e4nninen-TT.jpg\"><img loading=\"lazy\" decoding=\"async\" class=\"size-full wp-image-3673\" src=\"http:\/\/www.rukajarvensuunnanhistoriayhdistys.fi\/rukajarvikeskus\/wp-content\/uploads\/2018\/05\/4-2-Maunu-Kankaanp\u00e4\u00e4-muistosanet-19-5-2018-H\u00e4nninen-TT.jpg\" alt=\"\" width=\"3072\" height=\"1728\"><\/a><figcaption id=\"caption-attachment-3673\" class=\"wp-caption-text\">Muistosanat Maunu Kankaanp\u00e4\u00e4: Rohkea ja urhea sotilas osoittautui my\u00f6s inhimilliseksi ja l\u00e4mminhenkiseksi ihmiseksi. Puhe on julkaistu aiemmin ja siihen voi tutusta <a href=\"http:\/\/www.rukajarvensuunnanhistoriayhdistys.fi\/historiayhdistys\/maunu-kankaanpaa-rohkea-ja-urhea-sotilas-osoittautui-myos-inhimilliseksi-ja-lamminhenkiseksi-ihmiseksi\/\"><strong>T\u00c4\u00c4LT\u00c4<\/strong><\/a>: Kuva TT.<\/figcaption><\/figure>\n<figure id=\"attachment_3674\" aria-describedby=\"caption-attachment-3674\" style=\"width: 3072px\" class=\"wp-caption alignnone\"><a href=\"http:\/\/www.rukajarvensuunnanhistoriayhdistys.fi\/rukajarvikeskus\/wp-content\/uploads\/2018\/05\/4-3-Seppo-H\u00e4nninen-19-5-2018-Tuomo-Repo-TT.jpg\"><img loading=\"lazy\" decoding=\"async\" class=\"size-full wp-image-3674\" src=\"http:\/\/www.rukajarvensuunnanhistoriayhdistys.fi\/rukajarvikeskus\/wp-content\/uploads\/2018\/05\/4-3-Seppo-H\u00e4nninen-19-5-2018-Tuomo-Repo-TT.jpg\" alt=\"\" width=\"3072\" height=\"1728\"><\/a><figcaption id=\"caption-attachment-3674\" class=\"wp-caption-text\">Kainuun prikaatin komentaja prikaatikenraali Tuomo Repo muistosanat. Puhe julkaistaan my\u00f6hemmin t\u00e4ll\u00e4 sivulla. Kuva TT.<\/figcaption><\/figure>\n<figure id=\"attachment_3675\" aria-describedby=\"caption-attachment-3675\" style=\"width: 3072px\" class=\"wp-caption alignnone\"><a href=\"http:\/\/www.rukajarvensuunnanhistoriayhdistys.fi\/rukajarvikeskus\/wp-content\/uploads\/2018\/05\/5-1-H\u00e4nninen-Yl\u00e4savon-Veteraanimuusikot-Kainulainen-Jokisalmi-TT.jpg\"><img loading=\"lazy\" decoding=\"async\" class=\"size-full wp-image-3675\" src=\"http:\/\/www.rukajarvensuunnanhistoriayhdistys.fi\/rukajarvikeskus\/wp-content\/uploads\/2018\/05\/5-1-H\u00e4nninen-Yl\u00e4savon-Veteraanimuusikot-Kainulainen-Jokisalmi-TT.jpg\" alt=\"\" width=\"3072\" height=\"1728\"><\/a><figcaption id=\"caption-attachment-3675\" class=\"wp-caption-text\">Yl\u00e4-Savon Veteraanimuusikot esittiv\u00e4t Rukaj\u00e4rven laulun, solistina Taito Kainulainen, s\u00e4esti Raimo Jokisalmi. Kuva TT.<\/figcaption><\/figure>\n<figure id=\"attachment_3676\" aria-describedby=\"caption-attachment-3676\" style=\"width: 3072px\" class=\"wp-caption alignnone\"><a href=\"http:\/\/www.rukajarvensuunnanhistoriayhdistys.fi\/rukajarvikeskus\/wp-content\/uploads\/2018\/05\/6-1-H\u00e4nninen-Talousneuvos-Jouko-Pennanen-TT.jpg\"><img loading=\"lazy\" decoding=\"async\" class=\"size-full wp-image-3676\" src=\"http:\/\/www.rukajarvensuunnanhistoriayhdistys.fi\/rukajarvikeskus\/wp-content\/uploads\/2018\/05\/6-1-H\u00e4nninen-Talousneuvos-Jouko-Pennanen-TT.jpg\" alt=\"\" width=\"3072\" height=\"1728\"><\/a><figcaption id=\"caption-attachment-3676\" class=\"wp-caption-text\">Talousneuvos Jouko Pennanen kertoi miten Seppo H\u00e4nnisest\u00e4 oli k\u00e4sitelty h\u00e4nen oppiahjonsa matrikkelissa. Kuva TT.<\/figcaption><\/figure>\n<p>Puheenjohtaja Tenho Tikkanen halusi viel\u00e4 erikseen j\u00e4lkeenp\u00e4inkin kiitt\u00e4\u00e4 kentt\u00e4rovasti Penna Parviaista todella korkeatasoisen ohjelman kokoamisesta ja aikatauluun perustuvat runsaan ohjelman sovitteluista. &#8221;Oli ilo j\u00e4lleen ty\u00f6skennell\u00e4 m\u00e4\u00e4r\u00e4tietoisen sotilaallisen ja sivistyneen sotilasjohtajan alaisuudessa&#8221;.<\/p>\n<p>Parhaat kiitoksemme.<\/p>\n","protected":false},"excerpt":{"rendered":"<p>Seppo H\u00e4nninen siunattiin haudan lepoon juhlallisin menoin. Siunauksen toimitti kentt\u00e4rovasti Penna Parviainen. Sukevan kirkkoon oli kokoontunut per\u00e4ti 130 saattovierasta ja Iisalmen Rukaj\u00e4rvi-keskuksessa pidettyyn muistotilaisuuteen 80. Siunaus- ja muistotilaisuuden j\u00e4rjestelyist\u00e4 huolehti <a class=\"more-link\" href=\"http:\/\/www.rukajarvensuunnanhistoriayhdistys.fi\/rukajarvikeskus\/tapahtumat\/sankarivainaja-seppo-hanninen-siunattiin-kotikylan-sankarihautaan-sukevalla-19-5-2018\/\">Lue lis\u00e4\u00e4&#8230;<span class=\"screen-reader-text\">Sankarivainaja Seppo H\u00e4nninen siunattiin kotikyl\u00e4n sankarihautaan Sukevalla 19.5.2018<\/span><span class=\"meta-nav\">\u2192<\/span><\/a><\/p>\n","protected":false},"author":4,"featured_media":0,"comment_status":"closed","ping_status":"open","sticky":false,"template":"","format":"standard","meta":{"ngg_post_thumbnail":0,"_jetpack_newsletter_access":"","_jetpack_dont_email_post_to_subs":false,"_jetpack_newsletter_tier_id":0,"_jetpack_memberships_contains_paywalled_content":false,"_jetpack_memberships_contains_paid_content":false,"footnotes":""},"categories":[26,32,15],"tags":[],"class_list":["post-3651","post","type-post","status-publish","format-standard","hentry","category-ajankohtaista","category-historiayhdistys","category-tapahtumat"],"jetpack_featured_media_url":"","jetpack_sharing_enabled":true,"jetpack_shortlink":"https:\/\/wp.me\/p72N2f-WT","_links":{"self":[{"href":"http:\/\/www.rukajarvensuunnanhistoriayhdistys.fi\/rukajarvikeskus\/wp-json\/wp\/v2\/posts\/3651","targetHints":{"allow":["GET"]}}],"collection":[{"href":"http:\/\/www.rukajarvensuunnanhistoriayhdistys.fi\/rukajarvikeskus\/wp-json\/wp\/v2\/posts"}],"about":[{"href":"http:\/\/www.rukajarvensuunnanhistoriayhdistys.fi\/rukajarvikeskus\/wp-json\/wp\/v2\/types\/post"}],"author":[{"embeddable":true,"href":"http:\/\/www.rukajarvensuunnanhistoriayhdistys.fi\/rukajarvikeskus\/wp-json\/wp\/v2\/users\/4"}],"replies":[{"embeddable":true,"href":"http:\/\/www.rukajarvensuunnanhistoriayhdistys.fi\/rukajarvikeskus\/wp-json\/wp\/v2\/comments?post=3651"}],"version-history":[{"count":9,"href":"http:\/\/www.rukajarvensuunnanhistoriayhdistys.fi\/rukajarvikeskus\/wp-json\/wp\/v2\/posts\/3651\/revisions"}],"predecessor-version":[{"id":3720,"href":"http:\/\/www.rukajarvensuunnanhistoriayhdistys.fi\/rukajarvikeskus\/wp-json\/wp\/v2\/posts\/3651\/revisions\/3720"}],"wp:attachment":[{"href":"http:\/\/www.rukajarvensuunnanhistoriayhdistys.fi\/rukajarvikeskus\/wp-json\/wp\/v2\/media?parent=3651"}],"wp:term":[{"taxonomy":"category","embeddable":true,"href":"http:\/\/www.rukajarvensuunnanhistoriayhdistys.fi\/rukajarvikeskus\/wp-json\/wp\/v2\/categories?post=3651"},{"taxonomy":"post_tag","embeddable":true,"href":"http:\/\/www.rukajarvensuunnanhistoriayhdistys.fi\/rukajarvikeskus\/wp-json\/wp\/v2\/tags?post=3651"}],"curies":[{"name":"wp","href":"https:\/\/api.w.org\/{rel}","templated":true}]}}