{"id":3687,"date":"2018-05-22T01:30:08","date_gmt":"2018-05-21T22:30:08","guid":{"rendered":"http:\/\/www.rukajarvensuunnanhistoriayhdistys.fi\/rukajarvikeskus\/?p=3687"},"modified":"2018-05-22T01:30:08","modified_gmt":"2018-05-21T22:30:08","slug":"majewskin-haalahjakalusto-siirtyy-lieksaan","status":"publish","type":"post","link":"http:\/\/www.rukajarvensuunnanhistoriayhdistys.fi\/rukajarvikeskus\/ajankohtaista\/majewskin-haalahjakalusto-siirtyy-lieksaan\/","title":{"rendered":"Majewskin h\u00e4\u00e4lahjakalusto siirtyy Lieksaan"},"content":{"rendered":"<div class=\"fcbkbttn_buttons_block\" id=\"fcbkbttn_left\"><div class=\"fcbkbttn_like \"><fb:like href=\"http:\/\/www.rukajarvensuunnanhistoriayhdistys.fi\/rukajarvikeskus\/ajankohtaista\/majewskin-haalahjakalusto-siirtyy-lieksaan\/\" action=\"like\" colorscheme=\"light\" layout=\"button_count\"  size=\"small\"><\/fb:like><\/div><\/div><p>T\u00e4n\u00e4\u00e4n lastasimme Majewskin h\u00e4\u00e4lahjakaluston pakettiautoon kuljetusta varten. Huomenna siihen p\u00e4\u00e4see tutustumaan jo Lieksan Rukaj\u00e4rvi-keskuksessa, mihin se sijoitetaan muun aineiston kanssa lahjakirjan ehtojen mukaisesti.<\/p>\n<figure id=\"attachment_3688\" aria-describedby=\"caption-attachment-3688\" style=\"width: 1632px\" class=\"wp-caption alignnone\"><a href=\"http:\/\/www.rukajarvensuunnanhistoriayhdistys.fi\/rukajarvikeskus\/wp-content\/uploads\/2018\/05\/Ryh\u00e4sen-veljekset-21-5-2018.jpg\"><img loading=\"lazy\" decoding=\"async\" class=\"size-full wp-image-3688\" src=\"http:\/\/www.rukajarvensuunnanhistoriayhdistys.fi\/rukajarvikeskus\/wp-content\/uploads\/2018\/05\/Ryh\u00e4sen-veljekset-21-5-2018.jpg\" alt=\"\" width=\"1632\" height=\"918\" srcset=\"http:\/\/www.rukajarvensuunnanhistoriayhdistys.fi\/rukajarvikeskus\/wp-content\/uploads\/2018\/05\/Ryh\u00e4sen-veljekset-21-5-2018.jpg 1632w, http:\/\/www.rukajarvensuunnanhistoriayhdistys.fi\/rukajarvikeskus\/wp-content\/uploads\/2018\/05\/Ryh\u00e4sen-veljekset-21-5-2018-300x169.jpg 300w, http:\/\/www.rukajarvensuunnanhistoriayhdistys.fi\/rukajarvikeskus\/wp-content\/uploads\/2018\/05\/Ryh\u00e4sen-veljekset-21-5-2018-768x432.jpg 768w, http:\/\/www.rukajarvensuunnanhistoriayhdistys.fi\/rukajarvikeskus\/wp-content\/uploads\/2018\/05\/Ryh\u00e4sen-veljekset-21-5-2018-1024x576.jpg 1024w\" sizes=\"auto, (max-width: 1632px) 100vw, 1632px\" \/><\/a><figcaption id=\"caption-attachment-3688\" class=\"wp-caption-text\">Talkoomiehet Ryh\u00e4sen veljekset Sepon johdolla ja mukana oli my\u00f6s Matti Tikka ja Seppo R\u00e4ih\u00e4.<\/figcaption><\/figure>\n<figure id=\"attachment_3284\" aria-describedby=\"caption-attachment-3284\" style=\"width: 3072px\" class=\"wp-caption alignnone\"><a href=\"http:\/\/www.rukajarvensuunnanhistoriayhdistys.fi\/rukajarvikeskus\/wp-content\/uploads\/2017\/11\/WP_20171120_17_08_52_Pro.jpg\"><img loading=\"lazy\" decoding=\"async\" class=\"size-full wp-image-3284\" src=\"http:\/\/www.rukajarvensuunnanhistoriayhdistys.fi\/rukajarvikeskus\/wp-content\/uploads\/2017\/11\/WP_20171120_17_08_52_Pro.jpg\" alt=\"\" width=\"3072\" height=\"1728\"><\/a><figcaption id=\"caption-attachment-3284\" class=\"wp-caption-text\">Talkooporukka Iisalmen Rukaj\u00e4rvi-keskuksessa Majewskin h\u00e4\u00e4lahjap\u00f6yd\u00e4n \u00e4\u00e4ress\u00e4 ty\u00f6n j\u00e4lkeen 20.11.2017, Matti Tikka, Seppo R\u00e4ih\u00e4, Reijo Pulkkinen, Eero Juntunen, Reijo Lappalainen, ja Seppo Ryh\u00e4nen.<\/figcaption><\/figure>\n<figure id=\"attachment_3282\" aria-describedby=\"caption-attachment-3282\" style=\"width: 1599px\" class=\"wp-caption alignnone\"><a href=\"http:\/\/www.rukajarvensuunnanhistoriayhdistys.fi\/rukajarvikeskus\/wp-content\/uploads\/2017\/11\/image3-2.jpg\"><img loading=\"lazy\" decoding=\"async\" class=\"size-full wp-image-3282\" src=\"http:\/\/www.rukajarvensuunnanhistoriayhdistys.fi\/rukajarvikeskus\/wp-content\/uploads\/2017\/11\/image3-2.jpg\" alt=\"\" width=\"1599\" height=\"899\" srcset=\"http:\/\/www.rukajarvensuunnanhistoriayhdistys.fi\/rukajarvikeskus\/wp-content\/uploads\/2017\/11\/image3-2.jpg 1599w, http:\/\/www.rukajarvensuunnanhistoriayhdistys.fi\/rukajarvikeskus\/wp-content\/uploads\/2017\/11\/image3-2-300x169.jpg 300w, http:\/\/www.rukajarvensuunnanhistoriayhdistys.fi\/rukajarvikeskus\/wp-content\/uploads\/2017\/11\/image3-2-768x432.jpg 768w, http:\/\/www.rukajarvensuunnanhistoriayhdistys.fi\/rukajarvikeskus\/wp-content\/uploads\/2017\/11\/image3-2-1024x576.jpg 1024w\" sizes=\"auto, (max-width: 1599px) 100vw, 1599px\" \/><\/a><figcaption id=\"caption-attachment-3282\" class=\"wp-caption-text\">Helga ja Arnolda Majewskin h\u00e4\u00e4lahjakalusto esill\u00e4 Rukaj\u00e4rvi-keskuksissa muun aineiston kanssa.<\/figcaption><\/figure>\n<p><strong>Tykkikatosten talkoop\u00e4iv\u00e4t l\u00e4hestyv\u00e4t.<\/strong><\/p>\n<p>Tykkikatosten rakentamisella valmistaudumme Lieksan Rukaj\u00e4rvi-keskuksen kes\u00e4kauteen.<\/p>\n<p>Pid\u00e4mme rakennustalkoot <strong>26. &#8211; 27.5. viikonloppuna.<\/strong> &nbsp;Aloitamme ty\u00f6t aamulla klo 8.00 ja illalla jatkamme voinnin mukaan.<\/p>\n<p>Olemme varanneet pitk\u00e4matkalaisille y\u00f6paikan lauantain ja sunnuntain v\u00e4liseksi y\u00f6ksi. Yhdistys maksaa talkoomiesten asumisen ja tarjoamme&nbsp; kevyen kentt\u00e4lounaan. Lauantai-iltana on varattu talkooporukalle my\u00f6s sauna.<\/p>\n<p>RSHYry:n j\u00e4senille talkoop\u00e4iv\u00e4st\u00e4 on ilmoitettu j\u00e4senkirjeell\u00e4, mutta my\u00f6s muut ovat tervetulleita talkoot\u00f6ihin. Kaikki apu on tarpeen.<\/p>\n<p>Ilmoittautumiset puh. 040-5408045 Tenho Tikkanen<\/p>\n","protected":false},"excerpt":{"rendered":"<p>T\u00e4n\u00e4\u00e4n lastasimme Majewskin h\u00e4\u00e4lahjakaluston pakettiautoon kuljetusta varten. Huomenna siihen p\u00e4\u00e4see tutustumaan jo Lieksan Rukaj\u00e4rvi-keskuksessa, mihin se sijoitetaan muun aineiston kanssa lahjakirjan ehtojen mukaisesti. Tykkikatosten talkoop\u00e4iv\u00e4t l\u00e4hestyv\u00e4t. Tykkikatosten rakentamisella valmistaudumme Lieksan <a class=\"more-link\" href=\"http:\/\/www.rukajarvensuunnanhistoriayhdistys.fi\/rukajarvikeskus\/ajankohtaista\/majewskin-haalahjakalusto-siirtyy-lieksaan\/\">Lue lis\u00e4\u00e4&#8230;<span class=\"screen-reader-text\">Majewskin h\u00e4\u00e4lahjakalusto siirtyy Lieksaan<\/span><span class=\"meta-nav\">\u2192<\/span><\/a><\/p>\n","protected":false},"author":4,"featured_media":0,"comment_status":"closed","ping_status":"open","sticky":false,"template":"","format":"standard","meta":{"ngg_post_thumbnail":0,"_jetpack_newsletter_access":"","_jetpack_dont_email_post_to_subs":false,"_jetpack_newsletter_tier_id":0,"_jetpack_memberships_contains_paywalled_content":false,"_jetpack_memberships_contains_paid_content":false,"footnotes":""},"categories":[26,32],"tags":[],"class_list":["post-3687","post","type-post","status-publish","format-standard","hentry","category-ajankohtaista","category-historiayhdistys"],"jetpack_featured_media_url":"","jetpack_sharing_enabled":true,"jetpack_shortlink":"https:\/\/wp.me\/p72N2f-Xt","_links":{"self":[{"href":"http:\/\/www.rukajarvensuunnanhistoriayhdistys.fi\/rukajarvikeskus\/wp-json\/wp\/v2\/posts\/3687","targetHints":{"allow":["GET"]}}],"collection":[{"href":"http:\/\/www.rukajarvensuunnanhistoriayhdistys.fi\/rukajarvikeskus\/wp-json\/wp\/v2\/posts"}],"about":[{"href":"http:\/\/www.rukajarvensuunnanhistoriayhdistys.fi\/rukajarvikeskus\/wp-json\/wp\/v2\/types\/post"}],"author":[{"embeddable":true,"href":"http:\/\/www.rukajarvensuunnanhistoriayhdistys.fi\/rukajarvikeskus\/wp-json\/wp\/v2\/users\/4"}],"replies":[{"embeddable":true,"href":"http:\/\/www.rukajarvensuunnanhistoriayhdistys.fi\/rukajarvikeskus\/wp-json\/wp\/v2\/comments?post=3687"}],"version-history":[{"count":1,"href":"http:\/\/www.rukajarvensuunnanhistoriayhdistys.fi\/rukajarvikeskus\/wp-json\/wp\/v2\/posts\/3687\/revisions"}],"predecessor-version":[{"id":3689,"href":"http:\/\/www.rukajarvensuunnanhistoriayhdistys.fi\/rukajarvikeskus\/wp-json\/wp\/v2\/posts\/3687\/revisions\/3689"}],"wp:attachment":[{"href":"http:\/\/www.rukajarvensuunnanhistoriayhdistys.fi\/rukajarvikeskus\/wp-json\/wp\/v2\/media?parent=3687"}],"wp:term":[{"taxonomy":"category","embeddable":true,"href":"http:\/\/www.rukajarvensuunnanhistoriayhdistys.fi\/rukajarvikeskus\/wp-json\/wp\/v2\/categories?post=3687"},{"taxonomy":"post_tag","embeddable":true,"href":"http:\/\/www.rukajarvensuunnanhistoriayhdistys.fi\/rukajarvikeskus\/wp-json\/wp\/v2\/tags?post=3687"}],"curies":[{"name":"wp","href":"https:\/\/api.w.org\/{rel}","templated":true}]}}