{"id":3694,"date":"2018-05-28T12:53:47","date_gmt":"2018-05-28T09:53:47","guid":{"rendered":"http:\/\/www.rukajarvensuunnanhistoriayhdistys.fi\/rukajarvikeskus\/?p=3694"},"modified":"2018-05-28T15:01:31","modified_gmt":"2018-05-28T12:01:31","slug":"tyo-tehty-on-lieksan-rukajarvi-keskuksen-tykkikatos-valmistui","status":"publish","type":"post","link":"http:\/\/www.rukajarvensuunnanhistoriayhdistys.fi\/rukajarvikeskus\/ajankohtaista\/tyo-tehty-on-lieksan-rukajarvi-keskuksen-tykkikatos-valmistui\/","title":{"rendered":"Ty\u00f6 tehty on &#8211; Lieksan Rukaj\u00e4rvi-keskuksen tykkikatos valmistui"},"content":{"rendered":"<div class=\"fcbkbttn_buttons_block\" id=\"fcbkbttn_left\"><div class=\"fcbkbttn_like \"><fb:like href=\"http:\/\/www.rukajarvensuunnanhistoriayhdistys.fi\/rukajarvikeskus\/ajankohtaista\/tyo-tehty-on-lieksan-rukajarvi-keskuksen-tykkikatos-valmistui\/\" action=\"like\" colorscheme=\"light\" layout=\"button_count\"  size=\"small\"><\/fb:like><\/div><\/div><p>Suomen lippu t\u00e4ytt\u00e4\u00e4 t\u00e4n\u00e4\u00e4n 100 vuotta. Merkkip\u00e4iv\u00e4n kunniaksi vedettiin Lieksan Rukaj\u00e4rvi-keskuksen liput salkoon. Talkoomiesten uutteran ty\u00f6n tulosta on ihasteltu ja katsojia on riitt\u00e4nyt kauempaakin. Tykkikatos pystytettiin enn\u00e4tysajassa. T\u00e4n\u00e4\u00e4n jatkamme ymp\u00e4rist\u00f6n siivouksella ja korjaamme rakennusj\u00e4tteet.<\/p>\n<figure id=\"attachment_3696\" aria-describedby=\"caption-attachment-3696\" style=\"width: 4592px\" class=\"wp-caption alignnone\"><a href=\"http:\/\/www.rukajarvensuunnanhistoriayhdistys.fi\/rukajarvikeskus\/wp-content\/uploads\/2018\/05\/DSC06049-Tykki.jpg\"><img loading=\"lazy\" decoding=\"async\" class=\"size-full wp-image-3696\" src=\"http:\/\/www.rukajarvensuunnanhistoriayhdistys.fi\/rukajarvikeskus\/wp-content\/uploads\/2018\/05\/DSC06049-Tykki.jpg\" alt=\"\" width=\"4592\" height=\"3056\"><\/a><figcaption id=\"caption-attachment-3696\" class=\"wp-caption-text\">Talkoomiehet, Ari Komulainen, Tauno Oksanen, Tenho Liimatta, Ari Saastamoinen, Matti Kilpel\u00e4inen ja Mauri K\u00e4rkk\u00e4inen. Kuva Tenho Tikkanen.<\/figcaption><\/figure>\n<figure id=\"attachment_3695\" aria-describedby=\"caption-attachment-3695\" style=\"width: 4592px\" class=\"wp-caption alignnone\"><a href=\"http:\/\/www.rukajarvensuunnanhistoriayhdistys.fi\/rukajarvikeskus\/wp-content\/uploads\/2018\/05\/DSC06048-Tykki.jpg\"><img loading=\"lazy\" decoding=\"async\" class=\"size-full wp-image-3695\" src=\"http:\/\/www.rukajarvensuunnanhistoriayhdistys.fi\/rukajarvikeskus\/wp-content\/uploads\/2018\/05\/DSC06048-Tykki.jpg\" alt=\"\" width=\"4592\" height=\"3056\"><\/a><figcaption id=\"caption-attachment-3695\" class=\"wp-caption-text\">Talkoomiehet, Ari Komulainen, Tauno Oksanen, Tenho Liimatta, Ari Saastamoinen, Matti Kilpel\u00e4inen ja Mauri K\u00e4rkk\u00e4inen. Kuva Tenho Tikkanen.<\/figcaption><\/figure>\n<figure id=\"attachment_3697\" aria-describedby=\"caption-attachment-3697\" style=\"width: 4592px\" class=\"wp-caption alignnone\"><a href=\"http:\/\/www.rukajarvensuunnanhistoriayhdistys.fi\/rukajarvikeskus\/wp-content\/uploads\/2018\/05\/DSC06071-Tykki.jpg\"><img loading=\"lazy\" decoding=\"async\" class=\"size-full wp-image-3697\" src=\"http:\/\/www.rukajarvensuunnanhistoriayhdistys.fi\/rukajarvikeskus\/wp-content\/uploads\/2018\/05\/DSC06071-Tykki.jpg\" alt=\"\" width=\"4592\" height=\"3056\"><\/a><figcaption id=\"caption-attachment-3697\" class=\"wp-caption-text\">Tykkikatos valmistui enn\u00e4tysajassa.<\/figcaption><\/figure>\n<p>Rukaj\u00e4rven tien tykkikatos pystytet\u00e4\u00e4n Nurmij\u00e4rvelle Kivivaaran ja Kuhmontien risteyksen tuntumaan. Pystytystalkooty\u00f6h\u00f6n saa ilmoittautua, ty\u00f6miehi\u00e4 tarvitaan siell\u00e4kin. Tykkikatosten rakentamisen toivomme valmistuvan E.J. Raappanan muistoseminaariin 9.6.2018 menness\u00e4.<\/p>\n<p>Lieksan Rukaj\u00e4rvi-keskuksen n\u00e4yttely\u00e4 on uusittu. &#8221;Legendaarinen Majewski-n\u00e4yttely&#8221; avataan E.J. Raappanan muistoseminaarin yhteydess\u00e4. Majewskin aineiston esineist\u00f6 ja h\u00e4\u00e4lahjakalusto ovat jo esill\u00e4. Tieto Majewskin kaluston esille tulosta on kiirinyt ja viikonvaihteen kaukaisimmat n\u00e4yttelyvieraat olivat kotoisin Uudestakaupungista saakka. N\u00e4yttelyvieraita oli lieksalaisten lis\u00e4ksi Kuhmosta, Nurmeksesta Joensuusta ja Enosta.<\/p>\n<figure id=\"attachment_3698\" aria-describedby=\"caption-attachment-3698\" style=\"width: 4592px\" class=\"wp-caption alignnone\"><a href=\"http:\/\/www.rukajarvensuunnanhistoriayhdistys.fi\/rukajarvikeskus\/wp-content\/uploads\/2018\/05\/30-3-DSC06026-Majewskin-kalusto-Lieksa.jpg\"><img loading=\"lazy\" decoding=\"async\" class=\"size-full wp-image-3698\" src=\"http:\/\/www.rukajarvensuunnanhistoriayhdistys.fi\/rukajarvikeskus\/wp-content\/uploads\/2018\/05\/30-3-DSC06026-Majewskin-kalusto-Lieksa.jpg\" alt=\"\" width=\"4592\" height=\"3056\"><\/a><figcaption id=\"caption-attachment-3698\" class=\"wp-caption-text\">Legendaarinen Majewski &#8211; n\u00e4yttelyn &#8221;h\u00e4\u00e4lahjakalusto&#8221; esill\u00e4 nyt Lieksan Rukaj\u00e4rvi-keskuksessa.<\/figcaption><\/figure>\n<p>Lieksan keskuksen Sibelius-n\u00e4yttely\u00e4 uusitaan ja sen toivotaan my\u00f6s valmistuvan piakkoin ja viimeist\u00e4\u00e4n E.J. Raappanan muistoseminaariin 9.6.2018 menness\u00e4.<\/p>\n<figure id=\"attachment_3708\" aria-describedby=\"caption-attachment-3708\" style=\"width: 4592px\" class=\"wp-caption alignnone\"><a href=\"http:\/\/www.rukajarvensuunnanhistoriayhdistys.fi\/rukajarvikeskus\/wp-content\/uploads\/2018\/05\/DSC06081.jpg\"><img loading=\"lazy\" decoding=\"async\" class=\"size-full wp-image-3708\" src=\"http:\/\/www.rukajarvensuunnanhistoriayhdistys.fi\/rukajarvikeskus\/wp-content\/uploads\/2018\/05\/DSC06081.jpg\" alt=\"\" width=\"4592\" height=\"3056\"><\/a><figcaption id=\"caption-attachment-3708\" class=\"wp-caption-text\">Ritva Kilpel\u00e4inen Lieksan Matkailuoppaista, Jouni Per\u00e4alho ja Rauni Hietanen. Lieksan Tukipisteelt\u00e4 huolehtivat keskuksen avoinna pit\u00e4misest\u00e4 ja ryhmien opastuksesta. H\u00e4\u00e4lahjakalustosta odotetaan kes\u00e4n vetonaulaa, vaikka mm. keskuksen viestin\u00e4yttely on laaja ja tasokas.<\/figcaption><\/figure>\n<p>Lieksan Rukaj\u00e4rvi-keskuksen aukioloaikaa on jatkettu. Keskus avataan klo 9.00 ja se on avoinna klo 18.00 saakka. Maanantaina keskus on avoinna vain 9.00 &#8211; 15.00. Lieksan Rukaj\u00e4rvi-keskuksessa vakituisena ty\u00f6skentelee Jouni Per\u00e4alho. Lis\u00e4ksi kes\u00e4ajaksi pyrit\u00e4\u00e4n palkkaamaan viel\u00e4 koululaisia kes\u00e4ty\u00f6h\u00f6n.<\/p>\n","protected":false},"excerpt":{"rendered":"<p>Suomen lippu t\u00e4ytt\u00e4\u00e4 t\u00e4n\u00e4\u00e4n 100 vuotta. Merkkip\u00e4iv\u00e4n kunniaksi vedettiin Lieksan Rukaj\u00e4rvi-keskuksen liput salkoon. Talkoomiesten uutteran ty\u00f6n tulosta on ihasteltu ja katsojia on riitt\u00e4nyt kauempaakin. Tykkikatos pystytettiin enn\u00e4tysajassa. T\u00e4n\u00e4\u00e4n jatkamme ymp\u00e4rist\u00f6n <a class=\"more-link\" href=\"http:\/\/www.rukajarvensuunnanhistoriayhdistys.fi\/rukajarvikeskus\/ajankohtaista\/tyo-tehty-on-lieksan-rukajarvi-keskuksen-tykkikatos-valmistui\/\">Lue lis\u00e4\u00e4&#8230;<span class=\"screen-reader-text\">Ty\u00f6 tehty on &#8211; Lieksan Rukaj\u00e4rvi-keskuksen tykkikatos valmistui<\/span><span class=\"meta-nav\">\u2192<\/span><\/a><\/p>\n","protected":false},"author":4,"featured_media":0,"comment_status":"closed","ping_status":"open","sticky":false,"template":"","format":"standard","meta":{"ngg_post_thumbnail":0,"_jetpack_newsletter_access":"","_jetpack_dont_email_post_to_subs":false,"_jetpack_newsletter_tier_id":0,"_jetpack_memberships_contains_paywalled_content":false,"_jetpack_memberships_contains_paid_content":false,"footnotes":""},"categories":[26,32],"tags":[],"class_list":["post-3694","post","type-post","status-publish","format-standard","hentry","category-ajankohtaista","category-historiayhdistys"],"jetpack_featured_media_url":"","jetpack_sharing_enabled":true,"jetpack_shortlink":"https:\/\/wp.me\/p72N2f-XA","_links":{"self":[{"href":"http:\/\/www.rukajarvensuunnanhistoriayhdistys.fi\/rukajarvikeskus\/wp-json\/wp\/v2\/posts\/3694","targetHints":{"allow":["GET"]}}],"collection":[{"href":"http:\/\/www.rukajarvensuunnanhistoriayhdistys.fi\/rukajarvikeskus\/wp-json\/wp\/v2\/posts"}],"about":[{"href":"http:\/\/www.rukajarvensuunnanhistoriayhdistys.fi\/rukajarvikeskus\/wp-json\/wp\/v2\/types\/post"}],"author":[{"embeddable":true,"href":"http:\/\/www.rukajarvensuunnanhistoriayhdistys.fi\/rukajarvikeskus\/wp-json\/wp\/v2\/users\/4"}],"replies":[{"embeddable":true,"href":"http:\/\/www.rukajarvensuunnanhistoriayhdistys.fi\/rukajarvikeskus\/wp-json\/wp\/v2\/comments?post=3694"}],"version-history":[{"count":3,"href":"http:\/\/www.rukajarvensuunnanhistoriayhdistys.fi\/rukajarvikeskus\/wp-json\/wp\/v2\/posts\/3694\/revisions"}],"predecessor-version":[{"id":3710,"href":"http:\/\/www.rukajarvensuunnanhistoriayhdistys.fi\/rukajarvikeskus\/wp-json\/wp\/v2\/posts\/3694\/revisions\/3710"}],"wp:attachment":[{"href":"http:\/\/www.rukajarvensuunnanhistoriayhdistys.fi\/rukajarvikeskus\/wp-json\/wp\/v2\/media?parent=3694"}],"wp:term":[{"taxonomy":"category","embeddable":true,"href":"http:\/\/www.rukajarvensuunnanhistoriayhdistys.fi\/rukajarvikeskus\/wp-json\/wp\/v2\/categories?post=3694"},{"taxonomy":"post_tag","embeddable":true,"href":"http:\/\/www.rukajarvensuunnanhistoriayhdistys.fi\/rukajarvikeskus\/wp-json\/wp\/v2\/tags?post=3694"}],"curies":[{"name":"wp","href":"https:\/\/api.w.org\/{rel}","templated":true}]}}