{"id":3711,"date":"2018-05-29T23:44:03","date_gmt":"2018-05-29T20:44:03","guid":{"rendered":"http:\/\/www.rukajarvensuunnanhistoriayhdistys.fi\/rukajarvikeskus\/?p=3711"},"modified":"2018-05-29T23:54:57","modified_gmt":"2018-05-29T20:54:57","slug":"metsapalovaroitus-tulenteko-jukolan-motti-pirtilla-kielletty-metsa-ja-ruohikkopalovaaran-aikana","status":"publish","type":"post","link":"http:\/\/www.rukajarvensuunnanhistoriayhdistys.fi\/rukajarvikeskus\/ajankohtaista\/metsapalovaroitus-tulenteko-jukolan-motti-pirtilla-kielletty-metsa-ja-ruohikkopalovaaran-aikana\/","title":{"rendered":"Mets\u00e4palovaroitus &#8211; tulenteko Jukolan Motti -pirtill\u00e4 kielletty mets\u00e4- ja ruohikkopalovaaran aikana."},"content":{"rendered":"<div class=\"fcbkbttn_buttons_block\" id=\"fcbkbttn_left\"><div class=\"fcbkbttn_like \"><fb:like href=\"http:\/\/www.rukajarvensuunnanhistoriayhdistys.fi\/rukajarvikeskus\/ajankohtaista\/metsapalovaroitus-tulenteko-jukolan-motti-pirtilla-kielletty-metsa-ja-ruohikkopalovaaran-aikana\/\" action=\"like\" colorscheme=\"light\" layout=\"button_count\"  size=\"small\"><\/fb:like><\/div><\/div><p>Juuri nyt meid\u00e4n on syyt\u00e4 noudattaa tulenk\u00e4yt\u00f6ss\u00e4 erityist\u00e4 varovaisuutta. Ilmatieteenlaitos on antanut mets\u00e4palovaroituksen, mik\u00e4 jatkuu pitk\u00e4lle kes\u00e4kuun puolelle.<\/p>\n<p><a href=\"http:\/\/www.rukajarvensuunnanhistoriayhdistys.fi\/rukajarvikeskus\/wp-content\/uploads\/2018\/05\/Mets\u00e4palovaroitus.jpg\"><img loading=\"lazy\" decoding=\"async\" class=\"alignnone size-full wp-image-3714\" src=\"http:\/\/www.rukajarvensuunnanhistoriayhdistys.fi\/rukajarvikeskus\/wp-content\/uploads\/2018\/05\/Mets\u00e4palovaroitus.jpg\" alt=\"\" width=\"720\" height=\"584\" srcset=\"http:\/\/www.rukajarvensuunnanhistoriayhdistys.fi\/rukajarvikeskus\/wp-content\/uploads\/2018\/05\/Mets\u00e4palovaroitus.jpg 720w, http:\/\/www.rukajarvensuunnanhistoriayhdistys.fi\/rukajarvikeskus\/wp-content\/uploads\/2018\/05\/Mets\u00e4palovaroitus-300x243.jpg 300w\" sizes=\"auto, (max-width: 720px) 100vw, 720px\" \/><\/a><\/p>\n<figure id=\"attachment_3036\" aria-describedby=\"caption-attachment-3036\" style=\"width: 4592px\" class=\"wp-caption alignnone\"><a href=\"http:\/\/www.rukajarvensuunnanhistoriayhdistys.fi\/rukajarvikeskus\/wp-content\/uploads\/2017\/07\/DSC00960-Jukolan-motti-pirtti.jpg\"><img loading=\"lazy\" decoding=\"async\" class=\"size-full wp-image-3036\" src=\"http:\/\/www.rukajarvensuunnanhistoriayhdistys.fi\/rukajarvikeskus\/wp-content\/uploads\/2017\/07\/DSC00960-Jukolan-motti-pirtti.jpg\" alt=\"\" width=\"4592\" height=\"3056\"><\/a><figcaption id=\"caption-attachment-3036\" class=\"wp-caption-text\">RSHYry:n Jukolan motti -pirtti valmistui 30.11.2014. Kota on kaikille avoin lev\u00e4hdyspaikka. Avotulenteko kielletty\u00e4 mets\u00e4palo- ja ruohikkopalovaroitusten aikana.<\/figcaption><\/figure>\n<p><strong>Rukaj\u00e4rven tien kuulumisia<\/strong><\/p>\n<p>Tapasin t\u00e4n\u00e4\u00e4n aivan sattumalta Mauri K\u00e4rkk\u00e4isen Lieksan keskustassa. H\u00e4n on &#8221;RAJAN MIEHET&#8221; yhtyeen j\u00e4sen. Mauri kertoi, ett\u00e4 RAJAN MIEHILT\u00c4 on tulossa uutta musiikkituotantoa. Nauhoitus tapahtui Rukaj\u00e4rven tiell\u00e4 Jukolan Motti -pirtill\u00e4 ja \u00c4n\u00e4k\u00e4isen Salpaetuasemassa.&nbsp; Yhtyeen edellist\u00e4 levy\u00e4 &#8221;Rukaj\u00e4rven tie &#8211; Aika kiitosten&#8221; on saatavana Lieksan Rukaj\u00e4rvi-keskuksesta.<\/p>\n<p><a href=\"http:\/\/www.rukajarvensuunnanhistoriayhdistys.fi\/rukajarvikeskus\/wp-content\/uploads\/2018\/05\/Levykansi.jpg\"><img loading=\"lazy\" decoding=\"async\" class=\"alignnone size-full wp-image-3715\" src=\"http:\/\/www.rukajarvensuunnanhistoriayhdistys.fi\/rukajarvikeskus\/wp-content\/uploads\/2018\/05\/Levykansi.jpg\" alt=\"\" width=\"910\" height=\"798\" srcset=\"http:\/\/www.rukajarvensuunnanhistoriayhdistys.fi\/rukajarvikeskus\/wp-content\/uploads\/2018\/05\/Levykansi.jpg 910w, http:\/\/www.rukajarvensuunnanhistoriayhdistys.fi\/rukajarvikeskus\/wp-content\/uploads\/2018\/05\/Levykansi-300x263.jpg 300w, http:\/\/www.rukajarvensuunnanhistoriayhdistys.fi\/rukajarvikeskus\/wp-content\/uploads\/2018\/05\/Levykansi-768x673.jpg 768w\" sizes=\"auto, (max-width: 910px) 100vw, 910px\" \/><\/a><\/p>\n<p>Mauri kertoi, ett\u00e4 h\u00e4n ei uskaltanut tehd\u00e4 Jukolan Motti -pirtill\u00e4 tulia kovan tuulen vuoksi. Mauri tunnollisena miehen\u00e4 tiedusteli, ett\u00e4 pit\u00e4isik\u00f6 tulenteko aivan virallisestikin Jukolan Motti -pirtill\u00e4 kielt\u00e4\u00e4.<\/p>\n<p>Puhelinsoitto pelastuslaitokselle ja yhdess\u00e4 p\u00e4\u00e4dyimme varotoimiin. T\u00e4st\u00e4 l\u00e4htien tulenteko kiellet\u00e4\u00e4n Jukolan Motti -pirtill\u00e4 aina kun alueelle on annettu mets\u00e4- tai ruohikkopalovaroitus. Mauri kertoi, ett\u00e4 my\u00f6s Mets\u00e4hallitus on antanut vastaavan kiellon omissa kohteissaan.<\/p>\n<p>Mets\u00e4hallitus Lieksassa on ollut yhdistyksellemme t\u00e4rke\u00e4 yhteisty\u00f6kumppani, joka on auttanut yhdistyst\u00e4mme rakentamaan edustavat Rukaj\u00e4rven tien kohteet, Jukolan Motti -pirtin (v. 2014) &nbsp;ja Mets\u00e4hallitus edesauttoi \u00c4n\u00e4k\u00e4isen Salpaetuaseman taisteluhaudan kunnostamisen (v. 2015-2017). Kohteet ovat Mets\u00e4hallituksen maalla. Jo t\u00e4st\u00e4kin syyst\u00e4 haluamme toimia saman s\u00e4\u00e4nn\u00f6n mukaan kuin maanomistaja vahingon ja vaaran torjumiseksi.<\/p>\n<p>Lis\u00e4tietoa mets\u00e4- tai ruohikkopalovaroituksista <a href=\"http:\/\/ilmatieteenlaitos.fi\/varoitukset\"><strong>T\u00c4\u00c4LT\u00c4<\/strong><\/a>:&nbsp;<\/p>\n<p>Jukolan Motti Pirtin k\u00e4ytt\u00f6\u00e4 yleis\u00f6lt\u00e4 ei ole muutoin rajoitettu.<\/p>\n<p>Rukaj\u00e4rven suunnan historiayhdistys ry.\/ Tenho Tikkanen<\/p>\n<p><strong>Lieksan Rukaj\u00e4rvi-keskus&nbsp; valmiina vastaanottamaan n\u00e4yttelyvieraita.<\/strong><\/p>\n<p>Asettamamme tavoitteen mukaisesti saimme t\u00e4n\u00e4\u00e4n Lieksan Rukaj\u00e4rvi-keskuksen uudet n\u00e4yttelyt lopullisesti valmiiksi. &nbsp;&#8221;Legendaarinen Majewski&#8221; n\u00e4yttely viimeisteltiin ja my\u00f6s &#8221;Sibelius Karelia&#8221; n\u00e4yttely uusittiin asiakkaitten edellisen\u00e4 kes\u00e4n\u00e4 esitt\u00e4mien toiveitten mukaisesti. N\u00e4yttely\u00e4 oli pystytt\u00e4m\u00e4ss\u00e4 Lieksan Matkailuoppaitten Ritva Kilpel\u00e4inen. V\u00e4lill\u00e4 Ritva esitteli Raumalta ja Porvoosta kotoisin oleville n\u00e4yttelyvieraille my\u00f6s keskuksen uusittuja n\u00e4yttelyit\u00e4.<\/p>\n<p>Lieksan Rukaj\u00e4rvi-keskus on avoinna tulevan kes\u00e4n\u00e4 jokaisena p\u00e4iv\u00e4n\u00e4. Uudet aukioloajat ohessa.<\/p>\n<p><a href=\"http:\/\/www.rukajarvensuunnanhistoriayhdistys.fi\/rukajarvikeskus\/wp-content\/uploads\/2018\/05\/Liput-1-6-2016.jpg\"><img loading=\"lazy\" decoding=\"async\" class=\"alignnone size-full wp-image-3713\" src=\"http:\/\/www.rukajarvensuunnanhistoriayhdistys.fi\/rukajarvikeskus\/wp-content\/uploads\/2018\/05\/Liput-1-6-2016.jpg\" alt=\"\" width=\"1766\" height=\"1241\" srcset=\"http:\/\/www.rukajarvensuunnanhistoriayhdistys.fi\/rukajarvikeskus\/wp-content\/uploads\/2018\/05\/Liput-1-6-2016.jpg 1766w, http:\/\/www.rukajarvensuunnanhistoriayhdistys.fi\/rukajarvikeskus\/wp-content\/uploads\/2018\/05\/Liput-1-6-2016-300x211.jpg 300w, http:\/\/www.rukajarvensuunnanhistoriayhdistys.fi\/rukajarvikeskus\/wp-content\/uploads\/2018\/05\/Liput-1-6-2016-768x540.jpg 768w, http:\/\/www.rukajarvensuunnanhistoriayhdistys.fi\/rukajarvikeskus\/wp-content\/uploads\/2018\/05\/Liput-1-6-2016-1024x720.jpg 1024w\" sizes=\"auto, (max-width: 1766px) 100vw, 1766px\" \/><\/a><\/p>\n<p><strong>Hinnasto:<\/strong><\/p>\n<p><a href=\"http:\/\/www.rukajarvensuunnanhistoriayhdistys.fi\/rukajarvikeskus\/wp-content\/uploads\/2018\/05\/Hinnat-1-6-2018.jpg\"><img loading=\"lazy\" decoding=\"async\" class=\"alignnone size-full wp-image-3712\" src=\"http:\/\/www.rukajarvensuunnanhistoriayhdistys.fi\/rukajarvikeskus\/wp-content\/uploads\/2018\/05\/Hinnat-1-6-2018.jpg\" alt=\"\" width=\"1766\" height=\"1241\" srcset=\"http:\/\/www.rukajarvensuunnanhistoriayhdistys.fi\/rukajarvikeskus\/wp-content\/uploads\/2018\/05\/Hinnat-1-6-2018.jpg 1766w, http:\/\/www.rukajarvensuunnanhistoriayhdistys.fi\/rukajarvikeskus\/wp-content\/uploads\/2018\/05\/Hinnat-1-6-2018-300x211.jpg 300w, http:\/\/www.rukajarvensuunnanhistoriayhdistys.fi\/rukajarvikeskus\/wp-content\/uploads\/2018\/05\/Hinnat-1-6-2018-768x540.jpg 768w, http:\/\/www.rukajarvensuunnanhistoriayhdistys.fi\/rukajarvikeskus\/wp-content\/uploads\/2018\/05\/Hinnat-1-6-2018-1024x720.jpg 1024w\" sizes=\"auto, (max-width: 1766px) 100vw, 1766px\" \/><\/a><\/p>\n","protected":false},"excerpt":{"rendered":"<p>Juuri nyt meid\u00e4n on syyt\u00e4 noudattaa tulenk\u00e4yt\u00f6ss\u00e4 erityist\u00e4 varovaisuutta. Ilmatieteenlaitos on antanut mets\u00e4palovaroituksen, mik\u00e4 jatkuu pitk\u00e4lle kes\u00e4kuun puolelle. Rukaj\u00e4rven tien kuulumisia Tapasin t\u00e4n\u00e4\u00e4n aivan sattumalta Mauri K\u00e4rkk\u00e4isen Lieksan keskustassa. H\u00e4n <a class=\"more-link\" href=\"http:\/\/www.rukajarvensuunnanhistoriayhdistys.fi\/rukajarvikeskus\/ajankohtaista\/metsapalovaroitus-tulenteko-jukolan-motti-pirtilla-kielletty-metsa-ja-ruohikkopalovaaran-aikana\/\">Lue lis\u00e4\u00e4&#8230;<span class=\"screen-reader-text\">Mets\u00e4palovaroitus &#8211; tulenteko Jukolan Motti -pirtill\u00e4 kielletty mets\u00e4- ja ruohikkopalovaaran aikana.<\/span><span class=\"meta-nav\">\u2192<\/span><\/a><\/p>\n","protected":false},"author":4,"featured_media":0,"comment_status":"closed","ping_status":"open","sticky":false,"template":"","format":"standard","meta":{"ngg_post_thumbnail":0,"_jetpack_newsletter_access":"","_jetpack_dont_email_post_to_subs":false,"_jetpack_newsletter_tier_id":0,"_jetpack_memberships_contains_paywalled_content":false,"_jetpack_memberships_contains_paid_content":false,"footnotes":""},"categories":[26,32],"tags":[],"class_list":["post-3711","post","type-post","status-publish","format-standard","hentry","category-ajankohtaista","category-historiayhdistys"],"jetpack_featured_media_url":"","jetpack_sharing_enabled":true,"jetpack_shortlink":"https:\/\/wp.me\/p72N2f-XR","_links":{"self":[{"href":"http:\/\/www.rukajarvensuunnanhistoriayhdistys.fi\/rukajarvikeskus\/wp-json\/wp\/v2\/posts\/3711","targetHints":{"allow":["GET"]}}],"collection":[{"href":"http:\/\/www.rukajarvensuunnanhistoriayhdistys.fi\/rukajarvikeskus\/wp-json\/wp\/v2\/posts"}],"about":[{"href":"http:\/\/www.rukajarvensuunnanhistoriayhdistys.fi\/rukajarvikeskus\/wp-json\/wp\/v2\/types\/post"}],"author":[{"embeddable":true,"href":"http:\/\/www.rukajarvensuunnanhistoriayhdistys.fi\/rukajarvikeskus\/wp-json\/wp\/v2\/users\/4"}],"replies":[{"embeddable":true,"href":"http:\/\/www.rukajarvensuunnanhistoriayhdistys.fi\/rukajarvikeskus\/wp-json\/wp\/v2\/comments?post=3711"}],"version-history":[{"count":3,"href":"http:\/\/www.rukajarvensuunnanhistoriayhdistys.fi\/rukajarvikeskus\/wp-json\/wp\/v2\/posts\/3711\/revisions"}],"predecessor-version":[{"id":3718,"href":"http:\/\/www.rukajarvensuunnanhistoriayhdistys.fi\/rukajarvikeskus\/wp-json\/wp\/v2\/posts\/3711\/revisions\/3718"}],"wp:attachment":[{"href":"http:\/\/www.rukajarvensuunnanhistoriayhdistys.fi\/rukajarvikeskus\/wp-json\/wp\/v2\/media?parent=3711"}],"wp:term":[{"taxonomy":"category","embeddable":true,"href":"http:\/\/www.rukajarvensuunnanhistoriayhdistys.fi\/rukajarvikeskus\/wp-json\/wp\/v2\/categories?post=3711"},{"taxonomy":"post_tag","embeddable":true,"href":"http:\/\/www.rukajarvensuunnanhistoriayhdistys.fi\/rukajarvikeskus\/wp-json\/wp\/v2\/tags?post=3711"}],"curies":[{"name":"wp","href":"https:\/\/api.w.org\/{rel}","templated":true}]}}