{"id":3789,"date":"2018-07-31T06:54:47","date_gmt":"2018-07-31T03:54:47","guid":{"rendered":"http:\/\/www.rukajarvensuunnanhistoriayhdistys.fi\/rukajarvikeskus\/?p=3789"},"modified":"2018-07-31T06:57:18","modified_gmt":"2018-07-31T03:57:18","slug":"raastava-helle-alentaa-matkailijamaaria-lieksan-rukajarvi-keskuksesta","status":"publish","type":"post","link":"http:\/\/www.rukajarvensuunnanhistoriayhdistys.fi\/rukajarvikeskus\/ajankohtaista\/raastava-helle-alentaa-matkailijamaaria-lieksan-rukajarvi-keskuksesta\/","title":{"rendered":"Raastava helle alentaa matkailijam\u00e4\u00e4ri\u00e4 Lieksan Rukaj\u00e4rvi-keskuksesta"},"content":{"rendered":"<div class=\"fcbkbttn_buttons_block\" id=\"fcbkbttn_left\"><div class=\"fcbkbttn_like \"><fb:like href=\"http:\/\/www.rukajarvensuunnanhistoriayhdistys.fi\/rukajarvikeskus\/ajankohtaista\/raastava-helle-alentaa-matkailijamaaria-lieksan-rukajarvi-keskuksesta\/\" action=\"like\" colorscheme=\"light\" layout=\"button_count\"  size=\"small\"><\/fb:like><\/div><\/div><p><strong>Vieraita silti enemm\u00e4n kuin edellisen\u00e4 kes\u00e4n\u00e4<\/strong><\/p>\n<p>Muistio Lieksan Rukaj\u00e4rvi-keskuksen toiminnasta kuluvan kes\u00e4n juhlaviikkojen ajalta<\/p>\n<p>Lieksan Rukaj\u00e4rvi-keskuksen k\u00e4vij\u00e4m\u00e4\u00e4r\u00e4 kuluvan vuonna on jo t\u00e4m\u00e4n kuukauden loppuun menness\u00e4 kohonnut jo nyt viimevuotiselle tasolle. Edellinen kes\u00e4 oli kylm\u00e4 ja t\u00e4m\u00e4 l\u00e4k\u00e4hdytt\u00e4v\u00e4n kuuma, mitk\u00e4 seikat selv\u00e4sti alentavat matkailijoitten m\u00e4\u00e4r\u00e4\u00e4, mutta silti n\u00e4yttelyvieraita t\u00e4n\u00e4 kes\u00e4n\u00e4 on riitt\u00e4nyt. K\u00e4vij\u00e4m\u00e4\u00e4r\u00e4 kohonnee jo pariin tuhanteen. Arvioisin, ett\u00e4 puolet k\u00e4vij\u00f6ist\u00e4 on sotahistorian harrastajia, joilla joko vanhemmat tai isovanhemmat ovat taistelleet Rukaj\u00e4rven suunnalla. Osa vierailijoista on Lieksan kes\u00e4asukkaita, mutta yh\u00e4 suurempi osa ihmisi\u00e4, joilla ei ole ennakkoon tietoa Rukaj\u00e4rven suunnan taisteluista ja merkitt\u00e4v\u00e4 osa my\u00f6s yhdistyksemme j\u00e4seni\u00e4. K\u00e4vij\u00f6ist\u00e4 vain muutama oli en\u00e4\u00e4 veteraaneja.<\/p>\n<p><a href=\"http:\/\/www.rukajarvensuunnanhistoriayhdistys.fi\/rukajarvikeskus\/wp-content\/uploads\/2018\/07\/Rukaj\u00e4rvi-keskus-2018-2.jpg\"><img loading=\"lazy\" decoding=\"async\" class=\"alignnone size-full wp-image-3779\" src=\"http:\/\/www.rukajarvensuunnanhistoriayhdistys.fi\/rukajarvikeskus\/wp-content\/uploads\/2018\/07\/Rukaj\u00e4rvi-keskus-2018-2.jpg\" alt=\"\" width=\"2014\" height=\"1133\" srcset=\"http:\/\/www.rukajarvensuunnanhistoriayhdistys.fi\/rukajarvikeskus\/wp-content\/uploads\/2018\/07\/Rukaj\u00e4rvi-keskus-2018-2.jpg 2014w, http:\/\/www.rukajarvensuunnanhistoriayhdistys.fi\/rukajarvikeskus\/wp-content\/uploads\/2018\/07\/Rukaj\u00e4rvi-keskus-2018-2-300x169.jpg 300w, http:\/\/www.rukajarvensuunnanhistoriayhdistys.fi\/rukajarvikeskus\/wp-content\/uploads\/2018\/07\/Rukaj\u00e4rvi-keskus-2018-2-768x432.jpg 768w, http:\/\/www.rukajarvensuunnanhistoriayhdistys.fi\/rukajarvikeskus\/wp-content\/uploads\/2018\/07\/Rukaj\u00e4rvi-keskus-2018-2-1024x576.jpg 1024w\" sizes=\"auto, (max-width: 2014px) 100vw, 2014px\" \/><\/a><\/p>\n<p>Suurin osa Rukaj\u00e4rvi-keskuksessa vierailijoista on ulkopaikkakuntalaisia, osa matkailijoista kiert\u00e4\u00e4 Via Karelia-reitin kohteita l\u00e4pi Suomen. He ovat hakeneet ennakkoon tietoa netin kautta, huomattava osa vierailijoista on tullut Lieksan musiikkitapahtumia seuraamaan ja etsiv\u00e4t samalla tietoa Lieksan muista n\u00e4ht\u00e4vyyksist\u00e4. He hakevat Pielisen museon osoitetta ja aivan uudeksi kiinnostavaksi paikaksi on noussut Sibeliuksen h\u00e4\u00e4matkan asuinpaikka Monolan Aitta. Rukaj\u00e4rven tien eri kohteet tuntuvat olevan yh\u00e4 useamman listalla, erityisesti Nurmij\u00e4rvell\u00e4 Jukolan Motti -pirtti ja \u00c4n\u00e4k\u00e4isen Salpaetuasemat kiinnostavat.<\/p>\n<p>Olemme hyvin kiitollisia Lieksan kaupungille, jonka toiminta-avustuksen turvin saatoimme hiukan parantaa Rukaj\u00e4rvi-keskuksen aukioloaikoja. Ilman Lieksan Tukipisteen ja Lieksan Matkailuoppaitten apua emme en\u00e4\u00e4 selviytyisi nykyisell\u00e4\u00e4n vierailijoitten palvelemisesta. Olen sivusta ihaillen seurannut matkailuoppaitten Rukaj\u00e4rvi-keskuksen n\u00e4yttelyitten esittely\u00e4. He ovat todella nopeasti perehtyneet Rukaj\u00e4rven suunnan taistelujen erikoisuuksiin. Moni vierailija on voinut kyyneleet silm\u00e4kulmissa kuulla heilt\u00e4 upeita kertomuksia yli 70 vuoden takaisista tapahtumista.<\/p>\n<p>Iloitsemme my\u00f6s siit\u00e4, ett\u00e4 Lieksan kaupungin tuen avulla saatoimme ty\u00f6llist\u00e4\u00e4 kaksi reipasta koululaista, Riku ja Patrik Saastamoisen. Hienoja oma-aloitteisia nuoria miehi\u00e4 on kasvamassa. Esit\u00e4mme heille julkiset kiitoksemme my\u00f6s n\u00e4in j\u00e4lkik\u00e4teen.<\/p>\n<figure id=\"attachment_3790\" aria-describedby=\"caption-attachment-3790\" style=\"width: 3072px\" class=\"wp-caption alignnone\"><a href=\"http:\/\/www.rukajarvensuunnanhistoriayhdistys.fi\/rukajarvikeskus\/wp-content\/uploads\/2018\/07\/WP_20180727_09_08_55_Pro.jpg\"><img loading=\"lazy\" decoding=\"async\" class=\"size-full wp-image-3790\" src=\"http:\/\/www.rukajarvensuunnanhistoriayhdistys.fi\/rukajarvikeskus\/wp-content\/uploads\/2018\/07\/WP_20180727_09_08_55_Pro.jpg\" alt=\"\" width=\"3072\" height=\"1728\"><\/a><figcaption id=\"caption-attachment-3790\" class=\"wp-caption-text\">Olemme kovin kiitollisia Lieksan kaupungille, mink\u00e4 tuki mahdollisti kahden reippaan koululaisen kes\u00e4ty\u00f6paikan. Kuvassa Patrik Saastamoinen esittelee Rukapirtti\u00e4 asiakkaille. Kuva TJT.<\/figcaption><\/figure>\n<p>Rukaj\u00e4rvi-keskus ker\u00e4\u00e4 upeita lahjoituksia. Erityinen vetonaula on ollut kuluvana kes\u00e4n\u00e4 Helga ja Arnold Majewskin h\u00e4\u00e4lahjakalusto. Sit\u00e4 on tultu katsomaan Porvoosta, Helsingist\u00e4, Turusta, Uudestakaupungista, Jyv\u00e4skyl\u00e4st\u00e4 ja Oulusta, mitk\u00e4 paikkakunnat nyt heti tulevat mieleen. Legendaarisen pariskunnan aineisto ker\u00e4\u00e4 katselijoita hunajapurkin tavoin.<\/p>\n<figure id=\"attachment_3791\" aria-describedby=\"caption-attachment-3791\" style=\"width: 1632px\" class=\"wp-caption alignnone\"><a href=\"http:\/\/www.rukajarvensuunnanhistoriayhdistys.fi\/rukajarvikeskus\/wp-content\/uploads\/2018\/07\/Ahtiainen-Matti-.jpg\"><img loading=\"lazy\" decoding=\"async\" class=\"size-full wp-image-3791\" src=\"http:\/\/www.rukajarvensuunnanhistoriayhdistys.fi\/rukajarvikeskus\/wp-content\/uploads\/2018\/07\/Ahtiainen-Matti-.jpg\" alt=\"\" width=\"1632\" height=\"918\" srcset=\"http:\/\/www.rukajarvensuunnanhistoriayhdistys.fi\/rukajarvikeskus\/wp-content\/uploads\/2018\/07\/Ahtiainen-Matti-.jpg 1632w, http:\/\/www.rukajarvensuunnanhistoriayhdistys.fi\/rukajarvikeskus\/wp-content\/uploads\/2018\/07\/Ahtiainen-Matti--300x169.jpg 300w, http:\/\/www.rukajarvensuunnanhistoriayhdistys.fi\/rukajarvikeskus\/wp-content\/uploads\/2018\/07\/Ahtiainen-Matti--768x432.jpg 768w, http:\/\/www.rukajarvensuunnanhistoriayhdistys.fi\/rukajarvikeskus\/wp-content\/uploads\/2018\/07\/Ahtiainen-Matti--1024x576.jpg 1024w\" sizes=\"auto, (max-width: 1632px) 100vw, 1632px\" \/><\/a><figcaption id=\"caption-attachment-3791\" class=\"wp-caption-text\">Marskin Majan perinnetoimikunnan puheenjohtaja Matti Ahtiainen tutustui Rukaj\u00e4rvi-keskuksen n\u00e4yttelyihin. Helga ja Arnold Majewskin h\u00e4\u00e4lahjakaluston pahkatuoli on ollut ahkerassa k\u00e4yt\u00f6ss\u00e4.&nbsp;Kuva TJT.<\/figcaption><\/figure>\n<figure id=\"attachment_3798\" aria-describedby=\"caption-attachment-3798\" style=\"width: 3072px\" class=\"wp-caption alignnone\"><a href=\"http:\/\/www.rukajarvensuunnanhistoriayhdistys.fi\/rukajarvikeskus\/wp-content\/uploads\/2018\/07\/Turpeinen-Isto.jpg\"><img loading=\"lazy\" decoding=\"async\" class=\"size-full wp-image-3798\" src=\"http:\/\/www.rukajarvensuunnanhistoriayhdistys.fi\/rukajarvikeskus\/wp-content\/uploads\/2018\/07\/Turpeinen-Isto.jpg\" alt=\"\" width=\"3072\" height=\"1728\"><\/a><figcaption id=\"caption-attachment-3798\" class=\"wp-caption-text\">Isto Turpeinen vieraili Rukaj\u00e4rvi-keskuksessa. Isto on yksi ryhm\u00e4 Piening\u00e4n j\u00e4senist\u00e4, joka on hiiht\u00e4nyt kaikki Jatkosodan Rukaj\u00e4rvelt\u00e4 tehtyjen miesvahvuudeltaan suurimpien partioretkien reitit, ensin v. 2012 Muurmanninradalle, v. 2013 Jelj\u00e4rvelle ja v. 2014 Suopassalmelle, jolloin tuli kuluneeksi 70 vuotta Jatkosodassa suoritettujen kyseisten partioretkien tekemisest\u00e4.&nbsp;Kuva TJT.<\/figcaption><\/figure>\n<p><strong>Rukapirtti palasi Lieksaan<\/strong><\/p>\n<p>Rukaj\u00e4rvi-keskus on saanut kuluvana kes\u00e4n\u00e4 huomattavia lahjoituksiakin. Uuskaupunkilainen el\u00e4kkeell\u00e4 oleva r\u00f6ntgenhoitaja Ari Saastamoinen teki ensin R-tunnukseen sijoittamansa kellon, jonka Iisalmen Rukaj\u00e4rvi-keskuksessa otti vastaan 102-vuotias Rukaj\u00e4rven veteraani Tauno Tikkanen. Kuluvalla viikolla Ari Saastamoinen toi Rukapirtin pienoismallin Lieksan Rukaj\u00e4rvi-keskukseen. N\u00e4in Lieksa sai hienon Rukapirttins\u00e4 takaisin, mink\u00e4 se menetti v\u00e4rikk\u00e4itten vaiheitten j\u00e4lkeen v. 1984.<\/p>\n<figure id=\"attachment_3797\" aria-describedby=\"caption-attachment-3797\" style=\"width: 3072px\" class=\"wp-caption alignnone\"><a href=\"http:\/\/www.rukajarvensuunnanhistoriayhdistys.fi\/rukajarvikeskus\/wp-content\/uploads\/2018\/07\/Saastamoinen-Ari-23-7-2018.jpg\"><img loading=\"lazy\" decoding=\"async\" class=\"size-full wp-image-3797\" src=\"http:\/\/www.rukajarvensuunnanhistoriayhdistys.fi\/rukajarvikeskus\/wp-content\/uploads\/2018\/07\/Saastamoinen-Ari-23-7-2018.jpg\" alt=\"\" width=\"3072\" height=\"1728\"><\/a><figcaption id=\"caption-attachment-3797\" class=\"wp-caption-text\">Rukapirtin pienoismallin tekij\u00e4 r\u00f6ntgenhoitaja Ari Saastamoinen on kotoisin Uudestakaupungista.&nbsp;Kuva TJT.<\/figcaption><\/figure>\n<figure id=\"attachment_3796\" aria-describedby=\"caption-attachment-3796\" style=\"width: 1632px\" class=\"wp-caption alignnone\"><a href=\"http:\/\/www.rukajarvensuunnanhistoriayhdistys.fi\/rukajarvikeskus\/wp-content\/uploads\/2018\/07\/Rukapirtti-pienoismalli.jpg\"><img loading=\"lazy\" decoding=\"async\" class=\"size-full wp-image-3796\" src=\"http:\/\/www.rukajarvensuunnanhistoriayhdistys.fi\/rukajarvikeskus\/wp-content\/uploads\/2018\/07\/Rukapirtti-pienoismalli.jpg\" alt=\"\" width=\"1632\" height=\"918\" srcset=\"http:\/\/www.rukajarvensuunnanhistoriayhdistys.fi\/rukajarvikeskus\/wp-content\/uploads\/2018\/07\/Rukapirtti-pienoismalli.jpg 1632w, http:\/\/www.rukajarvensuunnanhistoriayhdistys.fi\/rukajarvikeskus\/wp-content\/uploads\/2018\/07\/Rukapirtti-pienoismalli-300x169.jpg 300w, http:\/\/www.rukajarvensuunnanhistoriayhdistys.fi\/rukajarvikeskus\/wp-content\/uploads\/2018\/07\/Rukapirtti-pienoismalli-768x432.jpg 768w, http:\/\/www.rukajarvensuunnanhistoriayhdistys.fi\/rukajarvikeskus\/wp-content\/uploads\/2018\/07\/Rukapirtti-pienoismalli-1024x576.jpg 1024w\" sizes=\"auto, (max-width: 1632px) 100vw, 1632px\" \/><\/a><figcaption id=\"caption-attachment-3796\" class=\"wp-caption-text\">Rukapirttti oli komentaja E.J. Raappanan komentokorsu Tiiksassa.&nbsp;Kuva TJT.<\/figcaption><\/figure>\n<figure id=\"attachment_3795\" aria-describedby=\"caption-attachment-3795\" style=\"width: 3072px\" class=\"wp-caption alignnone\"><a href=\"http:\/\/www.rukajarvensuunnanhistoriayhdistys.fi\/rukajarvikeskus\/wp-content\/uploads\/2018\/07\/Rukapirtti.jpg\"><img loading=\"lazy\" decoding=\"async\" class=\"size-full wp-image-3795\" src=\"http:\/\/www.rukajarvensuunnanhistoriayhdistys.fi\/rukajarvikeskus\/wp-content\/uploads\/2018\/07\/Rukapirtti.jpg\" alt=\"\" width=\"3072\" height=\"1728\"><\/a><figcaption id=\"caption-attachment-3795\" class=\"wp-caption-text\">Rukapirtti iltavalaistuksessa.&nbsp;Kuva TJT.<\/figcaption><\/figure>\n<figure id=\"attachment_3792\" aria-describedby=\"caption-attachment-3792\" style=\"width: 3072px\" class=\"wp-caption alignnone\"><a href=\"http:\/\/www.rukajarvensuunnanhistoriayhdistys.fi\/rukajarvikeskus\/wp-content\/uploads\/2018\/07\/Mikko-Pyykk\u00f6-ja-Ari-Saastamoinen.jpg\"><img loading=\"lazy\" decoding=\"async\" class=\"size-full wp-image-3792\" src=\"http:\/\/www.rukajarvensuunnanhistoriayhdistys.fi\/rukajarvikeskus\/wp-content\/uploads\/2018\/07\/Mikko-Pyykk\u00f6-ja-Ari-Saastamoinen.jpg\" alt=\"\" width=\"3072\" height=\"1728\"><\/a><figcaption id=\"caption-attachment-3792\" class=\"wp-caption-text\">Kuvassa Mikko Pyykk\u00f6 ihastelee Rukapirtin pienoismallia yhdess\u00e4 pienoismallin tekij\u00e4n Ari Saastamoisen kanssa.&nbsp;Kuva TJT.<\/figcaption><\/figure>\n<figure id=\"attachment_3794\" aria-describedby=\"caption-attachment-3794\" style=\"width: 1868px\" class=\"wp-caption alignnone\"><a href=\"http:\/\/www.rukajarvensuunnanhistoriayhdistys.fi\/rukajarvikeskus\/wp-content\/uploads\/2018\/07\/R-kello.jpg\"><img loading=\"lazy\" decoding=\"async\" class=\"size-full wp-image-3794\" src=\"http:\/\/www.rukajarvensuunnanhistoriayhdistys.fi\/rukajarvikeskus\/wp-content\/uploads\/2018\/07\/R-kello.jpg\" alt=\"\" width=\"1868\" height=\"1844\" srcset=\"http:\/\/www.rukajarvensuunnanhistoriayhdistys.fi\/rukajarvikeskus\/wp-content\/uploads\/2018\/07\/R-kello.jpg 1868w, http:\/\/www.rukajarvensuunnanhistoriayhdistys.fi\/rukajarvikeskus\/wp-content\/uploads\/2018\/07\/R-kello-100x100.jpg 100w, http:\/\/www.rukajarvensuunnanhistoriayhdistys.fi\/rukajarvikeskus\/wp-content\/uploads\/2018\/07\/R-kello-300x296.jpg 300w, http:\/\/www.rukajarvensuunnanhistoriayhdistys.fi\/rukajarvikeskus\/wp-content\/uploads\/2018\/07\/R-kello-768x758.jpg 768w, http:\/\/www.rukajarvensuunnanhistoriayhdistys.fi\/rukajarvikeskus\/wp-content\/uploads\/2018\/07\/R-kello-1024x1011.jpg 1024w\" sizes=\"auto, (max-width: 1868px) 100vw, 1868px\" \/><\/a><figcaption id=\"caption-attachment-3794\" class=\"wp-caption-text\">Ari Saastamoisen valmistama Rukaj\u00e4rven suunnan rintamatunnukseen sovittama kello. Toinen kelloista on Iisalmen ja toinen Lieksan Rukaj\u00e4rvi-keskuksessa.&nbsp;Kuva TJT.<\/figcaption><\/figure>\n<p>Lieksassa vieraillessaan Ari Saastamoinen kiersi samalla kaikki Rukaj\u00e4rven suunnan taisteluihin liittyv\u00e4t Lieksan ja my\u00f6s Kuhmon kohteet Lieksan Inarin ja Kuhmon Miinoan kiven v\u00e4lill\u00e4.&nbsp; Pelk\u00e4st\u00e4\u00e4n Rukaj\u00e4rven tien kohteisiin tutustumiseen h\u00e4n k\u00e4ytti aikaansa kokonaisen p\u00e4iv\u00e4n.<\/p>\n<p>Lieksalainen Mikko Pyykk\u00f6 lahjoitti is\u00e4ns\u00e4 Yrj\u00f6 Pyyk\u00f6n rintamalla valmistamat arvokkaat puhdety\u00f6esineet ja alkukes\u00e4st\u00e4 saatiin lahjoituksena eritt\u00e4in harvinainen ja n\u00e4ytt\u00e4v\u00e4 veteraani V. Kiiskisen pahkasta valmistama kukkateline ja kirves, jossa on visakoivusta tehty varsi. Lis\u00e4ksi Rukaj\u00e4rvi-keskukseen on saatu suuri m\u00e4\u00e4r\u00e4 valokuvia erilaisia veteraanihaastatteluja mm. Rukaj\u00e4rven suunnan historiikkitoimikunnan j\u00e4senen prof. Toimi Lukkarisen sota-aikana kirjoittamat henkil\u00f6kohtaiset sotap\u00e4iv\u00e4kirjat, mitk\u00e4 keskukselle lahjoitti Lukkarisen tyt\u00e4r Marjatta Kallioinen.<\/p>\n<p>Ari Saastamoinen on tarkka sotahistoriantutkija. H\u00e4nen r\u00f6ntgenhoitajan katseensa alla ovat olleet paitsi lahjaesineet nyt my\u00f6s kaikki Rukaj\u00e4rven suunnan suomenpuoleiset kohteet. H\u00e4n havaitsi esitteess\u00e4mme my\u00f6s koordinaattien virhemerkinn\u00e4n, mink\u00e4 oikaisemme oheisessa luettelossa. Niist\u00e4 seuraava kuvakooste.<\/p>\n<p>Muistion laati Tenho Tikkanen (viides kes\u00e4 Lieksan musiikkijuhlaviikkojen aikaisena Rukaj\u00e4rvi-keskuksen oppaana)<\/p>\n<figure id=\"attachment_3793\" aria-describedby=\"caption-attachment-3793\" style=\"width: 3072px\" class=\"wp-caption alignnone\"><a href=\"http:\/\/www.rukajarvensuunnanhistoriayhdistys.fi\/rukajarvikeskus\/wp-content\/uploads\/2018\/07\/Nurmij\u00e4rven-tykki.jpg\"><img loading=\"lazy\" decoding=\"async\" class=\"size-full wp-image-3793\" src=\"http:\/\/www.rukajarvensuunnanhistoriayhdistys.fi\/rukajarvikeskus\/wp-content\/uploads\/2018\/07\/Nurmij\u00e4rven-tykki.jpg\" alt=\"\" width=\"3072\" height=\"1728\"><\/a><figcaption id=\"caption-attachment-3793\" class=\"wp-caption-text\">Nurmij\u00e4rvell\u00e4 on nyt tykki. Kyl\u00e4yhdistyksen toimeliaat puuhamiehet ovat rakentaneet Nurmij\u00e4rvelle Kivivaarantien ja Kuhmontien risteykseen laavun ja Rukaj\u00e4rven suunnan historiayhdistyksen tykki sijoitettiin paikalleen. Kuvassa tykkikatoksen rakentamiseen osallistuneet kyl\u00e4yhdistyksen hallituksen j\u00e4sen Raimo Saviranta ja puheenjohtaja Heikki Turunen.&nbsp;Kuva TJT.<\/figcaption><\/figure>\n<figure id=\"attachment_3802\" aria-describedby=\"caption-attachment-3802\" style=\"width: 800px\" class=\"wp-caption alignnone\"><a href=\"http:\/\/www.rukajarvensuunnanhistoriayhdistys.fi\/rukajarvikeskus\/wp-content\/uploads\/2018\/07\/Korsukuoppa-Puuruu-2.jpg\"><img loading=\"lazy\" decoding=\"async\" class=\"size-full wp-image-3802\" src=\"http:\/\/www.rukajarvensuunnanhistoriayhdistys.fi\/rukajarvikeskus\/wp-content\/uploads\/2018\/07\/Korsukuoppa-Puuruu-2.jpg\" alt=\"\" width=\"800\" height=\"604\" srcset=\"http:\/\/www.rukajarvensuunnanhistoriayhdistys.fi\/rukajarvikeskus\/wp-content\/uploads\/2018\/07\/Korsukuoppa-Puuruu-2.jpg 800w, http:\/\/www.rukajarvensuunnanhistoriayhdistys.fi\/rukajarvikeskus\/wp-content\/uploads\/2018\/07\/Korsukuoppa-Puuruu-2-300x227.jpg 300w, http:\/\/www.rukajarvensuunnanhistoriayhdistys.fi\/rukajarvikeskus\/wp-content\/uploads\/2018\/07\/Korsukuoppa-Puuruu-2-768x580.jpg 768w\" sizes=\"auto, (max-width: 800px) 100vw, 800px\" \/><\/a><figcaption id=\"caption-attachment-3802\" class=\"wp-caption-text\">Rukaj\u00e4rven tien Salpaetuaseman korsunkuoppa Puuruun linjalla. 63\u00b0 32,449 &#8211; 30\u00b0 2,726 ETRS89 (maantieteelliset WGS84)). Kuva Ari Saastamoinen.<\/figcaption><\/figure>\n<figure id=\"attachment_3801\" aria-describedby=\"caption-attachment-3801\" style=\"width: 800px\" class=\"wp-caption alignnone\"><a href=\"http:\/\/www.rukajarvensuunnanhistoriayhdistys.fi\/rukajarvikeskus\/wp-content\/uploads\/2018\/07\/Kallioj\u00e4rvi-2.jpg\"><img loading=\"lazy\" decoding=\"async\" class=\"size-full wp-image-3801\" src=\"http:\/\/www.rukajarvensuunnanhistoriayhdistys.fi\/rukajarvikeskus\/wp-content\/uploads\/2018\/07\/Kallioj\u00e4rvi-2.jpg\" alt=\"\" width=\"800\" height=\"604\" srcset=\"http:\/\/www.rukajarvensuunnanhistoriayhdistys.fi\/rukajarvikeskus\/wp-content\/uploads\/2018\/07\/Kallioj\u00e4rvi-2.jpg 800w, http:\/\/www.rukajarvensuunnanhistoriayhdistys.fi\/rukajarvikeskus\/wp-content\/uploads\/2018\/07\/Kallioj\u00e4rvi-2-300x227.jpg 300w, http:\/\/www.rukajarvensuunnanhistoriayhdistys.fi\/rukajarvikeskus\/wp-content\/uploads\/2018\/07\/Kallioj\u00e4rvi-2-768x580.jpg 768w\" sizes=\"auto, (max-width: 800px) 100vw, 800px\" \/><\/a><figcaption id=\"caption-attachment-3801\" class=\"wp-caption-text\">Lieksassa Kallioj\u00e4rven opaste (63\u00b031,682\u2019 30\u00b023,151\u2019 ).&nbsp;Kuva Ari Saastamoinen.<\/figcaption><\/figure>\n<figure id=\"attachment_3799\" aria-describedby=\"caption-attachment-3799\" style=\"width: 800px\" class=\"wp-caption alignnone\"><a href=\"http:\/\/www.rukajarvensuunnanhistoriayhdistys.fi\/rukajarvikeskus\/wp-content\/uploads\/2018\/07\/Ruunaa-2.jpg\"><img loading=\"lazy\" decoding=\"async\" class=\"size-full wp-image-3799\" src=\"http:\/\/www.rukajarvensuunnanhistoriayhdistys.fi\/rukajarvikeskus\/wp-content\/uploads\/2018\/07\/Ruunaa-2.jpg\" alt=\"\" width=\"800\" height=\"604\" srcset=\"http:\/\/www.rukajarvensuunnanhistoriayhdistys.fi\/rukajarvikeskus\/wp-content\/uploads\/2018\/07\/Ruunaa-2.jpg 800w, http:\/\/www.rukajarvensuunnanhistoriayhdistys.fi\/rukajarvikeskus\/wp-content\/uploads\/2018\/07\/Ruunaa-2-300x227.jpg 300w, http:\/\/www.rukajarvensuunnanhistoriayhdistys.fi\/rukajarvikeskus\/wp-content\/uploads\/2018\/07\/Ruunaa-2-768x580.jpg 768w\" sizes=\"auto, (max-width: 800px) 100vw, 800px\" \/><\/a><figcaption id=\"caption-attachment-3799\" class=\"wp-caption-text\">Lieksassa Ruunaan opaste, uusin koordinaatein (63\u00b029,354\u2019 30\u00b026,432\u2019).&nbsp;Kuva Ari Saastamoinen.<\/figcaption><\/figure>\n<figure id=\"attachment_3804\" aria-describedby=\"caption-attachment-3804\" style=\"width: 800px\" class=\"wp-caption alignnone\"><a href=\"http:\/\/www.rukajarvensuunnanhistoriayhdistys.fi\/rukajarvikeskus\/wp-content\/uploads\/2018\/07\/Rajakankaankivi-2.jpg\"><img loading=\"lazy\" decoding=\"async\" class=\"size-full wp-image-3804\" src=\"http:\/\/www.rukajarvensuunnanhistoriayhdistys.fi\/rukajarvikeskus\/wp-content\/uploads\/2018\/07\/Rajakankaankivi-2.jpg\" alt=\"\" width=\"800\" height=\"604\" srcset=\"http:\/\/www.rukajarvensuunnanhistoriayhdistys.fi\/rukajarvikeskus\/wp-content\/uploads\/2018\/07\/Rajakankaankivi-2.jpg 800w, http:\/\/www.rukajarvensuunnanhistoriayhdistys.fi\/rukajarvikeskus\/wp-content\/uploads\/2018\/07\/Rajakankaankivi-2-300x227.jpg 300w, http:\/\/www.rukajarvensuunnanhistoriayhdistys.fi\/rukajarvikeskus\/wp-content\/uploads\/2018\/07\/Rajakankaankivi-2-768x580.jpg 768w\" sizes=\"auto, (max-width: 800px) 100vw, 800px\" \/><\/a><figcaption id=\"caption-attachment-3804\" class=\"wp-caption-text\">Kuhmossa Rajakankaankiven opaste (63\u00b054,794\u2019 30\u00b017,945\u2019).&nbsp;Kuva Ari Saastamoinen.<\/figcaption><\/figure>\n<figure id=\"attachment_3800\" aria-describedby=\"caption-attachment-3800\" style=\"width: 800px\" class=\"wp-caption alignnone\"><a href=\"http:\/\/www.rukajarvensuunnanhistoriayhdistys.fi\/rukajarvikeskus\/wp-content\/uploads\/2018\/07\/Hukkaj\u00e4rvi-2.jpg\"><img loading=\"lazy\" decoding=\"async\" class=\"size-full wp-image-3800\" src=\"http:\/\/www.rukajarvensuunnanhistoriayhdistys.fi\/rukajarvikeskus\/wp-content\/uploads\/2018\/07\/Hukkaj\u00e4rvi-2.jpg\" alt=\"\" width=\"800\" height=\"604\" srcset=\"http:\/\/www.rukajarvensuunnanhistoriayhdistys.fi\/rukajarvikeskus\/wp-content\/uploads\/2018\/07\/Hukkaj\u00e4rvi-2.jpg 800w, http:\/\/www.rukajarvensuunnanhistoriayhdistys.fi\/rukajarvikeskus\/wp-content\/uploads\/2018\/07\/Hukkaj\u00e4rvi-2-300x227.jpg 300w, http:\/\/www.rukajarvensuunnanhistoriayhdistys.fi\/rukajarvikeskus\/wp-content\/uploads\/2018\/07\/Hukkaj\u00e4rvi-2-768x580.jpg 768w\" sizes=\"auto, (max-width: 800px) 100vw, 800px\" \/><\/a><figcaption id=\"caption-attachment-3800\" class=\"wp-caption-text\">Kuhmossa Hukkaj\u00e4rven opaste (64\u00b00,5190\u2019 30\u00b026,023\u2019).&nbsp;Kuva Ari Saastamoinen.<\/figcaption><\/figure>\n<figure id=\"attachment_3803\" aria-describedby=\"caption-attachment-3803\" style=\"width: 800px\" class=\"wp-caption alignnone\"><a href=\"http:\/\/www.rukajarvensuunnanhistoriayhdistys.fi\/rukajarvikeskus\/wp-content\/uploads\/2018\/07\/Miinoankivi-2.jpg\"><img loading=\"lazy\" decoding=\"async\" class=\"size-full wp-image-3803\" src=\"http:\/\/www.rukajarvensuunnanhistoriayhdistys.fi\/rukajarvikeskus\/wp-content\/uploads\/2018\/07\/Miinoankivi-2.jpg\" alt=\"\" width=\"800\" height=\"604\" srcset=\"http:\/\/www.rukajarvensuunnanhistoriayhdistys.fi\/rukajarvikeskus\/wp-content\/uploads\/2018\/07\/Miinoankivi-2.jpg 800w, http:\/\/www.rukajarvensuunnanhistoriayhdistys.fi\/rukajarvikeskus\/wp-content\/uploads\/2018\/07\/Miinoankivi-2-300x227.jpg 300w, http:\/\/www.rukajarvensuunnanhistoriayhdistys.fi\/rukajarvikeskus\/wp-content\/uploads\/2018\/07\/Miinoankivi-2-768x580.jpg 768w\" sizes=\"auto, (max-width: 800px) 100vw, 800px\" \/><\/a><figcaption id=\"caption-attachment-3803\" class=\"wp-caption-text\">Kuhmossa Miinoankiven opaste (64\u00b020,156\u2019 30\u00b014,187\u2019).&nbsp;Kuva Ari Saastamoinen.<\/figcaption><\/figure>\n","protected":false},"excerpt":{"rendered":"<p>Vieraita silti enemm\u00e4n kuin edellisen\u00e4 kes\u00e4n\u00e4 Muistio Lieksan Rukaj\u00e4rvi-keskuksen toiminnasta kuluvan kes\u00e4n juhlaviikkojen ajalta Lieksan Rukaj\u00e4rvi-keskuksen k\u00e4vij\u00e4m\u00e4\u00e4r\u00e4 kuluvan vuonna on jo t\u00e4m\u00e4n kuukauden loppuun menness\u00e4 kohonnut jo nyt viimevuotiselle tasolle. <a class=\"more-link\" href=\"http:\/\/www.rukajarvensuunnanhistoriayhdistys.fi\/rukajarvikeskus\/ajankohtaista\/raastava-helle-alentaa-matkailijamaaria-lieksan-rukajarvi-keskuksesta\/\">Lue lis\u00e4\u00e4&#8230;<span class=\"screen-reader-text\">Raastava helle alentaa matkailijam\u00e4\u00e4ri\u00e4 Lieksan Rukaj\u00e4rvi-keskuksesta<\/span><span class=\"meta-nav\">\u2192<\/span><\/a><\/p>\n","protected":false},"author":4,"featured_media":0,"comment_status":"closed","ping_status":"open","sticky":false,"template":"","format":"standard","meta":{"ngg_post_thumbnail":0,"_jetpack_newsletter_access":"","_jetpack_dont_email_post_to_subs":false,"_jetpack_newsletter_tier_id":0,"_jetpack_memberships_contains_paywalled_content":false,"_jetpack_memberships_contains_paid_content":false,"footnotes":""},"categories":[26,32],"tags":[],"class_list":["post-3789","post","type-post","status-publish","format-standard","hentry","category-ajankohtaista","category-historiayhdistys"],"jetpack_featured_media_url":"","jetpack_sharing_enabled":true,"jetpack_shortlink":"https:\/\/wp.me\/p72N2f-Z7","_links":{"self":[{"href":"http:\/\/www.rukajarvensuunnanhistoriayhdistys.fi\/rukajarvikeskus\/wp-json\/wp\/v2\/posts\/3789","targetHints":{"allow":["GET"]}}],"collection":[{"href":"http:\/\/www.rukajarvensuunnanhistoriayhdistys.fi\/rukajarvikeskus\/wp-json\/wp\/v2\/posts"}],"about":[{"href":"http:\/\/www.rukajarvensuunnanhistoriayhdistys.fi\/rukajarvikeskus\/wp-json\/wp\/v2\/types\/post"}],"author":[{"embeddable":true,"href":"http:\/\/www.rukajarvensuunnanhistoriayhdistys.fi\/rukajarvikeskus\/wp-json\/wp\/v2\/users\/4"}],"replies":[{"embeddable":true,"href":"http:\/\/www.rukajarvensuunnanhistoriayhdistys.fi\/rukajarvikeskus\/wp-json\/wp\/v2\/comments?post=3789"}],"version-history":[{"count":3,"href":"http:\/\/www.rukajarvensuunnanhistoriayhdistys.fi\/rukajarvikeskus\/wp-json\/wp\/v2\/posts\/3789\/revisions"}],"predecessor-version":[{"id":3807,"href":"http:\/\/www.rukajarvensuunnanhistoriayhdistys.fi\/rukajarvikeskus\/wp-json\/wp\/v2\/posts\/3789\/revisions\/3807"}],"wp:attachment":[{"href":"http:\/\/www.rukajarvensuunnanhistoriayhdistys.fi\/rukajarvikeskus\/wp-json\/wp\/v2\/media?parent=3789"}],"wp:term":[{"taxonomy":"category","embeddable":true,"href":"http:\/\/www.rukajarvensuunnanhistoriayhdistys.fi\/rukajarvikeskus\/wp-json\/wp\/v2\/categories?post=3789"},{"taxonomy":"post_tag","embeddable":true,"href":"http:\/\/www.rukajarvensuunnanhistoriayhdistys.fi\/rukajarvikeskus\/wp-json\/wp\/v2\/tags?post=3789"}],"curies":[{"name":"wp","href":"https:\/\/api.w.org\/{rel}","templated":true}]}}