{"id":3815,"date":"2018-08-15T12:10:22","date_gmt":"2018-08-15T09:10:22","guid":{"rendered":"http:\/\/www.rukajarvensuunnanhistoriayhdistys.fi\/rukajarvikeskus\/?p=3815"},"modified":"2018-08-15T12:14:21","modified_gmt":"2018-08-15T09:14:21","slug":"liljankukka-hyvantekevaisyyskonsertti","status":"publish","type":"post","link":"http:\/\/www.rukajarvensuunnanhistoriayhdistys.fi\/rukajarvikeskus\/tapahtumat\/liljankukka-hyvantekevaisyyskonsertti\/","title":{"rendered":"&#8221;Liljankukka&#8221; &#8211; hyv\u00e4ntekev\u00e4isyyskonsertti"},"content":{"rendered":"<div class=\"fcbkbttn_buttons_block\" id=\"fcbkbttn_left\"><div class=\"fcbkbttn_like \"><fb:like href=\"http:\/\/www.rukajarvensuunnanhistoriayhdistys.fi\/rukajarvikeskus\/tapahtumat\/liljankukka-hyvantekevaisyyskonsertti\/\" action=\"like\" colorscheme=\"light\" layout=\"button_count\"  size=\"small\"><\/fb:like><\/div><\/div><p><a href=\"http:\/\/www.rukajarvensuunnanhistoriayhdistys.fi\/rukajarvikeskus\/wp-content\/uploads\/2018\/08\/Liljankukka-Rukaj\u00e4rvikeskus-su-26.8.2018-2.jpg\"><img loading=\"lazy\" decoding=\"async\" class=\"alignnone size-full wp-image-3816\" src=\"http:\/\/www.rukajarvensuunnanhistoriayhdistys.fi\/rukajarvikeskus\/wp-content\/uploads\/2018\/08\/Liljankukka-Rukaj\u00e4rvikeskus-su-26.8.2018-2.jpg\" alt=\"\" width=\"720\" height=\"1040\" srcset=\"http:\/\/www.rukajarvensuunnanhistoriayhdistys.fi\/rukajarvikeskus\/wp-content\/uploads\/2018\/08\/Liljankukka-Rukaj\u00e4rvikeskus-su-26.8.2018-2.jpg 720w, http:\/\/www.rukajarvensuunnanhistoriayhdistys.fi\/rukajarvikeskus\/wp-content\/uploads\/2018\/08\/Liljankukka-Rukaj\u00e4rvikeskus-su-26.8.2018-2-300x433.jpg 300w, http:\/\/www.rukajarvensuunnanhistoriayhdistys.fi\/rukajarvikeskus\/wp-content\/uploads\/2018\/08\/Liljankukka-Rukaj\u00e4rvikeskus-su-26.8.2018-2-208x300.jpg 208w, http:\/\/www.rukajarvensuunnanhistoriayhdistys.fi\/rukajarvikeskus\/wp-content\/uploads\/2018\/08\/Liljankukka-Rukaj\u00e4rvikeskus-su-26.8.2018-2-709x1024.jpg 709w\" sizes=\"auto, (max-width: 720px) 100vw, 720px\" \/><\/a><\/p>\n<p>Liljankukka oli yksi rakastetuimmista tangoista 40-, 50- ja 60-luvuilla &#8211; ja on sit\u00e4 edelleen. Liljankukan ja monta muuta kaunista kappaletta sek\u00e4 j\u00e4lleenrakentamisen ajan tarinaa kuulet herkk\u00e4tunnelmaisessa pienoiskonsertissa Lieksan Rukaj\u00e4rvi-keskuksella sunnuntaina 26.8.2018 klo 17.00<br \/>\nKonsertin j\u00e4lkeen mahdollisuus tutustua keskuksen n\u00e4yttelyihin ja tiloihin oppaan johdolla.<\/p>\n<p>Liput 10 \u20ac.&nbsp;<br \/>\nHalutessasi voit varata liput ennakkoon numerosta 040 5495808 Jatta Kettunen. Tiloja rajoitetusti.&nbsp;<\/p>\n<p>Lippu sis. p\u00e4\u00e4symaksun n\u00e4yttelyihin, opastuksen ja kahvitarjoilun.<\/p>\n<p>Konsertin j\u00e4rjest\u00e4v\u00e4t yhteisty\u00f6ss\u00e4 Rukaj\u00e4rvi-keskuksen kanssa Jatta ja Teuvo Kettunen sek\u00e4 Ritva Kilpel\u00e4inen.<\/p>\n<p><strong>L\u00e4mpim\u00e4sti tervetuloa !<\/strong><\/p>\n<p>Tapahtuma-aika: &nbsp;26.8.2018 klo 17 &#8211; 19:30.<\/p>\n<p>Lieksan Rukaj\u00e4rvi-keskus, os. Asema-Aukio 2, 81700 Lieksa<\/p>\n<p>Lis\u00e4tietoa <a href=\"https:\/\/www.karjalainen.fi\/teemat\/muuta\/menoinfo#!event\/880430?county=190\"><strong>T\u00c4\u00c4LT\u00c4<\/strong><\/a>:<\/p>\n","protected":false},"excerpt":{"rendered":"<p>Liljankukka oli yksi rakastetuimmista tangoista 40-, 50- ja 60-luvuilla &#8211; ja on sit\u00e4 edelleen. Liljankukan ja monta muuta kaunista kappaletta sek\u00e4 j\u00e4lleenrakentamisen ajan tarinaa kuulet herkk\u00e4tunnelmaisessa pienoiskonsertissa Lieksan Rukaj\u00e4rvi-keskuksella sunnuntaina <a class=\"more-link\" href=\"http:\/\/www.rukajarvensuunnanhistoriayhdistys.fi\/rukajarvikeskus\/tapahtumat\/liljankukka-hyvantekevaisyyskonsertti\/\">Lue lis\u00e4\u00e4&#8230;<span class=\"screen-reader-text\">&#8221;Liljankukka&#8221; &#8211; hyv\u00e4ntekev\u00e4isyyskonsertti<\/span><span class=\"meta-nav\">\u2192<\/span><\/a><\/p>\n","protected":false},"author":4,"featured_media":0,"comment_status":"closed","ping_status":"open","sticky":false,"template":"","format":"standard","meta":{"ngg_post_thumbnail":0,"_jetpack_newsletter_access":"","_jetpack_dont_email_post_to_subs":false,"_jetpack_newsletter_tier_id":0,"_jetpack_memberships_contains_paywalled_content":false,"_jetpack_memberships_contains_paid_content":false,"footnotes":""},"categories":[26,32,15],"tags":[],"class_list":["post-3815","post","type-post","status-publish","format-standard","hentry","category-ajankohtaista","category-historiayhdistys","category-tapahtumat"],"jetpack_featured_media_url":"","jetpack_sharing_enabled":true,"jetpack_shortlink":"https:\/\/wp.me\/p72N2f-Zx","_links":{"self":[{"href":"http:\/\/www.rukajarvensuunnanhistoriayhdistys.fi\/rukajarvikeskus\/wp-json\/wp\/v2\/posts\/3815","targetHints":{"allow":["GET"]}}],"collection":[{"href":"http:\/\/www.rukajarvensuunnanhistoriayhdistys.fi\/rukajarvikeskus\/wp-json\/wp\/v2\/posts"}],"about":[{"href":"http:\/\/www.rukajarvensuunnanhistoriayhdistys.fi\/rukajarvikeskus\/wp-json\/wp\/v2\/types\/post"}],"author":[{"embeddable":true,"href":"http:\/\/www.rukajarvensuunnanhistoriayhdistys.fi\/rukajarvikeskus\/wp-json\/wp\/v2\/users\/4"}],"replies":[{"embeddable":true,"href":"http:\/\/www.rukajarvensuunnanhistoriayhdistys.fi\/rukajarvikeskus\/wp-json\/wp\/v2\/comments?post=3815"}],"version-history":[{"count":1,"href":"http:\/\/www.rukajarvensuunnanhistoriayhdistys.fi\/rukajarvikeskus\/wp-json\/wp\/v2\/posts\/3815\/revisions"}],"predecessor-version":[{"id":3817,"href":"http:\/\/www.rukajarvensuunnanhistoriayhdistys.fi\/rukajarvikeskus\/wp-json\/wp\/v2\/posts\/3815\/revisions\/3817"}],"wp:attachment":[{"href":"http:\/\/www.rukajarvensuunnanhistoriayhdistys.fi\/rukajarvikeskus\/wp-json\/wp\/v2\/media?parent=3815"}],"wp:term":[{"taxonomy":"category","embeddable":true,"href":"http:\/\/www.rukajarvensuunnanhistoriayhdistys.fi\/rukajarvikeskus\/wp-json\/wp\/v2\/categories?post=3815"},{"taxonomy":"post_tag","embeddable":true,"href":"http:\/\/www.rukajarvensuunnanhistoriayhdistys.fi\/rukajarvikeskus\/wp-json\/wp\/v2\/tags?post=3815"}],"curies":[{"name":"wp","href":"https:\/\/api.w.org\/{rel}","templated":true}]}}