{"id":3819,"date":"2018-08-28T12:06:56","date_gmt":"2018-08-28T09:06:56","guid":{"rendered":"http:\/\/www.rukajarvensuunnanhistoriayhdistys.fi\/rukajarvikeskus\/?p=3819"},"modified":"2018-08-28T12:06:56","modified_gmt":"2018-08-28T09:06:56","slug":"yleisonpyynnosta-liljankukka-konsertti-uusitaan-torstaina-30-8-2018-klo-17","status":"publish","type":"post","link":"http:\/\/www.rukajarvensuunnanhistoriayhdistys.fi\/rukajarvikeskus\/tapahtumat\/yleisonpyynnosta-liljankukka-konsertti-uusitaan-torstaina-30-8-2018-klo-17\/","title":{"rendered":"Yleis\u00f6npyynn\u00f6st\u00e4 &#8221;Liljankukka&#8221;-konsertti uusitaan torstaina 30.8.2018 klo 17."},"content":{"rendered":"<div class=\"fcbkbttn_buttons_block\" id=\"fcbkbttn_left\"><div class=\"fcbkbttn_like \"><fb:like href=\"http:\/\/www.rukajarvensuunnanhistoriayhdistys.fi\/rukajarvikeskus\/tapahtumat\/yleisonpyynnosta-liljankukka-konsertti-uusitaan-torstaina-30-8-2018-klo-17\/\" action=\"like\" colorscheme=\"light\" layout=\"button_count\"  size=\"small\"><\/fb:like><\/div><\/div><p>Rukaj\u00e4rvi-keskus Lieksassa t\u00e4yttyi &#8211;&nbsp;Yleis\u00f6npyynn\u00f6st\u00e4 &#8221;Liljankukka&#8221;-konsertti uusitaan<\/p>\n<p><a href=\"http:\/\/www.rukajarvensuunnanhistoriayhdistys.fi\/rukajarvikeskus\/wp-content\/uploads\/2018\/08\/Liljankukka-Rukaj\u00e4rvikeskus-su-30-8-2018.jpg\"><img loading=\"lazy\" decoding=\"async\" class=\"alignnone size-full wp-image-3820\" src=\"http:\/\/www.rukajarvensuunnanhistoriayhdistys.fi\/rukajarvikeskus\/wp-content\/uploads\/2018\/08\/Liljankukka-Rukaj\u00e4rvikeskus-su-30-8-2018.jpg\" alt=\"\" width=\"720\" height=\"1040\" srcset=\"http:\/\/www.rukajarvensuunnanhistoriayhdistys.fi\/rukajarvikeskus\/wp-content\/uploads\/2018\/08\/Liljankukka-Rukaj\u00e4rvikeskus-su-30-8-2018.jpg 720w, http:\/\/www.rukajarvensuunnanhistoriayhdistys.fi\/rukajarvikeskus\/wp-content\/uploads\/2018\/08\/Liljankukka-Rukaj\u00e4rvikeskus-su-30-8-2018-300x433.jpg 300w, http:\/\/www.rukajarvensuunnanhistoriayhdistys.fi\/rukajarvikeskus\/wp-content\/uploads\/2018\/08\/Liljankukka-Rukaj\u00e4rvikeskus-su-30-8-2018-208x300.jpg 208w, http:\/\/www.rukajarvensuunnanhistoriayhdistys.fi\/rukajarvikeskus\/wp-content\/uploads\/2018\/08\/Liljankukka-Rukaj\u00e4rvikeskus-su-30-8-2018-709x1024.jpg 709w\" sizes=\"auto, (max-width: 720px) 100vw, 720px\" \/><\/a><\/p>\n<p>Jatta ja Teuvo sek\u00e4 Ritva !<\/p>\n<p>Syd\u00e4melliset kiitoksemme koko Rukaj\u00e4rvi-yhteis\u00f6n puolesta. Kiitos Jatan ja Ritvan \u00e4idille j\u00e4rjestelyihin osallistumisesta ja kiitos koko ty\u00f6porukalle nautinnollisesta el\u00e4myksest\u00e4. Olemme saaneet useita soittoja heti esityksenne j\u00e4lkeen, jossa kiiteltiin esityst\u00e4nne ja erinomaisia j\u00e4rjestelyj\u00e4nne.<\/p>\n<p>Iloitsemme my\u00f6s siit\u00e4, ett\u00e4 kuulimme p\u00e4\u00e4t\u00f6ksest\u00e4nne j\u00e4rjest\u00e4\u00e4 yleis\u00f6npyynn\u00f6st\u00e4 &#8221;Liljankukka&#8221;-konsertin uusinnan.<\/p>\n<p>Hyv\u00e4ntekev\u00e4isyyskonsertin uusinta on siis torstaina 30.8.2018 klo 17.00 alkaen. Tarkemmat tiedot oheisesta esitteest\u00e4.<\/p>\n<p>Viel\u00e4 parhaat kiitoksemme<\/p>\n<p>Terveisin<\/p>\n<p>Tenho Tikkanen, puheenjohtaja<\/p>\n","protected":false},"excerpt":{"rendered":"<p>Rukaj\u00e4rvi-keskus Lieksassa t\u00e4yttyi &#8211;&nbsp;Yleis\u00f6npyynn\u00f6st\u00e4 &#8221;Liljankukka&#8221;-konsertti uusitaan Jatta ja Teuvo sek\u00e4 Ritva ! Syd\u00e4melliset kiitoksemme koko Rukaj\u00e4rvi-yhteis\u00f6n puolesta. Kiitos Jatan ja Ritvan \u00e4idille j\u00e4rjestelyihin osallistumisesta ja kiitos koko ty\u00f6porukalle nautinnollisesta el\u00e4myksest\u00e4. <a class=\"more-link\" href=\"http:\/\/www.rukajarvensuunnanhistoriayhdistys.fi\/rukajarvikeskus\/tapahtumat\/yleisonpyynnosta-liljankukka-konsertti-uusitaan-torstaina-30-8-2018-klo-17\/\">Lue lis\u00e4\u00e4&#8230;<span class=\"screen-reader-text\">Yleis\u00f6npyynn\u00f6st\u00e4 &#8221;Liljankukka&#8221;-konsertti uusitaan torstaina 30.8.2018 klo 17.<\/span><span class=\"meta-nav\">\u2192<\/span><\/a><\/p>\n","protected":false},"author":4,"featured_media":0,"comment_status":"closed","ping_status":"open","sticky":false,"template":"","format":"standard","meta":{"ngg_post_thumbnail":0,"_jetpack_newsletter_access":"","_jetpack_dont_email_post_to_subs":false,"_jetpack_newsletter_tier_id":0,"_jetpack_memberships_contains_paywalled_content":false,"_jetpack_memberships_contains_paid_content":false,"footnotes":""},"categories":[26,32,15],"tags":[],"class_list":["post-3819","post","type-post","status-publish","format-standard","hentry","category-ajankohtaista","category-historiayhdistys","category-tapahtumat"],"jetpack_featured_media_url":"","jetpack_sharing_enabled":true,"jetpack_shortlink":"https:\/\/wp.me\/p72N2f-ZB","_links":{"self":[{"href":"http:\/\/www.rukajarvensuunnanhistoriayhdistys.fi\/rukajarvikeskus\/wp-json\/wp\/v2\/posts\/3819","targetHints":{"allow":["GET"]}}],"collection":[{"href":"http:\/\/www.rukajarvensuunnanhistoriayhdistys.fi\/rukajarvikeskus\/wp-json\/wp\/v2\/posts"}],"about":[{"href":"http:\/\/www.rukajarvensuunnanhistoriayhdistys.fi\/rukajarvikeskus\/wp-json\/wp\/v2\/types\/post"}],"author":[{"embeddable":true,"href":"http:\/\/www.rukajarvensuunnanhistoriayhdistys.fi\/rukajarvikeskus\/wp-json\/wp\/v2\/users\/4"}],"replies":[{"embeddable":true,"href":"http:\/\/www.rukajarvensuunnanhistoriayhdistys.fi\/rukajarvikeskus\/wp-json\/wp\/v2\/comments?post=3819"}],"version-history":[{"count":1,"href":"http:\/\/www.rukajarvensuunnanhistoriayhdistys.fi\/rukajarvikeskus\/wp-json\/wp\/v2\/posts\/3819\/revisions"}],"predecessor-version":[{"id":3821,"href":"http:\/\/www.rukajarvensuunnanhistoriayhdistys.fi\/rukajarvikeskus\/wp-json\/wp\/v2\/posts\/3819\/revisions\/3821"}],"wp:attachment":[{"href":"http:\/\/www.rukajarvensuunnanhistoriayhdistys.fi\/rukajarvikeskus\/wp-json\/wp\/v2\/media?parent=3819"}],"wp:term":[{"taxonomy":"category","embeddable":true,"href":"http:\/\/www.rukajarvensuunnanhistoriayhdistys.fi\/rukajarvikeskus\/wp-json\/wp\/v2\/categories?post=3819"},{"taxonomy":"post_tag","embeddable":true,"href":"http:\/\/www.rukajarvensuunnanhistoriayhdistys.fi\/rukajarvikeskus\/wp-json\/wp\/v2\/tags?post=3819"}],"curies":[{"name":"wp","href":"https:\/\/api.w.org\/{rel}","templated":true}]}}