{"id":4111,"date":"2019-06-01T13:37:07","date_gmt":"2019-06-01T10:37:07","guid":{"rendered":"http:\/\/www.rukajarvensuunnanhistoriayhdistys.fi\/rukajarvikeskus\/?p=4111"},"modified":"2019-06-01T13:37:13","modified_gmt":"2019-06-01T10:37:13","slug":"e-j-raappanan-muistoseminaari-9-6-2019-lieksan-rukajarvi-keskus-asema-aukio-2-81700-lieksa","status":"publish","type":"post","link":"http:\/\/www.rukajarvensuunnanhistoriayhdistys.fi\/rukajarvikeskus\/tapahtumat\/e-j-raappanan-muistoseminaari-9-6-2019-lieksan-rukajarvi-keskus-asema-aukio-2-81700-lieksa\/","title":{"rendered":"E.J. Raappanan muistoseminaari 9.6.2019, Lieksan Rukaj\u00e4rvi-keskus Asema-Aukio 2, 81700 Lieksa"},"content":{"rendered":"<div class=\"fcbkbttn_buttons_block\" id=\"fcbkbttn_left\"><div class=\"fcbkbttn_like \"><fb:like href=\"http:\/\/www.rukajarvensuunnanhistoriayhdistys.fi\/rukajarvikeskus\/tapahtumat\/e-j-raappanan-muistoseminaari-9-6-2019-lieksan-rukajarvi-keskus-asema-aukio-2-81700-lieksa\/\" action=\"like\" colorscheme=\"light\" layout=\"button_count\"  size=\"small\"><\/fb:like><\/div><\/div>\n<p> J\u00e4lleen on aika kokoontua vuosittain pidett\u00e4v\u00e4\u00e4n <strong>E.J. Raappanan muistoseminaariin<\/strong>. Seminaari on samalla Lieksan Rukaj\u00e4rvi-keskuksen vuosittain j\u00e4rjestett\u00e4v\u00e4 n\u00e4yttelykauden avaustilaisuus. Seminaari pidet\u00e4\u00e4n 9.6.2019 klo 12.00 &#8211; 15.00. <\/p>\n\n\n\n<figure class=\"wp-block-image\"><img loading=\"lazy\" decoding=\"async\" width=\"768\" height=\"1024\" src=\"http:\/\/www.rukajarvensuunnanhistoriayhdistys.fi\/rukajarvikeskus\/wp-content\/uploads\/2019\/06\/E-J-Raappana-seminaarin-ohjelma-9-6-2019-768x1024.jpg\" alt=\"\" class=\"wp-image-4112\" srcset=\"http:\/\/www.rukajarvensuunnanhistoriayhdistys.fi\/rukajarvikeskus\/wp-content\/uploads\/2019\/06\/E-J-Raappana-seminaarin-ohjelma-9-6-2019-768x1024.jpg 768w, http:\/\/www.rukajarvensuunnanhistoriayhdistys.fi\/rukajarvikeskus\/wp-content\/uploads\/2019\/06\/E-J-Raappana-seminaarin-ohjelma-9-6-2019-300x400.jpg 300w, http:\/\/www.rukajarvensuunnanhistoriayhdistys.fi\/rukajarvikeskus\/wp-content\/uploads\/2019\/06\/E-J-Raappana-seminaarin-ohjelma-9-6-2019-225x300.jpg 225w, http:\/\/www.rukajarvensuunnanhistoriayhdistys.fi\/rukajarvikeskus\/wp-content\/uploads\/2019\/06\/E-J-Raappana-seminaarin-ohjelma-9-6-2019.jpg 1395w\" sizes=\"auto, (max-width: 768px) 100vw, 768px\" \/><\/figure>\n\n\n\n<p>Tulevana kes\u00e4n\u00e4 Lieksan Rukaj\u00e4rvi-keskuksessa on vahvasti\nesill\u00e4 viesti- ja partiotoiminta sek\u00e4 rintamataide. <\/p>\n\n\n\n<p>Lieksan Rukaj\u00e4rvi-keskukseen olemme saneet kootuksi kaksi\neritt\u00e4in harvinaista n\u00e4yttely\u00e4. <strong>Rukaj\u00e4rven\nviestisotaa n\u00e4yttely<\/strong> oli hiukan suppeampana esill\u00e4 jo edellisen\u00e4 kes\u00e4n\u00e4, <strong>nyt t\u00e4m\u00e4 n\u00e4yttely j\u00e4\u00e4 pysyv\u00e4ksi.<\/strong> Koskaan\naikaisemmin ei ole ollut esill\u00e4 samassa paikassa rintamasuunnan koko viestikalusto.\nNyt Rukaj\u00e4rven rintaman viestikalustoon voi tutustua Lieksan\nRukaj\u00e4rvi-keskuksen n\u00e4yttelyss\u00e4. <\/p>\n\n\n\n<p>Onnistuimme kokoamaan my\u00f6s &nbsp;<strong>aitojen\nRukaj\u00e4rven rintamalla maalattujen taideteosten n\u00e4yttelyn.<\/strong> Nyt t\u00e4m\u00e4kin\nn\u00e4yttely tulee olemaan Lieksan Rukaj\u00e4rvi-keskuksessa <strong>pysyv\u00e4sti esill\u00e4.<\/strong> Rukaj\u00e4rven rintamalla toimi useita nimekk\u00e4it\u00e4\ntaiteilijoita, joista tuotteliaimmat olivat Kalle Halonen, Erkki Matilainen ja\nToivo Jutila. E.J. Raappanan muistoseminaarissa voimme tutustua Rukaj\u00e4rven\nrintamataiteeseen my\u00f6s esitelm\u00e4n kautta.<\/p>\n\n\n\n<p>Hein\u00e4kuussa Monola Gaala viikolla (la. 6.7.2019 klo\n12.00-14.00) Lieksan Rukaj\u00e4rvi-keskuksessa tutustutaan sotiemme kaukopartiotoimintaan\n. Seminaarissa t\u00e4t\u00e4 aihetta selvitt\u00e4v\u00e4t meille Tauno Oksanen, Ari Komulainen ja\nRauno Suhonen. Tilaisuudessa n\u00e4hd\u00e4\u00e4n elokuva &#8221;Kohtalokas kaukopartio&#8221;\nelokuva ja samalla voi hankkia aihetta k\u00e4sittelev\u00e4n yli 600-sivuisen teoksen\n&#8221;Raappanan tiedustelijat&#8221;.<\/p>\n\n\n\n<p>Lieksan Vaskiviikkojen seminaari (27.7.2019, klo\n12.00-14.00) puolestaan k\u00e4sittelee aihetta &#8221;Asevelihenki ja Rukaj\u00e4rven\nrintaman asevelitalot&#8221;. T\u00e4m\u00e4n seminaarin ohjelmasta kerrotaan my\u00f6hemmin.<\/p>\n\n\n\n<p>Tervetuloa tutustumaan n\u00e4yttelyihin ja seminaareihin. <\/p>\n\n\n\n<p>Seppo R\u00e4ih\u00e4, puheenjohtaja<\/p>\n","protected":false},"excerpt":{"rendered":"<p>J\u00e4lleen on aika kokoontua vuosittain pidett\u00e4v\u00e4\u00e4n E.J. Raappanan muistoseminaariin. Seminaari on samalla Lieksan Rukaj\u00e4rvi-keskuksen vuosittain j\u00e4rjestett\u00e4v\u00e4 n\u00e4yttelykauden avaustilaisuus. Seminaari pidet\u00e4\u00e4n 9.6.2019 klo 12.00 &#8211; 15.00. Tulevana kes\u00e4n\u00e4 Lieksan Rukaj\u00e4rvi-keskuksessa on <a class=\"more-link\" href=\"http:\/\/www.rukajarvensuunnanhistoriayhdistys.fi\/rukajarvikeskus\/tapahtumat\/e-j-raappanan-muistoseminaari-9-6-2019-lieksan-rukajarvi-keskus-asema-aukio-2-81700-lieksa\/\">Lue lis\u00e4\u00e4&#8230;<span class=\"screen-reader-text\">E.J. Raappanan muistoseminaari 9.6.2019, Lieksan Rukaj\u00e4rvi-keskus Asema-Aukio 2, 81700 Lieksa<\/span><span class=\"meta-nav\">\u2192<\/span><\/a><\/p>\n","protected":false},"author":4,"featured_media":0,"comment_status":"closed","ping_status":"open","sticky":false,"template":"","format":"standard","meta":{"ngg_post_thumbnail":0,"_jetpack_newsletter_access":"","_jetpack_dont_email_post_to_subs":false,"_jetpack_newsletter_tier_id":0,"_jetpack_memberships_contains_paywalled_content":false,"_jetpack_memberships_contains_paid_content":false,"footnotes":""},"categories":[26,31,32,15],"tags":[],"class_list":["post-4111","post","type-post","status-publish","format-standard","hentry","category-ajankohtaista","category-esitelmat","category-historiayhdistys","category-tapahtumat"],"jetpack_featured_media_url":"","jetpack_sharing_enabled":true,"jetpack_shortlink":"https:\/\/wp.me\/p72N2f-14j","_links":{"self":[{"href":"http:\/\/www.rukajarvensuunnanhistoriayhdistys.fi\/rukajarvikeskus\/wp-json\/wp\/v2\/posts\/4111","targetHints":{"allow":["GET"]}}],"collection":[{"href":"http:\/\/www.rukajarvensuunnanhistoriayhdistys.fi\/rukajarvikeskus\/wp-json\/wp\/v2\/posts"}],"about":[{"href":"http:\/\/www.rukajarvensuunnanhistoriayhdistys.fi\/rukajarvikeskus\/wp-json\/wp\/v2\/types\/post"}],"author":[{"embeddable":true,"href":"http:\/\/www.rukajarvensuunnanhistoriayhdistys.fi\/rukajarvikeskus\/wp-json\/wp\/v2\/users\/4"}],"replies":[{"embeddable":true,"href":"http:\/\/www.rukajarvensuunnanhistoriayhdistys.fi\/rukajarvikeskus\/wp-json\/wp\/v2\/comments?post=4111"}],"version-history":[{"count":1,"href":"http:\/\/www.rukajarvensuunnanhistoriayhdistys.fi\/rukajarvikeskus\/wp-json\/wp\/v2\/posts\/4111\/revisions"}],"predecessor-version":[{"id":4113,"href":"http:\/\/www.rukajarvensuunnanhistoriayhdistys.fi\/rukajarvikeskus\/wp-json\/wp\/v2\/posts\/4111\/revisions\/4113"}],"wp:attachment":[{"href":"http:\/\/www.rukajarvensuunnanhistoriayhdistys.fi\/rukajarvikeskus\/wp-json\/wp\/v2\/media?parent=4111"}],"wp:term":[{"taxonomy":"category","embeddable":true,"href":"http:\/\/www.rukajarvensuunnanhistoriayhdistys.fi\/rukajarvikeskus\/wp-json\/wp\/v2\/categories?post=4111"},{"taxonomy":"post_tag","embeddable":true,"href":"http:\/\/www.rukajarvensuunnanhistoriayhdistys.fi\/rukajarvikeskus\/wp-json\/wp\/v2\/tags?post=4111"}],"curies":[{"name":"wp","href":"https:\/\/api.w.org\/{rel}","templated":true}]}}