{"id":4120,"date":"2019-06-19T06:51:16","date_gmt":"2019-06-19T03:51:16","guid":{"rendered":"http:\/\/www.rukajarvensuunnanhistoriayhdistys.fi\/rukajarvikeskus\/?p=4120"},"modified":"2019-06-21T08:12:32","modified_gmt":"2019-06-21T05:12:32","slug":"lieksan-rukajarvi-keskus-e-j-raappanan-muistoseminaari-9-6-2019","status":"publish","type":"post","link":"http:\/\/www.rukajarvensuunnanhistoriayhdistys.fi\/rukajarvikeskus\/tapahtumat\/lieksan-rukajarvi-keskus-e-j-raappanan-muistoseminaari-9-6-2019\/","title":{"rendered":"Lieksan Rukaj\u00e4rvi-keskus E.J. Raappanan muistoseminaari 9.6.2019"},"content":{"rendered":"<div class=\"fcbkbttn_buttons_block\" id=\"fcbkbttn_left\"><div class=\"fcbkbttn_like \"><fb:like href=\"http:\/\/www.rukajarvensuunnanhistoriayhdistys.fi\/rukajarvikeskus\/tapahtumat\/lieksan-rukajarvi-keskus-e-j-raappanan-muistoseminaari-9-6-2019\/\" action=\"like\" colorscheme=\"light\" layout=\"button_count\"  size=\"small\"><\/fb:like><\/div><\/div>\n<p><strong>L<\/strong>Komentaja E.J. Raappanan muistoseminaaria vietettiin 9.6. viikonloppuna kauniissa s\u00e4\u00e4ss\u00e4.&nbsp; Juhlallisuudet alkoivat perinteiseen tapaan Joensuussa, jossa laskettiin seppele kenraalimajuri E.J. Raappanan haudalle. Joensuulainen Ossi H\u00e4m\u00e4l\u00e4inen oli istuttanut kauniit kukat. Seppeleen teki lieksalainen Osmo Kukkonen. H\u00e4n laski seppeleen yhdess\u00e4 Raine Narvan ja Jari K\u00e4rkk\u00e4isen kanssa. Seppeleen nauhoihin oli kirjoitettu tekstit.<\/p>\n\n\n\n<p>1. Nauha: \u201dMin\u00e4 uskallan toivoa, ett\u00e4 s\u00e4ilyt\u00e4tte saman kunniakkaan nimen, jonka joukkomme t\u00e4\u00e4ll\u00e4 ovat saavuttaneet. E.J. Raappana Repolassa 20.9.1944.\u201d<\/p>\n\n\n\n<p>2. nauha: Kunnioitetun Rukaj\u00e4rven suunnan komentaja E.J. Raappanan muistolle.<\/p>\n\n\n\n<p>3. nauha: Rukaj\u00e4rven suunnan veteraanit, Rukaj\u00e4rven suunnan historiikkitoimikunta, Rukaj\u00e4rven suunnan historiayhdistys ry.<\/p>\n\n\n\n<figure class=\"wp-block-image\"><img decoding=\"async\" src=\"http:\/\/www.rukajarvensuunnanhistoriayhdistys.fi\/historiayhdistys\/wp-content\/uploads\/2019\/06\/WP_20190609_09_10_43_Pro.jpg\" alt=\"\"\/><figcaption> <br>Jari K\u00e4rkk\u00e4inen, Osmo Kukkonen ja Raine Narva. Kuva Tenho Tikkanen. <\/figcaption><\/figure>\n\n\n\n<figure class=\"wp-block-image\"><img decoding=\"async\" src=\"http:\/\/www.rukajarvensuunnanhistoriayhdistys.fi\/historiayhdistys\/wp-content\/uploads\/2019\/06\/WP_20190609_09_13_16_Pro.jpg\" alt=\"\"\/><figcaption> <br>Kenraalimajuri E.J.Raappanan hauta Joensuussa 9.6.2019 <\/figcaption><\/figure>\n\n\n\n<p>Lieksan seminaarin ja uudet n\u00e4yttelyt avasi yhdistyksen hallituksen j\u00e4sen Jari K\u00e4rkk\u00e4inen. Avauksessaan h\u00e4n k\u00e4sitteli yhdistyksen tulevan kes\u00e4n toimintaa. Jari K\u00e4rkk\u00e4inen kertoi, ett\u00e4 Lieksan Rukaj\u00e4rvi-keskuksessa j\u00e4rjestet\u00e4\u00e4n 6.7.2019 seminaari Raappanan tiedustelijat sek\u00e4 26.7.2019 seminaari Asevelihenki ja asevelitalot. K\u00e4rkk\u00e4inen kertoi, ett\u00e4 syksyn 75-vuotta Jatkosodan p\u00e4\u00e4ttymisest\u00e4 juhlaan liittyv\u00e4n Repolan matkan j\u00e4rjest\u00e4minen tuskin onnistuu. Kuluvan kes\u00e4n matkat Rukaj\u00e4rvelle ovat menneet kuin kuumille kiville. Kes\u00e4kuun ja hein\u00e4kuun matkat ovat t\u00e4yttyiv\u00e4t hetkess\u00e4 ja kysynt\u00e4\u00e4 olisi jatkuvasti. Yhdistyksen edustajat ovat avustaneet lukuisten pienempien ryhm\u00e4matkojen j\u00e4rjest\u00e4mist\u00e4.<\/p>\n\n\n\n<p>Jari K\u00e4rkk\u00e4inen avasi ja esitteli puheensa lopuksi Lieksan Rukaj\u00e4rvi-keskuksen uudet n\u00e4yttelyt.<\/p>\n\n\n\n<figure class=\"wp-block-image\"><img decoding=\"async\" src=\"http:\/\/www.rukajarvensuunnanhistoriayhdistys.fi\/historiayhdistys\/wp-content\/uploads\/2019\/06\/DSC_0889-Saarelainen-Asko.jpg\" alt=\"\"\/><figcaption>Rehtori Aseko Saarelainen.<\/figcaption><\/figure>\n\n\n\n<p>Lieksan kaupungin tervehdyksen seminaariin toi t\u00e4ll\u00e4 kertaa rehtori Asko Saarelainen, joka kiitti Lieksan sotahistoriaty\u00f6n j\u00e4rjest\u00e4miseen osallistuvien yhdistysten, Lieksan Matkailuoppaitten, Lieksan Tukipisteen, Rukaj\u00e4rven suunnan historiayhdistyksen, Lieksan Rajakillan ja eri veteraanij\u00e4rjest\u00f6jen yhteisty\u00f6t\u00e4, mink\u00e4 avulla voidaan palvella yh\u00e4 paremmin Lieksan ja viel\u00e4kin laajemminkin koko Pielisen alueen matkailua.<\/p>\n\n\n\n<p>Raine Narvan esitelm\u00e4 Muurmannin radan partioretkest\u00e4 on kiinnostava kokonaisuus ja kehittyy koko ajan. Narva on pit\u00e4nyt is\u00e4ns\u00e4 TK-upseeri Toivo V. Narvan \u201dAARRE ARKUSTA\u201d l\u00f6yt\u00e4m\u00e4\u00e4ns\u00e4 aineistoon perustuvia luentoja eri puolella Suomea. Esitelm\u00e4tilaisuuksia on kertynyt jo yli 50, joissa on ollut 4.100 kuulijaa. Esitelm\u00e4 on er\u00e4s suosituimmista sotahistorialuennoista maassamme ja Raine Narva ker\u00e4\u00e4 edelleen aineistoa tulevien aihetta k\u00e4sittelevien esitelmiens\u00e4 tueksi.<\/p>\n\n\n\n<figure class=\"wp-block-image\"><img decoding=\"async\" src=\"http:\/\/www.rukajarvensuunnanhistoriayhdistys.fi\/historiayhdistys\/wp-content\/uploads\/2019\/06\/DSC_0893-Raine-Narva.jpg\" alt=\"\"\/><figcaption>Raine Narva.<\/figcaption><\/figure>\n\n\n\n<p> Raine Narva esitteli my\u00f6s is\u00e4ns\u00e4 \u201dAARRE ARKUN\u201d ja tekem\u00e4ns\u00e4 esitelm\u00e4aineistosta kootun ja syksyll\u00e4 ilmestyv\u00e4n kirjan \u201dKatkaiskaa Muurmannin rata\u201d. Kirjassa julkaistaan ensi kertaa kaikki TK-upseerin partioretkelt\u00e4 ottamat valokuvat sota-aikaisine selityksineen. Kirjan ovat koonneet ja kirjoittaneet tunnettu sotakirjailija Simo Liikanen ja esitelm\u00e4n pit\u00e4j\u00e4 Raine Narva. Kirjan kustantaa Gummerus. <\/p>\n\n\n\n<figure class=\"wp-block-image\"><img decoding=\"async\" src=\"http:\/\/www.rukajarvensuunnanhistoriayhdistys.fi\/historiayhdistys\/wp-content\/uploads\/2019\/06\/Katkaiskaa_Muurmannin_rata15175.jpg\" alt=\"\"\/><\/figure>\n\n\n\n<p> Tenho Tikkasen esitelm\u00f6i aiheesta \u201dRukaj\u00e4rven rintaman taidetta\u201d. Esitelm\u00e4n kirjoitetun rungon julkaisemme oheisena ja siihen voi tutustua&nbsp;<a href=\"http:\/\/www.rukajarvensuunnanhistoriayhdistys.fi\/historiayhdistys\/wp-content\/uploads\/2019\/06\/Rukaj%C3%A4rven-rintamataidetta-esitelm%C3%A4-9-6-2019-TJT.pdf\">T\u00c4\u00c4LT\u00c4<\/a>. Esitelm\u00e4 on osa Tikkasen my\u00f6hemmin julkaistavaa \u201dRukaj\u00e4rven suunnan sodanj\u00e4lkeisen sotahistoriaty\u00f6n historiikki\u201d kirjoitusty\u00f6t\u00e4. Valistustoimiston sotap\u00e4iv\u00e4kirjan otteet l\u00f6ytyv\u00e4t&nbsp;<a href=\"http:\/\/www.rukajarvensuunnanhistoriayhdistys.fi\/historiayhdistys\/wp-content\/uploads\/2019\/06\/Rukaj%C3%A4rvi_4200_spk_1942-1944-1.pdf\">T\u00c4\u00c4LT\u00c4<\/a>: <\/p>\n\n\n\n<figure class=\"wp-block-image\"><img decoding=\"async\" src=\"http:\/\/www.rukajarvensuunnanhistoriayhdistys.fi\/historiayhdistys\/wp-content\/uploads\/2019\/06\/WP_20190522_14_53_15_Pro.jpg\" alt=\"\"\/><figcaption> <br>Seppo R\u00e4ih\u00e4, Ritva Kilpel\u00e4inen ja Jatta Kettunen. Rukaj\u00e4rven rintaman taidetta n\u00e4yttelyn pystytys .<\/figcaption><\/figure>\n\n\n\n<p>Seminaarin katkaisi kova ukkosmyrsky, mink\u00e4 vuoksi kaikkea suunniteltua kuva- ja videomateriaalia ei voitu tilaisuudessa suunnitellussa muodossa esitt\u00e4\u00e4.<\/p>\n\n\n\n<p>Seminaarin lopuksi k\u00e4ytiin vilkas keskustelu. Kuulijat esittiv\u00e4t huolestumisensa arvokkaan Lieksan Rukaj\u00e4rvi-keskukseen kootun sotahistoriamateriaalin s\u00e4ilymisest\u00e4. Yhdistyksen edustajat kertoivat tulevista hankkeista, joiden avulla arvokkain aineisto onnistutaan s\u00e4ilytt\u00e4m\u00e4\u00e4n pysyv\u00e4ll\u00e4 tavalla paloturvallisissa tiloissa. Yhten\u00e4 vaihtoehtona tuotiin esille, ett\u00e4 yhdistys on sit\u00e4 varten hankkinut Lieksan asemaravintolan tontin. T\u00e4ll\u00e4 tontilla seisoo lieksalaisen kaksinkertaisen Marskin ritari Ilmari Juutilaisen muistomerkki. Tontin pinta-ala on 2.400 neli\u00f6t\u00e4. Lieksan Tukipiste on nyt pit\u00e4nyt tontin siistin\u00e4, johon lukuisat matkailijat ovat kiinnitt\u00e4neet huomiotaan ja antaneet positiivista palautetta. Yhdistyksen haltuun saatu aineisto on kokonaisuudessaan digitoitu, joten vaikka alkuper\u00e4inen esineist\u00f6 vahingoittuisi se on digitoituna edelleen n\u00e4ht\u00e4viss\u00e4.<\/p>\n\n\n\n<p>Lieksan seminaariin kaukaisimmat vieraat olivat saapuneet Australiasta, Helsingin seudulta ja Pohjanmaalta saakka, osa vieraista saapui jo edellisen\u00e4 p\u00e4iv\u00e4n\u00e4, vieraat poikkesivat seminaarissa ja jatkoivat matkaa Rukaj\u00e4rven tielle ja Rukaj\u00e4rven autenttisille taistelupaikoille. He tutustuvat t\u00e4ll\u00e4 kertaa erityisesti Tahkokosken taisteluihin. Toisen Rukaj\u00e4rvelle kiirehtineen matkailijaryhm\u00e4n oppaana toimi Jukka Kuhanen.<\/p>\n\n\n\n<p>SR\/TJT<\/p>\n","protected":false},"excerpt":{"rendered":"<p>LKomentaja E.J. Raappanan muistoseminaaria vietettiin 9.6. viikonloppuna kauniissa s\u00e4\u00e4ss\u00e4.&nbsp; Juhlallisuudet alkoivat perinteiseen tapaan Joensuussa, jossa laskettiin seppele kenraalimajuri E.J. Raappanan haudalle. Joensuulainen Ossi H\u00e4m\u00e4l\u00e4inen oli istuttanut kauniit kukat. Seppeleen teki <a class=\"more-link\" href=\"http:\/\/www.rukajarvensuunnanhistoriayhdistys.fi\/rukajarvikeskus\/tapahtumat\/lieksan-rukajarvi-keskus-e-j-raappanan-muistoseminaari-9-6-2019\/\">Lue lis\u00e4\u00e4&#8230;<span class=\"screen-reader-text\">Lieksan Rukaj\u00e4rvi-keskus E.J. Raappanan muistoseminaari 9.6.2019<\/span><span class=\"meta-nav\">\u2192<\/span><\/a><\/p>\n","protected":false},"author":4,"featured_media":0,"comment_status":"closed","ping_status":"open","sticky":false,"template":"","format":"standard","meta":{"ngg_post_thumbnail":0,"_jetpack_newsletter_access":"","_jetpack_dont_email_post_to_subs":false,"_jetpack_newsletter_tier_id":0,"_jetpack_memberships_contains_paywalled_content":false,"_jetpack_memberships_contains_paid_content":false,"footnotes":""},"categories":[26,31,32,15],"tags":[],"class_list":["post-4120","post","type-post","status-publish","format-standard","hentry","category-ajankohtaista","category-esitelmat","category-historiayhdistys","category-tapahtumat"],"jetpack_featured_media_url":"","jetpack_sharing_enabled":true,"jetpack_shortlink":"https:\/\/wp.me\/p72N2f-14s","_links":{"self":[{"href":"http:\/\/www.rukajarvensuunnanhistoriayhdistys.fi\/rukajarvikeskus\/wp-json\/wp\/v2\/posts\/4120","targetHints":{"allow":["GET"]}}],"collection":[{"href":"http:\/\/www.rukajarvensuunnanhistoriayhdistys.fi\/rukajarvikeskus\/wp-json\/wp\/v2\/posts"}],"about":[{"href":"http:\/\/www.rukajarvensuunnanhistoriayhdistys.fi\/rukajarvikeskus\/wp-json\/wp\/v2\/types\/post"}],"author":[{"embeddable":true,"href":"http:\/\/www.rukajarvensuunnanhistoriayhdistys.fi\/rukajarvikeskus\/wp-json\/wp\/v2\/users\/4"}],"replies":[{"embeddable":true,"href":"http:\/\/www.rukajarvensuunnanhistoriayhdistys.fi\/rukajarvikeskus\/wp-json\/wp\/v2\/comments?post=4120"}],"version-history":[{"count":4,"href":"http:\/\/www.rukajarvensuunnanhistoriayhdistys.fi\/rukajarvikeskus\/wp-json\/wp\/v2\/posts\/4120\/revisions"}],"predecessor-version":[{"id":4125,"href":"http:\/\/www.rukajarvensuunnanhistoriayhdistys.fi\/rukajarvikeskus\/wp-json\/wp\/v2\/posts\/4120\/revisions\/4125"}],"wp:attachment":[{"href":"http:\/\/www.rukajarvensuunnanhistoriayhdistys.fi\/rukajarvikeskus\/wp-json\/wp\/v2\/media?parent=4120"}],"wp:term":[{"taxonomy":"category","embeddable":true,"href":"http:\/\/www.rukajarvensuunnanhistoriayhdistys.fi\/rukajarvikeskus\/wp-json\/wp\/v2\/categories?post=4120"},{"taxonomy":"post_tag","embeddable":true,"href":"http:\/\/www.rukajarvensuunnanhistoriayhdistys.fi\/rukajarvikeskus\/wp-json\/wp\/v2\/tags?post=4120"}],"curies":[{"name":"wp","href":"https:\/\/api.w.org\/{rel}","templated":true}]}}