{"id":4159,"date":"2019-08-13T23:17:26","date_gmt":"2019-08-13T20:17:26","guid":{"rendered":"http:\/\/www.rukajarvensuunnanhistoriayhdistys.fi\/rukajarvikeskus\/?p=4159"},"modified":"2019-08-14T13:31:04","modified_gmt":"2019-08-14T10:31:04","slug":"lieksan-rukajarvi-keskuksessa-vilkas-kesa","status":"publish","type":"post","link":"http:\/\/www.rukajarvensuunnanhistoriayhdistys.fi\/rukajarvikeskus\/tapahtumat\/lieksan-rukajarvi-keskuksessa-vilkas-kesa\/","title":{"rendered":"Lieksan Rukaj\u00e4rvi-keskuksessa vilkas kes\u00e4"},"content":{"rendered":"<div class=\"fcbkbttn_buttons_block\" id=\"fcbkbttn_left\"><div class=\"fcbkbttn_like \"><fb:like href=\"http:\/\/www.rukajarvensuunnanhistoriayhdistys.fi\/rukajarvikeskus\/tapahtumat\/lieksan-rukajarvi-keskuksessa-vilkas-kesa\/\" action=\"like\" colorscheme=\"light\" layout=\"button_count\"  size=\"small\"><\/fb:like><\/div><\/div>\n<p>Lieksan Rukaj\u00e4rvi-keskuksen kaukaisimmat vieraat ovat tulleet Kanadasta ja Australiasta saakka. Annikki Puusaari halusi tiet\u00e4\u00e4 miss\u00e4 h\u00e4nen is\u00e4ns\u00e4 liikkui. Siihen tarjoutui tilaisuus kun h\u00e4nt\u00e4 olivat opastamassa Lieksan Matkailuoppaitten Ritva Malinen sek\u00e4 yhdistyksemme j\u00e4senet Ari Komulainen ja Tenho Tikkanen. <\/p>\n\n\n\n<figure class=\"wp-block-image\"><img loading=\"lazy\" decoding=\"async\" width=\"768\" height=\"1024\" src=\"http:\/\/www.rukajarvensuunnanhistoriayhdistys.fi\/rukajarvikeskus\/wp-content\/uploads\/2019\/08\/Puusaari-Annikki-matka-Rukaj\u00e4rven-tielle-4-7-2019-opas-Ritva-Malinen-768x1024.jpg\" alt=\"\" class=\"wp-image-4160\" srcset=\"http:\/\/www.rukajarvensuunnanhistoriayhdistys.fi\/rukajarvikeskus\/wp-content\/uploads\/2019\/08\/Puusaari-Annikki-matka-Rukaj\u00e4rven-tielle-4-7-2019-opas-Ritva-Malinen-768x1024.jpg 768w, http:\/\/www.rukajarvensuunnanhistoriayhdistys.fi\/rukajarvikeskus\/wp-content\/uploads\/2019\/08\/Puusaari-Annikki-matka-Rukaj\u00e4rven-tielle-4-7-2019-opas-Ritva-Malinen-300x400.jpg 300w, http:\/\/www.rukajarvensuunnanhistoriayhdistys.fi\/rukajarvikeskus\/wp-content\/uploads\/2019\/08\/Puusaari-Annikki-matka-Rukaj\u00e4rven-tielle-4-7-2019-opas-Ritva-Malinen-225x300.jpg 225w, http:\/\/www.rukajarvensuunnanhistoriayhdistys.fi\/rukajarvikeskus\/wp-content\/uploads\/2019\/08\/Puusaari-Annikki-matka-Rukaj\u00e4rven-tielle-4-7-2019-opas-Ritva-Malinen-scaled.jpg 1920w\" sizes=\"auto, (max-width: 768px) 100vw, 768px\" \/><figcaption> Lieksan Matkailuoppaitten Ritva Malinen ja Annikki Puusaari, joka asuu nykyisin Kanadassa. Kuva otettu Jukolan Motti -pirtiss\u00e4, miss\u00e4 juotiin Ritvan keitt\u00e4m\u00e4t kahvit ja paistettiin makkarat. Kuva Tenho Tikkanen <\/figcaption><\/figure>\n\n\n\n<p>Rukaj\u00e4rvi-keskuksen\nk\u00e4vij\u00e4m\u00e4\u00e4r\u00e4 n\u00e4ytt\u00e4isi kohoavan t\u00e4n\u00e4 kes\u00e4n\u00e4 enn\u00e4tystasolle. Vieraita on ollut\nymp\u00e4ri maata bussilasteittain. Tyypillinen sotahistorianmatkaaja tulee it\u00e4rajaa\npitkin joko pohjoisesta tai etel\u00e4st\u00e4 ja tutustuu kulkiessaan Rukaj\u00e4rven suunnan\ntaistelupaikkoihin. Suurin osa keskuksen vieraista on ulkopaikkakuntalaisia.\nKokemuksesta tied\u00e4mme, ett\u00e4 Lieksan runsas kulttuuritarjonta on my\u00f6s\nkes\u00e4vieraiden tutustumiskohteina. Niihin kuuluvat maan paras ulkomuseo Pielisen\nmuseo, musiikkitapahtumat Monola-juhlaviikon ja Vaskiviikkojen konsertit. Kuluvana\nkes\u00e4n\u00e4 yh\u00e4 suurempaan suosioon on kohonnut my\u00f6s Monolan aitta. Yll\u00e4tt\u00e4v\u00e4\u00e4, ett\u00e4\nsotahistoria ja kulttuuri kohtaa juuri Rukaj\u00e4rvi-keskuksessa. Yll\u00e4tt\u00e4v\u00e4n monet\nvieraat ovat joko Monolan aittaan menossa tai sielt\u00e4 tulossa ja samalla\nhaluavat tutustua sotahistorian\u00e4yttelyitten lis\u00e4ksi my\u00f6s Rukaj\u00e4rvi-keskuksen\nMonola-n\u00e4yttelyyn.<\/p>\n\n\n\n<p><strong>Rukaj\u00e4rvi-keskuksen seminaarit<\/strong><\/p>\n\n\n\n<p>Rukaj\u00e4rvi-keskuksessa on t\u00e4n\u00e4 kes\u00e4n\u00e4 pidetty kolme seminaaria, E.J. Raappanan muistoseminaari aloitti seminaarien sarjan. Kaukopartio-seminaari pidettiin hein\u00e4kuun alussa. Vaskiviikkojen aikana kuultiin esitelm\u00e4 asevelitaloista. Raine Narvan esitelm\u00e4\u00e4 Muurmannin radan partioretkest\u00e4 oli ker\u00e4ytynyt kuulemaan salin t\u00e4yteinen yleis\u00f6.<\/p>\n\n\n\n<figure class=\"wp-block-image\"><img loading=\"lazy\" decoding=\"async\" width=\"1024\" height=\"681\" src=\"http:\/\/www.rukajarvensuunnanhistoriayhdistys.fi\/rukajarvikeskus\/wp-content\/uploads\/2019\/08\/DSC07425-Jari-K\u00e4rkk\u00e4inen-1024x681.jpg\" alt=\"\" class=\"wp-image-4161\" srcset=\"http:\/\/www.rukajarvensuunnanhistoriayhdistys.fi\/rukajarvikeskus\/wp-content\/uploads\/2019\/08\/DSC07425-Jari-K\u00e4rkk\u00e4inen-1024x681.jpg 1024w, http:\/\/www.rukajarvensuunnanhistoriayhdistys.fi\/rukajarvikeskus\/wp-content\/uploads\/2019\/08\/DSC07425-Jari-K\u00e4rkk\u00e4inen-300x200.jpg 300w, http:\/\/www.rukajarvensuunnanhistoriayhdistys.fi\/rukajarvikeskus\/wp-content\/uploads\/2019\/08\/DSC07425-Jari-K\u00e4rkk\u00e4inen-768x511.jpg 768w\" sizes=\"auto, (max-width: 1024px) 100vw, 1024px\" \/><figcaption> Jari K\u00e4rkk\u00e4inen avasi E.J. Raappanan muistoseminaarin.<\/figcaption><\/figure>\n\n\n\n<figure class=\"wp-block-image\"><img loading=\"lazy\" decoding=\"async\" width=\"1024\" height=\"681\" src=\"http:\/\/www.rukajarvensuunnanhistoriayhdistys.fi\/rukajarvikeskus\/wp-content\/uploads\/2019\/08\/DSC07426-1024x681.jpg\" alt=\"\" class=\"wp-image-4162\" srcset=\"http:\/\/www.rukajarvensuunnanhistoriayhdistys.fi\/rukajarvikeskus\/wp-content\/uploads\/2019\/08\/DSC07426-1024x681.jpg 1024w, http:\/\/www.rukajarvensuunnanhistoriayhdistys.fi\/rukajarvikeskus\/wp-content\/uploads\/2019\/08\/DSC07426-300x200.jpg 300w, http:\/\/www.rukajarvensuunnanhistoriayhdistys.fi\/rukajarvikeskus\/wp-content\/uploads\/2019\/08\/DSC07426-768x511.jpg 768w\" sizes=\"auto, (max-width: 1024px) 100vw, 1024px\" \/><figcaption>SONY DSC<\/figcaption><\/figure>\n\n\n\n<figure class=\"wp-block-image\"><img loading=\"lazy\" decoding=\"async\" width=\"1024\" height=\"681\" src=\"http:\/\/www.rukajarvensuunnanhistoriayhdistys.fi\/rukajarvikeskus\/wp-content\/uploads\/2019\/08\/DSC07428-1024x681.jpg\" alt=\"\" class=\"wp-image-4163\" srcset=\"http:\/\/www.rukajarvensuunnanhistoriayhdistys.fi\/rukajarvikeskus\/wp-content\/uploads\/2019\/08\/DSC07428-1024x681.jpg 1024w, http:\/\/www.rukajarvensuunnanhistoriayhdistys.fi\/rukajarvikeskus\/wp-content\/uploads\/2019\/08\/DSC07428-300x200.jpg 300w, http:\/\/www.rukajarvensuunnanhistoriayhdistys.fi\/rukajarvikeskus\/wp-content\/uploads\/2019\/08\/DSC07428-768x511.jpg 768w\" sizes=\"auto, (max-width: 1024px) 100vw, 1024px\" \/><figcaption> Raine Narvan esitelm\u00e4n Jatkosodan suurimmasta partioretkest\u00e4 vihollisen selustaan on kuullut jo yli 4000 kuulijaa. <\/figcaption><\/figure>\n\n\n\n<figure class=\"wp-block-image\"><img loading=\"lazy\" decoding=\"async\" width=\"1024\" height=\"576\" src=\"http:\/\/www.rukajarvensuunnanhistoriayhdistys.fi\/rukajarvikeskus\/wp-content\/uploads\/2019\/08\/WP_20190706_11_57_33_Pro-1024x576.jpg\" alt=\"\" class=\"wp-image-4164\" srcset=\"http:\/\/www.rukajarvensuunnanhistoriayhdistys.fi\/rukajarvikeskus\/wp-content\/uploads\/2019\/08\/WP_20190706_11_57_33_Pro-1024x576.jpg 1024w, http:\/\/www.rukajarvensuunnanhistoriayhdistys.fi\/rukajarvikeskus\/wp-content\/uploads\/2019\/08\/WP_20190706_11_57_33_Pro-300x169.jpg 300w, http:\/\/www.rukajarvensuunnanhistoriayhdistys.fi\/rukajarvikeskus\/wp-content\/uploads\/2019\/08\/WP_20190706_11_57_33_Pro-768x432.jpg 768w\" sizes=\"auto, (max-width: 1024px) 100vw, 1024px\" \/><figcaption> Kuvassa Seppo Ryh\u00e4nen, joka avasi seminaarin sek\u00e4 luennoitsijat, Tauno Oksanen, Rauno Suhonen ja Ari Komulainen. Kuvasta puuttuu Rauno Suhosen poikkeuksellisen hyv\u00e4k\u00e4yt\u00f6ksinen varusmiespoika Pekka Suhonen. H\u00e4n on juuri valmistunut rajamieheksi. <\/figcaption><\/figure>\n\n\n\n<figure class=\"wp-block-image\"><img loading=\"lazy\" decoding=\"async\" width=\"1024\" height=\"576\" src=\"http:\/\/www.rukajarvensuunnanhistoriayhdistys.fi\/rukajarvikeskus\/wp-content\/uploads\/2019\/08\/Suhonen-Pekka-1024x576.jpg\" alt=\"\" class=\"wp-image-4165\" srcset=\"http:\/\/www.rukajarvensuunnanhistoriayhdistys.fi\/rukajarvikeskus\/wp-content\/uploads\/2019\/08\/Suhonen-Pekka-1024x576.jpg 1024w, http:\/\/www.rukajarvensuunnanhistoriayhdistys.fi\/rukajarvikeskus\/wp-content\/uploads\/2019\/08\/Suhonen-Pekka-300x169.jpg 300w, http:\/\/www.rukajarvensuunnanhistoriayhdistys.fi\/rukajarvikeskus\/wp-content\/uploads\/2019\/08\/Suhonen-Pekka-768x432.jpg 768w\" sizes=\"auto, (max-width: 1024px) 100vw, 1024px\" \/><figcaption> Pekka Suhonen esitteli kaukopartiomiesten aseita. <\/figcaption><\/figure>\n\n\n\n<p><strong>Uudet n\u00e4yttelyt kiinnostavat<\/strong><\/p>\n\n\n\n<p><strong>A<\/strong>rkkitehti Aleksej Varuhin ei ole mik\u00e4 tahansa mies. Nykyisin h\u00e4n asuu\nPetroskoissa. H\u00e4n on hyv\u00e4k\u00e4yt\u00f6ksinen taiteilija, joka on tehnyt suomalaisten\nkanssa yhteisty\u00f6t\u00e4 vuosikymmeni\u00e4. Aleksej Varuhin oli rakentamassa v. 1977\nperustettua Kostamuksen kaupunkia. H\u00e4nen k\u00e4tens\u00e4 j\u00e4lki n\u00e4kyy monissa julkisissa\nrakennuksissa mm. Petroskoin yliopisto on l\u00e4ht\u00f6isin h\u00e4nen ty\u00f6p\u00f6yd\u00e4lt\u00e4\u00e4n.<\/p>\n\n\n\n<p>Lieksan Rukaj\u00e4rvi-keskuksessa avattiin elokuun alussa h\u00e4nen taiden\u00e4yttelyns\u00e4, mik\u00e4 on toinen h\u00e4nen Suomen n\u00e4yttelyist\u00e4\u00e4n. N\u00e4yttely on avoinna 16.8.2019 saakka. <\/p>\n\n\n\n<figure class=\"wp-block-image\"><img loading=\"lazy\" decoding=\"async\" width=\"1024\" height=\"576\" src=\"http:\/\/www.rukajarvensuunnanhistoriayhdistys.fi\/rukajarvikeskus\/wp-content\/uploads\/2019\/08\/WP_20190803_12_06_01_Pro-1024x576.jpg\" alt=\"\" class=\"wp-image-4166\" srcset=\"http:\/\/www.rukajarvensuunnanhistoriayhdistys.fi\/rukajarvikeskus\/wp-content\/uploads\/2019\/08\/WP_20190803_12_06_01_Pro-1024x576.jpg 1024w, http:\/\/www.rukajarvensuunnanhistoriayhdistys.fi\/rukajarvikeskus\/wp-content\/uploads\/2019\/08\/WP_20190803_12_06_01_Pro-300x169.jpg 300w, http:\/\/www.rukajarvensuunnanhistoriayhdistys.fi\/rukajarvikeskus\/wp-content\/uploads\/2019\/08\/WP_20190803_12_06_01_Pro-768x432.jpg 768w\" sizes=\"auto, (max-width: 1024px) 100vw, 1024px\" \/><figcaption> Taiteilija Aleksej Varuhin esittelee n\u00e4yttely\u00e4 Jatta ja Teuvo Kettuselle, Raimo Kemppaalle ja muille avajaisiin osallistuneille n\u00e4yttelyvieraille. N\u00e4yttelyn avasi RAHYry:n hallituksen j\u00e4sen Jari K\u00e4rkk\u00e4inen. <\/figcaption><\/figure>\n\n\n\n<p>Ennen n\u00e4yttelyns\u00e4\navajaisia arkkitehti halusi vierailla Rukaj\u00e4rven suunnan komentaja Erkki J.\nRaappanan haudalla Joensuussa. <\/p>\n\n\n\n<figure class=\"wp-block-image\"><img loading=\"lazy\" decoding=\"async\" width=\"1024\" height=\"576\" src=\"http:\/\/www.rukajarvensuunnanhistoriayhdistys.fi\/rukajarvikeskus\/wp-content\/uploads\/2019\/08\/WP_20190801_13_20_13_Pro-1024x576.jpg\" alt=\"\" class=\"wp-image-4167\" srcset=\"http:\/\/www.rukajarvensuunnanhistoriayhdistys.fi\/rukajarvikeskus\/wp-content\/uploads\/2019\/08\/WP_20190801_13_20_13_Pro-1024x576.jpg 1024w, http:\/\/www.rukajarvensuunnanhistoriayhdistys.fi\/rukajarvikeskus\/wp-content\/uploads\/2019\/08\/WP_20190801_13_20_13_Pro-300x169.jpg 300w, http:\/\/www.rukajarvensuunnanhistoriayhdistys.fi\/rukajarvikeskus\/wp-content\/uploads\/2019\/08\/WP_20190801_13_20_13_Pro-768x432.jpg 768w\" sizes=\"auto, (max-width: 1024px) 100vw, 1024px\" \/><figcaption> Arkkitehti Aleksej Varuhin halusi k\u00e4yd\u00e4n komentaja E.J. Raappanan haudalla Joensuussa. <\/figcaption><\/figure>\n\n\n\n<figure class=\"wp-block-image\"><img loading=\"lazy\" decoding=\"async\" width=\"1024\" height=\"576\" src=\"http:\/\/www.rukajarvensuunnanhistoriayhdistys.fi\/rukajarvikeskus\/wp-content\/uploads\/2019\/08\/Kaupunginjohto-1024x576.jpg\" alt=\"\" class=\"wp-image-4168\" srcset=\"http:\/\/www.rukajarvensuunnanhistoriayhdistys.fi\/rukajarvikeskus\/wp-content\/uploads\/2019\/08\/Kaupunginjohto-1024x576.jpg 1024w, http:\/\/www.rukajarvensuunnanhistoriayhdistys.fi\/rukajarvikeskus\/wp-content\/uploads\/2019\/08\/Kaupunginjohto-300x169.jpg 300w, http:\/\/www.rukajarvensuunnanhistoriayhdistys.fi\/rukajarvikeskus\/wp-content\/uploads\/2019\/08\/Kaupunginjohto-768x432.jpg 768w, http:\/\/www.rukajarvensuunnanhistoriayhdistys.fi\/rukajarvikeskus\/wp-content\/uploads\/2019\/08\/Kaupunginjohto.jpg 1632w\" sizes=\"auto, (max-width: 1024px) 100vw, 1024px\" \/><figcaption> Aleksej Varuhinin n\u00e4yttelyn avajaisissa oli koko kaupungin johto kaupunginjohtaja Jarkko M\u00e4\u00e4t\u00e4n johdolla. Vasemmalta Asko Saarelainen, Arto Sihvonen, Aleksej Varuhin ja Jarkko M\u00e4\u00e4tt\u00e4. <\/figcaption><\/figure>\n\n\n\n<figure class=\"wp-block-image\"><img loading=\"lazy\" decoding=\"async\" width=\"1024\" height=\"576\" src=\"http:\/\/www.rukajarvensuunnanhistoriayhdistys.fi\/rukajarvikeskus\/wp-content\/uploads\/2019\/08\/WP_20190704_15_24_27_Pro-1024x576.jpg\" alt=\"\" class=\"wp-image-4169\" srcset=\"http:\/\/www.rukajarvensuunnanhistoriayhdistys.fi\/rukajarvikeskus\/wp-content\/uploads\/2019\/08\/WP_20190704_15_24_27_Pro-1024x576.jpg 1024w, http:\/\/www.rukajarvensuunnanhistoriayhdistys.fi\/rukajarvikeskus\/wp-content\/uploads\/2019\/08\/WP_20190704_15_24_27_Pro-300x169.jpg 300w, http:\/\/www.rukajarvensuunnanhistoriayhdistys.fi\/rukajarvikeskus\/wp-content\/uploads\/2019\/08\/WP_20190704_15_24_27_Pro-768x432.jpg 768w\" sizes=\"auto, (max-width: 1024px) 100vw, 1024px\" \/><figcaption> Lieksan Tukipiste on kes\u00e4n ajaksi palkannut erinomaisia oppaita. Jussi Mikkonen ja Sami Turunen kuvassa. Takana yhdistyksen aktiivij\u00e4sen Jussi Malkam\u00e4ki toimi keskuksen oppaana Monola-juhlaviikkojen ajan. <\/figcaption><\/figure>\n\n\n\n<p>  Meit\u00e4 tarvitaan! Raappana-puisto sijoittuu Rukaj\u00e4rven tien varteen. Yleis\u00f6vihjeen j\u00e4lkeen korjattiin polun varressa pylv\u00e4s. <\/p>\n\n\n\n<figure class=\"wp-block-image\"><img loading=\"lazy\" decoding=\"async\" width=\"1024\" height=\"576\" src=\"http:\/\/www.rukajarvensuunnanhistoriayhdistys.fi\/rukajarvikeskus\/wp-content\/uploads\/2019\/08\/Raappana-puiso-1024x576.jpg\" alt=\"\" class=\"wp-image-4170\" srcset=\"http:\/\/www.rukajarvensuunnanhistoriayhdistys.fi\/rukajarvikeskus\/wp-content\/uploads\/2019\/08\/Raappana-puiso-1024x576.jpg 1024w, http:\/\/www.rukajarvensuunnanhistoriayhdistys.fi\/rukajarvikeskus\/wp-content\/uploads\/2019\/08\/Raappana-puiso-300x169.jpg 300w, http:\/\/www.rukajarvensuunnanhistoriayhdistys.fi\/rukajarvikeskus\/wp-content\/uploads\/2019\/08\/Raappana-puiso-768x432.jpg 768w, http:\/\/www.rukajarvensuunnanhistoriayhdistys.fi\/rukajarvikeskus\/wp-content\/uploads\/2019\/08\/Raappana-puiso.jpg 1632w\" sizes=\"auto, (max-width: 1024px) 100vw, 1024px\" \/><figcaption> Kiitos pojat avusta ja my\u00f6s vihjeest\u00e4. Viereinen viitta kertoo, ett\u00e4 Rukaj\u00e4rvelle on pitk\u00e4 matka per\u00e4ti 230 km.  Kuvassa Aimo Hottinen, Esa Uhlgren ja Tenho Liimatta.<\/figcaption><\/figure>\n\n\n\n<p>  Rukaj\u00e4rvi-keskuksesta tehtiin vierailumatka Ilomantsiin, jossa yhdistyksemme edustajat Antti Koskinen ja Tenho Tikkanen tapasivat Petroskoin yliopiston professori Juri Kilinin. Kilin halusi tavata yhteisty\u00f6kumppaninsa Suomen vierailunsa yhteydess\u00e4.  <\/p>\n\n\n\n<figure class=\"wp-block-image\"><img loading=\"lazy\" decoding=\"async\" width=\"1024\" height=\"768\" src=\"http:\/\/www.rukajarvensuunnanhistoriayhdistys.fi\/rukajarvikeskus\/wp-content\/uploads\/2019\/08\/Antti-Koskinen-1024x768.jpg\" alt=\"\" class=\"wp-image-4171\" srcset=\"http:\/\/www.rukajarvensuunnanhistoriayhdistys.fi\/rukajarvikeskus\/wp-content\/uploads\/2019\/08\/Antti-Koskinen-1024x768.jpg 1024w, http:\/\/www.rukajarvensuunnanhistoriayhdistys.fi\/rukajarvikeskus\/wp-content\/uploads\/2019\/08\/Antti-Koskinen-300x225.jpg 300w, http:\/\/www.rukajarvensuunnanhistoriayhdistys.fi\/rukajarvikeskus\/wp-content\/uploads\/2019\/08\/Antti-Koskinen-768x576.jpg 768w, http:\/\/www.rukajarvensuunnanhistoriayhdistys.fi\/rukajarvikeskus\/wp-content\/uploads\/2019\/08\/Antti-Koskinen.jpg 1600w\" sizes=\"auto, (max-width: 1024px) 100vw, 1024px\" \/><figcaption> Antti Koskinen ja nuoret Petroskoin opiskelijat. Tuloksekkaan etsint\u00e4p\u00e4iv\u00e4n j\u00e4lkeen. Antti Koskinen on tehnyt mittavan ty\u00f6n enonsa l\u00f6yt\u00e4miseksi. My\u00f6s siit\u00e4 asiasta neuvoteltiin t\u00e4ll\u00e4 matkalla. <\/figcaption><\/figure>\n\n\n\n<figure class=\"wp-block-image\"><img loading=\"lazy\" decoding=\"async\" width=\"1024\" height=\"576\" src=\"http:\/\/www.rukajarvensuunnanhistoriayhdistys.fi\/rukajarvikeskus\/wp-content\/uploads\/2019\/08\/DSC04081-1024x576.jpg\" alt=\"\" class=\"wp-image-4172\" srcset=\"http:\/\/www.rukajarvensuunnanhistoriayhdistys.fi\/rukajarvikeskus\/wp-content\/uploads\/2019\/08\/DSC04081-1024x576.jpg 1024w, http:\/\/www.rukajarvensuunnanhistoriayhdistys.fi\/rukajarvikeskus\/wp-content\/uploads\/2019\/08\/DSC04081-300x169.jpg 300w, http:\/\/www.rukajarvensuunnanhistoriayhdistys.fi\/rukajarvikeskus\/wp-content\/uploads\/2019\/08\/DSC04081-768x432.jpg 768w\" sizes=\"auto, (max-width: 1024px) 100vw, 1024px\" \/><figcaption> Etsint\u00e4porukan johtajat, Otso Nygren ja Juri Kilin. <\/figcaption><\/figure>\n\n\n\n<p>Ilomantsissa oltiin nimenomaan Ryhm\u00e4 Raappanan painopistesuunnalla, jossa k\u00e4ytiin 31.7.1944 taisteluita. Yhteisty\u00f6ryhm\u00e4 oli l\u00f6yt\u00e4nyt t\u00e4m\u00e4n kes\u00e4n etsinn\u00f6iss\u00e4 kaikkiaan 12 talvisodan kaatuneen ja 20 jatkosodan kaatuneen puna-armeijan sotilaan ruumiit. Juri Kilin avustaa Rukaj\u00e4rven rintaman kent\u00e4lle j\u00e4\u00e4neitten suomalaisten sotilaitten etsint\u00e4\u00e4, jossa Antti Koskinen, Ossi Laine ja Jari K\u00e4rkk\u00e4inen ovat vahvasti mukana.<\/p>\n\n\n\n<p>Professori Juri Kilini\u00e4 ja Otso Nygreni\u00e4 haastateltiin videolle.<\/p>\n\n\n\n<p>SR\/SR\/TJT<\/p>\n","protected":false},"excerpt":{"rendered":"<p>Lieksan Rukaj\u00e4rvi-keskuksen kaukaisimmat vieraat ovat tulleet Kanadasta ja Australiasta saakka. Annikki Puusaari halusi tiet\u00e4\u00e4 miss\u00e4 h\u00e4nen is\u00e4ns\u00e4 liikkui. Siihen tarjoutui tilaisuus kun h\u00e4nt\u00e4 olivat opastamassa Lieksan Matkailuoppaitten Ritva Malinen sek\u00e4 <a class=\"more-link\" href=\"http:\/\/www.rukajarvensuunnanhistoriayhdistys.fi\/rukajarvikeskus\/tapahtumat\/lieksan-rukajarvi-keskuksessa-vilkas-kesa\/\">Lue lis\u00e4\u00e4&#8230;<span class=\"screen-reader-text\">Lieksan Rukaj\u00e4rvi-keskuksessa vilkas kes\u00e4<\/span><span class=\"meta-nav\">\u2192<\/span><\/a><\/p>\n","protected":false},"author":4,"featured_media":0,"comment_status":"closed","ping_status":"open","sticky":false,"template":"","format":"standard","meta":{"ngg_post_thumbnail":0,"_jetpack_newsletter_access":"","_jetpack_dont_email_post_to_subs":false,"_jetpack_newsletter_tier_id":0,"_jetpack_memberships_contains_paywalled_content":false,"_jetpack_memberships_contains_paid_content":false,"footnotes":""},"categories":[26,32,15],"tags":[],"class_list":["post-4159","post","type-post","status-publish","format-standard","hentry","category-ajankohtaista","category-historiayhdistys","category-tapahtumat"],"jetpack_featured_media_url":"","jetpack_sharing_enabled":true,"jetpack_shortlink":"https:\/\/wp.me\/p72N2f-155","_links":{"self":[{"href":"http:\/\/www.rukajarvensuunnanhistoriayhdistys.fi\/rukajarvikeskus\/wp-json\/wp\/v2\/posts\/4159","targetHints":{"allow":["GET"]}}],"collection":[{"href":"http:\/\/www.rukajarvensuunnanhistoriayhdistys.fi\/rukajarvikeskus\/wp-json\/wp\/v2\/posts"}],"about":[{"href":"http:\/\/www.rukajarvensuunnanhistoriayhdistys.fi\/rukajarvikeskus\/wp-json\/wp\/v2\/types\/post"}],"author":[{"embeddable":true,"href":"http:\/\/www.rukajarvensuunnanhistoriayhdistys.fi\/rukajarvikeskus\/wp-json\/wp\/v2\/users\/4"}],"replies":[{"embeddable":true,"href":"http:\/\/www.rukajarvensuunnanhistoriayhdistys.fi\/rukajarvikeskus\/wp-json\/wp\/v2\/comments?post=4159"}],"version-history":[{"count":2,"href":"http:\/\/www.rukajarvensuunnanhistoriayhdistys.fi\/rukajarvikeskus\/wp-json\/wp\/v2\/posts\/4159\/revisions"}],"predecessor-version":[{"id":4182,"href":"http:\/\/www.rukajarvensuunnanhistoriayhdistys.fi\/rukajarvikeskus\/wp-json\/wp\/v2\/posts\/4159\/revisions\/4182"}],"wp:attachment":[{"href":"http:\/\/www.rukajarvensuunnanhistoriayhdistys.fi\/rukajarvikeskus\/wp-json\/wp\/v2\/media?parent=4159"}],"wp:term":[{"taxonomy":"category","embeddable":true,"href":"http:\/\/www.rukajarvensuunnanhistoriayhdistys.fi\/rukajarvikeskus\/wp-json\/wp\/v2\/categories?post=4159"},{"taxonomy":"post_tag","embeddable":true,"href":"http:\/\/www.rukajarvensuunnanhistoriayhdistys.fi\/rukajarvikeskus\/wp-json\/wp\/v2\/tags?post=4159"}],"curies":[{"name":"wp","href":"https:\/\/api.w.org\/{rel}","templated":true}]}}