{"id":4174,"date":"2019-08-14T10:43:25","date_gmt":"2019-08-14T07:43:25","guid":{"rendered":"http:\/\/www.rukajarvensuunnanhistoriayhdistys.fi\/rukajarvikeskus\/?p=4174"},"modified":"2019-08-14T11:04:08","modified_gmt":"2019-08-14T08:04:08","slug":"jatkosodan-paattymisesta-tulee-kuluneeksi-75-vuotta-juhla-lieksassa-4-9-2019","status":"publish","type":"post","link":"http:\/\/www.rukajarvensuunnanhistoriayhdistys.fi\/rukajarvikeskus\/tapahtumat\/jatkosodan-paattymisesta-tulee-kuluneeksi-75-vuotta-juhla-lieksassa-4-9-2019\/","title":{"rendered":"Jatkosodan p\u00e4\u00e4ttymisest\u00e4 tulee kuluneeksi 75 vuotta  juhla, Lieksassa 4.9.2019"},"content":{"rendered":"<div class=\"fcbkbttn_buttons_block\" id=\"fcbkbttn_left\"><div class=\"fcbkbttn_like \"><fb:like href=\"http:\/\/www.rukajarvensuunnanhistoriayhdistys.fi\/rukajarvikeskus\/tapahtumat\/jatkosodan-paattymisesta-tulee-kuluneeksi-75-vuotta-juhla-lieksassa-4-9-2019\/\" action=\"like\" colorscheme=\"light\" layout=\"button_count\"  size=\"small\"><\/fb:like><\/div><\/div>\n<figure class=\"wp-block-image\"><img loading=\"lazy\" decoding=\"async\" width=\"724\" height=\"1024\" src=\"http:\/\/www.rukajarvensuunnanhistoriayhdistys.fi\/rukajarvikeskus\/wp-content\/uploads\/2019\/08\/Kansalaisjuhla-75-vuotta-Jatkosodan-p\u00e4\u00e4ttymisest\u00e4-4-9-2019-ohjelman-luonnos-724x1024.jpg\" alt=\"\" class=\"wp-image-4175\" srcset=\"http:\/\/www.rukajarvensuunnanhistoriayhdistys.fi\/rukajarvikeskus\/wp-content\/uploads\/2019\/08\/Kansalaisjuhla-75-vuotta-Jatkosodan-p\u00e4\u00e4ttymisest\u00e4-4-9-2019-ohjelman-luonnos-724x1024.jpg 724w, http:\/\/www.rukajarvensuunnanhistoriayhdistys.fi\/rukajarvikeskus\/wp-content\/uploads\/2019\/08\/Kansalaisjuhla-75-vuotta-Jatkosodan-p\u00e4\u00e4ttymisest\u00e4-4-9-2019-ohjelman-luonnos-300x424.jpg 300w, http:\/\/www.rukajarvensuunnanhistoriayhdistys.fi\/rukajarvikeskus\/wp-content\/uploads\/2019\/08\/Kansalaisjuhla-75-vuotta-Jatkosodan-p\u00e4\u00e4ttymisest\u00e4-4-9-2019-ohjelman-luonnos-212x300.jpg 212w, http:\/\/www.rukajarvensuunnanhistoriayhdistys.fi\/rukajarvikeskus\/wp-content\/uploads\/2019\/08\/Kansalaisjuhla-75-vuotta-Jatkosodan-p\u00e4\u00e4ttymisest\u00e4-4-9-2019-ohjelman-luonnos-768x1086.jpg 768w, http:\/\/www.rukajarvensuunnanhistoriayhdistys.fi\/rukajarvikeskus\/wp-content\/uploads\/2019\/08\/Kansalaisjuhla-75-vuotta-Jatkosodan-p\u00e4\u00e4ttymisest\u00e4-4-9-2019-ohjelman-luonnos.jpg 1654w\" sizes=\"auto, (max-width: 724px) 100vw, 724px\" \/><\/figure>\n\n\n\n<h2 class=\"wp-block-heading\">JUHLAKONSERTTI:<\/h2>\n\n\n\n<figure class=\"wp-block-image is-resized\"><img loading=\"lazy\" decoding=\"async\" src=\"http:\/\/www.rukajarvensuunnanhistoriayhdistys.fi\/rukajarvikeskus\/wp-content\/uploads\/2019\/08\/Evakon-laulu-konsertti-4-9-2019.jpg\" alt=\"\" class=\"wp-image-4176\" width=\"585\" height=\"438\" srcset=\"http:\/\/www.rukajarvensuunnanhistoriayhdistys.fi\/rukajarvikeskus\/wp-content\/uploads\/2019\/08\/Evakon-laulu-konsertti-4-9-2019.jpg 435w, http:\/\/www.rukajarvensuunnanhistoriayhdistys.fi\/rukajarvikeskus\/wp-content\/uploads\/2019\/08\/Evakon-laulu-konsertti-4-9-2019-300x225.jpg 300w\" sizes=\"auto, (max-width: 585px) 100vw, 585px\" \/><\/figure>\n\n\n\n<h2 class=\"wp-block-heading\">RUKAJ\u00c4RVEN TIE ELOKUVA:<\/h2>\n\n\n\n<figure class=\"wp-block-image is-resized\"><img loading=\"lazy\" decoding=\"async\" src=\"http:\/\/www.rukajarvensuunnanhistoriayhdistys.fi\/rukajarvikeskus\/wp-content\/uploads\/2019\/08\/250px-Rukaj\u00e4rven_tie.jpg\" alt=\"\" class=\"wp-image-4177\" width=\"578\" height=\"841\" srcset=\"http:\/\/www.rukajarvensuunnanhistoriayhdistys.fi\/rukajarvikeskus\/wp-content\/uploads\/2019\/08\/250px-Rukaj\u00e4rven_tie.jpg 250w, http:\/\/www.rukajarvensuunnanhistoriayhdistys.fi\/rukajarvikeskus\/wp-content\/uploads\/2019\/08\/250px-Rukaj\u00e4rven_tie-206x300.jpg 206w\" sizes=\"auto, (max-width: 578px) 100vw, 578px\" \/><\/figure>\n","protected":false},"excerpt":{"rendered":"<p>JUHLAKONSERTTI: RUKAJ\u00c4RVEN TIE ELOKUVA:<\/p>\n","protected":false},"author":4,"featured_media":0,"comment_status":"closed","ping_status":"open","sticky":false,"template":"","format":"standard","meta":{"ngg_post_thumbnail":0,"_jetpack_newsletter_access":"","_jetpack_dont_email_post_to_subs":false,"_jetpack_newsletter_tier_id":0,"_jetpack_memberships_contains_paywalled_content":false,"_jetpack_memberships_contains_paid_content":false,"footnotes":""},"categories":[26,32,15],"tags":[],"class_list":["post-4174","post","type-post","status-publish","format-standard","hentry","category-ajankohtaista","category-historiayhdistys","category-tapahtumat"],"jetpack_featured_media_url":"","jetpack_sharing_enabled":true,"jetpack_shortlink":"https:\/\/wp.me\/p72N2f-15k","_links":{"self":[{"href":"http:\/\/www.rukajarvensuunnanhistoriayhdistys.fi\/rukajarvikeskus\/wp-json\/wp\/v2\/posts\/4174","targetHints":{"allow":["GET"]}}],"collection":[{"href":"http:\/\/www.rukajarvensuunnanhistoriayhdistys.fi\/rukajarvikeskus\/wp-json\/wp\/v2\/posts"}],"about":[{"href":"http:\/\/www.rukajarvensuunnanhistoriayhdistys.fi\/rukajarvikeskus\/wp-json\/wp\/v2\/types\/post"}],"author":[{"embeddable":true,"href":"http:\/\/www.rukajarvensuunnanhistoriayhdistys.fi\/rukajarvikeskus\/wp-json\/wp\/v2\/users\/4"}],"replies":[{"embeddable":true,"href":"http:\/\/www.rukajarvensuunnanhistoriayhdistys.fi\/rukajarvikeskus\/wp-json\/wp\/v2\/comments?post=4174"}],"version-history":[{"count":4,"href":"http:\/\/www.rukajarvensuunnanhistoriayhdistys.fi\/rukajarvikeskus\/wp-json\/wp\/v2\/posts\/4174\/revisions"}],"predecessor-version":[{"id":4181,"href":"http:\/\/www.rukajarvensuunnanhistoriayhdistys.fi\/rukajarvikeskus\/wp-json\/wp\/v2\/posts\/4174\/revisions\/4181"}],"wp:attachment":[{"href":"http:\/\/www.rukajarvensuunnanhistoriayhdistys.fi\/rukajarvikeskus\/wp-json\/wp\/v2\/media?parent=4174"}],"wp:term":[{"taxonomy":"category","embeddable":true,"href":"http:\/\/www.rukajarvensuunnanhistoriayhdistys.fi\/rukajarvikeskus\/wp-json\/wp\/v2\/categories?post=4174"},{"taxonomy":"post_tag","embeddable":true,"href":"http:\/\/www.rukajarvensuunnanhistoriayhdistys.fi\/rukajarvikeskus\/wp-json\/wp\/v2\/tags?post=4174"}],"curies":[{"name":"wp","href":"https:\/\/api.w.org\/{rel}","templated":true}]}}