{"id":4527,"date":"2019-08-30T23:05:50","date_gmt":"2019-08-30T20:05:50","guid":{"rendered":"http:\/\/www.rukajarvensuunnanhistoriayhdistys.fi\/rukajarvikeskus\/?p=4527"},"modified":"2019-08-31T08:53:18","modified_gmt":"2019-08-31T05:53:18","slug":"uuno-kananen-on-poissa-s-18-3-1923-7-8-2019","status":"publish","type":"post","link":"http:\/\/www.rukajarvensuunnanhistoriayhdistys.fi\/rukajarvikeskus\/muistokirjoitukset\/uuno-kananen-on-poissa-s-18-3-1923-7-8-2019\/","title":{"rendered":"Uuno Kananen on poissa, (s. 18.3.1923 &#8211; 7.8.2019)"},"content":{"rendered":"<div class=\"fcbkbttn_buttons_block\" id=\"fcbkbttn_left\"><div class=\"fcbkbttn_like \"><fb:like href=\"http:\/\/www.rukajarvensuunnanhistoriayhdistys.fi\/rukajarvikeskus\/muistokirjoitukset\/uuno-kananen-on-poissa-s-18-3-1923-7-8-2019\/\" action=\"like\" colorscheme=\"light\" layout=\"button_count\"  size=\"small\"><\/fb:like><\/div><\/div>\n<p>Jatkosodan alkaessa&nbsp; Kiuruvedell\u00e4 syntynyt Uuno Kananen oli 18-vuotias nuorukainen. Avioliiton h\u00e4n solmi sodan j\u00e4lkeen 1945. Lapsia syntyi seitsem\u00e4n, Tuomo 1946, Kaija 1947, Eija 1950, Raija 1953, Kerttu 1955, Matti ja Irma 1959.<\/p>\n\n\n\n<figure class=\"wp-block-image\"><img loading=\"lazy\" decoding=\"async\" width=\"1024\" height=\"576\" src=\"http:\/\/www.rukajarvensuunnanhistoriayhdistys.fi\/rukajarvikeskus\/wp-content\/uploads\/2019\/08\/DSC01648-1024x576.jpg\" alt=\"\" class=\"wp-image-4528\" srcset=\"http:\/\/www.rukajarvensuunnanhistoriayhdistys.fi\/rukajarvikeskus\/wp-content\/uploads\/2019\/08\/DSC01648-1024x576.jpg 1024w, http:\/\/www.rukajarvensuunnanhistoriayhdistys.fi\/rukajarvikeskus\/wp-content\/uploads\/2019\/08\/DSC01648-300x169.jpg 300w, http:\/\/www.rukajarvensuunnanhistoriayhdistys.fi\/rukajarvikeskus\/wp-content\/uploads\/2019\/08\/DSC01648-768x432.jpg 768w\" sizes=\"auto, (max-width: 1024px) 100vw, 1024px\" \/><figcaption> Uuno Kananen, kuva otettu 17.8.2012 videohaastattelun yhteydess\u00e4. <\/figcaption><\/figure>\n\n\n\n<figure class=\"wp-block-image\"><img loading=\"lazy\" decoding=\"async\" width=\"583\" height=\"1024\" src=\"http:\/\/www.rukajarvensuunnanhistoriayhdistys.fi\/rukajarvikeskus\/wp-content\/uploads\/2019\/08\/Kananen-Uuno-Kiuruvesi-14-8-2019-583x1024.jpg\" alt=\"\" class=\"wp-image-4529\" srcset=\"http:\/\/www.rukajarvensuunnanhistoriayhdistys.fi\/rukajarvikeskus\/wp-content\/uploads\/2019\/08\/Kananen-Uuno-Kiuruvesi-14-8-2019-583x1024.jpg 583w, http:\/\/www.rukajarvensuunnanhistoriayhdistys.fi\/rukajarvikeskus\/wp-content\/uploads\/2019\/08\/Kananen-Uuno-Kiuruvesi-14-8-2019-300x527.jpg 300w, http:\/\/www.rukajarvensuunnanhistoriayhdistys.fi\/rukajarvikeskus\/wp-content\/uploads\/2019\/08\/Kananen-Uuno-Kiuruvesi-14-8-2019-171x300.jpg 171w, http:\/\/www.rukajarvensuunnanhistoriayhdistys.fi\/rukajarvikeskus\/wp-content\/uploads\/2019\/08\/Kananen-Uuno-Kiuruvesi-14-8-2019-768x1348.jpg 768w, http:\/\/www.rukajarvensuunnanhistoriayhdistys.fi\/rukajarvikeskus\/wp-content\/uploads\/2019\/08\/Kananen-Uuno-Kiuruvesi-14-8-2019.jpg 1032w\" sizes=\"auto, (max-width: 583px) 100vw, 583px\" \/><\/figure>\n\n\n\n<p>Uunon kohdalla sotareissu kulki Raahen kautta ja siell\u00e4 saadun varusmieskoulutuksen j\u00e4lkeen 22.7.42 tuli siirto rintamalle ensin hetkeksi Lieksan Jukolan Mottiin Rask.K\/T\u00e4ydP 12:n t\u00e4ydennysjoukkoihin.&nbsp; Rukaj\u00e4rven rintamalle h\u00e4n siirtyi 7.9.1942.<\/p>\n\n\n\n<p>Rukaj\u00e4rvell\u00e4 Uuno Kananen toimi Halosen pataljoonassa,\neli III\/JR 10:n 12. komppaniassa konekiv\u00e4\u00e4riampujan apulaisena ja\nkonekiv\u00e4\u00e4riampujana. L\u00e4helt\u00e4 piti tilanteita oli useita, mutta mit\u00e4\u00e4n vakavaa\nei onneksi tapahtunut. &nbsp;Uunolle tuli tutuksi\nl\u00e4hes koko Rukaj\u00e4rven rintaman 200 km:n vastuualue. <\/p>\n\n\n\n<p>Rukaj\u00e4rven suunnan historiayhdistykselle 17.8.2012 antamassaan haastattelussa Uuno Kananen rauhalliseen, mutta poikkeuksellisen rikkaan sanavalmiutensa omaavana kertoo sopivasti huumorilla h\u00f6ystetyn sotatarinansa. Se on suomalaisen sotilaan, monta kertaa ns. tuntemattomaksi j\u00e4\u00e4neen sotilaan v\u00e4rik\u00e4s kuvaus. Uuno kertoo t\u00e4ss\u00e4 haastattelussa h\u00e4nen ja h\u00e4nen aseveljiens\u00e4 toimista er\u00e4maasodassa kaukana kotoa kovin vaatimattomissa oloissa. Kentt\u00e4vartion maan sis\u00e4\u00e4n rakennettu korsu oli kotimme ja sauna toi arkeen ylivertaisen nautinnon. Kaikki jaettiin tasan aseveljien kesken, l\u00f6ylykin. <\/p>\n\n\n\n<p>Etulinjan kentt\u00e4vartion rintamavastuun j\u00e4lkeen saattoi\nhiukan lev\u00e4ht\u00e4\u00e4, jolloin olimme kuin herrankukkarossa, ongimme Ontajoesta lis\u00e4s\u00e4rvint\u00e4\nja mets\u00e4stelimme. Annettuja ohjeita siell\u00e4kin piti tarkoin noudattaa. Uuno\nkertoi, ett\u00e4 kentt\u00e4vartiossa juoksuhaudan yl\u00e4hirteen oli kirjoitettu:\n&#8221;Kule matalana, s\u00e4\u00e4st\u00e4t tyt\u00f6n kyynelilt\u00e4.&#8221; Sen ohjeen noudattamatta\nj\u00e4tt\u00e4misen vihollinen rankaisi heti. <\/p>\n\n\n\n<p>Uunon mielest\u00e4 oman pit\u00e4j\u00e4n ja naapureitten tapaaminen\nrintamaoloissa oli suurta juhlaa. Aku R\u00e4dyn seurat ja kahvitarjoilut olivat\nviel\u00e4kin tuoreessa muistissa. Oman pit\u00e4j\u00e4n ja naapureitten kaatuminen kosketti\neniten, ja l\u00e4hisukulaisiakin oli heid\u00e4n joukossaan useita.<\/p>\n\n\n\n<p>Uuno menestyi rintamaoloissa hyvin, osin suuren\nviisitoistalapsisen perheen j\u00e4senyys auttoi sopeutumaan. &nbsp;<\/p>\n\n\n\n<p>Vihdoin sota loppui. Uunon komppanian (12.\/JR 10)\nsotap\u00e4iv\u00e4\u00e4n oli 4.9.1944 jo klo 2.00 kirjoitettu: &#8221;Saatiin tieto, ett\u00e4\nvihollisuudet lopetettava neuvostoliiton kanssa 4.9.1944 klo 8.\nEsivalmisteluihin siirtymismarssia varten ryhdyttiin. S\u00e4\u00e4 sateinen ja\nmyrskyinen.&#8221; <\/p>\n\n\n\n<p>N\u00e4in asiat eteniv\u00e4t ripe\u00e4sti, sotap\u00e4iv\u00e4kirjassa 11.9. klo\n16.40 L\u00e4hdettiin jalan Vansj\u00e4rvelt\u00e4 Tiiksaan, 25.9. klo 9.30 komppania\nosallistui Repolassa komentaja Raappanan katselmukseen ja 26.9. klo 14.34\nvihdoin koitti suuri juhlahetki, ylitettiin valtakunnan raja ja Uuno asettui\n27.9.44 klo 16.45 Jukolan Motissa samoihin kasarmeihin, joissa h\u00e4n asui 22.7. &#8211;\n7.9.1942 v\u00e4lisen ajan ennen rintamalle siirtymist\u00e4\u00e4n. Hetken aikaa Uuno\nosallistui Jukolan Motin ymp\u00e4rist\u00f6ss\u00e4 kentt\u00e4varustelut\u00f6ihin, mutta 13.10.1944\nh\u00e4net m\u00e4\u00e4r\u00e4ttiin Kiuruvedelt\u00e4 kotoisin olevan kapteeni Timo K\u00e4rkk\u00e4isen johdolla\ntakaisin Rukaj\u00e4rven rintamalle piikkilankaesteiden ker\u00e4yst\u00f6ihin. Siit\u00e4 Uuno\nkertoo harmissaan: &#8221;Sinne j\u00e4iv\u00e4t suuret piikkilankaker\u00e4t ja kun siit\u00e4 oli niin\ntosi kova pula kotirintamalla.&#8221; Paluumatkalla ven\u00e4l\u00e4iset v\u00e4ittiv\u00e4t kahden\nmiehen puuttuvan joukoista. Pitkien neuvottelujen j\u00e4lkeen vihdoin p\u00e4\u00e4stiin\ntakaisin Jukolan Motin suojiin. Tuo paluumatkan kuulustelu johti siihen, ettei\nUuno suostunut sodan j\u00e4lkeen l\u00e4htem\u00e4\u00e4n en\u00e4\u00e4 koskaan ulkomaan matkalle it\u00e4rajan\ntaakse, ei mist\u00e4\u00e4n hinnasta.<\/p>\n\n\n\n<p>Sotap\u00e4iv\u00e4kirjan mukaan: &#8221;30.10.1944 klo 5.30:\nL\u00e4htiv\u00e4t marssille Lieksaan Iisalmen skp:n, Kuhmon ja Paltamon kuntiin\nkuuluvat. L\u00e4ht\u00f6tilaisuudessa luutn. J\u00e4ms\u00e4 jakoi Ven\u00e4j\u00e4n komennuksella olleille\nmy\u00f6nnetyt, muut komennuksen takia jakamatta j\u00e4\u00e4neet kunniamerkit.&#8221;<\/p>\n\n\n\n<p>Rukaj\u00e4rvelt\u00e4 Pielavedelle suoritetun jalkamarssin j\u00e4lkeen\nkotiuttaminen tapahtui 16.11.1944. Jalan suoritettu kotimatka Uunon osalta\nlienee yksi Jatkosodan pisimpi\u00e4, per\u00e4ti n. 460 km. Loppumatkasta oli ensilumi\npeitt\u00e4nyt maan. Uunon sotareissu kesti 2 vuotta 10 kk ja yhden p\u00e4iv\u00e4n. <\/p>\n\n\n\n<p>Todettakoon viel\u00e4, ett\u00e4 Uunon veli Aku oli my\u00f6s Rukaj\u00e4rven rintamalla ja viisi sisarusta lottateht\u00e4viss\u00e4, Helvi, Hilja ja Miina Rukaj\u00e4rvell\u00e4 sek\u00e4 Tiina ja Reetta toimivat kotirintaman lotissa. Uunon veli Eino oli sotilasteht\u00e4viss\u00e4 Lahdessa ja Juho-veli kuoli keuhkotautiin varusmiespalvelusta suorittaessaan. Tilan hoito j\u00e4i Mari-sisaren huoleksi, jota nuorin vain 12-vuotias veli Matti auttoi.<\/p>\n\n\n\n<figure class=\"wp-block-image\"><img loading=\"lazy\" decoding=\"async\" width=\"768\" height=\"1024\" src=\"http:\/\/www.rukajarvensuunnanhistoriayhdistys.fi\/rukajarvikeskus\/wp-content\/uploads\/2019\/08\/20180318_125432-2-768x1024.jpg\" alt=\"\" class=\"wp-image-4530\" srcset=\"http:\/\/www.rukajarvensuunnanhistoriayhdistys.fi\/rukajarvikeskus\/wp-content\/uploads\/2019\/08\/20180318_125432-2-768x1024.jpg 768w, http:\/\/www.rukajarvensuunnanhistoriayhdistys.fi\/rukajarvikeskus\/wp-content\/uploads\/2019\/08\/20180318_125432-2-300x400.jpg 300w, http:\/\/www.rukajarvensuunnanhistoriayhdistys.fi\/rukajarvikeskus\/wp-content\/uploads\/2019\/08\/20180318_125432-2-225x300.jpg 225w, http:\/\/www.rukajarvensuunnanhistoriayhdistys.fi\/rukajarvikeskus\/wp-content\/uploads\/2019\/08\/20180318_125432-2-scaled.jpg 1920w\" sizes=\"auto, (max-width: 768px) 100vw, 768px\" \/><figcaption> Uuno Kananen (18.3.1923-7.8.2019) ja nuorempi veli Matti (s.19.4.1927) Uunon 95-vuotisp\u00e4iv\u00e4n\u00e4. <\/figcaption><\/figure>\n\n\n\n<p>Mainittakoon, ett\u00e4 ainakin Talvisodan aikana Lieksan\nsotatoimialueelta Viekist\u00e4 evakuoitu perhe Anni Honkanen, Martti poika ja kaksi\ntyt\u00e4rt\u00e4 sek\u00e4 heid\u00e4n set\u00e4ns\u00e4 Heikki asuivat sota-aikana Uunon kotona, joten sota\nkosketti t\u00e4ll\u00e4 tavoin koko perhett\u00e4. <\/p>\n\n\n\n<p>Puhuttaessa Uuno Kanasesta voidaan todeta, ett\u00e4 h\u00e4net oli\nkasvatettu kunnioittamaan vanhempia ihmisi\u00e4 ja esimiehi\u00e4. H\u00e4nelle koti, is\u00e4nmaa\nja uskon asiat olivat pyhi\u00e4. L\u00e4hell\u00e4 Uunon syd\u00e4nt\u00e4 oli my\u00f6s h\u00e4nen ammattinsa.\nH\u00e4n omisti syntym\u00e4kotinsa, jota h\u00e4n viljeli. Maatalous oli h\u00e4nelle henki ja\nel\u00e4m\u00e4. Niinp\u00e4 h\u00e4n iloitsi viel\u00e4 el\u00e4kep\u00e4ivin\u00e4\u00e4n siit\u00e4, ett\u00e4 h\u00e4nen poikansa\njatkoivat maatalousalalla. Uuno kertoi, ett\u00e4 olimme niitt\u00e4m\u00e4ss\u00e4 ruista ja siin\u00e4\nyhteydess\u00e4 vanhin pojista Tuomo tuli h\u00e4nelle sanoneeksi: &#8221;Mit\u00e4 mielt\u00e4 sin\u00e4\nis\u00e4 olisit siit\u00e4, jos h\u00e4n pyrkisi maatalousalan oppilaitokseen\nopiskelemaan.&#8221;Uuno kertoi vastanneensa siihen: &#8221;Min\u00e4 en voi olla kuin\niloinen, enk\u00e4 miss\u00e4\u00e4n nimess\u00e4 voi asettua lasteni etenemisen tielle.&#8221; T\u00e4m\u00e4\nPienen Sahin kotitilan ruispellolla k\u00e4yty keskustelu on kuvaus Uunon sielunsivistyksest\u00e4,\nkuvaus siit\u00e4 vaatimattomasta miehest\u00e4, joka huolehti kaikista\nvelvollisuuksistaan, hankki elannon perheelleen, kasvatti ja koulutti lapsensa.\n<\/p>\n\n\n\n<p>Uunon hienotunteisiin k\u00e4yt\u00f6stapoihin kuului my\u00f6s, ett\u00e4\nh\u00e4n oli luotettu sopimuskumppani. H\u00e4nen kaapistaan ei l\u00f6ydy luurankoja,\nmaksamattomia laskuja, vaan kuva luotettavasta miehest\u00e4 piirtyy kouluajoista\nnaapureille,&nbsp; aseveljille ja sukulaisille\nnuoruudesta aina el\u00e4kevuosiin saakka. El\u00e4kevuosinaan Uuno iloitsi suuresti\nlastensa menestyksest\u00e4.<\/p>\n\n\n\n<p>Seppo Ryh\u00e4nen&nbsp; ja\nTenho Tikkanen<\/p>\n\n\n\n<p>Seppo Ryh\u00e4nen on Rukaj\u00e4rven suunnan historiayhdistyksen\nvarapuheenjohtaja, Tenho Tikkanen entinen yhdistyksen puheenjohtaja ja Uunon\nnaapuri.<\/p>\n\n\n\n<p><strong>L\u00e4hteen\u00e4<\/strong>: *Video haastattelu 17.8.2012 Kaija ja Seppo R\u00e4ih\u00e4, kuvaus Antero Huttunen, leikkaus Tenho Tikkanen. *Lis\u00e4ksi kirjoitusta varten on haastateltu Uunon nuorinta velje\u00e4 Matti Kanasta, joka on syntynyt 19.4.1927. *Kirjoituksen muut asiatiedot ovat per\u00e4isin Rukaj\u00e4rven suunnan historiayhdistys ry:n arkistosta\u00a0 sotap\u00e4iv\u00e4kirjoista. <\/p>\n\n\n\n<p>***<\/p>\n\n\n\n<p>Uuno Kanasen 95-vuotisp\u00e4iv\u00e4n viettoa koskevan jutun voi lukea <strong><a href=\"http:\/\/www.rukajarvensuunnanhistoriayhdistys.fi\/historiayhdistys\/rukajarven-veteraani-uuno-ilmari-kananen-taytti-95-vuotta-18-3-2018-kiuruvedella\/\">T\u00c4\u00c4LT\u00c4<\/a><\/strong>:<\/p>\n","protected":false},"excerpt":{"rendered":"<p>Jatkosodan alkaessa&nbsp; Kiuruvedell\u00e4 syntynyt Uuno Kananen oli 18-vuotias nuorukainen. Avioliiton h\u00e4n solmi sodan j\u00e4lkeen 1945. Lapsia syntyi seitsem\u00e4n, Tuomo 1946, Kaija 1947, Eija 1950, Raija 1953, Kerttu 1955, Matti ja <a class=\"more-link\" href=\"http:\/\/www.rukajarvensuunnanhistoriayhdistys.fi\/rukajarvikeskus\/muistokirjoitukset\/uuno-kananen-on-poissa-s-18-3-1923-7-8-2019\/\">Lue lis\u00e4\u00e4&#8230;<span class=\"screen-reader-text\">Uuno Kananen on poissa, (s. 18.3.1923 &#8211; 7.8.2019)<\/span><span class=\"meta-nav\">\u2192<\/span><\/a><\/p>\n","protected":false},"author":4,"featured_media":0,"comment_status":"closed","ping_status":"open","sticky":false,"template":"","format":"standard","meta":{"ngg_post_thumbnail":0,"_jetpack_newsletter_access":"","_jetpack_dont_email_post_to_subs":false,"_jetpack_newsletter_tier_id":0,"_jetpack_memberships_contains_paywalled_content":false,"_jetpack_memberships_contains_paid_content":false,"footnotes":""},"categories":[26,32,24],"tags":[],"class_list":["post-4527","post","type-post","status-publish","format-standard","hentry","category-ajankohtaista","category-historiayhdistys","category-muistokirjoitukset"],"jetpack_featured_media_url":"","jetpack_sharing_enabled":true,"jetpack_shortlink":"https:\/\/wp.me\/p72N2f-1b1","_links":{"self":[{"href":"http:\/\/www.rukajarvensuunnanhistoriayhdistys.fi\/rukajarvikeskus\/wp-json\/wp\/v2\/posts\/4527","targetHints":{"allow":["GET"]}}],"collection":[{"href":"http:\/\/www.rukajarvensuunnanhistoriayhdistys.fi\/rukajarvikeskus\/wp-json\/wp\/v2\/posts"}],"about":[{"href":"http:\/\/www.rukajarvensuunnanhistoriayhdistys.fi\/rukajarvikeskus\/wp-json\/wp\/v2\/types\/post"}],"author":[{"embeddable":true,"href":"http:\/\/www.rukajarvensuunnanhistoriayhdistys.fi\/rukajarvikeskus\/wp-json\/wp\/v2\/users\/4"}],"replies":[{"embeddable":true,"href":"http:\/\/www.rukajarvensuunnanhistoriayhdistys.fi\/rukajarvikeskus\/wp-json\/wp\/v2\/comments?post=4527"}],"version-history":[{"count":3,"href":"http:\/\/www.rukajarvensuunnanhistoriayhdistys.fi\/rukajarvikeskus\/wp-json\/wp\/v2\/posts\/4527\/revisions"}],"predecessor-version":[{"id":4543,"href":"http:\/\/www.rukajarvensuunnanhistoriayhdistys.fi\/rukajarvikeskus\/wp-json\/wp\/v2\/posts\/4527\/revisions\/4543"}],"wp:attachment":[{"href":"http:\/\/www.rukajarvensuunnanhistoriayhdistys.fi\/rukajarvikeskus\/wp-json\/wp\/v2\/media?parent=4527"}],"wp:term":[{"taxonomy":"category","embeddable":true,"href":"http:\/\/www.rukajarvensuunnanhistoriayhdistys.fi\/rukajarvikeskus\/wp-json\/wp\/v2\/categories?post=4527"},{"taxonomy":"post_tag","embeddable":true,"href":"http:\/\/www.rukajarvensuunnanhistoriayhdistys.fi\/rukajarvikeskus\/wp-json\/wp\/v2\/tags?post=4527"}],"curies":[{"name":"wp","href":"https:\/\/api.w.org\/{rel}","templated":true}]}}