{"id":4676,"date":"2019-09-05T01:29:46","date_gmt":"2019-09-04T22:29:46","guid":{"rendered":"http:\/\/www.rukajarvensuunnanhistoriayhdistys.fi\/rukajarvikeskus\/?p=4676"},"modified":"2019-09-05T23:32:26","modified_gmt":"2019-09-05T20:32:26","slug":"onnistunut-juhlapaiva-aselevosta-75-vuotta-4-9-2019-juhla-lieksassa","status":"publish","type":"post","link":"http:\/\/www.rukajarvensuunnanhistoriayhdistys.fi\/rukajarvikeskus\/tapahtumat\/onnistunut-juhlapaiva-aselevosta-75-vuotta-4-9-2019-juhla-lieksassa\/","title":{"rendered":"Onnistunut juhlap\u00e4iv\u00e4 &#8211; Aselevosta 75 vuotta &#8211; 4.9.2019 juhla Lieksassa."},"content":{"rendered":"<div class=\"fcbkbttn_buttons_block\" id=\"fcbkbttn_left\"><div class=\"fcbkbttn_like \"><fb:like href=\"http:\/\/www.rukajarvensuunnanhistoriayhdistys.fi\/rukajarvikeskus\/tapahtumat\/onnistunut-juhlapaiva-aselevosta-75-vuotta-4-9-2019-juhla-lieksassa\/\" action=\"like\" colorscheme=\"light\" layout=\"button_count\"  size=\"small\"><\/fb:like><\/div><\/div>\n<p>T\u00e4n\u00e4\u00e4n tuli kuluneeksi 75\nvuotta aselevon p\u00e4iv\u00e4st\u00e4. Juhlallisuudet aloitettiin Lieksassa aamuvarhaisella.\nKello 7.00 laskettiin seppele Rukaj\u00e4rven suunnan &#8221;Jotos&#8221;\nmuistomerkille. Seppeleen laskivat Lieksan kaupungin sivistysjohtaja Arto Sihvonen\nja Rukaj\u00e4rven suunnan historiayhdistys ry:n varapuheenjohtaja Seppo Ryh\u00e4nen.<\/p>\n\n\n\n<figure class=\"wp-block-image\"><img loading=\"lazy\" decoding=\"async\" width=\"1024\" height=\"681\" src=\"http:\/\/www.rukajarvensuunnanhistoriayhdistys.fi\/rukajarvikeskus\/wp-content\/uploads\/2019\/09\/DSC07925-1024x681.jpg\" alt=\"\" class=\"wp-image-4677\" srcset=\"http:\/\/www.rukajarvensuunnanhistoriayhdistys.fi\/rukajarvikeskus\/wp-content\/uploads\/2019\/09\/DSC07925-1024x681.jpg 1024w, http:\/\/www.rukajarvensuunnanhistoriayhdistys.fi\/rukajarvikeskus\/wp-content\/uploads\/2019\/09\/DSC07925-300x200.jpg 300w, http:\/\/www.rukajarvensuunnanhistoriayhdistys.fi\/rukajarvikeskus\/wp-content\/uploads\/2019\/09\/DSC07925-768x511.jpg 768w\" sizes=\"auto, (max-width: 1024px) 100vw, 1024px\" \/><figcaption> Raimo Kempas, Jatta Kettunen, Maija Riikonen, Seppo Ryh\u00e4nen, Arto Sihvonen, Riikonen, Ritva Kilpel\u00e4inen ja Teuvo Kettunen. <\/figcaption><\/figure>\n\n\n\n<p>Seppeleen laskemisen j\u00e4lkeen kokoonnuttiin Lieksan Rukaj\u00e4rvi-keskuksessa j\u00e4rjestettyyn kahvitilaisuuteen. Tilaisuuden avasi yhdistyksen varapuheenjohtaja Seppo Ryh\u00e4nen. Tilaisuudessa puhui my\u00f6s yhdistyksen entinen puheenjohtaja Tenho Tikkanen. Puheeseen voi tutustua <strong> <a href=\"http:\/\/www.rukajarvensuunnanhistoriayhdistys.fi\/rukajarvikeskus\/wp-content\/uploads\/2019\/09\/75-vuotta-aselevosta-4-9-2019-1.pdf\">T\u00c4\u00c4LT\u00c4:<\/a><\/strong><\/p>\n\n\n\n<figure class=\"wp-block-image\"><img loading=\"lazy\" decoding=\"async\" width=\"1024\" height=\"681\" src=\"http:\/\/www.rukajarvensuunnanhistoriayhdistys.fi\/rukajarvikeskus\/wp-content\/uploads\/2019\/09\/DSC07932-1024x681.jpg\" alt=\"\" class=\"wp-image-4682\" srcset=\"http:\/\/www.rukajarvensuunnanhistoriayhdistys.fi\/rukajarvikeskus\/wp-content\/uploads\/2019\/09\/DSC07932-1024x681.jpg 1024w, http:\/\/www.rukajarvensuunnanhistoriayhdistys.fi\/rukajarvikeskus\/wp-content\/uploads\/2019\/09\/DSC07932-300x200.jpg 300w, http:\/\/www.rukajarvensuunnanhistoriayhdistys.fi\/rukajarvikeskus\/wp-content\/uploads\/2019\/09\/DSC07932-768x511.jpg 768w\" sizes=\"auto, (max-width: 1024px) 100vw, 1024px\" \/><figcaption> Kahvitilaisuus Seppeleen laskuun j\u00e4lkeen. <\/figcaption><\/figure>\n\n\n\n<p>Rukaj\u00e4rven tien opastetulle matkalle l\u00e4hti pitk\u00e4lti toistakymment\u00e4 autoa. Oppaina toimivat Seppo Ryh\u00e4nen, Tauno Oksanen ja Tenho Tikkanen. Jukolan Motti -pirtill\u00e4 Tuomo Martikainen oli paistanut makkarat ja &#8221;valmistanut&#8221; lis\u00e4ksi nokipannukahvit. Tutustumismatkan j\u00e4lkeen Lieksan Rukaj\u00e4rvi-keskuksessa nautittiin perinteiseen tapaan maittava hernekeitto.<\/p>\n\n\n\n<figure class=\"wp-block-image\"><img loading=\"lazy\" decoding=\"async\" width=\"1024\" height=\"681\" src=\"http:\/\/www.rukajarvensuunnanhistoriayhdistys.fi\/rukajarvikeskus\/wp-content\/uploads\/2019\/09\/DSC07933-1-1024x681.jpg\" alt=\"\" class=\"wp-image-4683\" srcset=\"http:\/\/www.rukajarvensuunnanhistoriayhdistys.fi\/rukajarvikeskus\/wp-content\/uploads\/2019\/09\/DSC07933-1-1024x681.jpg 1024w, http:\/\/www.rukajarvensuunnanhistoriayhdistys.fi\/rukajarvikeskus\/wp-content\/uploads\/2019\/09\/DSC07933-1-300x200.jpg 300w, http:\/\/www.rukajarvensuunnanhistoriayhdistys.fi\/rukajarvikeskus\/wp-content\/uploads\/2019\/09\/DSC07933-1-768x511.jpg 768w\" sizes=\"auto, (max-width: 1024px) 100vw, 1024px\" \/><\/figure>\n\n\n\n<figure class=\"wp-block-image\"><img loading=\"lazy\" decoding=\"async\" width=\"1024\" height=\"681\" src=\"http:\/\/www.rukajarvensuunnanhistoriayhdistys.fi\/rukajarvikeskus\/wp-content\/uploads\/2019\/09\/DSC07935-1024x681.jpg\" alt=\"\" class=\"wp-image-4684\" srcset=\"http:\/\/www.rukajarvensuunnanhistoriayhdistys.fi\/rukajarvikeskus\/wp-content\/uploads\/2019\/09\/DSC07935-1024x681.jpg 1024w, http:\/\/www.rukajarvensuunnanhistoriayhdistys.fi\/rukajarvikeskus\/wp-content\/uploads\/2019\/09\/DSC07935-300x200.jpg 300w, http:\/\/www.rukajarvensuunnanhistoriayhdistys.fi\/rukajarvikeskus\/wp-content\/uploads\/2019\/09\/DSC07935-768x511.jpg 768w\" sizes=\"auto, (max-width: 1024px) 100vw, 1024px\" \/><figcaption> Retkel\u00e4iset pys\u00e4htyiv\u00e4t Tuomo Martikaisen valmistamille nokipannukahveille. <\/figcaption><\/figure>\n\n\n\n<p>Aselepoa juhlittiin p\u00e4iv\u00e4n aikana my\u00f6s Kiuruvedell\u00e4 oikein 103-vuotiaan Rukaj\u00e4rven veteraani Tauno Tikkasen johdolla l\u00e4heisten ja naapureitten kanssa. Lippu oli nostettu Rukaj\u00e4rven perinnepolulla salkoon perinnepolulla maisteltiin my\u00f6s muita p\u00f6yd\u00e4nantimia perinteiseen tapaan. Juomaksi oli valittu 4 cl leikattua konjakkia.<\/p>\n\n\n\n<figure class=\"wp-block-image\"><img loading=\"lazy\" decoding=\"async\" width=\"1024\" height=\"768\" src=\"http:\/\/www.rukajarvensuunnanhistoriayhdistys.fi\/rukajarvikeskus\/wp-content\/uploads\/2019\/09\/Perinnepolku-1024x768.jpg\" alt=\"\" class=\"wp-image-4685\" srcset=\"http:\/\/www.rukajarvensuunnanhistoriayhdistys.fi\/rukajarvikeskus\/wp-content\/uploads\/2019\/09\/Perinnepolku.jpg 1024w, http:\/\/www.rukajarvensuunnanhistoriayhdistys.fi\/rukajarvikeskus\/wp-content\/uploads\/2019\/09\/Perinnepolku-300x225.jpg 300w, http:\/\/www.rukajarvensuunnanhistoriayhdistys.fi\/rukajarvikeskus\/wp-content\/uploads\/2019\/09\/Perinnepolku-768x576.jpg 768w\" sizes=\"auto, (max-width: 1024px) 100vw, 1024px\" \/><figcaption> Mukana olivat veteraanin lis\u00e4ksi vakiovieraat, veteraanin puolison sisaren poika Seppo Kettunen sek\u00e4 suvun nuorin 2-vuotias veteraanin pojan tytt\u00e4ren poika Elmeri, joka halusi istua juhlatilaisuudessa isovaarinsa syliss\u00e4. Mukana oli my\u00f6s Elmerin mummo Varpu. Kuva Helena Tikkanen.  <\/figcaption><\/figure>\n\n\n\n<p>Kello 18.00 alkanut Evakon laulu konsertti t\u00e4ytti Lieksan Kulman talon. Useat halukkaat eiv\u00e4t mahtuneet konserttisaliin.  Konsertin p\u00e4\u00e4tytty\u00e4 juhlayleis\u00f6 seisaalleen nousten osoitti suosiotaan. <\/p>\n\n\n\n<p>Viel\u00e4 illalla klo 22.00\nalkaneen Rukaj\u00e4rven tie-elokuvan n\u00e4yt\u00f6kseen saapui parikymment\u00e4 katsojaa.\nN\u00e4yt\u00f6s p\u00e4\u00e4ttyi vasta 00.10. Viimeiset vieraat poistuivat 00.30. <\/p>\n\n\n\n<p>Ennen elokuvan\u00e4yt\u00f6ksen\nalkua Tenho Tikkanen esitteli elokuvan. Samassa yhteydess\u00e4 Konsertin evakon\nlaulu esiintyjille luovutettiin &#8221;Raappanan ritari-teos&#8221;. Teos\nperustuu Pentti Perttulin itsens\u00e4 kirjoittamiin Rukaj\u00e4rven suunnan\nhistoriikkitoimikunnalle tekemiin muistelmiin ja kuten tunnettua Rukaj\u00e4rven tie\nelokuva kertoo Pentti Perttulin johtaman partion &#8221;r\u00f6yhke\u00e4st\u00e4&#8221; etenemisest\u00e4\nRepolan Lieksaj\u00e4rven ymp\u00e4ri aivan sodan alussa hein\u00e4kuussa 1941. <\/p>\n\n\n\n<p>Kiit\u00e4mme kaikkia eri tilaisuuksiin osallistuneita juhlavieraita samoin kuin kaikkia esiintyji\u00e4.  <\/p>\n\n\n\n<p>P\u00e4iv\u00e4n juhlallisuuksiin osallistui hiukan yli 200 henkil\u00f6\u00e4.<\/p>\n\n\n\n<p> Vuoden 2014 kansalaisjuhlasta 70 vuotta Jatkosodan p\u00e4\u00e4ttymisest\u00e4 kirjoitettuun juttuun voi tutustua&nbsp;<strong><a href=\"http:\/\/www.rukajarvensuunnanhistoriayhdistys.fi\/historiayhdistys\/onnistunut-kansanjuhla-saakin-suosi\/\">T\u00c4\u00c4LT\u00c4<\/a><\/strong>: <\/p>\n\n\n\n<p>TJT.<\/p>\n","protected":false},"excerpt":{"rendered":"<p>T\u00e4n\u00e4\u00e4n tuli kuluneeksi 75 vuotta aselevon p\u00e4iv\u00e4st\u00e4. Juhlallisuudet aloitettiin Lieksassa aamuvarhaisella. Kello 7.00 laskettiin seppele Rukaj\u00e4rven suunnan &#8221;Jotos&#8221; muistomerkille. Seppeleen laskivat Lieksan kaupungin sivistysjohtaja Arto Sihvonen ja Rukaj\u00e4rven suunnan historiayhdistys <a class=\"more-link\" href=\"http:\/\/www.rukajarvensuunnanhistoriayhdistys.fi\/rukajarvikeskus\/tapahtumat\/onnistunut-juhlapaiva-aselevosta-75-vuotta-4-9-2019-juhla-lieksassa\/\">Lue lis\u00e4\u00e4&#8230;<span class=\"screen-reader-text\">Onnistunut juhlap\u00e4iv\u00e4 &#8211; Aselevosta 75 vuotta &#8211; 4.9.2019 juhla Lieksassa.<\/span><span class=\"meta-nav\">\u2192<\/span><\/a><\/p>\n","protected":false},"author":4,"featured_media":0,"comment_status":"closed","ping_status":"open","sticky":false,"template":"","format":"standard","meta":{"ngg_post_thumbnail":0,"_jetpack_newsletter_access":"","_jetpack_dont_email_post_to_subs":false,"_jetpack_newsletter_tier_id":0,"_jetpack_memberships_contains_paywalled_content":false,"_jetpack_memberships_contains_paid_content":false,"footnotes":""},"categories":[26,32,27,15],"tags":[],"class_list":["post-4676","post","type-post","status-publish","format-standard","hentry","category-ajankohtaista","category-historiayhdistys","category-juhlapuheet","category-tapahtumat"],"jetpack_featured_media_url":"","jetpack_sharing_enabled":true,"jetpack_shortlink":"https:\/\/wp.me\/p72N2f-1dq","_links":{"self":[{"href":"http:\/\/www.rukajarvensuunnanhistoriayhdistys.fi\/rukajarvikeskus\/wp-json\/wp\/v2\/posts\/4676","targetHints":{"allow":["GET"]}}],"collection":[{"href":"http:\/\/www.rukajarvensuunnanhistoriayhdistys.fi\/rukajarvikeskus\/wp-json\/wp\/v2\/posts"}],"about":[{"href":"http:\/\/www.rukajarvensuunnanhistoriayhdistys.fi\/rukajarvikeskus\/wp-json\/wp\/v2\/types\/post"}],"author":[{"embeddable":true,"href":"http:\/\/www.rukajarvensuunnanhistoriayhdistys.fi\/rukajarvikeskus\/wp-json\/wp\/v2\/users\/4"}],"replies":[{"embeddable":true,"href":"http:\/\/www.rukajarvensuunnanhistoriayhdistys.fi\/rukajarvikeskus\/wp-json\/wp\/v2\/comments?post=4676"}],"version-history":[{"count":4,"href":"http:\/\/www.rukajarvensuunnanhistoriayhdistys.fi\/rukajarvikeskus\/wp-json\/wp\/v2\/posts\/4676\/revisions"}],"predecessor-version":[{"id":4716,"href":"http:\/\/www.rukajarvensuunnanhistoriayhdistys.fi\/rukajarvikeskus\/wp-json\/wp\/v2\/posts\/4676\/revisions\/4716"}],"wp:attachment":[{"href":"http:\/\/www.rukajarvensuunnanhistoriayhdistys.fi\/rukajarvikeskus\/wp-json\/wp\/v2\/media?parent=4676"}],"wp:term":[{"taxonomy":"category","embeddable":true,"href":"http:\/\/www.rukajarvensuunnanhistoriayhdistys.fi\/rukajarvikeskus\/wp-json\/wp\/v2\/categories?post=4676"},{"taxonomy":"post_tag","embeddable":true,"href":"http:\/\/www.rukajarvensuunnanhistoriayhdistys.fi\/rukajarvikeskus\/wp-json\/wp\/v2\/tags?post=4676"}],"curies":[{"name":"wp","href":"https:\/\/api.w.org\/{rel}","templated":true}]}}