{"id":5057,"date":"2019-09-19T07:35:33","date_gmt":"2019-09-19T04:35:33","guid":{"rendered":"http:\/\/www.rukajarvensuunnanhistoriayhdistys.fi\/rukajarvikeskus\/?p=5057"},"modified":"2019-09-21T11:20:25","modified_gmt":"2019-09-21T08:20:25","slug":"kiuruvedella-rukajarven-perinnepolulla-muisteltiin-aselepoa-ja-rukajarven-suunnan-historiayhdistys-ryn-10-vuotista-sotahistoriatyota-18-9-2019","status":"publish","type":"post","link":"http:\/\/www.rukajarvensuunnanhistoriayhdistys.fi\/rukajarvikeskus\/tapahtumat\/kiuruvedella-rukajarven-perinnepolulla-muisteltiin-aselepoa-ja-rukajarven-suunnan-historiayhdistys-ryn-10-vuotista-sotahistoriatyota-18-9-2019\/","title":{"rendered":"Kiuruvedell\u00e4 Rukaj\u00e4rven perinnepolulla muisteltiin aselepoa ja Rukaj\u00e4rven suunnan historiayhdistys ry:n 10-vuotista sotahistoriaty\u00f6t\u00e4 19.9.2019"},"content":{"rendered":"<div class=\"fcbkbttn_buttons_block\" id=\"fcbkbttn_left\"><div class=\"fcbkbttn_like \"><fb:like href=\"http:\/\/www.rukajarvensuunnanhistoriayhdistys.fi\/rukajarvikeskus\/tapahtumat\/kiuruvedella-rukajarven-perinnepolulla-muisteltiin-aselepoa-ja-rukajarven-suunnan-historiayhdistys-ryn-10-vuotista-sotahistoriatyota-18-9-2019\/\" action=\"like\" colorscheme=\"light\" layout=\"button_count\"  size=\"small\"><\/fb:like><\/div><\/div>\n<p>Tilaisuuden aluksi vietettiin hiljainen hetki l\u00e4hes 103-vuotiaan Rukaj\u00e4rven veteraani Matti K\u00e4rkk\u00e4isen &nbsp;(15.11.1916-15.9.2019) muistolle. Matti K\u00e4rkk\u00e4inen vieraili vuosittain veteraaniveljens\u00e4 Tauno Tikkasen (s.10.3.1916) rakentamalla \u201dKivivaaraksi\u201d nimetyll\u00e4 perinnepolulla. T\u00e4\u00e4ll\u00e4 tehtiin lukuisat Matti K\u00e4rkk\u00e4isen videohaastattelut.<\/p>\n\n\n\n<figure class=\"wp-block-image\"><img loading=\"lazy\" decoding=\"async\" width=\"1024\" height=\"819\" src=\"http:\/\/www.rukajarvensuunnanhistoriayhdistys.fi\/rukajarvikeskus\/wp-content\/uploads\/2019\/03\/7-Matti-K\u00e4rkk\u00e4inen-Jouluna-2014-1024x819.jpg\" alt=\"\" class=\"wp-image-4012\" srcset=\"http:\/\/www.rukajarvensuunnanhistoriayhdistys.fi\/rukajarvikeskus\/wp-content\/uploads\/2019\/03\/7-Matti-K\u00e4rkk\u00e4inen-Jouluna-2014-1024x819.jpg 1024w, http:\/\/www.rukajarvensuunnanhistoriayhdistys.fi\/rukajarvikeskus\/wp-content\/uploads\/2019\/03\/7-Matti-K\u00e4rkk\u00e4inen-Jouluna-2014-300x240.jpg 300w, http:\/\/www.rukajarvensuunnanhistoriayhdistys.fi\/rukajarvikeskus\/wp-content\/uploads\/2019\/03\/7-Matti-K\u00e4rkk\u00e4inen-Jouluna-2014-768x614.jpg 768w\" sizes=\"auto, (max-width: 1024px) 100vw, 1024px\" \/><figcaption> Matti K\u00e4rkk\u00e4inen (15.11.1916-15.9.2019) menhtyi viime sunnuntaina.<\/figcaption><\/figure>\n\n\n\n<figure class=\"wp-block-image\"><img loading=\"lazy\" decoding=\"async\" width=\"1024\" height=\"681\" src=\"http:\/\/www.rukajarvensuunnanhistoriayhdistys.fi\/rukajarvikeskus\/wp-content\/uploads\/2016\/11\/DSC03899-Nuorin-veteraani-1024x681.jpg\" alt=\"\" class=\"wp-image-2505\" srcset=\"http:\/\/www.rukajarvensuunnanhistoriayhdistys.fi\/rukajarvikeskus\/wp-content\/uploads\/2016\/11\/DSC03899-Nuorin-veteraani-1024x681.jpg 1024w, http:\/\/www.rukajarvensuunnanhistoriayhdistys.fi\/rukajarvikeskus\/wp-content\/uploads\/2016\/11\/DSC03899-Nuorin-veteraani-300x200.jpg 300w, http:\/\/www.rukajarvensuunnanhistoriayhdistys.fi\/rukajarvikeskus\/wp-content\/uploads\/2016\/11\/DSC03899-Nuorin-veteraani-768x511.jpg 768w\" sizes=\"auto, (max-width: 1024px) 100vw, 1024px\" \/><figcaption>Matti K\u00e4rkk\u00e4inen satavuotisjuhlassaan nuorin veteraani. Matti K\u00e4rkk\u00e4inen (15.11.1916) vietti 100-vuotisjuhliaan Iisalmen Vetre\u00e4Terveys hoitokodissa. H\u00e4nt\u00e4 olivat onnittelemassa 103-vuotias Mikko Bergman (1.9.1913) ja 100-vuotias Tauno Tikkanen (10.3.1916).<\/figcaption><\/figure>\n\n\n\n<figure class=\"wp-block-image\"><img loading=\"lazy\" decoding=\"async\" width=\"1024\" height=\"681\" src=\"http:\/\/www.rukajarvensuunnanhistoriayhdistys.fi\/rukajarvikeskus\/wp-content\/uploads\/2016\/11\/DSC03915-Seppo-R\u00e4ih\u00e4-1024x681.jpg\" alt=\"\" class=\"wp-image-2498\" srcset=\"http:\/\/www.rukajarvensuunnanhistoriayhdistys.fi\/rukajarvikeskus\/wp-content\/uploads\/2016\/11\/DSC03915-Seppo-R\u00e4ih\u00e4-1024x681.jpg 1024w, http:\/\/www.rukajarvensuunnanhistoriayhdistys.fi\/rukajarvikeskus\/wp-content\/uploads\/2016\/11\/DSC03915-Seppo-R\u00e4ih\u00e4-300x200.jpg 300w, http:\/\/www.rukajarvensuunnanhistoriayhdistys.fi\/rukajarvikeskus\/wp-content\/uploads\/2016\/11\/DSC03915-Seppo-R\u00e4ih\u00e4-768x511.jpg 768w\" sizes=\"auto, (max-width: 1024px) 100vw, 1024px\" \/><figcaption>Matti K\u00e4rkk\u00e4inen oli sotainvalidi, Kiuruveden Sotainvalidien puheenjohtaja Seppo R\u00e4ih\u00e4 ja varapuheenjohtaja Arvi Alpia onnittelivat 100-vuotiasta veteraania.<\/figcaption><\/figure>\n\n\n\n<p>Hiljaisen hetken j\u00e4lkeen Rukaj\u00e4rven suunnan historiayhdistys ry:n puheenjohtajana vuosina 2009 \u2013 2019 toiminut Tenho Tikkanen muisteli yhdistyksen perustamiseen liittyvi\u00e4 tapahtumia, josta puheesta julkaisemme seuraavassa otteen:<\/p>\n\n\n\n<figure class=\"wp-block-image\"><img loading=\"lazy\" decoding=\"async\" width=\"1024\" height=\"768\" src=\"http:\/\/www.rukajarvensuunnanhistoriayhdistys.fi\/rukajarvikeskus\/wp-content\/uploads\/2019\/09\/Rukaj\u00e4rven-perinnekuja-18-6-2009-1024x768.jpg\" alt=\"\" class=\"wp-image-5058\" srcset=\"http:\/\/www.rukajarvensuunnanhistoriayhdistys.fi\/rukajarvikeskus\/wp-content\/uploads\/2019\/09\/Rukaj\u00e4rven-perinnekuja-18-6-2009-1024x768.jpg 1024w, http:\/\/www.rukajarvensuunnanhistoriayhdistys.fi\/rukajarvikeskus\/wp-content\/uploads\/2019\/09\/Rukaj\u00e4rven-perinnekuja-18-6-2009-300x225.jpg 300w, http:\/\/www.rukajarvensuunnanhistoriayhdistys.fi\/rukajarvikeskus\/wp-content\/uploads\/2019\/09\/Rukaj\u00e4rven-perinnekuja-18-6-2009-768x576.jpg 768w\" sizes=\"auto, (max-width: 1024px) 100vw, 1024px\" \/><figcaption> Lauri Winberg vihki 18.6.2009 Rukaj\u00e4rven perinnepolun, nimeten sen \u201dKivivaaraksi\u201d. Paikka mist\u00e4 Rukaj\u00e4rven rintaman joukot ylittiv\u00e4t rajan Jatkosodassa. Kuvassa Vilho Remes, Lauri Winberg, veteraani Tauno Tikkanen, Uolevi Ker\u00e4nen ja Eero K\u00e4rkk\u00e4inen. <\/figcaption><\/figure>\n\n\n\n<p>\u201dKivivaaran\u201d perinnepolun vihki k\u00e4ytt\u00f6\u00f6n kotiseutuneuvos Lauri\nWinberg jo 18.6.2009. Juuri tuona p\u00e4iv\u00e4n\u00e4 \u201dKivivaaran\u201d perinnepolulle oli\npystytetty opastaulu. Opastaulussa tuotiin esille valokuvia Rukaj\u00e4rven rintaman\npuhdet\u00f6ist\u00e4 ja rintamataiteesta. Sota oli muutakin kuin sotimista. Veteraanien\nmielest\u00e4 huumori ja tarinan kerronta kuului olennaisena osana rintamalle.\nTarinointi onnistuu erinomaisesti t\u00e4\u00e4ll\u00e4 Kivivaaran leirinuotiolla, kodalla,\nrauhallisissa ymp\u00e4rist\u00f6ss\u00e4. T\u00e4\u00e4ll\u00e4 perinnepolulla ovat vierailleet monet\nRukaj\u00e4rven veteraanit Paavo Lonkila, Toimi Lukkarinen, Maunu Kankaanp\u00e4\u00e4, Olavi\nTiittanen, Matti K\u00e4rkk\u00e4inen, Toimi Marin, Tapio K\u00e4rkk\u00e4inen ja monet muut mm.\nkaupunginjohtajat &nbsp;jne. My\u00f6s nuorempi ik\u00e4luokka on halunnut kuulla\nveteraanin itsens\u00e4 kerrontaa. T\u00e4\u00e4ll\u00e4 on tehty suuri m\u00e4\u00e4r\u00e4 yhdistyksemme\nveteraanihaastatteluista. N\u00e4m\u00e4 kaikki haastattelut on taltioitu Rukaj\u00e4rven\nsuunnan historiayhdistyksen arkistoon.<\/p>\n\n\n\n<p>V\u00e4h\u00e4\u00e4\naikaisemmin Kivivaaran perinnepolun 18.6.2009 vihkimist\u00e4 Rukaj\u00e4rven suunnan\nhistoriikkitoimikunta oli avannut Iisalmen kulttuurikeskuksessa Rukaj\u00e4rven\nrintaman taideteoksia esittelev\u00e4n valokuvan\u00e4yttelyn. Siihen tutustui n. 21.000\nvierasta. N\u00e4yttely avattiin 27.4.2009 Iisalmessa j\u00e4rjestetyn kansallisen\nveteraanip\u00e4iv\u00e4n p\u00e4\u00e4juhlan yhteydess\u00e4. N\u00e4yttely\u00e4 varten julkaistiin 72-sivuinen\nn\u00e4yttelyesite.<\/p>\n\n\n\n<p>Rukaj\u00e4rven\nrintaman taidetta n\u00e4yttely siirtyi Iisalmen kulttuurikeskuksesta ensin Marskin\nMajalle Lopelle, sielt\u00e4 Kiuruveden kulttuurikeskukseen 13.3.2010, mink\u00e4 j\u00e4lkeen\nse oli esill\u00e4 ensin Pielaveden kirjaston tiloissa, ja sielt\u00e4 n\u00e4yttely siirtyi\nLieksan kirjastoon v. 2011, ja edelleen Lappaj\u00e4rvelle Kylpyl\u00e4-Kivitippuun v.\n2012 ja sielt\u00e4 Lieksan Rukaj\u00e4rvi-keskuksessa n\u00e4yttely on ollut esill\u00e4 vuodesta\n2014 alkaen. Rukaj\u00e4rven rintaman taidetta n\u00e4yttelyn on n\u00e4hnyt t\u00e4h\u00e4n menness\u00e4 n.\n50.000 n\u00e4yttelyvierasta.<\/p>\n\n\n\n<p>Vuosina 2005 \u2013 2009 historiikkitoimikunta jatkoi vuonna 1987 aloittamaansa sotahistoria-aineiston ker\u00e4ysty\u00f6t\u00e4 ja 19.9.2009 perustettu Rukaj\u00e4rven suunnan historiayhdistyksen perustaminen loi perustan todella tuloksekkaalle sotahistoriaty\u00f6lle.<\/p>\n\n\n\n<figure class=\"wp-block-image\"><img loading=\"lazy\" decoding=\"async\" width=\"1024\" height=\"768\" src=\"http:\/\/www.rukajarvensuunnanhistoriayhdistys.fi\/rukajarvikeskus\/wp-content\/uploads\/2019\/09\/IMG_20190919_130913-2-1024x768.jpg\" alt=\"\" class=\"wp-image-5059\" srcset=\"http:\/\/www.rukajarvensuunnanhistoriayhdistys.fi\/rukajarvikeskus\/wp-content\/uploads\/2019\/09\/IMG_20190919_130913-2-1024x768.jpg 1024w, http:\/\/www.rukajarvensuunnanhistoriayhdistys.fi\/rukajarvikeskus\/wp-content\/uploads\/2019\/09\/IMG_20190919_130913-2-300x225.jpg 300w, http:\/\/www.rukajarvensuunnanhistoriayhdistys.fi\/rukajarvikeskus\/wp-content\/uploads\/2019\/09\/IMG_20190919_130913-2-768x576.jpg 768w, http:\/\/www.rukajarvensuunnanhistoriayhdistys.fi\/rukajarvikeskus\/wp-content\/uploads\/2019\/09\/IMG_20190919_130913-2.jpg 1600w\" sizes=\"auto, (max-width: 1024px) 100vw, 1024px\" \/><figcaption> Kiuruvedell\u00e4 19.9.2019 j\u00e4rjestettyyn tilaisuuteen osallistuivat Martti Ker\u00e4nen, Matti Kilpel\u00e4inen, Seppo Kettunen, Antti Haapalainen ja veteraani Tauno Tikkanen (s. 10.3.1916), perinnepolun laavun rakentaja.<br>Alakuvassa Antero Huttunen, Ossi V\u00e4is\u00e4nen ja Martti Ker\u00e4nen. Kuvat Tenho Tikkanen. <\/figcaption><\/figure>\n\n\n\n<figure class=\"wp-block-image\"><img loading=\"lazy\" decoding=\"async\" width=\"1024\" height=\"768\" src=\"http:\/\/www.rukajarvensuunnanhistoriayhdistys.fi\/rukajarvikeskus\/wp-content\/uploads\/2019\/09\/IMG_20190919_131813-2-1024x768.jpg\" alt=\"\" class=\"wp-image-5060\" srcset=\"http:\/\/www.rukajarvensuunnanhistoriayhdistys.fi\/rukajarvikeskus\/wp-content\/uploads\/2019\/09\/IMG_20190919_131813-2-1024x768.jpg 1024w, http:\/\/www.rukajarvensuunnanhistoriayhdistys.fi\/rukajarvikeskus\/wp-content\/uploads\/2019\/09\/IMG_20190919_131813-2-300x225.jpg 300w, http:\/\/www.rukajarvensuunnanhistoriayhdistys.fi\/rukajarvikeskus\/wp-content\/uploads\/2019\/09\/IMG_20190919_131813-2-768x576.jpg 768w, http:\/\/www.rukajarvensuunnanhistoriayhdistys.fi\/rukajarvikeskus\/wp-content\/uploads\/2019\/09\/IMG_20190919_131813-2.jpg 1600w\" sizes=\"auto, (max-width: 1024px) 100vw, 1024px\" \/><\/figure>\n\n\n\n<p>Antti Haapalainen on yhdess\u00e4 Reijo Pulkkisen kanssa tehnyt mittavan ty\u00f6n Rukaj\u00e4rven rintaman kentt\u00e4vartio-puolustuslinjan selvitt\u00e4miseksi. T\u00e4ss\u00e4  tilaisuudessa Haapalainen ja veteraani k\u00e4viv\u00e4t l\u00e4pi Peukaloniemen tukikohtaa. Veteraani Tauno Tikkaselle Peukaloniemess\u00e4 tuli 4.9.1944 aselepo. Antti ja Reijo ovat saaneet nyt todistettavasti selvitettyksi A. Majewskin kaatumispaikan (kaatui 10.10.1942) 10 metrin tarkkuudella. Antti Haapalainen halusi kuulla veteraanilta itselt\u00e4\u00e4n tietoa Muurmannin radan tammikuun 1942 partioretkest\u00e4 sek\u00e4 elokuussa 1944 k\u00e4ydyist\u00e4  Tahkokosken taisteluista sek\u00e4 my\u00f6s viimeisest\u00e4 taistelusta 16.8.1944, miss\u00e4 komppanianp\u00e4\u00e4llikk\u00f6 Seppo H\u00e4nninen kaatui. Antero Huttunen taltioi veteraanin ja Antin keskustelut.<\/p>\n\n\n\n<figure class=\"wp-block-image\"><img loading=\"lazy\" decoding=\"async\" width=\"1024\" height=\"768\" src=\"http:\/\/www.rukajarvensuunnanhistoriayhdistys.fi\/rukajarvikeskus\/wp-content\/uploads\/2019\/09\/Tauno-19-9-2019-4-ja-Antti-4-1024x768.jpg\" alt=\"\" class=\"wp-image-5084\" srcset=\"http:\/\/www.rukajarvensuunnanhistoriayhdistys.fi\/rukajarvikeskus\/wp-content\/uploads\/2019\/09\/Tauno-19-9-2019-4-ja-Antti-4-1024x768.jpg 1024w, http:\/\/www.rukajarvensuunnanhistoriayhdistys.fi\/rukajarvikeskus\/wp-content\/uploads\/2019\/09\/Tauno-19-9-2019-4-ja-Antti-4-300x225.jpg 300w, http:\/\/www.rukajarvensuunnanhistoriayhdistys.fi\/rukajarvikeskus\/wp-content\/uploads\/2019\/09\/Tauno-19-9-2019-4-ja-Antti-4-768x576.jpg 768w\" sizes=\"auto, (max-width: 1024px) 100vw, 1024px\" \/><figcaption>Antti Haapalainen ja veteraani Tauno Tikkanen.<\/figcaption><\/figure>\n\n\n\n<p><strong>Kun toimeen tartutaan.<\/strong><\/p>\n\n\n\n<p>Rukaj\u00e4rven\nsuunta tunnetaan erityisesti veteraanin k\u00e4ynnist\u00e4m\u00e4st\u00e4 tuloksekkaasta\nsotahistoriaty\u00f6st\u00e4. Rukaj\u00e4rven suunnan historiayhdistyksen perustaminen on\nmy\u00f6nt\u00e4v\u00e4 vastaus kahden valistuneen veteraanin Pentti Perttulin ja Ermei\nKannisen esitt\u00e4miin vaatimuksiin jatkaa Rukaj\u00e4rven suunnan\nhistoriikkitoimikunnan v. 1987 aloittamaa sotahistoriaty\u00f6t\u00e4.<\/p>\n\n\n\n<p>Rukaj\u00e4rven\nsuunnan historiayhdistyksen 10 vuotta kest\u00e4neen sotahistoriaty\u00f6n tuloksia\nvoidaan tarkastella vastaamalla pariin kysymykseen. Ensiksikin, mit\u00e4 on saatu\naikaan tai vaihtoehtoisesti vastaamalla kysymykseen, mit\u00e4 olisi j\u00e4\u00e4nyt\ntekem\u00e4tt\u00e4, mik\u00e4li Rukaj\u00e4rven suunnan historiayhdistyst\u00e4 ei olisi perustettu.\nVastaan itse esitt\u00e4miini kysymyksiin:<\/p>\n\n\n\n<p><strong>1)&nbsp;<\/strong>Yhdistyksemme jatkoi\nRukaj\u00e4rven rintaman sotahistoria-aineiston ker\u00e4ysty\u00f6t\u00e4, mik\u00e4 on merkitt\u00e4vin\nsaavutus,&nbsp;<strong>2)<\/strong>&nbsp;Lis\u00e4ksi\nRukaj\u00e4rvi-keskuksia on perustettu Iisalmeen ja Lieksaan sek\u00e4 Rukaj\u00e4rven tie on\nnimetty ja sen palvelutasoa on parannettu monin tavoin, mm. Jukolan Motti\n-pirtti ja \u00c4n\u00e4k\u00e4isen Salpaetuasemaa on rakennettu,&nbsp;<strong>3)&nbsp;<\/strong>Rukaj\u00e4rven\nsuunnan sotahistoria-aineistoa on kasassa todella suuri m\u00e4\u00e4r\u00e4,&nbsp;<strong>4)<\/strong>&nbsp;Valokuvia\nyli 20.000 kappaletta,&nbsp;<strong>5)&nbsp;<\/strong>Veteraaneja\non haastateltu,&nbsp;<strong>6)&nbsp;<\/strong>Olemme\njulkaisseet parikymment\u00e4 teosta ja paljon muuta.<\/p>\n\n\n\n<p>Ty\u00f6 ei ole\nollut kovin helppoa, mutta kukaan ei voi en\u00e4\u00e4 v\u00e4itt\u00e4\u00e4, etteik\u00f6 tuloksia ole\nsyntynyt. L\u00e4hes kaikki t\u00e4m\u00e4 olisi j\u00e4\u00e4nyt tekem\u00e4tt\u00e4, ellei yhdistyst\u00e4mme olisi\nperustettu ja n\u00e4iden kahden veteraanin Perttulin ja Kannisen johdolla olisi\nk\u00e4\u00e4nnetty kokka kohti tuulta. Hyvin perustein voi sanoa, ett\u00e4 aivan viimeisell\u00e4\nhetkell\u00e4, juuri siin\u00e4 vaiheessa, kun veteraanisukupolven kunto mahdollisti\naktiivisen ker\u00e4ysty\u00f6n.<\/p>\n\n\n\n<p>Mik\u00e4li Rukaj\u00e4rven suunnan historiayhdistys ry:t\u00e4 ei olisi perustettu se olisi merkinnyt mittaamatonta vahinkoa sotahistoriaty\u00f6n alalla. Veteraanihaastattelut olisi menetetty lopullisesti ja t\u00e4t\u00e4 menetyst\u00e4 ei voida mitata mill\u00e4\u00e4n tavoin rahassa.<\/p>\n\n\n\n<figure class=\"wp-block-image\"><img loading=\"lazy\" decoding=\"async\" width=\"1024\" height=\"576\" src=\"http:\/\/www.rukajarvensuunnanhistoriayhdistys.fi\/rukajarvikeskus\/wp-content\/uploads\/2019\/09\/Rukaj\u00e4rvi-keskus-2018-1-1024x576.jpg\" alt=\"\" class=\"wp-image-5061\" srcset=\"http:\/\/www.rukajarvensuunnanhistoriayhdistys.fi\/rukajarvikeskus\/wp-content\/uploads\/2019\/09\/Rukaj\u00e4rvi-keskus-2018-1-1024x576.jpg 1024w, http:\/\/www.rukajarvensuunnanhistoriayhdistys.fi\/rukajarvikeskus\/wp-content\/uploads\/2019\/09\/Rukaj\u00e4rvi-keskus-2018-1-300x169.jpg 300w, http:\/\/www.rukajarvensuunnanhistoriayhdistys.fi\/rukajarvikeskus\/wp-content\/uploads\/2019\/09\/Rukaj\u00e4rvi-keskus-2018-1-768x432.jpg 768w, http:\/\/www.rukajarvensuunnanhistoriayhdistys.fi\/rukajarvikeskus\/wp-content\/uploads\/2019\/09\/Rukaj\u00e4rvi-keskus-2018-1.jpg 2014w\" sizes=\"auto, (max-width: 1024px) 100vw, 1024px\" \/><\/figure>\n\n\n\n<p>Er\u00e4s\nasia on syyt\u00e4 mainita. Rukaj\u00e4rven suunnan historiayhdistys ry omistaa keskell\u00e4\nLieksan kaupunkikeskusta kiinteist\u00f6n, mik\u00e4 k\u00e4sitt\u00e4\u00e4 n. 0,7 ha:n tontin ja n.\n400 km<sup>2<\/sup>:n n\u00e4yttelytilan sek\u00e4 n\u00e4yttely\u00e4 varten mittavan\nm\u00e4\u00e4r\u00e4n ker\u00e4tty\u00e4 sotahistoria-aineistoa. Yhdistys ei ole saanut s\u00e4\u00e4ti\u00f6lt\u00e4 eik\u00e4\nyhteiskunnalta yht\u00e4\u00e4n euroa tukea, mutta se ei ole silti est\u00e4nyt mittavaa\ntoimintaa. Tukea on saatu kyll\u00e4 Rukaj\u00e4rven tien kohteitten kehitt\u00e4miseen ja\nviimeisin\u00e4 vuosina Lieksan kaupungilta toiminta-avustusta, &nbsp;siit\u00e4 esit\u00e4mme\nparhaat kiitoksemme, mutta tukea ei ole saatu Rukaj\u00e4rvi-keskusten hankintaa\neik\u00e4 sen n\u00e4yttelyitten kehitt\u00e4mist\u00e4 varten. Hakemuksia on tehty eri tahoille,\nmutta turhaan. Virhe voidaan jatkossa paikata. Yhdistyksen toiminta osoittaa\nluotettavalla tavalla sen, ett\u00e4 se omalta osaltaan olisi merkitt\u00e4v\u00e4ll\u00e4 tavalla\ntukemassa t\u00e4m\u00e4n luonnonkauniin Pielisen-Karjalan matkailuelinkeinoa\nRukaj\u00e4rvi-keskustensa kautta ja tuo silt\u00e4 osin elinvoimaa alueen\nmatkailuelinkeinolle ja samalla kohentaa my\u00f6s &nbsp;koko Suomen matkailua.<\/p>\n\n\n\n<p>Monesti\nunohtuu lausua sana KIITOS. Yhdistyksen monet j\u00e4senet ovat uutteroineet monella\ntavalla. Yhdistyksen nettisivujen alustan on luonut monitaitoinen uuttera mies,\nh\u00e4nen nimens\u00e4 on Isto Turpeinen. Nettisivut ovat kaikkien k\u00e4yt\u00f6ss\u00e4. Esit\u00e4mme\nparhaat kiitoksemme Istolle.<\/p>\n\n\n\n<p>Seuraavassa er\u00e4it\u00e4 Rukaj\u00e4rven suunnan historiayhdistyksen 10-vuotistaivalta kuvaavia juttuja yhdistyksen nettisivuilta:<\/p>\n\n\n\n<h1 class=\"wp-block-heading\">*Kaikki alkoi Kajaanista 2008 Ermei Kanninen (<a href=\"https:\/\/www.youtube.com\/watch?v=p2OhZW3v1uQ&amp;t=2s\"><strong>T\u00c4\u00c4LT\u00c4<\/strong><\/a>).<\/h1>\n\n\n\n<h1 class=\"wp-block-heading\">*Pentti Perttuli Rukaj\u00e4rvisuunnan historiikki esittely (<a href=\"https:\/\/www.youtube.com\/watch?v=nXrFh3mp_-w\"><strong>T\u00c4\u00c4LT\u00c4<\/strong><\/a>).<\/h1>\n\n\n\n<h1 class=\"wp-block-heading\">*Ermei Kannisen puhe: &nbsp;RSHY Perustava kokous Marskin Maja 19.9.2009 Ermei Kanninen (<a href=\"https:\/\/www.youtube.com\/watch?v=4l2Om8ZkpIg\"><strong>T\u00c4\u00c4LT\u00c4<\/strong><\/a>).<\/h1>\n\n\n\n<h1 class=\"wp-block-heading\">*Kenraaliluutnantti Ermei Kanninen 1.7.2013, Lieksan Rukaj\u00e4rvi-keskusken avajaiset (<a href=\"https:\/\/www.youtube.com\/watch?v=qmD3qPhroj4&amp;t=477s\"><strong>T\u00c4\u00c4LT\u00c4<\/strong><\/a>).<\/h1>\n\n\n\n<h1 class=\"wp-block-heading\">*Rukaj\u00e4rvi-keskus Tiittanen Olavi 1.7.2013 avajaiset (<strong><a href=\"https:\/\/www.youtube.com\/watch?v=xZ3BVSEHJEo\">T\u00c4\u00c4LT\u00c4<\/a><\/strong>).<\/h1>\n\n\n\n<h1 class=\"wp-block-heading\">*Tenho Tikkanen RSHYry:n vuosikokouksessa 23.3.2019 (<a href=\"http:\/\/www.rukajarvensuunnanhistoriayhdistys.fi\/historiayhdistys\/tenho-tikkanen-rukajarven-suunnan-historiayhdistyksen-vuosikokouksen-avauksessa-23-3-2019-kiitos-kaikille\/\"><strong>T\u00c4\u00c4LT\u00c4<\/strong><\/a>).<\/h1>\n\n\n\n<h1 class=\"wp-block-heading\">*Rukaj\u00e4rven suunnan kentt\u00e4vartiot, Antti Haapalainen (<strong><a href=\"https:\/\/www.youtube.com\/watch?v=O6nk-yb1SPA&amp;t=11s\">T\u00c4\u00c4LT\u00c4<\/a><\/strong>).<\/h1>\n\n\n\n<h1 class=\"wp-block-heading\">*Kiitos Teille Veteraanit, Selene Rossi (<strong><a href=\"https:\/\/www.youtube.com\/watch?v=UdmQnmWKwRA\">T\u00c4\u00c4LT\u00c4<\/a><\/strong>).<\/h1>\n\n\n\n<figure class=\"wp-block-image\"><img loading=\"lazy\" decoding=\"async\" width=\"1024\" height=\"768\" src=\"http:\/\/www.rukajarvensuunnanhistoriayhdistys.fi\/rukajarvikeskus\/wp-content\/uploads\/2016\/09\/YUNC0004-1024x768.jpg\" alt=\"\" class=\"wp-image-2432\" srcset=\"http:\/\/www.rukajarvensuunnanhistoriayhdistys.fi\/rukajarvikeskus\/wp-content\/uploads\/2016\/09\/YUNC0004-1024x768.jpg 1024w, http:\/\/www.rukajarvensuunnanhistoriayhdistys.fi\/rukajarvikeskus\/wp-content\/uploads\/2016\/09\/YUNC0004-300x225.jpg 300w, http:\/\/www.rukajarvensuunnanhistoriayhdistys.fi\/rukajarvikeskus\/wp-content\/uploads\/2016\/09\/YUNC0004-768x576.jpg 768w\" sizes=\"auto, (max-width: 1024px) 100vw, 1024px\" \/><figcaption>Jukolan motti -pirtti on suosittu Rukaj\u00e4rven tien kohde<\/figcaption><\/figure>\n\n\n\n<figure class=\"wp-block-image\"><img loading=\"lazy\" decoding=\"async\" width=\"1024\" height=\"683\" src=\"http:\/\/www.rukajarvensuunnanhistoriayhdistys.fi\/rukajarvikeskus\/wp-content\/uploads\/2017\/07\/TVL90331-2-1024x683.jpg\" alt=\"\" class=\"wp-image-3038\" srcset=\"http:\/\/www.rukajarvensuunnanhistoriayhdistys.fi\/rukajarvikeskus\/wp-content\/uploads\/2017\/07\/TVL90331-2-1024x683.jpg 1024w, http:\/\/www.rukajarvensuunnanhistoriayhdistys.fi\/rukajarvikeskus\/wp-content\/uploads\/2017\/07\/TVL90331-2-300x200.jpg 300w, http:\/\/www.rukajarvensuunnanhistoriayhdistys.fi\/rukajarvikeskus\/wp-content\/uploads\/2017\/07\/TVL90331-2-768x512.jpg 768w\" sizes=\"auto, (max-width: 1024px) 100vw, 1024px\" \/><figcaption>\u00c4n\u00e4k\u00e4inen, juuri valmistunutta taisteluhautaa. Kuva Tenho Liimatta.<\/figcaption><\/figure>\n\n\n\n<figure class=\"wp-block-image\"><img loading=\"lazy\" decoding=\"async\" width=\"1024\" height=\"576\" src=\"http:\/\/www.rukajarvensuunnanhistoriayhdistys.fi\/rukajarvikeskus\/wp-content\/uploads\/2017\/08\/WP_20170722_12_27_08_Pro-1024x576.jpg\" alt=\"\" class=\"wp-image-3104\" srcset=\"http:\/\/www.rukajarvensuunnanhistoriayhdistys.fi\/rukajarvikeskus\/wp-content\/uploads\/2017\/08\/WP_20170722_12_27_08_Pro-1024x576.jpg 1024w, http:\/\/www.rukajarvensuunnanhistoriayhdistys.fi\/rukajarvikeskus\/wp-content\/uploads\/2017\/08\/WP_20170722_12_27_08_Pro-300x169.jpg 300w, http:\/\/www.rukajarvensuunnanhistoriayhdistys.fi\/rukajarvikeskus\/wp-content\/uploads\/2017\/08\/WP_20170722_12_27_08_Pro-768x432.jpg 768w\" sizes=\"auto, (max-width: 1024px) 100vw, 1024px\" \/><figcaption> Rukaj\u00e4rvi-keskus muutti omiin tiloihin v. 2015, n\u00e4yttelytilaa 400 neli\u00f6t\u00e4 ja oma tontti 6816 neli\u00f6t\u00e4. Oma tupa, oma lupa oli suuren tavoitteemme t\u00e4yttymys. <br>Rukaj\u00e4rven tie alkaa Lieksan rautatieasemalta. Rajalle on matkaa 44 km ja Rukaj\u00e4rvelle 230 km. Rukaj\u00e4rven tie nimettiin k\u00e4ytt\u00f6\u00f6n 2.7.2011 Jukolan motissa pidetyss\u00e4 kansalaisjuhlassa. Nyt sinne on rakennettiin Jukolan motti -pirtti, joka avattiin 30.11.2014.<\/figcaption><\/figure>\n","protected":false},"excerpt":{"rendered":"<p>Tilaisuuden aluksi vietettiin hiljainen hetki l\u00e4hes 103-vuotiaan Rukaj\u00e4rven veteraani Matti K\u00e4rkk\u00e4isen &nbsp;(15.11.1916-15.9.2019) muistolle. Matti K\u00e4rkk\u00e4inen vieraili vuosittain veteraaniveljens\u00e4 Tauno Tikkasen (s.10.3.1916) rakentamalla \u201dKivivaaraksi\u201d nimetyll\u00e4 perinnepolulla. T\u00e4\u00e4ll\u00e4 tehtiin lukuisat Matti K\u00e4rkk\u00e4isen <a class=\"more-link\" href=\"http:\/\/www.rukajarvensuunnanhistoriayhdistys.fi\/rukajarvikeskus\/tapahtumat\/kiuruvedella-rukajarven-perinnepolulla-muisteltiin-aselepoa-ja-rukajarven-suunnan-historiayhdistys-ryn-10-vuotista-sotahistoriatyota-18-9-2019\/\">Lue lis\u00e4\u00e4&#8230;<span class=\"screen-reader-text\">Kiuruvedell\u00e4 Rukaj\u00e4rven perinnepolulla muisteltiin aselepoa ja Rukaj\u00e4rven suunnan historiayhdistys ry:n 10-vuotista sotahistoriaty\u00f6t\u00e4 19.9.2019<\/span><span class=\"meta-nav\">\u2192<\/span><\/a><\/p>\n","protected":false},"author":4,"featured_media":0,"comment_status":"closed","ping_status":"open","sticky":false,"template":"","format":"standard","meta":{"ngg_post_thumbnail":0,"_jetpack_newsletter_access":"","_jetpack_dont_email_post_to_subs":false,"_jetpack_newsletter_tier_id":0,"_jetpack_memberships_contains_paywalled_content":false,"_jetpack_memberships_contains_paid_content":false,"footnotes":""},"categories":[26,32,15],"tags":[],"class_list":["post-5057","post","type-post","status-publish","format-standard","hentry","category-ajankohtaista","category-historiayhdistys","category-tapahtumat"],"jetpack_featured_media_url":"","jetpack_sharing_enabled":true,"jetpack_shortlink":"https:\/\/wp.me\/p72N2f-1jz","_links":{"self":[{"href":"http:\/\/www.rukajarvensuunnanhistoriayhdistys.fi\/rukajarvikeskus\/wp-json\/wp\/v2\/posts\/5057","targetHints":{"allow":["GET"]}}],"collection":[{"href":"http:\/\/www.rukajarvensuunnanhistoriayhdistys.fi\/rukajarvikeskus\/wp-json\/wp\/v2\/posts"}],"about":[{"href":"http:\/\/www.rukajarvensuunnanhistoriayhdistys.fi\/rukajarvikeskus\/wp-json\/wp\/v2\/types\/post"}],"author":[{"embeddable":true,"href":"http:\/\/www.rukajarvensuunnanhistoriayhdistys.fi\/rukajarvikeskus\/wp-json\/wp\/v2\/users\/4"}],"replies":[{"embeddable":true,"href":"http:\/\/www.rukajarvensuunnanhistoriayhdistys.fi\/rukajarvikeskus\/wp-json\/wp\/v2\/comments?post=5057"}],"version-history":[{"count":7,"href":"http:\/\/www.rukajarvensuunnanhistoriayhdistys.fi\/rukajarvikeskus\/wp-json\/wp\/v2\/posts\/5057\/revisions"}],"predecessor-version":[{"id":5109,"href":"http:\/\/www.rukajarvensuunnanhistoriayhdistys.fi\/rukajarvikeskus\/wp-json\/wp\/v2\/posts\/5057\/revisions\/5109"}],"wp:attachment":[{"href":"http:\/\/www.rukajarvensuunnanhistoriayhdistys.fi\/rukajarvikeskus\/wp-json\/wp\/v2\/media?parent=5057"}],"wp:term":[{"taxonomy":"category","embeddable":true,"href":"http:\/\/www.rukajarvensuunnanhistoriayhdistys.fi\/rukajarvikeskus\/wp-json\/wp\/v2\/categories?post=5057"},{"taxonomy":"post_tag","embeddable":true,"href":"http:\/\/www.rukajarvensuunnanhistoriayhdistys.fi\/rukajarvikeskus\/wp-json\/wp\/v2\/tags?post=5057"}],"curies":[{"name":"wp","href":"https:\/\/api.w.org\/{rel}","templated":true}]}}