{"id":646,"date":"2013-09-08T20:32:12","date_gmt":"2013-09-08T17:32:12","guid":{"rendered":"http:\/\/www.rukajarvensuunnanhistoriayhdistys.fi\/rukajarvikeskus\/?p=646"},"modified":"2013-09-11T00:05:37","modified_gmt":"2013-09-10T21:05:37","slug":"marskin-veneentekija-mikko-bergman-100-vuotta","status":"publish","type":"post","link":"http:\/\/www.rukajarvensuunnanhistoriayhdistys.fi\/rukajarvikeskus\/luokittelematon\/marskin-veneentekija-mikko-bergman-100-vuotta\/","title":{"rendered":"Marskin veneentekij\u00e4 &#8211; Mikko Bergman 100 vuotta &#8211; Parhaat Onnittelut"},"content":{"rendered":"<div class=\"fcbkbttn_buttons_block\" id=\"fcbkbttn_left\"><div class=\"fcbkbttn_like \"><fb:like href=\"http:\/\/www.rukajarvensuunnanhistoriayhdistys.fi\/rukajarvikeskus\/luokittelematon\/marskin-veneentekija-mikko-bergman-100-vuotta\/\" action=\"like\" colorscheme=\"light\" layout=\"button_count\"  size=\"small\"><\/fb:like><\/div><\/div><p>Mikko Bergman t\u00e4ytti 1.9.2013 100 vuotta. H\u00e4nen tytt\u00e4rens\u00e4 Aino, Eila ja Heli olivat j\u00e4rjest\u00e4neet is\u00e4lleen upean juhlan. Mikko Bergman on syntynyt 1.9.1913 Sonkaj\u00e4rvell\u00e4. Tilaisuuteen oli saapunut satakunta Mikko Bergmanin l\u00e4heist\u00e4 tuttavaa.<\/p>\n<figure id=\"attachment_665\" aria-describedby=\"caption-attachment-665\" style=\"width: 1024px\" class=\"wp-caption alignnone\"><a href=\"http:\/\/www.rukajarvensuunnanhistoriayhdistys.fi\/rukajarvikeskus\/wp-content\/uploads\/2013\/09\/IMG_2888.jpg\"><img loading=\"lazy\" decoding=\"async\" class=\" wp-image-665 \" alt=\"Mikko nelj\u00e4n sukupolven kuvassa. Vas. Lilia Kankkunen(Arjan tyt\u00e4r), Teijo  Tuorilainen, Arja Tuorilainen, Heli Tuorilainen, Pia Simonen, Eila Simonen,  Aino Bergman ja edess\u00e4 100-vuotias p\u00e4iv\u00e4nsankari. \" src=\"http:\/\/www.rukajarvensuunnanhistoriayhdistys.fi\/rukajarvikeskus\/wp-content\/uploads\/2013\/09\/IMG_2888.jpg\" width=\"1024\" height=\"683\" srcset=\"http:\/\/www.rukajarvensuunnanhistoriayhdistys.fi\/rukajarvikeskus\/wp-content\/uploads\/2013\/09\/IMG_2888.jpg 1024w, http:\/\/www.rukajarvensuunnanhistoriayhdistys.fi\/rukajarvikeskus\/wp-content\/uploads\/2013\/09\/IMG_2888-300x200.jpg 300w\" sizes=\"auto, (max-width: 1024px) 100vw, 1024px\" \/><\/a><figcaption id=\"caption-attachment-665\" class=\"wp-caption-text\">Mikko nelj\u00e4n sukupolven kuvassa. Vas. Lilia Kankkunen(Arjan tyt\u00e4r), Teijo Tuorilainen, Arja Tuorilainen, Heli Tuorilainen, Pia Simonen, Eila Simonen, Aino Bergman ja edess\u00e4 100-vuotias p\u00e4iv\u00e4nsankari.<\/figcaption><\/figure>\n<p>&nbsp;<\/p>\n<figure id=\"attachment_664\" aria-describedby=\"caption-attachment-664\" style=\"width: 500px\" class=\"wp-caption alignnone\"><a href=\"http:\/\/www.rukajarvensuunnanhistoriayhdistys.fi\/rukajarvikeskus\/wp-content\/uploads\/2013\/09\/IMG_2684-Kalle-Sutinen-Mikko-Bergman.jpg\"><img loading=\"lazy\" decoding=\"async\" class=\" wp-image-664 \" alt=\"Mikko Bergman 100 vuotta, onnettelee  veteraaniveli Kalle Sutinen 90 vuotta.\" src=\"http:\/\/www.rukajarvensuunnanhistoriayhdistys.fi\/rukajarvikeskus\/wp-content\/uploads\/2013\/09\/IMG_2684-Kalle-Sutinen-Mikko-Bergman.jpg\" width=\"500\" height=\"328\" \/><\/a><figcaption id=\"caption-attachment-664\" class=\"wp-caption-text\">Mikko Bergman 100 vuotta, onnettelee veteraaniveli Kalle Sutinen 90 vuotta.<\/figcaption><\/figure>\n<p>&nbsp;<\/p>\n<figure id=\"attachment_663\" aria-describedby=\"caption-attachment-663\" style=\"width: 373px\" class=\"wp-caption alignnone\"><a href=\"http:\/\/www.rukajarvensuunnanhistoriayhdistys.fi\/rukajarvikeskus\/wp-content\/uploads\/2013\/09\/Srk-onnittelee.jpg\"><img loading=\"lazy\" decoding=\"async\" class=\" wp-image-663 \" alt=\"Iisalmen seurakunnan pastori Riitta Auvinen onnittelee.\" src=\"http:\/\/www.rukajarvensuunnanhistoriayhdistys.fi\/rukajarvikeskus\/wp-content\/uploads\/2013\/09\/Srk-onnittelee.jpg\" width=\"373\" height=\"441\" \/><\/a><figcaption id=\"caption-attachment-663\" class=\"wp-caption-text\">Iisalmen seurakunnan pastori Riitta Auvinen onnittelee.<\/figcaption><\/figure>\n<p>&nbsp;<\/p>\n<p>Mikko Bergman toimi veljens\u00e4 Aatun kanssa Rukaj\u00e4rven rintamalla 14. Divisioonan esikunnassa puusepp\u00e4n\u00e4. Komentaja Raappanan havaittua Mikko Bergmanin k\u00e4dentaidot h\u00e4n sai kunniateht\u00e4v\u00e4n. Rukaj\u00e4rven rintama lahjoitti 4.6.1942 mets\u00e4stysmajan Marsalkka Mannerheimille. Tarvittiin vene, jonka teht\u00e4v\u00e4n komentaja antoi Mikko Bergmanille. Veneen Mikko rakensi veljens\u00e4 kanssa Tiiksan esikunta-alueen puusep\u00e4n verstaalla kev\u00e4\u00e4ll\u00e4 1942. Mikko osallistui my\u00f6s Marskin mets\u00e4stysmajan sisustamiseen, teki sinne tuohisen aamutossut, sek\u00e4 tuohella p\u00e4\u00e4llystetyn kahden istuttavan tuolin.<\/p>\n<figure id=\"attachment_576\" aria-describedby=\"caption-attachment-576\" style=\"width: 644px\" class=\"wp-caption alignnone\"><a href=\"http:\/\/www.rukajarvensuunnanhistoriayhdistys.fi\/rukajarvikeskus\/wp-content\/uploads\/2013\/09\/A-DSC02152-vene-1.jpg\"><img loading=\"lazy\" decoding=\"async\" class=\" wp-image-576\" alt=\"SONY DSC\" src=\"http:\/\/www.rukajarvensuunnanhistoriayhdistys.fi\/rukajarvikeskus\/wp-content\/uploads\/2013\/09\/A-DSC02152-vene-1-864x1024.jpg\" width=\"644\" height=\"763\" srcset=\"http:\/\/www.rukajarvensuunnanhistoriayhdistys.fi\/rukajarvikeskus\/wp-content\/uploads\/2013\/09\/A-DSC02152-vene-1-864x1024.jpg 864w, http:\/\/www.rukajarvensuunnanhistoriayhdistys.fi\/rukajarvikeskus\/wp-content\/uploads\/2013\/09\/A-DSC02152-vene-1-253x300.jpg 253w, http:\/\/www.rukajarvensuunnanhistoriayhdistys.fi\/rukajarvikeskus\/wp-content\/uploads\/2013\/09\/A-DSC02152-vene-1.jpg 1735w\" sizes=\"auto, (max-width: 644px) 100vw, 644px\" \/><\/a><figcaption id=\"caption-attachment-576\" class=\"wp-caption-text\">Mikko ja h\u00e4nen veljens\u00e4 Aatu Bergman Marskin veneen teossa Tiiksassa kev\u00e4\u00e4ll\u00e4 1942.<\/figcaption><\/figure>\n<p>Vene j\u00e4i rintamalle, joten vuonna 2004 Mikko Bergman teki uuden veneen, jonka h\u00e4n toimitti 28.7.2004 Lopelle, mik\u00e4 olikin Mikko Bergmanin viimeinen puusta tekem\u00e4 vene.<\/p>\n<figure id=\"attachment_577\" aria-describedby=\"caption-attachment-577\" style=\"width: 644px\" class=\"wp-caption alignnone\"><a href=\"http:\/\/www.rukajarvensuunnanhistoriayhdistys.fi\/rukajarvikeskus\/wp-content\/uploads\/2013\/09\/A-DSC02160-28-7-2004.jpg\"><img loading=\"lazy\" decoding=\"async\" class=\"size-large wp-image-577\" alt=\"Mikko Bergman luovuttamassa viimeist\u00e4 tekem\u00e4\u00e4ns\u00e4 puuvenett\u00e4 Lopelle Marskin Majalle 29.7.2004. Kuvassa Mikko Bergman ja Marskin Majan hallituksen puheenjohtaja kenraali Sami Sihvo.\" src=\"http:\/\/www.rukajarvensuunnanhistoriayhdistys.fi\/rukajarvikeskus\/wp-content\/uploads\/2013\/09\/A-DSC02160-28-7-2004-1024x681.jpg\" width=\"644\" height=\"428\" srcset=\"http:\/\/www.rukajarvensuunnanhistoriayhdistys.fi\/rukajarvikeskus\/wp-content\/uploads\/2013\/09\/A-DSC02160-28-7-2004-1024x681.jpg 1024w, http:\/\/www.rukajarvensuunnanhistoriayhdistys.fi\/rukajarvikeskus\/wp-content\/uploads\/2013\/09\/A-DSC02160-28-7-2004-300x199.jpg 300w\" sizes=\"auto, (max-width: 644px) 100vw, 644px\" \/><\/a><figcaption id=\"caption-attachment-577\" class=\"wp-caption-text\">Mikko Bergman luovuttamassa viimeist\u00e4 tekem\u00e4\u00e4ns\u00e4 puuvenett\u00e4 Lopelle Marskin Majalle 29.7.2004. Kuvassa Mikko Bergman ja Marskin Majan hallituksen puheenjohtaja kenraali Sami Sihvo.<\/figcaption><\/figure>\n<figure id=\"attachment_578\" aria-describedby=\"caption-attachment-578\" style=\"width: 738px\" class=\"wp-caption alignnone\"><a href=\"http:\/\/www.rukajarvensuunnanhistoriayhdistys.fi\/rukajarvikeskus\/wp-content\/uploads\/2013\/09\/B-Mikko-Bergman-veneen-luovutus-taulu-Parppeinvaara.jpg\"><img loading=\"lazy\" decoding=\"async\" class=\"size-full wp-image-578\" alt=\"Mikko Bergman huolehti, ett\u00e4 my\u00f6s h\u00e4nen sodanaikainen esimiehens\u00e4 Raappana sai veneen, jonka h\u00e4n k\u00e4vi luovuttamassa Ilomantsiin Parppenvaaralla sijaitsevalle Rukapirtille v. 2007. \" src=\"http:\/\/www.rukajarvensuunnanhistoriayhdistys.fi\/rukajarvikeskus\/wp-content\/uploads\/2013\/09\/B-Mikko-Bergman-veneen-luovutus-taulu-Parppeinvaara.jpg\" width=\"738\" height=\"560\" srcset=\"http:\/\/www.rukajarvensuunnanhistoriayhdistys.fi\/rukajarvikeskus\/wp-content\/uploads\/2013\/09\/B-Mikko-Bergman-veneen-luovutus-taulu-Parppeinvaara.jpg 738w, http:\/\/www.rukajarvensuunnanhistoriayhdistys.fi\/rukajarvikeskus\/wp-content\/uploads\/2013\/09\/B-Mikko-Bergman-veneen-luovutus-taulu-Parppeinvaara-300x227.jpg 300w\" sizes=\"auto, (max-width: 738px) 100vw, 738px\" \/><\/a><figcaption id=\"caption-attachment-578\" class=\"wp-caption-text\">Mikko Bergman huolehti, ett\u00e4 my\u00f6s h\u00e4nen sodanaikainen esimiehens\u00e4 kenraali\u00a0Raappana sai veneen, jonka h\u00e4n k\u00e4vi luovuttamassa Ilomantsin Parppenvaaralla sijaitsevalle Rukapirtille v. 2007.<\/figcaption><\/figure>\n<p>Mikko Bergman huolehti my\u00f6s komentajansa veneen rakentamisesta ja niinp\u00e4 h\u00e4n vuonna 2007 lahjoitti aiemmin tekem\u00e4ns\u00e4 veneen Ilomantsin Parppeinvaaran Rukakapirtille, jossa vene on matkailijoitten ihailtavana edelleen.<\/p>\n<figure id=\"attachment_662\" aria-describedby=\"caption-attachment-662\" style=\"width: 1024px\" class=\"wp-caption alignnone\"><a href=\"http:\/\/www.rukajarvensuunnanhistoriayhdistys.fi\/rukajarvikeskus\/wp-content\/uploads\/2013\/09\/IMG_2773.jpg\"><img loading=\"lazy\" decoding=\"async\" class=\" wp-image-662 \" alt=\"Matti Pihlainen\" src=\"http:\/\/www.rukajarvensuunnanhistoriayhdistys.fi\/rukajarvikeskus\/wp-content\/uploads\/2013\/09\/IMG_2773.jpg\" width=\"1024\" height=\"683\" srcset=\"http:\/\/www.rukajarvensuunnanhistoriayhdistys.fi\/rukajarvikeskus\/wp-content\/uploads\/2013\/09\/IMG_2773.jpg 1024w, http:\/\/www.rukajarvensuunnanhistoriayhdistys.fi\/rukajarvikeskus\/wp-content\/uploads\/2013\/09\/IMG_2773-300x200.jpg 300w\" sizes=\"auto, (max-width: 1024px) 100vw, 1024px\" \/><\/a><figcaption id=\"caption-attachment-662\" class=\"wp-caption-text\">Matti Pihlainen.<\/figcaption><\/figure>\n<figure id=\"attachment_574\" aria-describedby=\"caption-attachment-574\" style=\"width: 644px\" class=\"wp-caption alignnone\"><a href=\"http:\/\/www.rukajarvensuunnanhistoriayhdistys.fi\/rukajarvikeskus\/wp-content\/uploads\/2013\/09\/04-DSC05994-Anneli-V\u00e4in\u00f6-Suutarinen.jpg\"><img loading=\"lazy\" decoding=\"async\" class=\"size-large wp-image-574\" alt=\"Anneli ja V\u00e4in\u00f6  Suutarinen\" src=\"http:\/\/www.rukajarvensuunnanhistoriayhdistys.fi\/rukajarvikeskus\/wp-content\/uploads\/2013\/09\/04-DSC05994-Anneli-V\u00e4in\u00f6-Suutarinen-1024x681.jpg\" width=\"644\" height=\"428\" srcset=\"http:\/\/www.rukajarvensuunnanhistoriayhdistys.fi\/rukajarvikeskus\/wp-content\/uploads\/2013\/09\/04-DSC05994-Anneli-V\u00e4in\u00f6-Suutarinen-1024x681.jpg 1024w, http:\/\/www.rukajarvensuunnanhistoriayhdistys.fi\/rukajarvikeskus\/wp-content\/uploads\/2013\/09\/04-DSC05994-Anneli-V\u00e4in\u00f6-Suutarinen-300x199.jpg 300w\" sizes=\"auto, (max-width: 644px) 100vw, 644px\" \/><\/a><figcaption id=\"caption-attachment-574\" class=\"wp-caption-text\">Anneli ja V\u00e4in\u00f6 Suutarinen<\/figcaption><\/figure>\n<p>100-vuotisjuhalassa kuultiin Matti Pihlaisen, Anneli ja V\u00e4in\u00f6 Suutarisen upeita Mikko Bergmanille l\u00e4heiseksi muodostuneita s\u00e4velmi\u00e4, joita\u00a0p\u00e4iv\u00e4nsankari kiitteli kovasti onnistuneiksi valinnoiksi.<\/p>\n<figure id=\"attachment_575\" aria-describedby=\"caption-attachment-575\" style=\"width: 644px\" class=\"wp-caption alignnone\"><a href=\"http:\/\/www.rukajarvensuunnanhistoriayhdistys.fi\/rukajarvikeskus\/wp-content\/uploads\/2013\/09\/05-DSC05996-Suutarinen-Juntunen-Tuovinen-Sutinen.jpg\"><img loading=\"lazy\" decoding=\"async\" class=\"size-large wp-image-575\" alt=\"Mikko Bergmanin 100-vuotisp\u00e4iville oli Sonkaj\u00e4rvelt\u00e4 tullut edustava joukko veteraani Kalle Sutisen ja veteraanij\u00e4rjest\u00f6n puheenjohtaja Martti Tuovisen johdolla. Kuvassa vasemmalta, Kalle Sutinen, Antti Ojanen, Erkki Tuovinen, Eero Juntunen ja V\u00e4in\u00f6 Suutarinen.\" src=\"http:\/\/www.rukajarvensuunnanhistoriayhdistys.fi\/rukajarvikeskus\/wp-content\/uploads\/2013\/09\/05-DSC05996-Suutarinen-Juntunen-Tuovinen-Sutinen-1024x681.jpg\" width=\"644\" height=\"428\" srcset=\"http:\/\/www.rukajarvensuunnanhistoriayhdistys.fi\/rukajarvikeskus\/wp-content\/uploads\/2013\/09\/05-DSC05996-Suutarinen-Juntunen-Tuovinen-Sutinen-1024x681.jpg 1024w, http:\/\/www.rukajarvensuunnanhistoriayhdistys.fi\/rukajarvikeskus\/wp-content\/uploads\/2013\/09\/05-DSC05996-Suutarinen-Juntunen-Tuovinen-Sutinen-300x199.jpg 300w\" sizes=\"auto, (max-width: 644px) 100vw, 644px\" \/><\/a><figcaption id=\"caption-attachment-575\" class=\"wp-caption-text\">Mikko Bergmanin 100-vuotisp\u00e4iville oli Sonkaj\u00e4rvelt\u00e4 saapunut edustava joukko veteraani Kalle Sutisen ja veteraanij\u00e4rjest\u00f6n puheenjohtaja Erkki Tuovisen johdolla. Kuvassa vasemmalta, Kalle Sutinen, Antti Ojanen, Erkki Tuovinen, Eero Juntunen ja V\u00e4in\u00f6 Suutarinen.<\/figcaption><\/figure>\n<figure id=\"attachment_580\" aria-describedby=\"caption-attachment-580\" style=\"width: 644px\" class=\"wp-caption alignnone\"><a href=\"http:\/\/www.rukajarvensuunnanhistoriayhdistys.fi\/rukajarvikeskus\/wp-content\/uploads\/2013\/09\/01-DSC05986-Mikko-Bergman-TJT-EJ.jpg\"><img loading=\"lazy\" decoding=\"async\" class=\"size-large wp-image-580\" alt=\"Rukaj\u00e4rven suunnan historiayhdistys onnitteli  100 vuotiasta Marksin veneentekij\u00e4\u00e4 Mikko Bergmania. Kuvassa yhdistyksen edustajat Tenho Tikkanen ja Eero Juntunen.\" src=\"http:\/\/www.rukajarvensuunnanhistoriayhdistys.fi\/rukajarvikeskus\/wp-content\/uploads\/2013\/09\/01-DSC05986-Mikko-Bergman-TJT-EJ-1024x681.jpg\" width=\"644\" height=\"428\" srcset=\"http:\/\/www.rukajarvensuunnanhistoriayhdistys.fi\/rukajarvikeskus\/wp-content\/uploads\/2013\/09\/01-DSC05986-Mikko-Bergman-TJT-EJ-1024x681.jpg 1024w, http:\/\/www.rukajarvensuunnanhistoriayhdistys.fi\/rukajarvikeskus\/wp-content\/uploads\/2013\/09\/01-DSC05986-Mikko-Bergman-TJT-EJ-300x199.jpg 300w\" sizes=\"auto, (max-width: 644px) 100vw, 644px\" \/><\/a><figcaption id=\"caption-attachment-580\" class=\"wp-caption-text\">Historiayhdistys onnitteli 100 vuotiasta Marksin veneentekij\u00e4\u00e4 Mikko Bergmania. Kuvassa yhdistyksen edustajat Tenho Tikkanen ja Eero Juntunen.<\/figcaption><\/figure>\n<p>Rukaj\u00e4rven suunnan historiayhdistyksen edustajat Eero Juntunen ja Tenho Tikkanen k\u00e4viv\u00e4t onnittelemassa Rukaj\u00e4rven veteraania.<\/p>\n<p>Rukaj\u00e4rven suunnan historiayhdistys haastatteli Mikko Bergmania 24.11.2011, jolloin h\u00e4n oli juuri t\u00e4ytt\u00e4nyt 98 vuotta. Haastattelu &#8221;Mikko Bergman &#8211; Marskin veneentekij\u00e4&#8221; (43 min) on kokonaisuudessaan n\u00e4ht\u00e4viss\u00e4 Rukaj\u00e4rvikeskuksessa.<\/p>\n","protected":false},"excerpt":{"rendered":"<p>Mikko Bergman t\u00e4ytti 1.9.2013 100 vuotta. H\u00e4nen tytt\u00e4rens\u00e4 Aino, Eila ja Heli olivat j\u00e4rjest\u00e4neet is\u00e4lleen upean juhlan. Mikko Bergman on syntynyt 1.9.1913 Sonkaj\u00e4rvell\u00e4. Tilaisuuteen oli saapunut satakunta Mikko Bergmanin l\u00e4heist\u00e4 <a class=\"more-link\" href=\"http:\/\/www.rukajarvensuunnanhistoriayhdistys.fi\/rukajarvikeskus\/luokittelematon\/marskin-veneentekija-mikko-bergman-100-vuotta\/\">Lue lis\u00e4\u00e4&#8230;<span class=\"screen-reader-text\">Marskin veneentekij\u00e4 &#8211; Mikko Bergman 100 vuotta &#8211; Parhaat Onnittelut<\/span><span class=\"meta-nav\">\u2192<\/span><\/a><\/p>\n","protected":false},"author":4,"featured_media":0,"comment_status":"closed","ping_status":"open","sticky":false,"template":"","format":"standard","meta":{"ngg_post_thumbnail":0,"_jetpack_newsletter_access":"","_jetpack_dont_email_post_to_subs":false,"_jetpack_newsletter_tier_id":0,"_jetpack_memberships_contains_paywalled_content":false,"_jetpack_memberships_contains_paid_content":false,"footnotes":""},"categories":[1],"tags":[],"class_list":["post-646","post","type-post","status-publish","format-standard","hentry","category-luokittelematon"],"jetpack_featured_media_url":"","jetpack_sharing_enabled":true,"jetpack_shortlink":"https:\/\/wp.me\/p72N2f-aq","_links":{"self":[{"href":"http:\/\/www.rukajarvensuunnanhistoriayhdistys.fi\/rukajarvikeskus\/wp-json\/wp\/v2\/posts\/646","targetHints":{"allow":["GET"]}}],"collection":[{"href":"http:\/\/www.rukajarvensuunnanhistoriayhdistys.fi\/rukajarvikeskus\/wp-json\/wp\/v2\/posts"}],"about":[{"href":"http:\/\/www.rukajarvensuunnanhistoriayhdistys.fi\/rukajarvikeskus\/wp-json\/wp\/v2\/types\/post"}],"author":[{"embeddable":true,"href":"http:\/\/www.rukajarvensuunnanhistoriayhdistys.fi\/rukajarvikeskus\/wp-json\/wp\/v2\/users\/4"}],"replies":[{"embeddable":true,"href":"http:\/\/www.rukajarvensuunnanhistoriayhdistys.fi\/rukajarvikeskus\/wp-json\/wp\/v2\/comments?post=646"}],"version-history":[{"count":11,"href":"http:\/\/www.rukajarvensuunnanhistoriayhdistys.fi\/rukajarvikeskus\/wp-json\/wp\/v2\/posts\/646\/revisions"}],"predecessor-version":[{"id":668,"href":"http:\/\/www.rukajarvensuunnanhistoriayhdistys.fi\/rukajarvikeskus\/wp-json\/wp\/v2\/posts\/646\/revisions\/668"}],"wp:attachment":[{"href":"http:\/\/www.rukajarvensuunnanhistoriayhdistys.fi\/rukajarvikeskus\/wp-json\/wp\/v2\/media?parent=646"}],"wp:term":[{"taxonomy":"category","embeddable":true,"href":"http:\/\/www.rukajarvensuunnanhistoriayhdistys.fi\/rukajarvikeskus\/wp-json\/wp\/v2\/categories?post=646"},{"taxonomy":"post_tag","embeddable":true,"href":"http:\/\/www.rukajarvensuunnanhistoriayhdistys.fi\/rukajarvikeskus\/wp-json\/wp\/v2\/tags?post=646"}],"curies":[{"name":"wp","href":"https:\/\/api.w.org\/{rel}","templated":true}]}}