{"id":693,"date":"2013-09-13T00:10:21","date_gmt":"2013-09-12T21:10:21","guid":{"rendered":"http:\/\/www.rukajarvensuunnanhistoriayhdistys.fi\/rukajarvikeskus\/?p=693"},"modified":"2013-09-26T20:47:27","modified_gmt":"2013-09-26T17:47:27","slug":"onnittelemme-yhdistyksemme-perustajajasenta","status":"publish","type":"post","link":"http:\/\/www.rukajarvensuunnanhistoriayhdistys.fi\/rukajarvikeskus\/ajankohtaista\/onnittelemme-yhdistyksemme-perustajajasenta\/","title":{"rendered":"Onnittelemme yhdistyksemme perustajaj\u00e4sent\u00e4."},"content":{"rendered":"<div class=\"fcbkbttn_buttons_block\" id=\"fcbkbttn_left\"><div class=\"fcbkbttn_like \"><fb:like href=\"http:\/\/www.rukajarvensuunnanhistoriayhdistys.fi\/rukajarvikeskus\/ajankohtaista\/onnittelemme-yhdistyksemme-perustajajasenta\/\" action=\"like\" colorscheme=\"light\" layout=\"button_count\"  size=\"small\"><\/fb:like><\/div><\/div><p>H\u00e4n, joka on oikeilla aineilla ev\u00e4stetty perinnety\u00f6h\u00f6n on Rukaj\u00e4rven veteraanin poika. Is\u00e4 taisteli Rukaj\u00e4rvell\u00e4 komppanianp\u00e4\u00e4llikk\u00f6n\u00e4, poika syntyi Pielaveden miehille eritt\u00e4in merkitt\u00e4v\u00e4n\u00e4 p\u00e4iv\u00e4n\u00e4. Se p\u00e4iv\u00e4 on sama p\u00e4iv\u00e4, jolloin k\u00e4ytiin kiivaat Joen taistelut Rukaj\u00e4rven suunnalla ja johon taisteluun Pielaveden miehet merkitt\u00e4v\u00e4ll\u00e4 tavalla osallistuivat.<\/p>\n<figure id=\"attachment_694\" aria-describedby=\"caption-attachment-694\" style=\"width: 644px\" class=\"wp-caption alignnone\"><a href=\"http:\/\/www.rukajarvensuunnanhistoriayhdistys.fi\/rukajarvikeskus\/wp-content\/uploads\/2013\/09\/S2150057-Timo-Laukkanen.jpg\"><img loading=\"lazy\" decoding=\"async\" class=\" wp-image-694\" alt=\"S2150057-Timo-Laukkanen\" src=\"http:\/\/www.rukajarvensuunnanhistoriayhdistys.fi\/rukajarvikeskus\/wp-content\/uploads\/2013\/09\/S2150057-Timo-Laukkanen-1024x1003.jpg\" width=\"644\" height=\"630\" srcset=\"http:\/\/www.rukajarvensuunnanhistoriayhdistys.fi\/rukajarvikeskus\/wp-content\/uploads\/2013\/09\/S2150057-Timo-Laukkanen-1024x1003.jpg 1024w, http:\/\/www.rukajarvensuunnanhistoriayhdistys.fi\/rukajarvikeskus\/wp-content\/uploads\/2013\/09\/S2150057-Timo-Laukkanen-300x294.jpg 300w, http:\/\/www.rukajarvensuunnanhistoriayhdistys.fi\/rukajarvikeskus\/wp-content\/uploads\/2013\/09\/S2150057-Timo-Laukkanen.jpg 1750w\" sizes=\"auto, (max-width: 644px) 100vw, 644px\" \/><\/a><figcaption id=\"caption-attachment-694\" class=\"wp-caption-text\">Kunnallisneuvos Timo Laukkanen Rukaj\u00e4rvikeskuksen avajaisissa 1.7.2013. T\u00e4n\u00e4\u00e4n h\u00e4nell\u00e4 on merkkip\u00e4iv\u00e4. Onnittelumme.<\/figcaption><\/figure>\n<p>Tuo p\u00e4iv\u00e4 on tietenkin 13.9.1943. Silloin syntyi kunnallisneuvos Timo Laukkanen. H\u00e4n on yhdistyksemme perustajaj\u00e4sen. H\u00e4n on toiminut alusta lukien yhdistyksemme hallituksen j\u00e4senen\u00e4.<\/p>\n<p>Timo oli ensimm\u00e4isi\u00e4, jotka Pielavedelt\u00e4 suuntasivat kulkunsa Rukaj\u00e4rven tielle\u00a0ja siell\u00e4 h\u00e4n on vieraillut lukuisia kertoja. H\u00e4n on harvoja ns. &#8221;isokenk\u00e4isist\u00e4&#8221;, jolle on kelvanneet ne v\u00e4hempiarvoiset perinteiset talkooty\u00f6t. Timo ei laske tuntejaan.<\/p>\n<p>Timon arkistosta l\u00f6ytyy h\u00e4nen is\u00e4ns\u00e4 varsin laaja perinneaineisto, valokuvat, suurikokoinen taiteilija Toivo Jutilan Rintamalla maalaama Rukaj\u00e4rven kyl\u00e4n taideteos, upea messinkisaranainen vieraskirja ja tieten Rukaj\u00e4rven puusta valmistettu rintamatunnus ja paljon muuta mm. is\u00e4n sota-aikainen laaja kirjeenvaihto.<\/p>\n<p>Timo Laukkanen on tunnettu henkil\u00f6 ei vain Pielaveden Laukkalassa, jossa h\u00e4nen kotinsa sijaitsee. H\u00e4n on toiminut pitk\u00e4\u00e4n Pielaveden kunnanvaltuutettuna ja kunnanhallituksen puheenjohtajana, erilaisissa maakunnallisissa luottamusteht\u00e4viss\u00e4. H\u00e4n on henkil\u00f6, joka on tuossa teht\u00e4v\u00e4ss\u00e4 voinut tavata monia merkkihenkil\u00f6it\u00e4, presidentti Kekkosen kuten my\u00f6s Ruotsin kuninkaan Kaarle-Kustaan.<\/p>\n<p>Vaativien yhteiskunnallisten teht\u00e4viens\u00e4 lis\u00e4ksi Timon vapaa-ajan harrastuksiin kuuluvat Pielaveden seurakunnan ja urheiluseura Pielaveden Sammon erilaiset luottamusteht\u00e4v\u00e4t sek\u00e4 laulukuoroharrastus veteraanity\u00f6n lis\u00e4ksi.<\/p>\n<p>Parhaat onnentoivotuksemme Timolle.<\/p>\n","protected":false},"excerpt":{"rendered":"<p>H\u00e4n, joka on oikeilla aineilla ev\u00e4stetty perinnety\u00f6h\u00f6n on Rukaj\u00e4rven veteraanin poika. Is\u00e4 taisteli Rukaj\u00e4rvell\u00e4 komppanianp\u00e4\u00e4llikk\u00f6n\u00e4, poika syntyi Pielaveden miehille eritt\u00e4in merkitt\u00e4v\u00e4n\u00e4 p\u00e4iv\u00e4n\u00e4. Se p\u00e4iv\u00e4 on sama p\u00e4iv\u00e4, jolloin k\u00e4ytiin kiivaat <a class=\"more-link\" href=\"http:\/\/www.rukajarvensuunnanhistoriayhdistys.fi\/rukajarvikeskus\/ajankohtaista\/onnittelemme-yhdistyksemme-perustajajasenta\/\">Lue lis\u00e4\u00e4&#8230;<span class=\"screen-reader-text\">Onnittelemme yhdistyksemme perustajaj\u00e4sent\u00e4.<\/span><span class=\"meta-nav\">\u2192<\/span><\/a><\/p>\n","protected":false},"author":4,"featured_media":0,"comment_status":"closed","ping_status":"open","sticky":false,"template":"","format":"standard","meta":{"ngg_post_thumbnail":0,"_jetpack_newsletter_access":"","_jetpack_dont_email_post_to_subs":false,"_jetpack_newsletter_tier_id":0,"_jetpack_memberships_contains_paywalled_content":false,"_jetpack_memberships_contains_paid_content":false,"footnotes":""},"categories":[26],"tags":[],"class_list":["post-693","post","type-post","status-publish","format-standard","hentry","category-ajankohtaista"],"jetpack_featured_media_url":"","jetpack_sharing_enabled":true,"jetpack_shortlink":"https:\/\/wp.me\/p72N2f-bb","_links":{"self":[{"href":"http:\/\/www.rukajarvensuunnanhistoriayhdistys.fi\/rukajarvikeskus\/wp-json\/wp\/v2\/posts\/693","targetHints":{"allow":["GET"]}}],"collection":[{"href":"http:\/\/www.rukajarvensuunnanhistoriayhdistys.fi\/rukajarvikeskus\/wp-json\/wp\/v2\/posts"}],"about":[{"href":"http:\/\/www.rukajarvensuunnanhistoriayhdistys.fi\/rukajarvikeskus\/wp-json\/wp\/v2\/types\/post"}],"author":[{"embeddable":true,"href":"http:\/\/www.rukajarvensuunnanhistoriayhdistys.fi\/rukajarvikeskus\/wp-json\/wp\/v2\/users\/4"}],"replies":[{"embeddable":true,"href":"http:\/\/www.rukajarvensuunnanhistoriayhdistys.fi\/rukajarvikeskus\/wp-json\/wp\/v2\/comments?post=693"}],"version-history":[{"count":3,"href":"http:\/\/www.rukajarvensuunnanhistoriayhdistys.fi\/rukajarvikeskus\/wp-json\/wp\/v2\/posts\/693\/revisions"}],"predecessor-version":[{"id":697,"href":"http:\/\/www.rukajarvensuunnanhistoriayhdistys.fi\/rukajarvikeskus\/wp-json\/wp\/v2\/posts\/693\/revisions\/697"}],"wp:attachment":[{"href":"http:\/\/www.rukajarvensuunnanhistoriayhdistys.fi\/rukajarvikeskus\/wp-json\/wp\/v2\/media?parent=693"}],"wp:term":[{"taxonomy":"category","embeddable":true,"href":"http:\/\/www.rukajarvensuunnanhistoriayhdistys.fi\/rukajarvikeskus\/wp-json\/wp\/v2\/categories?post=693"},{"taxonomy":"post_tag","embeddable":true,"href":"http:\/\/www.rukajarvensuunnanhistoriayhdistys.fi\/rukajarvikeskus\/wp-json\/wp\/v2\/tags?post=693"}],"curies":[{"name":"wp","href":"https:\/\/api.w.org\/{rel}","templated":true}]}}