{"id":6963,"date":"2019-12-08T21:58:21","date_gmt":"2019-12-08T18:58:21","guid":{"rendered":"http:\/\/www.rukajarvensuunnanhistoriayhdistys.fi\/rukajarvikeskus\/?p=6963"},"modified":"2019-12-29T15:48:44","modified_gmt":"2019-12-29T12:48:44","slug":"rukajarven-kauppala-vareissa-kesalla-1944","status":"publish","type":"post","link":"http:\/\/www.rukajarvensuunnanhistoriayhdistys.fi\/rukajarvikeskus\/ajankohtaista\/rukajarven-kauppala-vareissa-kesalla-1944\/","title":{"rendered":"Rukaj\u00e4rven kauppala v\u00e4reiss\u00e4 kes\u00e4ll\u00e4 1944"},"content":{"rendered":"<div class=\"fcbkbttn_buttons_block\" id=\"fcbkbttn_left\"><div class=\"fcbkbttn_like \"><fb:like href=\"http:\/\/www.rukajarvensuunnanhistoriayhdistys.fi\/rukajarvikeskus\/ajankohtaista\/rukajarven-kauppala-vareissa-kesalla-1944\/\" action=\"like\" colorscheme=\"light\" layout=\"button_count\"  size=\"small\"><\/fb:like><\/div><\/div>\n<p>V\u00e4rivalokuvapanoraama Rukaj\u00e4rven kauppalasta on tuotettu sotilasvirkamies P. J\u00e4niksen SA \u00a0-valokuvista, jotka h\u00e4n otti kes\u00e4kuussa 1944. Kuvat yhdistettiin ensin Adoben Photoshop Elements 2020-ohjelmalla panoraamaksi ja v\u00e4ritettiin samaisella ohjelmalla. T\u00e4n\u00e4 p\u00e4iv\u00e4n\u00e4 mustavalkoisten kuvien v\u00e4ritt\u00e4minen onnistuu my\u00f6s internetiss\u00e4 maksutta mm. Colorize Images \u2013palvelussa.<\/p>\n\n\n\n<figure class=\"wp-block-image size-large\"><img loading=\"lazy\" decoding=\"async\" width=\"1024\" height=\"304\" src=\"http:\/\/www.rukajarvensuunnanhistoriayhdistys.fi\/rukajarvikeskus\/wp-content\/uploads\/2019\/12\/PANORAAMA-Rukaj\u00e4rvi-1944-v\u00e4rikuva-1024x304.jpg\" alt=\"\" class=\"wp-image-6964\" srcset=\"http:\/\/www.rukajarvensuunnanhistoriayhdistys.fi\/rukajarvikeskus\/wp-content\/uploads\/2019\/12\/PANORAAMA-Rukaj\u00e4rvi-1944-v\u00e4rikuva-1024x304.jpg 1024w, http:\/\/www.rukajarvensuunnanhistoriayhdistys.fi\/rukajarvikeskus\/wp-content\/uploads\/2019\/12\/PANORAAMA-Rukaj\u00e4rvi-1944-v\u00e4rikuva-scaled-300x89.jpg 300w, http:\/\/www.rukajarvensuunnanhistoriayhdistys.fi\/rukajarvikeskus\/wp-content\/uploads\/2019\/12\/PANORAAMA-Rukaj\u00e4rvi-1944-v\u00e4rikuva-768x228.jpg 768w, http:\/\/www.rukajarvensuunnanhistoriayhdistys.fi\/rukajarvikeskus\/wp-content\/uploads\/2019\/12\/PANORAAMA-Rukaj\u00e4rvi-1944-v\u00e4rikuva-1536x456.jpg 1536w, http:\/\/www.rukajarvensuunnanhistoriayhdistys.fi\/rukajarvikeskus\/wp-content\/uploads\/2019\/12\/PANORAAMA-Rukaj\u00e4rvi-1944-v\u00e4rikuva-2048x607.jpg 2048w\" sizes=\"auto, (max-width: 1024px) 100vw, 1024px\" \/><figcaption> Rukaj\u00e4rvi kes\u00e4ll\u00e4 1944. <\/figcaption><\/figure>\n\n\n\n<p>Pauli J\u00e4nis oli valokuvaaja Juho J\u00e4niksen poika. H\u00e4nen veljens\u00e4 Lauri ja Tuttu J\u00e4nis olivat my\u00f6s ammattivalokuvaajia. Pauli J\u00e4nis toimi Rukaj\u00e4rven suunnalla TK -kuvaajana. Pauli J\u00e4nis kuvasi sota-aiheisia kuvakertomuksia lehtiin nimimerkill\u00e4 TK-J\u00e4nis. H\u00e4n vastasi TK-kuvaajana ylip\u00e4\u00e4llikk\u00f6 Mannerheimin vierailun valokuvaamista Rukaj\u00e4rvell\u00e4 vuonna 1942.. <\/p>\n\n\n\n<p>Tuttu J\u00e4nis palveli jatkosodassa ilmavoimien valokuvausosastolla. SA -kuva-arkistossa on runsaasti h\u00e4nen ottamiaan valokuvia Rukaj\u00e4rven suunnalta. H\u00e4nen kuvissa n\u00e4kyy sotatoimia, vapaa-aikaa, vihollisvankeja sek\u00e4 kansatieteellisiin tarkoituksiin kuvattuja Rukaj\u00e4rven ja It\u00e4-Karjalan maisemia. Lauri J\u00e4nis toimi jatkosodassa ilmavoimien upseerina ja valokuvausosaston johtajana, mutta h\u00e4nelt\u00e4 on s\u00e4ilynyt hyvin v\u00e4h\u00e4n valokuvia. <\/p>\n\n\n\n<p>J\u00e4nisten valokuvaajasuvussa on\ntoiminut kaikkiaan yksitoista ammattikuvaajaa ja valokuvaamoja on ollut\nseitsem\u00e4ll\u00e4 paikkakunnalla, t\u00e4rkeimm\u00e4t ovat Kuopiossa, Varkaudessa ja\nSavonlinnassa.<\/p>\n","protected":false},"excerpt":{"rendered":"<p>V\u00e4rivalokuvapanoraama Rukaj\u00e4rven kauppalasta on tuotettu sotilasvirkamies P. J\u00e4niksen SA \u00a0-valokuvista, jotka h\u00e4n otti kes\u00e4kuussa 1944. Kuvat yhdistettiin ensin Adoben Photoshop Elements 2020-ohjelmalla panoraamaksi ja v\u00e4ritettiin samaisella ohjelmalla. T\u00e4n\u00e4 p\u00e4iv\u00e4n\u00e4 mustavalkoisten <a class=\"more-link\" href=\"http:\/\/www.rukajarvensuunnanhistoriayhdistys.fi\/rukajarvikeskus\/ajankohtaista\/rukajarven-kauppala-vareissa-kesalla-1944\/\">Lue lis\u00e4\u00e4&#8230;<span class=\"screen-reader-text\">Rukaj\u00e4rven kauppala v\u00e4reiss\u00e4 kes\u00e4ll\u00e4 1944<\/span><span class=\"meta-nav\">\u2192<\/span><\/a><\/p>\n","protected":false},"author":4,"featured_media":0,"comment_status":"closed","ping_status":"open","sticky":false,"template":"","format":"standard","meta":{"ngg_post_thumbnail":0,"_jetpack_newsletter_access":"","_jetpack_dont_email_post_to_subs":false,"_jetpack_newsletter_tier_id":0,"_jetpack_memberships_contains_paywalled_content":false,"_jetpack_memberships_contains_paid_content":false,"footnotes":""},"categories":[26],"tags":[],"class_list":["post-6963","post","type-post","status-publish","format-standard","hentry","category-ajankohtaista"],"jetpack_featured_media_url":"","jetpack_sharing_enabled":true,"jetpack_shortlink":"https:\/\/wp.me\/p72N2f-1Oj","_links":{"self":[{"href":"http:\/\/www.rukajarvensuunnanhistoriayhdistys.fi\/rukajarvikeskus\/wp-json\/wp\/v2\/posts\/6963","targetHints":{"allow":["GET"]}}],"collection":[{"href":"http:\/\/www.rukajarvensuunnanhistoriayhdistys.fi\/rukajarvikeskus\/wp-json\/wp\/v2\/posts"}],"about":[{"href":"http:\/\/www.rukajarvensuunnanhistoriayhdistys.fi\/rukajarvikeskus\/wp-json\/wp\/v2\/types\/post"}],"author":[{"embeddable":true,"href":"http:\/\/www.rukajarvensuunnanhistoriayhdistys.fi\/rukajarvikeskus\/wp-json\/wp\/v2\/users\/4"}],"replies":[{"embeddable":true,"href":"http:\/\/www.rukajarvensuunnanhistoriayhdistys.fi\/rukajarvikeskus\/wp-json\/wp\/v2\/comments?post=6963"}],"version-history":[{"count":2,"href":"http:\/\/www.rukajarvensuunnanhistoriayhdistys.fi\/rukajarvikeskus\/wp-json\/wp\/v2\/posts\/6963\/revisions"}],"predecessor-version":[{"id":7468,"href":"http:\/\/www.rukajarvensuunnanhistoriayhdistys.fi\/rukajarvikeskus\/wp-json\/wp\/v2\/posts\/6963\/revisions\/7468"}],"wp:attachment":[{"href":"http:\/\/www.rukajarvensuunnanhistoriayhdistys.fi\/rukajarvikeskus\/wp-json\/wp\/v2\/media?parent=6963"}],"wp:term":[{"taxonomy":"category","embeddable":true,"href":"http:\/\/www.rukajarvensuunnanhistoriayhdistys.fi\/rukajarvikeskus\/wp-json\/wp\/v2\/categories?post=6963"},{"taxonomy":"post_tag","embeddable":true,"href":"http:\/\/www.rukajarvensuunnanhistoriayhdistys.fi\/rukajarvikeskus\/wp-json\/wp\/v2\/tags?post=6963"}],"curies":[{"name":"wp","href":"https:\/\/api.w.org\/{rel}","templated":true}]}}